{"id":125574,"date":"2025-09-24T17:25:25","date_gmt":"2025-09-24T20:25:25","guid":{"rendered":"https:\/\/www.noticiasradioreflejos.com.ar\/2021\/?p=125574"},"modified":"2025-09-24T17:25:25","modified_gmt":"2025-09-24T20:25:25","slug":"facundo-manes-cuestiono-acuerdo-del-gobierno-con-fmi-y-advirtio-hunden-el-barco-y-festejan-los-salvavidas","status":"publish","type":"post","link":"https:\/\/www.noticiasradioreflejos.com.ar\/2021\/facundo-manes-cuestiono-acuerdo-del-gobierno-con-fmi-y-advirtio-hunden-el-barco-y-festejan-los-salvavidas\/","title":{"rendered":"Facundo Manes cuestion\u00f3 acuerdo del gobierno con FMI y advirti\u00f3: \u201cHunden el barco y festejan los salvavidas\u201d"},"content":{"rendered":"<p>Facundo Manes critic\u00f3 el acuerdo entre Javier Milei y Luis Caputo, tild\u00e1ndolo de \u201csalvavidas econ\u00f3mico\u201d y demand\u00f3 transparencia.<!--more--><\/p>\n<div class=\"columns\" data-tadevel-template=\"web\/article-columns\">\n<div class=\"column-main\">\n<div class=\"article-body\" data-tadevel-template=\"web\/article-body\">\n<div class=\"article-body-content\">\n<p>El diputado y candidato a senador Facundo Manes critic\u00f3 hoy con dureza el reciente entendimiento alcanzado por el presidente Javier Milei y el ministro de Econom\u00eda, Luis Caputo, al que calific\u00f3 como un\u00a0<strong>\u201csalvavidas econ\u00f3mico\u201d\u00a0<\/strong>frente a una crisis generada por el propio Gobierno.<\/p>\n<p><strong>\u201cHemos visto suficientes canjes, acuerdos salvadores, \u2018cuentos chinos\u2019 y deudas estrafalarias como para plantear dudas leg\u00edtimas: \u00bfde qu\u00e9 se trata este acuerdo? \u00bfa qu\u00e9 se comprometieron Milei y Caputo? \u00bfa cambio de qu\u00e9?\u201d<\/strong>, se\u00f1al\u00f3 el dirigente radical en un mensaje p\u00fablico.<\/p>\n<figure class=\"multimedia\" data-html=\"\" data-tadevel-template=\"web\/multimedia\" data-type=\"rich\" data-url=\"https:\/\/twitter.com\/ManesF\/status\/1970847356162642408\">\n<div class=\"content\"><iframe src=\"https:\/\/alpha-app.tadevel-cdn.com\/hostname\/noticiasargentinas.com\/api\/v1\/sandbox\/PGJsb2NrcXVvdGUgY2xhc3M9InR3aXR0ZXItdHdlZXQiPjxwIGxhbmc9ImVzIiBkaXI9Imx0ciI%2BSFVOREVOIEVMIEJBUkNPIFkgRkVTVEVKQU4gTE9TIFNBTFZBVklEQVM8YnI%2BPGJyPkhlbW9zIHZpc3RvIHN1ZmljaWVudGVzIGNhbmplcywgYWN1ZXJkb3Mgc2FsdmFkb3Jlcywg4oCcY3VlbnRvcyBjaGlub3PigJ0geSBkZXVkYXMgZXN0cmFmYWxhcmlhcyBjb21vIHBhcmEgcGxhbnRlYXIgZHVkYXMgbGVnw610aW1hczogwr9kZSBxdcOpIHNlIHRyYXRhIGVzdGUgYWN1ZXJkbz8gwr9hIHF1w6kgc2UgY29tcHJvbWV0aWVyb24gTWlsZWkgeSBDYXB1dG8%2FIMK%2FYSBjYW1iaW8gZGUgcXXDqT8gPGJyPjxicj5ObyBub3Mgb3BvbmVtb3PigKY8L3A%2BJm1kYXNoOyBGYWN1bmRvIE1hbmVzIChATWFuZXNGKSA8YSBocmVmPSJodHRwczovL3R3aXR0ZXIuY29tL01hbmVzRi9zdGF0dXMvMTk3MDg0NzM1NjE2MjY0MjQwOD9yZWZfc3JjPXR3c3JjJTVFdGZ3Ij5TZXB0ZW1iZXIgMjQsIDIwMjU8L2E%2BPC9ibG9ja3F1b3RlPgo8c2NyaXB0IGFzeW5jIHNyYz0iaHR0cHM6Ly9wbGF0Zm9ybS50d2l0dGVyLmNvbS93aWRnZXRzLmpzIiBjaGFyc2V0PSJ1dGYtOCI%2BPC9zY3JpcHQ%2BCgo%3D?v=a121d24917f619c7e9cff0bda084ce91&amp;s=a8661a649641db802e24e02680a04e22\" scrolling=\"no\" sandbox=\"allow-scripts allow-forms allow-same-origin allow-popups allow-popups-to-escape-sandbox\" data-mce-fragment=\"1\"><\/iframe><\/div><figcaption class=\"caption\">\n<div class=\"description\">X de Facundo Manes<\/div>\n<div class=\"attribution\"><\/div>\n<\/figcaption><\/figure>\n<p>Manes advirti\u00f3 que su sector no se opone\u00a0<strong>\u201cporque s\u00ed\u201d<\/strong>, sino por responsabilidad, y remarc\u00f3 que \u201cel sentido com\u00fan no es destituyente\u201d. En ese marco, pidi\u00f3 conocer los detalles del entendimiento y alert\u00f3 sobre la falta de transparencia.<\/p>\n<p>\u201cSi se trata de un acuerdo estrat\u00e9gico nacional es una decisi\u00f3n demasiado importante para que solo incluya al presidente, su hermana y el clan Menem\u201d, afirm\u00f3, al tiempo que traz\u00f3 un paralelismo hist\u00f3rico<strong>: \u201cComo el 25 de Mayo, en 2025 decimos: el pueblo quiere saber de qu\u00e9 se trata\u201d.<\/strong><\/p>\n<\/div>\n<\/div>\n<\/div>\n<\/div>\n","protected":false},"excerpt":{"rendered":"<p>Facundo Manes critic\u00f3 el acuerdo entre Javier Milei y Luis Caputo, tild\u00e1ndolo de \u201csalvavidas econ\u00f3mico\u201d y demand\u00f3 transparencia.<\/p>\n","protected":false},"author":3,"featured_media":113497,"comment_status":"closed","ping_status":"closed","sticky":false,"template":"","format":"standard","meta":{"footnotes":""},"categories":[24],"tags":[],"class_list":["post-125574","post","type-post","status-publish","format-standard","has-post-thumbnail","hentry","category-politica"],"yoast_head":"<!-- This site is optimized with the Yoast SEO plugin v25.9 - https:\/\/yoast.com\/wordpress\/plugins\/seo\/ -->\n<title>Facundo Manes cuestion\u00f3 acuerdo del gobierno con FMI y advirti\u00f3: \u201cHunden el barco y festejan los salvavidas\u201d - Noticias Radio Reflejos<\/title>\n<meta name=\"robots\" content=\"index, follow, max-snippet:-1, max-image-preview:large, max-video-preview:-1\" \/>\n<link rel=\"canonical\" href=\"https:\/\/www.noticiasradioreflejos.com.ar\/2021\/facundo-manes-cuestiono-acuerdo-del-gobierno-con-fmi-y-advirtio-hunden-el-barco-y-festejan-los-salvavidas\/\" \/>\n<meta property=\"og:locale\" content=\"es_ES\" \/>\n<meta property=\"og:type\" content=\"article\" \/>\n<meta property=\"og:title\" content=\"Facundo Manes cuestion\u00f3 acuerdo del gobierno con FMI y advirti\u00f3: \u201cHunden el barco y festejan los salvavidas\u201d - Noticias Radio Reflejos\" \/>\n<meta property=\"og:description\" content=\"Facundo Manes critic\u00f3 el acuerdo entre Javier Milei y Luis Caputo, tild\u00e1ndolo de \u201csalvavidas econ\u00f3mico\u201d y demand\u00f3 transparencia.\" \/>\n<meta property=\"og:url\" content=\"https:\/\/www.noticiasradioreflejos.com.ar\/2021\/facundo-manes-cuestiono-acuerdo-del-gobierno-con-fmi-y-advirtio-hunden-el-barco-y-festejan-los-salvavidas\/\" \/>\n<meta property=\"og:site_name\" content=\"Noticias Radio Reflejos\" \/>\n<meta property=\"article:published_time\" content=\"2025-09-24T20:25:25+00:00\" \/>\n<meta property=\"og:image\" content=\"https:\/\/www.noticiasradioreflejos.com.ar\/2021\/wp-content\/uploads\/2025\/03\/manes.jpg\" \/>\n\t<meta property=\"og:image:width\" content=\"1200\" \/>\n\t<meta property=\"og:image:height\" content=\"675\" \/>\n\t<meta property=\"og:image:type\" content=\"image\/jpeg\" \/>\n<meta name=\"author\" content=\"Arnaldo Botto\" \/>\n<meta name=\"twitter:card\" content=\"summary_large_image\" \/>\n<script type=\"application\/ld+json\" class=\"yoast-schema-graph\">{\"@context\":\"https:\/\/schema.org\",\"@graph\":[{\"@type\":\"WebPage\",\"@id\":\"https:\/\/www.noticiasradioreflejos.com.ar\/2021\/facundo-manes-cuestiono-acuerdo-del-gobierno-con-fmi-y-advirtio-hunden-el-barco-y-festejan-los-salvavidas\/\",\"url\":\"https:\/\/www.noticiasradioreflejos.com.ar\/2021\/facundo-manes-cuestiono-acuerdo-del-gobierno-con-fmi-y-advirtio-hunden-el-barco-y-festejan-los-salvavidas\/\",\"name\":\"Facundo Manes cuestion\u00f3 acuerdo del gobierno con FMI y advirti\u00f3: \u201cHunden el barco y festejan los salvavidas\u201d - Noticias Radio Reflejos\",\"isPartOf\":{\"@id\":\"https:\/\/www.noticiasradioreflejos.com.ar\/2021\/#website\"},\"primaryImageOfPage\":{\"@id\":\"https:\/\/www.noticiasradioreflejos.com.ar\/2021\/facundo-manes-cuestiono-acuerdo-del-gobierno-con-fmi-y-advirtio-hunden-el-barco-y-festejan-los-salvavidas\/#primaryimage\"},\"image\":{\"@id\":\"https:\/\/www.noticiasradioreflejos.com.ar\/2021\/facundo-manes-cuestiono-acuerdo-del-gobierno-con-fmi-y-advirtio-hunden-el-barco-y-festejan-los-salvavidas\/#primaryimage\"},\"thumbnailUrl\":\"https:\/\/www.noticiasradioreflejos.com.ar\/2021\/wp-content\/uploads\/2025\/03\/manes.jpg\",\"datePublished\":\"2025-09-24T20:25:25+00:00\",\"author\":{\"@id\":\"https:\/\/www.noticiasradioreflejos.com.ar\/2021\/#\/schema\/person\/ad82545263dcc5ec0996818884fd5fb1\"},\"breadcrumb\":{\"@id\":\"https:\/\/www.noticiasradioreflejos.com.ar\/2021\/facundo-manes-cuestiono-acuerdo-del-gobierno-con-fmi-y-advirtio-hunden-el-barco-y-festejan-los-salvavidas\/#breadcrumb\"},\"inLanguage\":\"es\",\"potentialAction\":[{\"@type\":\"ReadAction\",\"target\":[\"https:\/\/www.noticiasradioreflejos.com.ar\/2021\/facundo-manes-cuestiono-acuerdo-del-gobierno-con-fmi-y-advirtio-hunden-el-barco-y-festejan-los-salvavidas\/\"]}]},{\"@type\":\"ImageObject\",\"inLanguage\":\"es\",\"@id\":\"https:\/\/www.noticiasradioreflejos.com.ar\/2021\/facundo-manes-cuestiono-acuerdo-del-gobierno-con-fmi-y-advirtio-hunden-el-barco-y-festejan-los-salvavidas\/#primaryimage\",\"url\":\"https:\/\/www.noticiasradioreflejos.com.ar\/2021\/wp-content\/uploads\/2025\/03\/manes.jpg\",\"contentUrl\":\"https:\/\/www.noticiasradioreflejos.com.ar\/2021\/wp-content\/uploads\/2025\/03\/manes.jpg\",\"width\":1200,\"height\":675},{\"@type\":\"BreadcrumbList\",\"@id\":\"https:\/\/www.noticiasradioreflejos.com.ar\/2021\/facundo-manes-cuestiono-acuerdo-del-gobierno-con-fmi-y-advirtio-hunden-el-barco-y-festejan-los-salvavidas\/#breadcrumb\",\"itemListElement\":[{\"@type\":\"ListItem\",\"position\":1,\"name\":\"Portada\",\"item\":\"https:\/\/www.noticiasradioreflejos.com.ar\/2021\/\"},{\"@type\":\"ListItem\",\"position\":2,\"name\":\"Facundo Manes cuestion\u00f3 acuerdo del gobierno con FMI y advirti\u00f3: \u201cHunden el barco y festejan los salvavidas\u201d\"}]},{\"@type\":\"WebSite\",\"@id\":\"https:\/\/www.noticiasradioreflejos.com.ar\/2021\/#website\",\"url\":\"https:\/\/www.noticiasradioreflejos.com.ar\/2021\/\",\"name\":\"Noticias Radio Reflejos\",\"description\":\"Las noticias de mi comarca\",\"potentialAction\":[{\"@type\":\"SearchAction\",\"target\":{\"@type\":\"EntryPoint\",\"urlTemplate\":\"https:\/\/www.noticiasradioreflejos.com.ar\/2021\/?s={search_term_string}\"},\"query-input\":{\"@type\":\"PropertyValueSpecification\",\"valueRequired\":true,\"valueName\":\"search_term_string\"}}],\"inLanguage\":\"es\"},{\"@type\":\"Person\",\"@id\":\"https:\/\/www.noticiasradioreflejos.com.ar\/2021\/#\/schema\/person\/ad82545263dcc5ec0996818884fd5fb1\",\"name\":\"Arnaldo Botto\",\"image\":{\"@type\":\"ImageObject\",\"inLanguage\":\"es\",\"@id\":\"https:\/\/www.noticiasradioreflejos.com.ar\/2021\/#\/schema\/person\/image\/\",\"url\":\"https:\/\/secure.gravatar.com\/avatar\/55cb5e37c1efa326397366e6974cb338056df65cb50e7d64d1cf314e87504837?s=96&d=mm&r=g\",\"contentUrl\":\"https:\/\/secure.gravatar.com\/avatar\/55cb5e37c1efa326397366e6974cb338056df65cb50e7d64d1cf314e87504837?s=96&d=mm&r=g\",\"caption\":\"Arnaldo Botto\"},\"url\":\"https:\/\/www.noticiasradioreflejos.com.ar\/2021\/author\/arnaldo\/\"}]}<\/script>\n<!-- \/ Yoast SEO plugin. -->","yoast_head_json":{"title":"Facundo Manes cuestion\u00f3 acuerdo del gobierno con FMI y advirti\u00f3: \u201cHunden el barco y festejan los salvavidas\u201d - Noticias Radio Reflejos","robots":{"index":"index","follow":"follow","max-snippet":"max-snippet:-1","max-image-preview":"max-image-preview:large","max-video-preview":"max-video-preview:-1"},"canonical":"https:\/\/www.noticiasradioreflejos.com.ar\/2021\/facundo-manes-cuestiono-acuerdo-del-gobierno-con-fmi-y-advirtio-hunden-el-barco-y-festejan-los-salvavidas\/","og_locale":"es_ES","og_type":"article","og_title":"Facundo Manes cuestion\u00f3 acuerdo del gobierno con FMI y advirti\u00f3: \u201cHunden el barco y festejan los salvavidas\u201d - Noticias Radio Reflejos","og_description":"Facundo Manes critic\u00f3 el acuerdo entre Javier Milei y Luis Caputo, tild\u00e1ndolo de \u201csalvavidas econ\u00f3mico\u201d y demand\u00f3 transparencia.","og_url":"https:\/\/www.noticiasradioreflejos.com.ar\/2021\/facundo-manes-cuestiono-acuerdo-del-gobierno-con-fmi-y-advirtio-hunden-el-barco-y-festejan-los-salvavidas\/","og_site_name":"Noticias Radio Reflejos","article_published_time":"2025-09-24T20:25:25+00:00","og_image":[{"width":1200,"height":675,"url":"https:\/\/www.noticiasradioreflejos.com.ar\/2021\/wp-content\/uploads\/2025\/03\/manes.jpg","type":"image\/jpeg"}],"author":"Arnaldo Botto","twitter_card":"summary_large_image","schema":{"@context":"https:\/\/schema.org","@graph":[{"@type":"WebPage","@id":"https:\/\/www.noticiasradioreflejos.com.ar\/2021\/facundo-manes-cuestiono-acuerdo-del-gobierno-con-fmi-y-advirtio-hunden-el-barco-y-festejan-los-salvavidas\/","url":"https:\/\/www.noticiasradioreflejos.com.ar\/2021\/facundo-manes-cuestiono-acuerdo-del-gobierno-con-fmi-y-advirtio-hunden-el-barco-y-festejan-los-salvavidas\/","name":"Facundo Manes cuestion\u00f3 acuerdo del gobierno con FMI y advirti\u00f3: \u201cHunden el barco y festejan los salvavidas\u201d - Noticias Radio Reflejos","isPartOf":{"@id":"https:\/\/www.noticiasradioreflejos.com.ar\/2021\/#website"},"primaryImageOfPage":{"@id":"https:\/\/www.noticiasradioreflejos.com.ar\/2021\/facundo-manes-cuestiono-acuerdo-del-gobierno-con-fmi-y-advirtio-hunden-el-barco-y-festejan-los-salvavidas\/#primaryimage"},"image":{"@id":"https:\/\/www.noticiasradioreflejos.com.ar\/2021\/facundo-manes-cuestiono-acuerdo-del-gobierno-con-fmi-y-advirtio-hunden-el-barco-y-festejan-los-salvavidas\/#primaryimage"},"thumbnailUrl":"https:\/\/www.noticiasradioreflejos.com.ar\/2021\/wp-content\/uploads\/2025\/03\/manes.jpg","datePublished":"2025-09-24T20:25:25+00:00","author":{"@id":"https:\/\/www.noticiasradioreflejos.com.ar\/2021\/#\/schema\/person\/ad82545263dcc5ec0996818884fd5fb1"},"breadcrumb":{"@id":"https:\/\/www.noticiasradioreflejos.com.ar\/2021\/facundo-manes-cuestiono-acuerdo-del-gobierno-con-fmi-y-advirtio-hunden-el-barco-y-festejan-los-salvavidas\/#breadcrumb"},"inLanguage":"es","potentialAction":[{"@type":"ReadAction","target":["https:\/\/www.noticiasradioreflejos.com.ar\/2021\/facundo-manes-cuestiono-acuerdo-del-gobierno-con-fmi-y-advirtio-hunden-el-barco-y-festejan-los-salvavidas\/"]}]},{"@type":"ImageObject","inLanguage":"es","@id":"https:\/\/www.noticiasradioreflejos.com.ar\/2021\/facundo-manes-cuestiono-acuerdo-del-gobierno-con-fmi-y-advirtio-hunden-el-barco-y-festejan-los-salvavidas\/#primaryimage","url":"https:\/\/www.noticiasradioreflejos.com.ar\/2021\/wp-content\/uploads\/2025\/03\/manes.jpg","contentUrl":"https:\/\/www.noticiasradioreflejos.com.ar\/2021\/wp-content\/uploads\/2025\/03\/manes.jpg","width":1200,"height":675},{"@type":"BreadcrumbList","@id":"https:\/\/www.noticiasradioreflejos.com.ar\/2021\/facundo-manes-cuestiono-acuerdo-del-gobierno-con-fmi-y-advirtio-hunden-el-barco-y-festejan-los-salvavidas\/#breadcrumb","itemListElement":[{"@type":"ListItem","position":1,"name":"Portada","item":"https:\/\/www.noticiasradioreflejos.com.ar\/2021\/"},{"@type":"ListItem","position":2,"name":"Facundo Manes cuestion\u00f3 acuerdo del gobierno con FMI y advirti\u00f3: \u201cHunden el barco y festejan los salvavidas\u201d"}]},{"@type":"WebSite","@id":"https:\/\/www.noticiasradioreflejos.com.ar\/2021\/#website","url":"https:\/\/www.noticiasradioreflejos.com.ar\/2021\/","name":"Noticias Radio Reflejos","description":"Las noticias de mi comarca","potentialAction":[{"@type":"SearchAction","target":{"@type":"EntryPoint","urlTemplate":"https:\/\/www.noticiasradioreflejos.com.ar\/2021\/?s={search_term_string}"},"query-input":{"@type":"PropertyValueSpecification","valueRequired":true,"valueName":"search_term_string"}}],"inLanguage":"es"},{"@type":"Person","@id":"https:\/\/www.noticiasradioreflejos.com.ar\/2021\/#\/schema\/person\/ad82545263dcc5ec0996818884fd5fb1","name":"Arnaldo Botto","image":{"@type":"ImageObject","inLanguage":"es","@id":"https:\/\/www.noticiasradioreflejos.com.ar\/2021\/#\/schema\/person\/image\/","url":"https:\/\/secure.gravatar.com\/avatar\/55cb5e37c1efa326397366e6974cb338056df65cb50e7d64d1cf314e87504837?s=96&d=mm&r=g","contentUrl":"https:\/\/secure.gravatar.com\/avatar\/55cb5e37c1efa326397366e6974cb338056df65cb50e7d64d1cf314e87504837?s=96&d=mm&r=g","caption":"Arnaldo Botto"},"url":"https:\/\/www.noticiasradioreflejos.com.ar\/2021\/author\/arnaldo\/"}]}},"_links":{"self":[{"href":"https:\/\/www.noticiasradioreflejos.com.ar\/2021\/wp-json\/wp\/v2\/posts\/125574","targetHints":{"allow":["GET"]}}],"collection":[{"href":"https:\/\/www.noticiasradioreflejos.com.ar\/2021\/wp-json\/wp\/v2\/posts"}],"about":[{"href":"https:\/\/www.noticiasradioreflejos.com.ar\/2021\/wp-json\/wp\/v2\/types\/post"}],"author":[{"embeddable":true,"href":"https:\/\/www.noticiasradioreflejos.com.ar\/2021\/wp-json\/wp\/v2\/users\/3"}],"replies":[{"embeddable":true,"href":"https:\/\/www.noticiasradioreflejos.com.ar\/2021\/wp-json\/wp\/v2\/comments?post=125574"}],"version-history":[{"count":1,"href":"https:\/\/www.noticiasradioreflejos.com.ar\/2021\/wp-json\/wp\/v2\/posts\/125574\/revisions"}],"predecessor-version":[{"id":125575,"href":"https:\/\/www.noticiasradioreflejos.com.ar\/2021\/wp-json\/wp\/v2\/posts\/125574\/revisions\/125575"}],"wp:featuredmedia":[{"embeddable":true,"href":"https:\/\/www.noticiasradioreflejos.com.ar\/2021\/wp-json\/wp\/v2\/media\/113497"}],"wp:attachment":[{"href":"https:\/\/www.noticiasradioreflejos.com.ar\/2021\/wp-json\/wp\/v2\/media?parent=125574"}],"wp:term":[{"taxonomy":"category","embeddable":true,"href":"https:\/\/www.noticiasradioreflejos.com.ar\/2021\/wp-json\/wp\/v2\/categories?post=125574"},{"taxonomy":"post_tag","embeddable":true,"href":"https:\/\/www.noticiasradioreflejos.com.ar\/2021\/wp-json\/wp\/v2\/tags?post=125574"}],"curies":[{"name":"wp","href":"https:\/\/api.w.org\/{rel}","templated":true}]}}