{"id":125560,"date":"2025-09-24T16:03:03","date_gmt":"2025-09-24T19:03:03","guid":{"rendered":"https:\/\/www.noticiasradioreflejos.com.ar\/2021\/?p=125560"},"modified":"2025-09-24T16:03:03","modified_gmt":"2025-09-24T19:03:03","slug":"el-programa-coros-y-orquestas-bonaerenses-celebra-su-20-aniversario-con-un-ciclo-de-eventos","status":"publish","type":"post","link":"https:\/\/www.noticiasradioreflejos.com.ar\/2021\/el-programa-coros-y-orquestas-bonaerenses-celebra-su-20-aniversario-con-un-ciclo-de-eventos\/","title":{"rendered":"El Programa Coros y Orquestas Bonaerenses celebra su 20\u00b0 aniversario con un ciclo de eventos."},"content":{"rendered":"<p><span style=\"font-weight: 400;\">El martes 2 de septiembre se celebr\u00f3 el <\/span><b>20\u00b0 Aniversario <\/b><span style=\"font-weight: 400;\">del Programa <\/span><b>Coros y Orquestas Bonaerenses.<\/b><span style=\"font-weight: 400;\"> Fundado en 2005, pertenece a la Subdirecci\u00f3n de Inclusi\u00f3n y Fortalecimiento de las Trayectorias Educativas, Direcci\u00f3n de Pol\u00edticas Socioeducativas de la Direcci\u00f3n General de Cultura y Educaci\u00f3n de la Provincia de Buenos Aires, y cuenta con casi <\/span><b>20 mil estudiantes<\/b><span style=\"font-weight: 400;\"> en sus <\/span><b>118 sedes <\/b><span style=\"font-weight: 400;\">en diferentes localidades bonaerenses.<\/span><!--more--><\/p>\n<p><span style=\"font-weight: 400;\">Los coros y las orquestas del Programa son espacios educativos que cuentan con <\/span><i><span style=\"font-weight: 400;\">clases de diversos instrumentos, educaci\u00f3n vocal, lenguaje musical<\/span><\/i><span style=\"font-weight: 400;\">, <\/span><i><span style=\"font-weight: 400;\">pr\u00e1ctica coral y orquestal;<\/span><\/i><span style=\"font-weight: 400;\"> a las cuales las y los estudiantes pueden acceder de manera abierta y gratuita, no solo promoviendo la <\/span><b>inclusi\u00f3n y revinculaci\u00f3n educativa, <\/b><span style=\"font-weight: 400;\">sino tambi\u00e9n <\/span><b>acompa\u00f1ando sus trayectorias educativas y de vida.<\/b><\/p>\n<p><span style=\"font-weight: 400;\">En este marco, el Programa festeja sus 20 a\u00f1os con una serie de conciertos y eventos de diversa \u00edndole. Por una parte, todas las sedes ofrecer\u00e1n en su agenda cotidiana <\/span><b>conciertos a lo largo de los meses de septiembre, octubre, noviembre y diciembre<\/b><span style=\"font-weight: 400;\">, brindados por sus estudiantes y docentes, a los cuales se puede asistir de manera gratuita para festejar junto con las familias y docentes este gran hito.\u00a0<\/span><\/p>\n<p><span style=\"font-weight: 400;\">Como cierre del mes, el martes 30 de septiembre a las 18hs se realizar\u00e1 un <\/span><b>streaming<\/b><span style=\"font-weight: 400;\"> desde <\/span><a href=\"https:\/\/www.youtube.com\/@corosyorquestasbonaerenses\"><span style=\"font-weight: 400;\">el canal de Youtube del Programa<\/span><\/a><span style=\"font-weight: 400;\">; donde, con diversos invitados e invitadas, se har\u00e1 un recorrido hist\u00f3rico rememorando los momentos m\u00e1s significativos de estos \u00faltimos 20 a\u00f1os, reconociendo a estudiantes, docentes, familias y colaboradores.\u00a0<\/span><\/p>\n<p><span style=\"font-weight: 400;\">En el mes de <\/span><b>octubre<\/b><span style=\"font-weight: 400;\"> el Programa realizar\u00e1 una <\/span><b>intervenci\u00f3n musical en el recorrido del Tren Roca<\/b><span style=\"font-weight: 400;\">, donde diversas sedes de orquestas y coros ubicadas a lo largo del tramo LA PLATA &#8211; CONSTITUCI\u00d3N se acercar\u00e1n a musicalizar la jornada desde las estaciones del tren y a bordo en el trayecto entre estaci\u00f3n y estaci\u00f3n. Esta intervenci\u00f3n pretende no solo transformar las estaciones del Tren Roca en escenarios vivos, sino tambi\u00e9n visibilizar en un \u00e1mbito cotidiano y poco convencional el impacto musical y cultural del Programa.<\/span><\/p>\n<p><span style=\"font-weight: 400;\">En <\/span><b>noviembre<\/b><span style=\"font-weight: 400;\"> se realizar\u00e1 <\/span><b>AURA!<\/b><span style=\"font-weight: 400;\">, un festival Infanto-juvenil que nuclear\u00e1 a las <\/span><i><span style=\"font-weight: 400;\">orquestas folkl\u00f3ricas, criollas y latinoamericanas<\/span><\/i><span style=\"font-weight: 400;\"> del Programa para celebrar la diversidad musical del territorio. Un encuentro donde se realizar\u00e1n talleres y ensayos por instrumento pero donde los estudiantes tambi\u00e9n tendr\u00e1n actividades pensadas para fomentar v\u00ednculos entre ellos. Esta actividad tendr\u00e1 como cierre un concierto abierto al p\u00fablico donde las y los estudiantes y docentes interpretar\u00e1n el repertorio aprendido durante el encuentro.<\/span><\/p>\n<p><span style=\"font-weight: 400;\">Finalmente, el s\u00e1bado 20 de <\/span><b>diciembre<\/b><span style=\"font-weight: 400;\"> como cierre del a\u00f1o que celebra el legado del Programa y el trabajo de todas y todos sus integrantes, se realizar\u00e1 un Encuentro de Coros en la ciudad de La Plata, con el objetivo de realizar la <\/span><b>Misa Criolla<\/b><span style=\"font-weight: 400;\"> de Ariel Ram\u00edrez, junto al m\u00fasico <\/span><b>Bruno Arias.<\/b><span style=\"font-weight: 400;\"> Durante el d\u00eda las y los estudiantes tendr\u00e1n talleres por voces para ensayar el repertorio adem\u00e1s de diversas actividades que promueven la inclusi\u00f3n y el intercambio, y al finalizar la jornada brindar\u00e1n un concierto abierto al p\u00fablico en un escenario \u00fanico y de gran importancia hist\u00f3rica para la ciudad y la Provincia: la <\/span><b>Catedral de la Ciudad de La Plata<\/b><span style=\"font-weight: 400;\">.<\/span><\/p>\n","protected":false},"excerpt":{"rendered":"<p>El martes 2 de septiembre se celebr\u00f3 el 20\u00b0 Aniversario del Programa Coros y Orquestas Bonaerenses. Fundado en 2005, pertenece a la Subdirecci\u00f3n de Inclusi\u00f3n y Fortalecimiento de las Trayectorias Educativas, Direcci\u00f3n de Pol\u00edticas Socioeducativas de la Direcci\u00f3n General de Cultura y Educaci\u00f3n de la Provincia de Buenos Aires, y cuenta con casi 20 mil [&hellip;]<\/p>\n","protected":false},"author":3,"featured_media":104115,"comment_status":"closed","ping_status":"closed","sticky":false,"template":"","format":"standard","meta":{"footnotes":""},"categories":[35],"tags":[],"class_list":["post-125560","post","type-post","status-publish","format-standard","has-post-thumbnail","hentry","category-cultura"],"yoast_head":"<!-- This site is optimized with the Yoast SEO plugin v25.9 - https:\/\/yoast.com\/wordpress\/plugins\/seo\/ -->\n<title>El Programa Coros y Orquestas Bonaerenses celebra su 20\u00b0 aniversario con un ciclo de eventos. - Noticias Radio Reflejos<\/title>\n<meta name=\"robots\" content=\"index, follow, max-snippet:-1, max-image-preview:large, max-video-preview:-1\" \/>\n<link rel=\"canonical\" href=\"https:\/\/www.noticiasradioreflejos.com.ar\/2021\/el-programa-coros-y-orquestas-bonaerenses-celebra-su-20-aniversario-con-un-ciclo-de-eventos\/\" \/>\n<meta property=\"og:locale\" content=\"es_ES\" \/>\n<meta property=\"og:type\" content=\"article\" \/>\n<meta property=\"og:title\" content=\"El Programa Coros y Orquestas Bonaerenses celebra su 20\u00b0 aniversario con un ciclo de eventos. - Noticias Radio Reflejos\" \/>\n<meta property=\"og:description\" content=\"El martes 2 de septiembre se celebr\u00f3 el 20\u00b0 Aniversario del Programa Coros y Orquestas Bonaerenses. Fundado en 2005, pertenece a la Subdirecci\u00f3n de Inclusi\u00f3n y Fortalecimiento de las Trayectorias Educativas, Direcci\u00f3n de Pol\u00edticas Socioeducativas de la Direcci\u00f3n General de Cultura y Educaci\u00f3n de la Provincia de Buenos Aires, y cuenta con casi 20 mil [&hellip;]\" \/>\n<meta property=\"og:url\" content=\"https:\/\/www.noticiasradioreflejos.com.ar\/2021\/el-programa-coros-y-orquestas-bonaerenses-celebra-su-20-aniversario-con-un-ciclo-de-eventos\/\" \/>\n<meta property=\"og:site_name\" content=\"Noticias Radio Reflejos\" \/>\n<meta property=\"article:published_time\" content=\"2025-09-24T19:03:03+00:00\" \/>\n<meta property=\"og:image\" content=\"https:\/\/www.noticiasradioreflejos.com.ar\/2021\/wp-content\/uploads\/2024\/06\/Orquesta-BA.jpg\" \/>\n\t<meta property=\"og:image:width\" content=\"1366\" \/>\n\t<meta property=\"og:image:height\" content=\"768\" \/>\n\t<meta property=\"og:image:type\" content=\"image\/jpeg\" \/>\n<meta name=\"author\" content=\"Arnaldo Botto\" \/>\n<meta name=\"twitter:card\" content=\"summary_large_image\" \/>\n<script type=\"application\/ld+json\" class=\"yoast-schema-graph\">{\"@context\":\"https:\/\/schema.org\",\"@graph\":[{\"@type\":\"WebPage\",\"@id\":\"https:\/\/www.noticiasradioreflejos.com.ar\/2021\/el-programa-coros-y-orquestas-bonaerenses-celebra-su-20-aniversario-con-un-ciclo-de-eventos\/\",\"url\":\"https:\/\/www.noticiasradioreflejos.com.ar\/2021\/el-programa-coros-y-orquestas-bonaerenses-celebra-su-20-aniversario-con-un-ciclo-de-eventos\/\",\"name\":\"El Programa Coros y Orquestas Bonaerenses celebra su 20\u00b0 aniversario con un ciclo de eventos. - Noticias Radio Reflejos\",\"isPartOf\":{\"@id\":\"https:\/\/www.noticiasradioreflejos.com.ar\/2021\/#website\"},\"primaryImageOfPage\":{\"@id\":\"https:\/\/www.noticiasradioreflejos.com.ar\/2021\/el-programa-coros-y-orquestas-bonaerenses-celebra-su-20-aniversario-con-un-ciclo-de-eventos\/#primaryimage\"},\"image\":{\"@id\":\"https:\/\/www.noticiasradioreflejos.com.ar\/2021\/el-programa-coros-y-orquestas-bonaerenses-celebra-su-20-aniversario-con-un-ciclo-de-eventos\/#primaryimage\"},\"thumbnailUrl\":\"https:\/\/www.noticiasradioreflejos.com.ar\/2021\/wp-content\/uploads\/2024\/06\/Orquesta-BA.jpg\",\"datePublished\":\"2025-09-24T19:03:03+00:00\",\"author\":{\"@id\":\"https:\/\/www.noticiasradioreflejos.com.ar\/2021\/#\/schema\/person\/ad82545263dcc5ec0996818884fd5fb1\"},\"breadcrumb\":{\"@id\":\"https:\/\/www.noticiasradioreflejos.com.ar\/2021\/el-programa-coros-y-orquestas-bonaerenses-celebra-su-20-aniversario-con-un-ciclo-de-eventos\/#breadcrumb\"},\"inLanguage\":\"es\",\"potentialAction\":[{\"@type\":\"ReadAction\",\"target\":[\"https:\/\/www.noticiasradioreflejos.com.ar\/2021\/el-programa-coros-y-orquestas-bonaerenses-celebra-su-20-aniversario-con-un-ciclo-de-eventos\/\"]}]},{\"@type\":\"ImageObject\",\"inLanguage\":\"es\",\"@id\":\"https:\/\/www.noticiasradioreflejos.com.ar\/2021\/el-programa-coros-y-orquestas-bonaerenses-celebra-su-20-aniversario-con-un-ciclo-de-eventos\/#primaryimage\",\"url\":\"https:\/\/www.noticiasradioreflejos.com.ar\/2021\/wp-content\/uploads\/2024\/06\/Orquesta-BA.jpg\",\"contentUrl\":\"https:\/\/www.noticiasradioreflejos.com.ar\/2021\/wp-content\/uploads\/2024\/06\/Orquesta-BA.jpg\",\"width\":1366,\"height\":768},{\"@type\":\"BreadcrumbList\",\"@id\":\"https:\/\/www.noticiasradioreflejos.com.ar\/2021\/el-programa-coros-y-orquestas-bonaerenses-celebra-su-20-aniversario-con-un-ciclo-de-eventos\/#breadcrumb\",\"itemListElement\":[{\"@type\":\"ListItem\",\"position\":1,\"name\":\"Portada\",\"item\":\"https:\/\/www.noticiasradioreflejos.com.ar\/2021\/\"},{\"@type\":\"ListItem\",\"position\":2,\"name\":\"El Programa Coros y Orquestas Bonaerenses celebra su 20\u00b0 aniversario con un ciclo de eventos.\"}]},{\"@type\":\"WebSite\",\"@id\":\"https:\/\/www.noticiasradioreflejos.com.ar\/2021\/#website\",\"url\":\"https:\/\/www.noticiasradioreflejos.com.ar\/2021\/\",\"name\":\"Noticias Radio Reflejos\",\"description\":\"Las noticias de mi comarca\",\"potentialAction\":[{\"@type\":\"SearchAction\",\"target\":{\"@type\":\"EntryPoint\",\"urlTemplate\":\"https:\/\/www.noticiasradioreflejos.com.ar\/2021\/?s={search_term_string}\"},\"query-input\":{\"@type\":\"PropertyValueSpecification\",\"valueRequired\":true,\"valueName\":\"search_term_string\"}}],\"inLanguage\":\"es\"},{\"@type\":\"Person\",\"@id\":\"https:\/\/www.noticiasradioreflejos.com.ar\/2021\/#\/schema\/person\/ad82545263dcc5ec0996818884fd5fb1\",\"name\":\"Arnaldo Botto\",\"image\":{\"@type\":\"ImageObject\",\"inLanguage\":\"es\",\"@id\":\"https:\/\/www.noticiasradioreflejos.com.ar\/2021\/#\/schema\/person\/image\/\",\"url\":\"https:\/\/secure.gravatar.com\/avatar\/55cb5e37c1efa326397366e6974cb338056df65cb50e7d64d1cf314e87504837?s=96&d=mm&r=g\",\"contentUrl\":\"https:\/\/secure.gravatar.com\/avatar\/55cb5e37c1efa326397366e6974cb338056df65cb50e7d64d1cf314e87504837?s=96&d=mm&r=g\",\"caption\":\"Arnaldo Botto\"},\"url\":\"https:\/\/www.noticiasradioreflejos.com.ar\/2021\/author\/arnaldo\/\"}]}<\/script>\n<!-- \/ Yoast SEO plugin. -->","yoast_head_json":{"title":"El Programa Coros y Orquestas Bonaerenses celebra su 20\u00b0 aniversario con un ciclo de eventos. - Noticias Radio Reflejos","robots":{"index":"index","follow":"follow","max-snippet":"max-snippet:-1","max-image-preview":"max-image-preview:large","max-video-preview":"max-video-preview:-1"},"canonical":"https:\/\/www.noticiasradioreflejos.com.ar\/2021\/el-programa-coros-y-orquestas-bonaerenses-celebra-su-20-aniversario-con-un-ciclo-de-eventos\/","og_locale":"es_ES","og_type":"article","og_title":"El Programa Coros y Orquestas Bonaerenses celebra su 20\u00b0 aniversario con un ciclo de eventos. - Noticias Radio Reflejos","og_description":"El martes 2 de septiembre se celebr\u00f3 el 20\u00b0 Aniversario del Programa Coros y Orquestas Bonaerenses. Fundado en 2005, pertenece a la Subdirecci\u00f3n de Inclusi\u00f3n y Fortalecimiento de las Trayectorias Educativas, Direcci\u00f3n de Pol\u00edticas Socioeducativas de la Direcci\u00f3n General de Cultura y Educaci\u00f3n de la Provincia de Buenos Aires, y cuenta con casi 20 mil [&hellip;]","og_url":"https:\/\/www.noticiasradioreflejos.com.ar\/2021\/el-programa-coros-y-orquestas-bonaerenses-celebra-su-20-aniversario-con-un-ciclo-de-eventos\/","og_site_name":"Noticias Radio Reflejos","article_published_time":"2025-09-24T19:03:03+00:00","og_image":[{"width":1366,"height":768,"url":"https:\/\/www.noticiasradioreflejos.com.ar\/2021\/wp-content\/uploads\/2024\/06\/Orquesta-BA.jpg","type":"image\/jpeg"}],"author":"Arnaldo Botto","twitter_card":"summary_large_image","schema":{"@context":"https:\/\/schema.org","@graph":[{"@type":"WebPage","@id":"https:\/\/www.noticiasradioreflejos.com.ar\/2021\/el-programa-coros-y-orquestas-bonaerenses-celebra-su-20-aniversario-con-un-ciclo-de-eventos\/","url":"https:\/\/www.noticiasradioreflejos.com.ar\/2021\/el-programa-coros-y-orquestas-bonaerenses-celebra-su-20-aniversario-con-un-ciclo-de-eventos\/","name":"El Programa Coros y Orquestas Bonaerenses celebra su 20\u00b0 aniversario con un ciclo de eventos. - Noticias Radio Reflejos","isPartOf":{"@id":"https:\/\/www.noticiasradioreflejos.com.ar\/2021\/#website"},"primaryImageOfPage":{"@id":"https:\/\/www.noticiasradioreflejos.com.ar\/2021\/el-programa-coros-y-orquestas-bonaerenses-celebra-su-20-aniversario-con-un-ciclo-de-eventos\/#primaryimage"},"image":{"@id":"https:\/\/www.noticiasradioreflejos.com.ar\/2021\/el-programa-coros-y-orquestas-bonaerenses-celebra-su-20-aniversario-con-un-ciclo-de-eventos\/#primaryimage"},"thumbnailUrl":"https:\/\/www.noticiasradioreflejos.com.ar\/2021\/wp-content\/uploads\/2024\/06\/Orquesta-BA.jpg","datePublished":"2025-09-24T19:03:03+00:00","author":{"@id":"https:\/\/www.noticiasradioreflejos.com.ar\/2021\/#\/schema\/person\/ad82545263dcc5ec0996818884fd5fb1"},"breadcrumb":{"@id":"https:\/\/www.noticiasradioreflejos.com.ar\/2021\/el-programa-coros-y-orquestas-bonaerenses-celebra-su-20-aniversario-con-un-ciclo-de-eventos\/#breadcrumb"},"inLanguage":"es","potentialAction":[{"@type":"ReadAction","target":["https:\/\/www.noticiasradioreflejos.com.ar\/2021\/el-programa-coros-y-orquestas-bonaerenses-celebra-su-20-aniversario-con-un-ciclo-de-eventos\/"]}]},{"@type":"ImageObject","inLanguage":"es","@id":"https:\/\/www.noticiasradioreflejos.com.ar\/2021\/el-programa-coros-y-orquestas-bonaerenses-celebra-su-20-aniversario-con-un-ciclo-de-eventos\/#primaryimage","url":"https:\/\/www.noticiasradioreflejos.com.ar\/2021\/wp-content\/uploads\/2024\/06\/Orquesta-BA.jpg","contentUrl":"https:\/\/www.noticiasradioreflejos.com.ar\/2021\/wp-content\/uploads\/2024\/06\/Orquesta-BA.jpg","width":1366,"height":768},{"@type":"BreadcrumbList","@id":"https:\/\/www.noticiasradioreflejos.com.ar\/2021\/el-programa-coros-y-orquestas-bonaerenses-celebra-su-20-aniversario-con-un-ciclo-de-eventos\/#breadcrumb","itemListElement":[{"@type":"ListItem","position":1,"name":"Portada","item":"https:\/\/www.noticiasradioreflejos.com.ar\/2021\/"},{"@type":"ListItem","position":2,"name":"El Programa Coros y Orquestas Bonaerenses celebra su 20\u00b0 aniversario con un ciclo de eventos."}]},{"@type":"WebSite","@id":"https:\/\/www.noticiasradioreflejos.com.ar\/2021\/#website","url":"https:\/\/www.noticiasradioreflejos.com.ar\/2021\/","name":"Noticias Radio Reflejos","description":"Las noticias de mi comarca","potentialAction":[{"@type":"SearchAction","target":{"@type":"EntryPoint","urlTemplate":"https:\/\/www.noticiasradioreflejos.com.ar\/2021\/?s={search_term_string}"},"query-input":{"@type":"PropertyValueSpecification","valueRequired":true,"valueName":"search_term_string"}}],"inLanguage":"es"},{"@type":"Person","@id":"https:\/\/www.noticiasradioreflejos.com.ar\/2021\/#\/schema\/person\/ad82545263dcc5ec0996818884fd5fb1","name":"Arnaldo Botto","image":{"@type":"ImageObject","inLanguage":"es","@id":"https:\/\/www.noticiasradioreflejos.com.ar\/2021\/#\/schema\/person\/image\/","url":"https:\/\/secure.gravatar.com\/avatar\/55cb5e37c1efa326397366e6974cb338056df65cb50e7d64d1cf314e87504837?s=96&d=mm&r=g","contentUrl":"https:\/\/secure.gravatar.com\/avatar\/55cb5e37c1efa326397366e6974cb338056df65cb50e7d64d1cf314e87504837?s=96&d=mm&r=g","caption":"Arnaldo Botto"},"url":"https:\/\/www.noticiasradioreflejos.com.ar\/2021\/author\/arnaldo\/"}]}},"_links":{"self":[{"href":"https:\/\/www.noticiasradioreflejos.com.ar\/2021\/wp-json\/wp\/v2\/posts\/125560","targetHints":{"allow":["GET"]}}],"collection":[{"href":"https:\/\/www.noticiasradioreflejos.com.ar\/2021\/wp-json\/wp\/v2\/posts"}],"about":[{"href":"https:\/\/www.noticiasradioreflejos.com.ar\/2021\/wp-json\/wp\/v2\/types\/post"}],"author":[{"embeddable":true,"href":"https:\/\/www.noticiasradioreflejos.com.ar\/2021\/wp-json\/wp\/v2\/users\/3"}],"replies":[{"embeddable":true,"href":"https:\/\/www.noticiasradioreflejos.com.ar\/2021\/wp-json\/wp\/v2\/comments?post=125560"}],"version-history":[{"count":1,"href":"https:\/\/www.noticiasradioreflejos.com.ar\/2021\/wp-json\/wp\/v2\/posts\/125560\/revisions"}],"predecessor-version":[{"id":125561,"href":"https:\/\/www.noticiasradioreflejos.com.ar\/2021\/wp-json\/wp\/v2\/posts\/125560\/revisions\/125561"}],"wp:featuredmedia":[{"embeddable":true,"href":"https:\/\/www.noticiasradioreflejos.com.ar\/2021\/wp-json\/wp\/v2\/media\/104115"}],"wp:attachment":[{"href":"https:\/\/www.noticiasradioreflejos.com.ar\/2021\/wp-json\/wp\/v2\/media?parent=125560"}],"wp:term":[{"taxonomy":"category","embeddable":true,"href":"https:\/\/www.noticiasradioreflejos.com.ar\/2021\/wp-json\/wp\/v2\/categories?post=125560"},{"taxonomy":"post_tag","embeddable":true,"href":"https:\/\/www.noticiasradioreflejos.com.ar\/2021\/wp-json\/wp\/v2\/tags?post=125560"}],"curies":[{"name":"wp","href":"https:\/\/api.w.org\/{rel}","templated":true}]}}