{"id":12551,"date":"2017-07-20T17:32:30","date_gmt":"2017-07-20T20:32:30","guid":{"rendered":"http:\/\/www.noticiasradioreflejos.com.ar\/noticias\/?p=12551"},"modified":"2017-07-20T17:32:30","modified_gmt":"2017-07-20T20:32:30","slug":"es-fundamental-que-se-canalice-a-traves-del-voto-esta-situacion-de-malestar-social-que-esta-generando-el-gobierno-vanesa-siley","status":"publish","type":"post","link":"https:\/\/www.noticiasradioreflejos.com.ar\/2021\/es-fundamental-que-se-canalice-a-traves-del-voto-esta-situacion-de-malestar-social-que-esta-generando-el-gobierno-vanesa-siley\/","title":{"rendered":"\u201cEs fundamental que se canalice a trav\u00e9s del voto esta situaci\u00f3n de malestar social que est\u00e1 generando el Gobierno\u201d Vanesa Siley"},"content":{"rendered":"<p>Vanesa Siley, precandidata a diputada nacional en cuarto lugar por Unidad\u00a0Ciudadana, realiz\u00f3 una recorrida por distritos de la Sexta Secci\u00f3n electoral junto al precandidato a concejal\u00a0Carlos Quiroz.<br \/>\nSiley es la Secretaria General del Sindicato de Trabajadores Judiciales de la Ciudad de Buenos Aires\u00a0y pertenece a la Corriente Federal de la CGT, integrada por Sergio Palazzo (La Bancaria) y Pablo\u00a0Michelli (ATE Nacional), entre otros referentes gremiales<br \/>\nEn ese marco, \u201carmamos un espacio que se llama \u2018Mujeres sindicalistas\u2019 reivindicando los\u00a0derechos de las mujeres, que en este momento de ajuste que estamos sufriendo los trabajadores,\u00a0la mujer es una de las m\u00e1s afectadas por la pol\u00edtica\u201d.\u00a0\u201cEstos primeros meses de 2017 \u2013continu\u00f3- el nivel de despidos en la provincia llega a un 11,3% y,\u00a0si eso se desgrana en mujeres y varones, nos da que las mujeres somos las m\u00e1s despedidas con un\u00a012,8%\u201d.<br \/>\nLa abogada nacida en Mercedes asegur\u00f3 que \u201cUnidad Ciudadana es una lista muy representativa,\u00a0en la cual, sin existir una ley nacional de paridad de g\u00e9nero, se cumpli\u00f3 el 50 y 50%\u201d. \u201cAdem\u00e1s, el\u00a0sindicalismo recuper\u00f3 su lugar hist\u00f3rico del 30%, por lo menos en los tres primeros lugares, donde\u00a0van el Walter Correa, (Curtidores), Hugo Yasky (CTA) y yo\u201d, agreg\u00f3.\u00a0Respecto a los resultados electorales, sostuvo que \u201cesperamos hacer una buena elecci\u00f3n, estamos\u00a0enfoc\u00e1ndonos en ir a hablar con la gente com\u00fan, con los trabajadores, comerciantes y los\u00a0peque\u00f1os y medianos empresarios, que son los principales afectados por las pol\u00edticas econ\u00f3micas\u00a0de Cambiemos\u201d.<br \/>\n\u201cEs fundamental que se canalice a trav\u00e9s del voto esta situaci\u00f3n de malestar social que est\u00e1<br \/>\ngenerando el gobierno\u201d, consider\u00f3 Siley.<br \/>\nPor \u00faltimo, sobre las permanentes cr\u00edticas que recibe Cristina Fern\u00e1ndez de Kirchner debido a su\u00a0candidatura a senadora nacional, la sindicalista afirm\u00f3 que ello ocurre porque \u201ces la oposici\u00f3n m\u00e1s\u00a0clara y contundente que puede ponerle un freno al gobierno de Cambiemos\u201d.<br \/>\n[soundcloud url=\u00bbhttps:\/\/api.soundcloud.com\/tracks\/334075241&#8243; params=\u00bbcolor=ff5500&amp;auto_play=false&amp;hide_related=false&amp;show_comments=true&amp;show_user=true&amp;show_reposts=false\u00bb width=\u00bb100%\u00bb height=\u00bb166&#8243; iframe=\u00bbtrue\u00bb \/]<\/p>\n","protected":false},"excerpt":{"rendered":"<p>Vanesa Siley, precandidata a diputada nacional en cuarto lugar por Unidad Ciudadana, realiz\u00f3 una recorrida por distritos de la Sexta Secci\u00f3n electoral junto al precandidato a concejal Carlos Quiroz.<\/p>\n","protected":false},"author":1,"featured_media":0,"comment_status":"closed","ping_status":"open","sticky":false,"template":"","format":"standard","meta":{"footnotes":""},"categories":[24],"tags":[],"class_list":["post-12551","post","type-post","status-publish","format-standard","hentry","category-politica"],"yoast_head":"<!-- This site is optimized with the Yoast SEO plugin v25.9 - https:\/\/yoast.com\/wordpress\/plugins\/seo\/ -->\n<title>\u201cEs fundamental que se canalice a trav\u00e9s del voto esta situaci\u00f3n de malestar social que est\u00e1 generando el Gobierno\u201d Vanesa Siley - Noticias Radio Reflejos<\/title>\n<meta name=\"robots\" content=\"index, follow, max-snippet:-1, max-image-preview:large, max-video-preview:-1\" \/>\n<link rel=\"canonical\" href=\"https:\/\/www.noticiasradioreflejos.com.ar\/2021\/es-fundamental-que-se-canalice-a-traves-del-voto-esta-situacion-de-malestar-social-que-esta-generando-el-gobierno-vanesa-siley\/\" \/>\n<meta property=\"og:locale\" content=\"es_ES\" \/>\n<meta property=\"og:type\" content=\"article\" \/>\n<meta property=\"og:title\" content=\"\u201cEs fundamental que se canalice a trav\u00e9s del voto esta situaci\u00f3n de malestar social que est\u00e1 generando el Gobierno\u201d Vanesa Siley - Noticias Radio Reflejos\" \/>\n<meta property=\"og:description\" content=\"Vanesa Siley, precandidata a diputada nacional en cuarto lugar por Unidad Ciudadana, realiz\u00f3 una recorrida por distritos de la Sexta Secci\u00f3n electoral junto al precandidato a concejal Carlos Quiroz.\" \/>\n<meta property=\"og:url\" content=\"https:\/\/www.noticiasradioreflejos.com.ar\/2021\/es-fundamental-que-se-canalice-a-traves-del-voto-esta-situacion-de-malestar-social-que-esta-generando-el-gobierno-vanesa-siley\/\" \/>\n<meta property=\"og:site_name\" content=\"Noticias Radio Reflejos\" \/>\n<meta property=\"article:published_time\" content=\"2017-07-20T20:32:30+00:00\" \/>\n<meta property=\"og:image\" content=\"https:\/\/www.noticiasradioreflejos.com.ar\/2021\/wp-content\/uploads\/2021\/07\/logosol300x200.png\" \/>\n\t<meta property=\"og:image:width\" content=\"300\" \/>\n\t<meta property=\"og:image:height\" content=\"200\" \/>\n\t<meta property=\"og:image:type\" content=\"image\/png\" \/>\n<meta name=\"author\" content=\"Ulises Nicolini\" \/>\n<meta name=\"twitter:card\" content=\"summary_large_image\" \/>\n<script type=\"application\/ld+json\" class=\"yoast-schema-graph\">{\"@context\":\"https:\/\/schema.org\",\"@graph\":[{\"@type\":\"WebPage\",\"@id\":\"https:\/\/www.noticiasradioreflejos.com.ar\/2021\/es-fundamental-que-se-canalice-a-traves-del-voto-esta-situacion-de-malestar-social-que-esta-generando-el-gobierno-vanesa-siley\/\",\"url\":\"https:\/\/www.noticiasradioreflejos.com.ar\/2021\/es-fundamental-que-se-canalice-a-traves-del-voto-esta-situacion-de-malestar-social-que-esta-generando-el-gobierno-vanesa-siley\/\",\"name\":\"\u201cEs fundamental que se canalice a trav\u00e9s del voto esta situaci\u00f3n de malestar social que est\u00e1 generando el Gobierno\u201d Vanesa Siley - Noticias Radio Reflejos\",\"isPartOf\":{\"@id\":\"https:\/\/www.noticiasradioreflejos.com.ar\/2021\/#website\"},\"datePublished\":\"2017-07-20T20:32:30+00:00\",\"author\":{\"@id\":\"https:\/\/www.noticiasradioreflejos.com.ar\/2021\/#\/schema\/person\/63bcc26111c5fc0e3cd7ca4e2bf77a60\"},\"breadcrumb\":{\"@id\":\"https:\/\/www.noticiasradioreflejos.com.ar\/2021\/es-fundamental-que-se-canalice-a-traves-del-voto-esta-situacion-de-malestar-social-que-esta-generando-el-gobierno-vanesa-siley\/#breadcrumb\"},\"inLanguage\":\"es\",\"potentialAction\":[{\"@type\":\"ReadAction\",\"target\":[\"https:\/\/www.noticiasradioreflejos.com.ar\/2021\/es-fundamental-que-se-canalice-a-traves-del-voto-esta-situacion-de-malestar-social-que-esta-generando-el-gobierno-vanesa-siley\/\"]}]},{\"@type\":\"BreadcrumbList\",\"@id\":\"https:\/\/www.noticiasradioreflejos.com.ar\/2021\/es-fundamental-que-se-canalice-a-traves-del-voto-esta-situacion-de-malestar-social-que-esta-generando-el-gobierno-vanesa-siley\/#breadcrumb\",\"itemListElement\":[{\"@type\":\"ListItem\",\"position\":1,\"name\":\"Portada\",\"item\":\"https:\/\/www.noticiasradioreflejos.com.ar\/2021\/\"},{\"@type\":\"ListItem\",\"position\":2,\"name\":\"\u201cEs fundamental que se canalice a trav\u00e9s del voto esta situaci\u00f3n de malestar social que est\u00e1 generando el Gobierno\u201d Vanesa Siley\"}]},{\"@type\":\"WebSite\",\"@id\":\"https:\/\/www.noticiasradioreflejos.com.ar\/2021\/#website\",\"url\":\"https:\/\/www.noticiasradioreflejos.com.ar\/2021\/\",\"name\":\"Noticias Radio Reflejos\",\"description\":\"Las noticias de mi comarca\",\"potentialAction\":[{\"@type\":\"SearchAction\",\"target\":{\"@type\":\"EntryPoint\",\"urlTemplate\":\"https:\/\/www.noticiasradioreflejos.com.ar\/2021\/?s={search_term_string}\"},\"query-input\":{\"@type\":\"PropertyValueSpecification\",\"valueRequired\":true,\"valueName\":\"search_term_string\"}}],\"inLanguage\":\"es\"},{\"@type\":\"Person\",\"@id\":\"https:\/\/www.noticiasradioreflejos.com.ar\/2021\/#\/schema\/person\/63bcc26111c5fc0e3cd7ca4e2bf77a60\",\"name\":\"Ulises Nicolini\",\"image\":{\"@type\":\"ImageObject\",\"inLanguage\":\"es\",\"@id\":\"https:\/\/www.noticiasradioreflejos.com.ar\/2021\/#\/schema\/person\/image\/\",\"url\":\"https:\/\/secure.gravatar.com\/avatar\/7f2c48bdc33b30088f941fb6082e555f2874c98e20cb159d7b92b50eadfce793?s=96&d=mm&r=g\",\"contentUrl\":\"https:\/\/secure.gravatar.com\/avatar\/7f2c48bdc33b30088f941fb6082e555f2874c98e20cb159d7b92b50eadfce793?s=96&d=mm&r=g\",\"caption\":\"Ulises Nicolini\"},\"sameAs\":[\"http:\/\/www.noticiasradioreflejos.com.ar\/2021\"],\"url\":\"https:\/\/www.noticiasradioreflejos.com.ar\/2021\/author\/admin\/\"}]}<\/script>\n<!-- \/ Yoast SEO plugin. -->","yoast_head_json":{"title":"\u201cEs fundamental que se canalice a trav\u00e9s del voto esta situaci\u00f3n de malestar social que est\u00e1 generando el Gobierno\u201d Vanesa Siley - Noticias Radio Reflejos","robots":{"index":"index","follow":"follow","max-snippet":"max-snippet:-1","max-image-preview":"max-image-preview:large","max-video-preview":"max-video-preview:-1"},"canonical":"https:\/\/www.noticiasradioreflejos.com.ar\/2021\/es-fundamental-que-se-canalice-a-traves-del-voto-esta-situacion-de-malestar-social-que-esta-generando-el-gobierno-vanesa-siley\/","og_locale":"es_ES","og_type":"article","og_title":"\u201cEs fundamental que se canalice a trav\u00e9s del voto esta situaci\u00f3n de malestar social que est\u00e1 generando el Gobierno\u201d Vanesa Siley - Noticias Radio Reflejos","og_description":"Vanesa Siley, precandidata a diputada nacional en cuarto lugar por Unidad Ciudadana, realiz\u00f3 una recorrida por distritos de la Sexta Secci\u00f3n electoral junto al precandidato a concejal Carlos Quiroz.","og_url":"https:\/\/www.noticiasradioreflejos.com.ar\/2021\/es-fundamental-que-se-canalice-a-traves-del-voto-esta-situacion-de-malestar-social-que-esta-generando-el-gobierno-vanesa-siley\/","og_site_name":"Noticias Radio Reflejos","article_published_time":"2017-07-20T20:32:30+00:00","og_image":[{"width":300,"height":200,"url":"https:\/\/www.noticiasradioreflejos.com.ar\/2021\/wp-content\/uploads\/2021\/07\/logosol300x200.png","type":"image\/png"}],"author":"Ulises Nicolini","twitter_card":"summary_large_image","schema":{"@context":"https:\/\/schema.org","@graph":[{"@type":"WebPage","@id":"https:\/\/www.noticiasradioreflejos.com.ar\/2021\/es-fundamental-que-se-canalice-a-traves-del-voto-esta-situacion-de-malestar-social-que-esta-generando-el-gobierno-vanesa-siley\/","url":"https:\/\/www.noticiasradioreflejos.com.ar\/2021\/es-fundamental-que-se-canalice-a-traves-del-voto-esta-situacion-de-malestar-social-que-esta-generando-el-gobierno-vanesa-siley\/","name":"\u201cEs fundamental que se canalice a trav\u00e9s del voto esta situaci\u00f3n de malestar social que est\u00e1 generando el Gobierno\u201d Vanesa Siley - Noticias Radio Reflejos","isPartOf":{"@id":"https:\/\/www.noticiasradioreflejos.com.ar\/2021\/#website"},"datePublished":"2017-07-20T20:32:30+00:00","author":{"@id":"https:\/\/www.noticiasradioreflejos.com.ar\/2021\/#\/schema\/person\/63bcc26111c5fc0e3cd7ca4e2bf77a60"},"breadcrumb":{"@id":"https:\/\/www.noticiasradioreflejos.com.ar\/2021\/es-fundamental-que-se-canalice-a-traves-del-voto-esta-situacion-de-malestar-social-que-esta-generando-el-gobierno-vanesa-siley\/#breadcrumb"},"inLanguage":"es","potentialAction":[{"@type":"ReadAction","target":["https:\/\/www.noticiasradioreflejos.com.ar\/2021\/es-fundamental-que-se-canalice-a-traves-del-voto-esta-situacion-de-malestar-social-que-esta-generando-el-gobierno-vanesa-siley\/"]}]},{"@type":"BreadcrumbList","@id":"https:\/\/www.noticiasradioreflejos.com.ar\/2021\/es-fundamental-que-se-canalice-a-traves-del-voto-esta-situacion-de-malestar-social-que-esta-generando-el-gobierno-vanesa-siley\/#breadcrumb","itemListElement":[{"@type":"ListItem","position":1,"name":"Portada","item":"https:\/\/www.noticiasradioreflejos.com.ar\/2021\/"},{"@type":"ListItem","position":2,"name":"\u201cEs fundamental que se canalice a trav\u00e9s del voto esta situaci\u00f3n de malestar social que est\u00e1 generando el Gobierno\u201d Vanesa Siley"}]},{"@type":"WebSite","@id":"https:\/\/www.noticiasradioreflejos.com.ar\/2021\/#website","url":"https:\/\/www.noticiasradioreflejos.com.ar\/2021\/","name":"Noticias Radio Reflejos","description":"Las noticias de mi comarca","potentialAction":[{"@type":"SearchAction","target":{"@type":"EntryPoint","urlTemplate":"https:\/\/www.noticiasradioreflejos.com.ar\/2021\/?s={search_term_string}"},"query-input":{"@type":"PropertyValueSpecification","valueRequired":true,"valueName":"search_term_string"}}],"inLanguage":"es"},{"@type":"Person","@id":"https:\/\/www.noticiasradioreflejos.com.ar\/2021\/#\/schema\/person\/63bcc26111c5fc0e3cd7ca4e2bf77a60","name":"Ulises Nicolini","image":{"@type":"ImageObject","inLanguage":"es","@id":"https:\/\/www.noticiasradioreflejos.com.ar\/2021\/#\/schema\/person\/image\/","url":"https:\/\/secure.gravatar.com\/avatar\/7f2c48bdc33b30088f941fb6082e555f2874c98e20cb159d7b92b50eadfce793?s=96&d=mm&r=g","contentUrl":"https:\/\/secure.gravatar.com\/avatar\/7f2c48bdc33b30088f941fb6082e555f2874c98e20cb159d7b92b50eadfce793?s=96&d=mm&r=g","caption":"Ulises Nicolini"},"sameAs":["http:\/\/www.noticiasradioreflejos.com.ar\/2021"],"url":"https:\/\/www.noticiasradioreflejos.com.ar\/2021\/author\/admin\/"}]}},"_links":{"self":[{"href":"https:\/\/www.noticiasradioreflejos.com.ar\/2021\/wp-json\/wp\/v2\/posts\/12551","targetHints":{"allow":["GET"]}}],"collection":[{"href":"https:\/\/www.noticiasradioreflejos.com.ar\/2021\/wp-json\/wp\/v2\/posts"}],"about":[{"href":"https:\/\/www.noticiasradioreflejos.com.ar\/2021\/wp-json\/wp\/v2\/types\/post"}],"author":[{"embeddable":true,"href":"https:\/\/www.noticiasradioreflejos.com.ar\/2021\/wp-json\/wp\/v2\/users\/1"}],"replies":[{"embeddable":true,"href":"https:\/\/www.noticiasradioreflejos.com.ar\/2021\/wp-json\/wp\/v2\/comments?post=12551"}],"version-history":[{"count":0,"href":"https:\/\/www.noticiasradioreflejos.com.ar\/2021\/wp-json\/wp\/v2\/posts\/12551\/revisions"}],"wp:attachment":[{"href":"https:\/\/www.noticiasradioreflejos.com.ar\/2021\/wp-json\/wp\/v2\/media?parent=12551"}],"wp:term":[{"taxonomy":"category","embeddable":true,"href":"https:\/\/www.noticiasradioreflejos.com.ar\/2021\/wp-json\/wp\/v2\/categories?post=12551"},{"taxonomy":"post_tag","embeddable":true,"href":"https:\/\/www.noticiasradioreflejos.com.ar\/2021\/wp-json\/wp\/v2\/tags?post=12551"}],"curies":[{"name":"wp","href":"https:\/\/api.w.org\/{rel}","templated":true}]}}