{"id":125507,"date":"2025-09-23T13:08:46","date_gmt":"2025-09-23T16:08:46","guid":{"rendered":"https:\/\/www.noticiasradioreflejos.com.ar\/2021\/?p=125507"},"modified":"2025-09-23T13:08:46","modified_gmt":"2025-09-23T16:08:46","slug":"un-caso-que-sucede-cada-un-millon-nacieron-trigemelas-en-salta","status":"publish","type":"post","link":"https:\/\/www.noticiasradioreflejos.com.ar\/2021\/un-caso-que-sucede-cada-un-millon-nacieron-trigemelas-en-salta\/","title":{"rendered":"Un caso que sucede cada un mill\u00f3n: nacieron trigemelas en Salta"},"content":{"rendered":"<p>Se trat\u00f3 de un parto prematuro debido a que la gestaci\u00f3n fue de 34 semanas.<!--more--><\/p>\n<div class=\"column-main\">\n<div class=\"article-body\" data-tadevel-template=\"web\/article-body\">\n<div class=\"article-body-content\">\n<p>Un hecho in\u00e9dito ocurri\u00f3 luego de que\u00a0<strong>nacieran trigemelas en un hospital de la provincia de Salta<\/strong>, una situaci\u00f3n que sucede cada un mill\u00f3n de casos.<\/p>\n<p>Es un acontecimiento excepcional ya que<strong>\u00a0las bebas compart\u00edan placenta<\/strong>\u00a0en un embarazo denominado\u00a0<strong>monocorial triamn\u00f3tico.<\/strong><\/p>\n<p><strong>Ainara pes\u00f3 1.640 gramos, la segunda en nacer fue Amira con 1.560 gramos (la m\u00e1s peque\u00f1a) y \u00c1mbar con 1.780<\/strong>, al tiempo que\u00a0<strong>las hermanas se encuentras internadas en el \u00e1rea de Neonatolog\u00eda debido a que se trat\u00f3 de un parto prematuro y con ces\u00e1rea programada ya que la gestaci\u00f3n fue de 34 semanas.<\/strong><\/p>\n<p>Nancy -la madre- y sus hijas est\u00e1n en buen estado de salud. La mujer recibi\u00f3 atenci\u00f3n de ginec\u00f3logos y obstetras en el transcurso del embarazo, que fue el segundo registrado de estas caracter\u00edsticas en 2025 en la provincia.<\/p>\n<p>Adem\u00e1s, durante el primer semestre hubo 54 nacimientos de gemelos en el Hospital Materno P\u00fablico Materno Infantil de Salta.<\/p>\n<p>&nbsp;<\/p>\n<\/div>\n<p><em><strong>Fuente NA<\/strong><\/em><\/p>\n<\/div>\n<\/div>\n","protected":false},"excerpt":{"rendered":"<p>Se trat\u00f3 de un parto prematuro debido a que la gestaci\u00f3n fue de 34 semanas.<\/p>\n","protected":false},"author":3,"featured_media":125508,"comment_status":"closed","ping_status":"closed","sticky":false,"template":"","format":"standard","meta":{"footnotes":""},"categories":[46,30,26],"tags":[],"class_list":["post-125507","post","type-post","status-publish","format-standard","has-post-thumbnail","hentry","category-ciencia-y-tecnologia","category-salud","category-sociedad"],"yoast_head":"<!-- This site is optimized with the Yoast SEO plugin v25.9 - https:\/\/yoast.com\/wordpress\/plugins\/seo\/ -->\n<title>Un caso que sucede cada un mill\u00f3n: nacieron trigemelas en Salta - Noticias Radio Reflejos<\/title>\n<meta name=\"robots\" content=\"index, follow, max-snippet:-1, max-image-preview:large, max-video-preview:-1\" \/>\n<link rel=\"canonical\" href=\"https:\/\/www.noticiasradioreflejos.com.ar\/2021\/un-caso-que-sucede-cada-un-millon-nacieron-trigemelas-en-salta\/\" \/>\n<meta property=\"og:locale\" content=\"es_ES\" \/>\n<meta property=\"og:type\" content=\"article\" \/>\n<meta property=\"og:title\" content=\"Un caso que sucede cada un mill\u00f3n: nacieron trigemelas en Salta - Noticias Radio Reflejos\" \/>\n<meta property=\"og:description\" content=\"Se trat\u00f3 de un parto prematuro debido a que la gestaci\u00f3n fue de 34 semanas.\" \/>\n<meta property=\"og:url\" content=\"https:\/\/www.noticiasradioreflejos.com.ar\/2021\/un-caso-que-sucede-cada-un-millon-nacieron-trigemelas-en-salta\/\" \/>\n<meta property=\"og:site_name\" content=\"Noticias Radio Reflejos\" \/>\n<meta property=\"article:published_time\" content=\"2025-09-23T16:08:46+00:00\" \/>\n<meta property=\"og:image\" content=\"https:\/\/www.noticiasradioreflejos.com.ar\/2021\/wp-content\/uploads\/2025\/09\/trigemelas.jpg\" \/>\n\t<meta property=\"og:image:width\" content=\"1280\" \/>\n\t<meta property=\"og:image:height\" content=\"720\" \/>\n\t<meta property=\"og:image:type\" content=\"image\/jpeg\" \/>\n<meta name=\"author\" content=\"Arnaldo Botto\" \/>\n<meta name=\"twitter:card\" content=\"summary_large_image\" \/>\n<script type=\"application\/ld+json\" class=\"yoast-schema-graph\">{\"@context\":\"https:\/\/schema.org\",\"@graph\":[{\"@type\":\"WebPage\",\"@id\":\"https:\/\/www.noticiasradioreflejos.com.ar\/2021\/un-caso-que-sucede-cada-un-millon-nacieron-trigemelas-en-salta\/\",\"url\":\"https:\/\/www.noticiasradioreflejos.com.ar\/2021\/un-caso-que-sucede-cada-un-millon-nacieron-trigemelas-en-salta\/\",\"name\":\"Un caso que sucede cada un mill\u00f3n: nacieron trigemelas en Salta - Noticias Radio Reflejos\",\"isPartOf\":{\"@id\":\"https:\/\/www.noticiasradioreflejos.com.ar\/2021\/#website\"},\"primaryImageOfPage\":{\"@id\":\"https:\/\/www.noticiasradioreflejos.com.ar\/2021\/un-caso-que-sucede-cada-un-millon-nacieron-trigemelas-en-salta\/#primaryimage\"},\"image\":{\"@id\":\"https:\/\/www.noticiasradioreflejos.com.ar\/2021\/un-caso-que-sucede-cada-un-millon-nacieron-trigemelas-en-salta\/#primaryimage\"},\"thumbnailUrl\":\"https:\/\/www.noticiasradioreflejos.com.ar\/2021\/wp-content\/uploads\/2025\/09\/trigemelas.jpg\",\"datePublished\":\"2025-09-23T16:08:46+00:00\",\"author\":{\"@id\":\"https:\/\/www.noticiasradioreflejos.com.ar\/2021\/#\/schema\/person\/ad82545263dcc5ec0996818884fd5fb1\"},\"breadcrumb\":{\"@id\":\"https:\/\/www.noticiasradioreflejos.com.ar\/2021\/un-caso-que-sucede-cada-un-millon-nacieron-trigemelas-en-salta\/#breadcrumb\"},\"inLanguage\":\"es\",\"potentialAction\":[{\"@type\":\"ReadAction\",\"target\":[\"https:\/\/www.noticiasradioreflejos.com.ar\/2021\/un-caso-que-sucede-cada-un-millon-nacieron-trigemelas-en-salta\/\"]}]},{\"@type\":\"ImageObject\",\"inLanguage\":\"es\",\"@id\":\"https:\/\/www.noticiasradioreflejos.com.ar\/2021\/un-caso-que-sucede-cada-un-millon-nacieron-trigemelas-en-salta\/#primaryimage\",\"url\":\"https:\/\/www.noticiasradioreflejos.com.ar\/2021\/wp-content\/uploads\/2025\/09\/trigemelas.jpg\",\"contentUrl\":\"https:\/\/www.noticiasradioreflejos.com.ar\/2021\/wp-content\/uploads\/2025\/09\/trigemelas.jpg\",\"width\":1280,\"height\":720},{\"@type\":\"BreadcrumbList\",\"@id\":\"https:\/\/www.noticiasradioreflejos.com.ar\/2021\/un-caso-que-sucede-cada-un-millon-nacieron-trigemelas-en-salta\/#breadcrumb\",\"itemListElement\":[{\"@type\":\"ListItem\",\"position\":1,\"name\":\"Portada\",\"item\":\"https:\/\/www.noticiasradioreflejos.com.ar\/2021\/\"},{\"@type\":\"ListItem\",\"position\":2,\"name\":\"Un caso que sucede cada un mill\u00f3n: nacieron trigemelas en Salta\"}]},{\"@type\":\"WebSite\",\"@id\":\"https:\/\/www.noticiasradioreflejos.com.ar\/2021\/#website\",\"url\":\"https:\/\/www.noticiasradioreflejos.com.ar\/2021\/\",\"name\":\"Noticias Radio Reflejos\",\"description\":\"Las noticias de mi comarca\",\"potentialAction\":[{\"@type\":\"SearchAction\",\"target\":{\"@type\":\"EntryPoint\",\"urlTemplate\":\"https:\/\/www.noticiasradioreflejos.com.ar\/2021\/?s={search_term_string}\"},\"query-input\":{\"@type\":\"PropertyValueSpecification\",\"valueRequired\":true,\"valueName\":\"search_term_string\"}}],\"inLanguage\":\"es\"},{\"@type\":\"Person\",\"@id\":\"https:\/\/www.noticiasradioreflejos.com.ar\/2021\/#\/schema\/person\/ad82545263dcc5ec0996818884fd5fb1\",\"name\":\"Arnaldo Botto\",\"image\":{\"@type\":\"ImageObject\",\"inLanguage\":\"es\",\"@id\":\"https:\/\/www.noticiasradioreflejos.com.ar\/2021\/#\/schema\/person\/image\/\",\"url\":\"https:\/\/secure.gravatar.com\/avatar\/55cb5e37c1efa326397366e6974cb338056df65cb50e7d64d1cf314e87504837?s=96&d=mm&r=g\",\"contentUrl\":\"https:\/\/secure.gravatar.com\/avatar\/55cb5e37c1efa326397366e6974cb338056df65cb50e7d64d1cf314e87504837?s=96&d=mm&r=g\",\"caption\":\"Arnaldo Botto\"},\"url\":\"https:\/\/www.noticiasradioreflejos.com.ar\/2021\/author\/arnaldo\/\"}]}<\/script>\n<!-- \/ Yoast SEO plugin. -->","yoast_head_json":{"title":"Un caso que sucede cada un mill\u00f3n: nacieron trigemelas en Salta - Noticias Radio Reflejos","robots":{"index":"index","follow":"follow","max-snippet":"max-snippet:-1","max-image-preview":"max-image-preview:large","max-video-preview":"max-video-preview:-1"},"canonical":"https:\/\/www.noticiasradioreflejos.com.ar\/2021\/un-caso-que-sucede-cada-un-millon-nacieron-trigemelas-en-salta\/","og_locale":"es_ES","og_type":"article","og_title":"Un caso que sucede cada un mill\u00f3n: nacieron trigemelas en Salta - Noticias Radio Reflejos","og_description":"Se trat\u00f3 de un parto prematuro debido a que la gestaci\u00f3n fue de 34 semanas.","og_url":"https:\/\/www.noticiasradioreflejos.com.ar\/2021\/un-caso-que-sucede-cada-un-millon-nacieron-trigemelas-en-salta\/","og_site_name":"Noticias Radio Reflejos","article_published_time":"2025-09-23T16:08:46+00:00","og_image":[{"width":1280,"height":720,"url":"https:\/\/www.noticiasradioreflejos.com.ar\/2021\/wp-content\/uploads\/2025\/09\/trigemelas.jpg","type":"image\/jpeg"}],"author":"Arnaldo Botto","twitter_card":"summary_large_image","schema":{"@context":"https:\/\/schema.org","@graph":[{"@type":"WebPage","@id":"https:\/\/www.noticiasradioreflejos.com.ar\/2021\/un-caso-que-sucede-cada-un-millon-nacieron-trigemelas-en-salta\/","url":"https:\/\/www.noticiasradioreflejos.com.ar\/2021\/un-caso-que-sucede-cada-un-millon-nacieron-trigemelas-en-salta\/","name":"Un caso que sucede cada un mill\u00f3n: nacieron trigemelas en Salta - Noticias Radio Reflejos","isPartOf":{"@id":"https:\/\/www.noticiasradioreflejos.com.ar\/2021\/#website"},"primaryImageOfPage":{"@id":"https:\/\/www.noticiasradioreflejos.com.ar\/2021\/un-caso-que-sucede-cada-un-millon-nacieron-trigemelas-en-salta\/#primaryimage"},"image":{"@id":"https:\/\/www.noticiasradioreflejos.com.ar\/2021\/un-caso-que-sucede-cada-un-millon-nacieron-trigemelas-en-salta\/#primaryimage"},"thumbnailUrl":"https:\/\/www.noticiasradioreflejos.com.ar\/2021\/wp-content\/uploads\/2025\/09\/trigemelas.jpg","datePublished":"2025-09-23T16:08:46+00:00","author":{"@id":"https:\/\/www.noticiasradioreflejos.com.ar\/2021\/#\/schema\/person\/ad82545263dcc5ec0996818884fd5fb1"},"breadcrumb":{"@id":"https:\/\/www.noticiasradioreflejos.com.ar\/2021\/un-caso-que-sucede-cada-un-millon-nacieron-trigemelas-en-salta\/#breadcrumb"},"inLanguage":"es","potentialAction":[{"@type":"ReadAction","target":["https:\/\/www.noticiasradioreflejos.com.ar\/2021\/un-caso-que-sucede-cada-un-millon-nacieron-trigemelas-en-salta\/"]}]},{"@type":"ImageObject","inLanguage":"es","@id":"https:\/\/www.noticiasradioreflejos.com.ar\/2021\/un-caso-que-sucede-cada-un-millon-nacieron-trigemelas-en-salta\/#primaryimage","url":"https:\/\/www.noticiasradioreflejos.com.ar\/2021\/wp-content\/uploads\/2025\/09\/trigemelas.jpg","contentUrl":"https:\/\/www.noticiasradioreflejos.com.ar\/2021\/wp-content\/uploads\/2025\/09\/trigemelas.jpg","width":1280,"height":720},{"@type":"BreadcrumbList","@id":"https:\/\/www.noticiasradioreflejos.com.ar\/2021\/un-caso-que-sucede-cada-un-millon-nacieron-trigemelas-en-salta\/#breadcrumb","itemListElement":[{"@type":"ListItem","position":1,"name":"Portada","item":"https:\/\/www.noticiasradioreflejos.com.ar\/2021\/"},{"@type":"ListItem","position":2,"name":"Un caso que sucede cada un mill\u00f3n: nacieron trigemelas en Salta"}]},{"@type":"WebSite","@id":"https:\/\/www.noticiasradioreflejos.com.ar\/2021\/#website","url":"https:\/\/www.noticiasradioreflejos.com.ar\/2021\/","name":"Noticias Radio Reflejos","description":"Las noticias de mi comarca","potentialAction":[{"@type":"SearchAction","target":{"@type":"EntryPoint","urlTemplate":"https:\/\/www.noticiasradioreflejos.com.ar\/2021\/?s={search_term_string}"},"query-input":{"@type":"PropertyValueSpecification","valueRequired":true,"valueName":"search_term_string"}}],"inLanguage":"es"},{"@type":"Person","@id":"https:\/\/www.noticiasradioreflejos.com.ar\/2021\/#\/schema\/person\/ad82545263dcc5ec0996818884fd5fb1","name":"Arnaldo Botto","image":{"@type":"ImageObject","inLanguage":"es","@id":"https:\/\/www.noticiasradioreflejos.com.ar\/2021\/#\/schema\/person\/image\/","url":"https:\/\/secure.gravatar.com\/avatar\/55cb5e37c1efa326397366e6974cb338056df65cb50e7d64d1cf314e87504837?s=96&d=mm&r=g","contentUrl":"https:\/\/secure.gravatar.com\/avatar\/55cb5e37c1efa326397366e6974cb338056df65cb50e7d64d1cf314e87504837?s=96&d=mm&r=g","caption":"Arnaldo Botto"},"url":"https:\/\/www.noticiasradioreflejos.com.ar\/2021\/author\/arnaldo\/"}]}},"_links":{"self":[{"href":"https:\/\/www.noticiasradioreflejos.com.ar\/2021\/wp-json\/wp\/v2\/posts\/125507","targetHints":{"allow":["GET"]}}],"collection":[{"href":"https:\/\/www.noticiasradioreflejos.com.ar\/2021\/wp-json\/wp\/v2\/posts"}],"about":[{"href":"https:\/\/www.noticiasradioreflejos.com.ar\/2021\/wp-json\/wp\/v2\/types\/post"}],"author":[{"embeddable":true,"href":"https:\/\/www.noticiasradioreflejos.com.ar\/2021\/wp-json\/wp\/v2\/users\/3"}],"replies":[{"embeddable":true,"href":"https:\/\/www.noticiasradioreflejos.com.ar\/2021\/wp-json\/wp\/v2\/comments?post=125507"}],"version-history":[{"count":1,"href":"https:\/\/www.noticiasradioreflejos.com.ar\/2021\/wp-json\/wp\/v2\/posts\/125507\/revisions"}],"predecessor-version":[{"id":125509,"href":"https:\/\/www.noticiasradioreflejos.com.ar\/2021\/wp-json\/wp\/v2\/posts\/125507\/revisions\/125509"}],"wp:featuredmedia":[{"embeddable":true,"href":"https:\/\/www.noticiasradioreflejos.com.ar\/2021\/wp-json\/wp\/v2\/media\/125508"}],"wp:attachment":[{"href":"https:\/\/www.noticiasradioreflejos.com.ar\/2021\/wp-json\/wp\/v2\/media?parent=125507"}],"wp:term":[{"taxonomy":"category","embeddable":true,"href":"https:\/\/www.noticiasradioreflejos.com.ar\/2021\/wp-json\/wp\/v2\/categories?post=125507"},{"taxonomy":"post_tag","embeddable":true,"href":"https:\/\/www.noticiasradioreflejos.com.ar\/2021\/wp-json\/wp\/v2\/tags?post=125507"}],"curies":[{"name":"wp","href":"https:\/\/api.w.org\/{rel}","templated":true}]}}