{"id":125484,"date":"2025-09-23T09:09:20","date_gmt":"2025-09-23T12:09:20","guid":{"rendered":"https:\/\/www.noticiasradioreflejos.com.ar\/2021\/?p=125484"},"modified":"2025-09-23T09:19:25","modified_gmt":"2025-09-23T12:19:25","slug":"hoy-es-el-dia-mundial-del-perro-adoptado-su-impacto-en-argentina","status":"publish","type":"post","link":"https:\/\/www.noticiasradioreflejos.com.ar\/2021\/hoy-es-el-dia-mundial-del-perro-adoptado-su-impacto-en-argentina\/","title":{"rendered":"Hoy es el D\u00eda Mundial del Perro Adoptado: su impacto en Argentina"},"content":{"rendered":"<header id=\"mvp-post-head\" class=\"left relative\">M\u00e1s de 20 millones viven en situaci\u00f3n de calle, de los cuales, tan solo uno de cada diez logra tener un hogar.<\/header>\n<p><!--more--><\/p>\n<div class=\"mvp-post-main-out left relative\">\n<div class=\"mvp-post-main-in\">\n<div id=\"mvp-post-content\" class=\"left relative\">\n<div id=\"mvp-content-wrap\" class=\"left relative\">\n<div class=\"mvp-post-soc-out right relative\">\n<div class=\"mvp-post-soc-in\">\n<div id=\"mvp-content-body\" class=\"left relative\">\n<div id=\"mvp-content-body-top\" class=\"left relative\">\n<div id=\"mvp-content-main\" class=\"left relative\">\n<p>Cada 23 de septiembre se conmemora el D\u00eda Mundial del Perro Adoptado, una fecha que invita a reflexionar sobre la importancia de la adopci\u00f3n responsable y el rol fundamental que cumplen las familias al dar una segunda oportunidad a los animales sin hogar.<\/p>\n<p>Seg\u00fan el Colegio de Veterinarios de la provincia de Buenos Aires, existen unos 20 millones de perros viviendo en situaci\u00f3n de calle, lo que representa casi la mitad de la poblaci\u00f3n canina del pa\u00eds. De ese universo, apenas 1 de cada 10 logra ser adoptado, mientras que el resto sobrevive en condiciones de abandono, desnutrici\u00f3n y alta exposici\u00f3n a enfermedades. Esta realidad no solo pone en riesgo la salud de los propios animales, sino tambi\u00e9n la de las personas, ya que pueden convertirse en vectores de zoonosis como la rabia, entre otras.<\/p>\n<p>Aun as\u00ed, existen se\u00f1ales alentadoras: el 64% de los tutores caninos en Argentina adopt\u00f3 a su mascota, y para el 75% de ellos \u201csu perro es como un hijo\u201d. Esta percepci\u00f3n se manifiesta con mayor intensidad en mujeres, personas menores de 50 a\u00f1os y sectores socioecon\u00f3micos m\u00e1s vulnerables.<\/p>\n<h2 class=\"wp-block-heading\">Adoptar es un acto de amor\u2026 y de responsabilidad<\/h2>\n<p>Para que la integraci\u00f3n al nuevo hogar sea segura y saludable, es clave saber sobre el estado de salud del animal y seguir una serie de cuidados b\u00e1sicos. Walter Comas, m\u00e9dico veterinario y Director de la Unidad de Negocios de Animales de Compa\u00f1\u00eda de<br \/>\nMSD Salud Animal en Argentina, comparte estas recomendaciones fundamentales para quienes deseen dar este paso:<\/p>\n<ul class=\"wp-block-list\">\n<li><strong>Primer chequeo veterinario:\u00a0<\/strong>el profesional se encargar\u00e1 de analizar cu\u00e1l es la situaci\u00f3n general del animal y aplicar\u00e1 los controles pertinentes.<\/li>\n<li><strong>Calendario de vacunaci\u00f3n al d\u00eda:<\/strong>\u00a0el profesional veterinario determinar\u00e1 cu\u00e1les son las vacunas pertinentes para cada etapa de vida del animal y en qu\u00e9 momento se deben aplicar.<\/li>\n<li><strong>Desparasitaci\u00f3n externa de larga duraci\u00f3n:<\/strong>\u00a0utilizar productos de acci\u00f3n prolongada es clave para evitar pulgas y garrapatas. Existen tratamientos que brindan protecci\u00f3n de hasta 12 semanas (3 meses) con una sola dosis y cuyo componente es Fluralaner. Es ideal porque simplifica el seguimiento del tratamiento, reduce el riesgo de reinfestaciones y mejora la calidad de vida del animal y su entorno.<\/li>\n<li><strong>No automedicar:<\/strong>\u00a0nunca le des medicamentos de uso humano o veterinario sin indicaci\u00f3n profesional. Un tratamiento inadecuado puede causar intoxicaciones o agravar un cuadro cl\u00ednico.<\/li>\n<li><strong>Ambiente preparado:<\/strong>\u00a0antes de que llegue la mascota, organiz\u00e1 el espacio del hogar con comedero, bebedero, cama, juguetes y zonas seguras. La rutina y el entorno predecible ayudan a reducir el estr\u00e9s del animal reci\u00e9n llegado.<\/li>\n<li><strong>Tiempo y paciencia:<\/strong>\u00a0los primeros d\u00edas son clave. Evit\u00e1 cambios bruscos, manten\u00e9 una rutina clara y brindale contenci\u00f3n emocional. Record\u00e1 que muchos animales adoptados vienen de situaciones dif\u00edciles y necesitan tiempo para adaptarse.<\/li>\n<\/ul>\n<h2 class=\"wp-block-heading\">Una visi\u00f3n compartida: salud y bienestar para todos<\/h2>\n<p>\u201cEn MSD Salud Animal reconocemos a las personas que adoptan animales sin hogar, pues es una forma concreta de contribuir a una sociedad m\u00e1s justa y solidaria, donde cada mascota pueda encontrar una familia que la reciba con amor\u201d, destaca Fabiano Hideto Ikejiri, Director General de MSD Salud Animal en Argentina.<\/p>\n<p><em>\u201cEl bienestar animal es fundamental para nuestro entorno, porque iniciativas como \u00e9sta reafirman nuestra visi\u00f3n estrat\u00e9gica basada en el enfoque One Health, que reconoce que la salud de los animales, las personas y el ambiente est\u00e1n profundamente interconectadas\u201d, explica.<\/em><\/p>\n<p>El D\u00eda Mundial del Perro Adoptado es una oportunidad para celebrar que cada adopci\u00f3n representa una oportunidad para transformar el destino de un animal y que todas las mascotas merecen los mejores cuidados para disfrutar de una vida sana y divertida.<\/p>\n<\/div>\n<\/div>\n<\/div>\n<\/div>\n<\/div>\n<\/div>\n<\/div>\n<\/div>\n<\/div>\n<p>&nbsp;<\/p>\n<p><strong>Fuente : La br\u00fajula<\/strong><\/p>\n","protected":false},"excerpt":{"rendered":"<p>M\u00e1s de 20 millones viven en situaci\u00f3n de calle, de los cuales, tan solo uno de cada diez logra tener un hogar.<\/p>\n","protected":false},"author":3,"featured_media":125485,"comment_status":"closed","ping_status":"closed","sticky":false,"template":"","format":"standard","meta":{"footnotes":""},"categories":[26],"tags":[],"class_list":["post-125484","post","type-post","status-publish","format-standard","has-post-thumbnail","hentry","category-sociedad"],"yoast_head":"<!-- This site is optimized with the Yoast SEO plugin v25.9 - https:\/\/yoast.com\/wordpress\/plugins\/seo\/ -->\n<title>Hoy es el D\u00eda Mundial del Perro Adoptado: su impacto en Argentina - Noticias Radio Reflejos<\/title>\n<meta name=\"robots\" content=\"index, follow, max-snippet:-1, max-image-preview:large, max-video-preview:-1\" \/>\n<link rel=\"canonical\" href=\"https:\/\/www.noticiasradioreflejos.com.ar\/2021\/hoy-es-el-dia-mundial-del-perro-adoptado-su-impacto-en-argentina\/\" \/>\n<meta property=\"og:locale\" content=\"es_ES\" \/>\n<meta property=\"og:type\" content=\"article\" \/>\n<meta property=\"og:title\" content=\"Hoy es el D\u00eda Mundial del Perro Adoptado: su impacto en Argentina - Noticias Radio Reflejos\" \/>\n<meta property=\"og:description\" content=\"M\u00e1s de 20 millones viven en situaci\u00f3n de calle, de los cuales, tan solo uno de cada diez logra tener un hogar.\" \/>\n<meta property=\"og:url\" content=\"https:\/\/www.noticiasradioreflejos.com.ar\/2021\/hoy-es-el-dia-mundial-del-perro-adoptado-su-impacto-en-argentina\/\" \/>\n<meta property=\"og:site_name\" content=\"Noticias Radio Reflejos\" \/>\n<meta property=\"article:published_time\" content=\"2025-09-23T12:09:20+00:00\" \/>\n<meta property=\"article:modified_time\" content=\"2025-09-23T12:19:25+00:00\" \/>\n<meta property=\"og:image\" content=\"https:\/\/www.noticiasradioreflejos.com.ar\/2021\/wp-content\/uploads\/2025\/09\/perro-adoptado.jpg\" \/>\n\t<meta property=\"og:image:width\" content=\"1089\" \/>\n\t<meta property=\"og:image:height\" content=\"730\" \/>\n\t<meta property=\"og:image:type\" content=\"image\/jpeg\" \/>\n<meta name=\"author\" content=\"Arnaldo Botto\" \/>\n<meta name=\"twitter:card\" content=\"summary_large_image\" \/>\n<script type=\"application\/ld+json\" class=\"yoast-schema-graph\">{\"@context\":\"https:\/\/schema.org\",\"@graph\":[{\"@type\":\"WebPage\",\"@id\":\"https:\/\/www.noticiasradioreflejos.com.ar\/2021\/hoy-es-el-dia-mundial-del-perro-adoptado-su-impacto-en-argentina\/\",\"url\":\"https:\/\/www.noticiasradioreflejos.com.ar\/2021\/hoy-es-el-dia-mundial-del-perro-adoptado-su-impacto-en-argentina\/\",\"name\":\"Hoy es el D\u00eda Mundial del Perro Adoptado: su impacto en Argentina - Noticias Radio Reflejos\",\"isPartOf\":{\"@id\":\"https:\/\/www.noticiasradioreflejos.com.ar\/2021\/#website\"},\"primaryImageOfPage\":{\"@id\":\"https:\/\/www.noticiasradioreflejos.com.ar\/2021\/hoy-es-el-dia-mundial-del-perro-adoptado-su-impacto-en-argentina\/#primaryimage\"},\"image\":{\"@id\":\"https:\/\/www.noticiasradioreflejos.com.ar\/2021\/hoy-es-el-dia-mundial-del-perro-adoptado-su-impacto-en-argentina\/#primaryimage\"},\"thumbnailUrl\":\"https:\/\/www.noticiasradioreflejos.com.ar\/2021\/wp-content\/uploads\/2025\/09\/perro-adoptado.jpg\",\"datePublished\":\"2025-09-23T12:09:20+00:00\",\"dateModified\":\"2025-09-23T12:19:25+00:00\",\"author\":{\"@id\":\"https:\/\/www.noticiasradioreflejos.com.ar\/2021\/#\/schema\/person\/ad82545263dcc5ec0996818884fd5fb1\"},\"breadcrumb\":{\"@id\":\"https:\/\/www.noticiasradioreflejos.com.ar\/2021\/hoy-es-el-dia-mundial-del-perro-adoptado-su-impacto-en-argentina\/#breadcrumb\"},\"inLanguage\":\"es\",\"potentialAction\":[{\"@type\":\"ReadAction\",\"target\":[\"https:\/\/www.noticiasradioreflejos.com.ar\/2021\/hoy-es-el-dia-mundial-del-perro-adoptado-su-impacto-en-argentina\/\"]}]},{\"@type\":\"ImageObject\",\"inLanguage\":\"es\",\"@id\":\"https:\/\/www.noticiasradioreflejos.com.ar\/2021\/hoy-es-el-dia-mundial-del-perro-adoptado-su-impacto-en-argentina\/#primaryimage\",\"url\":\"https:\/\/www.noticiasradioreflejos.com.ar\/2021\/wp-content\/uploads\/2025\/09\/perro-adoptado.jpg\",\"contentUrl\":\"https:\/\/www.noticiasradioreflejos.com.ar\/2021\/wp-content\/uploads\/2025\/09\/perro-adoptado.jpg\",\"width\":1089,\"height\":730},{\"@type\":\"BreadcrumbList\",\"@id\":\"https:\/\/www.noticiasradioreflejos.com.ar\/2021\/hoy-es-el-dia-mundial-del-perro-adoptado-su-impacto-en-argentina\/#breadcrumb\",\"itemListElement\":[{\"@type\":\"ListItem\",\"position\":1,\"name\":\"Portada\",\"item\":\"https:\/\/www.noticiasradioreflejos.com.ar\/2021\/\"},{\"@type\":\"ListItem\",\"position\":2,\"name\":\"Hoy es el D\u00eda Mundial del Perro Adoptado: su impacto en Argentina\"}]},{\"@type\":\"WebSite\",\"@id\":\"https:\/\/www.noticiasradioreflejos.com.ar\/2021\/#website\",\"url\":\"https:\/\/www.noticiasradioreflejos.com.ar\/2021\/\",\"name\":\"Noticias Radio Reflejos\",\"description\":\"Las noticias de mi comarca\",\"potentialAction\":[{\"@type\":\"SearchAction\",\"target\":{\"@type\":\"EntryPoint\",\"urlTemplate\":\"https:\/\/www.noticiasradioreflejos.com.ar\/2021\/?s={search_term_string}\"},\"query-input\":{\"@type\":\"PropertyValueSpecification\",\"valueRequired\":true,\"valueName\":\"search_term_string\"}}],\"inLanguage\":\"es\"},{\"@type\":\"Person\",\"@id\":\"https:\/\/www.noticiasradioreflejos.com.ar\/2021\/#\/schema\/person\/ad82545263dcc5ec0996818884fd5fb1\",\"name\":\"Arnaldo Botto\",\"image\":{\"@type\":\"ImageObject\",\"inLanguage\":\"es\",\"@id\":\"https:\/\/www.noticiasradioreflejos.com.ar\/2021\/#\/schema\/person\/image\/\",\"url\":\"https:\/\/secure.gravatar.com\/avatar\/55cb5e37c1efa326397366e6974cb338056df65cb50e7d64d1cf314e87504837?s=96&d=mm&r=g\",\"contentUrl\":\"https:\/\/secure.gravatar.com\/avatar\/55cb5e37c1efa326397366e6974cb338056df65cb50e7d64d1cf314e87504837?s=96&d=mm&r=g\",\"caption\":\"Arnaldo Botto\"},\"url\":\"https:\/\/www.noticiasradioreflejos.com.ar\/2021\/author\/arnaldo\/\"}]}<\/script>\n<!-- \/ Yoast SEO plugin. -->","yoast_head_json":{"title":"Hoy es el D\u00eda Mundial del Perro Adoptado: su impacto en Argentina - Noticias Radio Reflejos","robots":{"index":"index","follow":"follow","max-snippet":"max-snippet:-1","max-image-preview":"max-image-preview:large","max-video-preview":"max-video-preview:-1"},"canonical":"https:\/\/www.noticiasradioreflejos.com.ar\/2021\/hoy-es-el-dia-mundial-del-perro-adoptado-su-impacto-en-argentina\/","og_locale":"es_ES","og_type":"article","og_title":"Hoy es el D\u00eda Mundial del Perro Adoptado: su impacto en Argentina - Noticias Radio Reflejos","og_description":"M\u00e1s de 20 millones viven en situaci\u00f3n de calle, de los cuales, tan solo uno de cada diez logra tener un hogar.","og_url":"https:\/\/www.noticiasradioreflejos.com.ar\/2021\/hoy-es-el-dia-mundial-del-perro-adoptado-su-impacto-en-argentina\/","og_site_name":"Noticias Radio Reflejos","article_published_time":"2025-09-23T12:09:20+00:00","article_modified_time":"2025-09-23T12:19:25+00:00","og_image":[{"width":1089,"height":730,"url":"https:\/\/www.noticiasradioreflejos.com.ar\/2021\/wp-content\/uploads\/2025\/09\/perro-adoptado.jpg","type":"image\/jpeg"}],"author":"Arnaldo Botto","twitter_card":"summary_large_image","schema":{"@context":"https:\/\/schema.org","@graph":[{"@type":"WebPage","@id":"https:\/\/www.noticiasradioreflejos.com.ar\/2021\/hoy-es-el-dia-mundial-del-perro-adoptado-su-impacto-en-argentina\/","url":"https:\/\/www.noticiasradioreflejos.com.ar\/2021\/hoy-es-el-dia-mundial-del-perro-adoptado-su-impacto-en-argentina\/","name":"Hoy es el D\u00eda Mundial del Perro Adoptado: su impacto en Argentina - Noticias Radio Reflejos","isPartOf":{"@id":"https:\/\/www.noticiasradioreflejos.com.ar\/2021\/#website"},"primaryImageOfPage":{"@id":"https:\/\/www.noticiasradioreflejos.com.ar\/2021\/hoy-es-el-dia-mundial-del-perro-adoptado-su-impacto-en-argentina\/#primaryimage"},"image":{"@id":"https:\/\/www.noticiasradioreflejos.com.ar\/2021\/hoy-es-el-dia-mundial-del-perro-adoptado-su-impacto-en-argentina\/#primaryimage"},"thumbnailUrl":"https:\/\/www.noticiasradioreflejos.com.ar\/2021\/wp-content\/uploads\/2025\/09\/perro-adoptado.jpg","datePublished":"2025-09-23T12:09:20+00:00","dateModified":"2025-09-23T12:19:25+00:00","author":{"@id":"https:\/\/www.noticiasradioreflejos.com.ar\/2021\/#\/schema\/person\/ad82545263dcc5ec0996818884fd5fb1"},"breadcrumb":{"@id":"https:\/\/www.noticiasradioreflejos.com.ar\/2021\/hoy-es-el-dia-mundial-del-perro-adoptado-su-impacto-en-argentina\/#breadcrumb"},"inLanguage":"es","potentialAction":[{"@type":"ReadAction","target":["https:\/\/www.noticiasradioreflejos.com.ar\/2021\/hoy-es-el-dia-mundial-del-perro-adoptado-su-impacto-en-argentina\/"]}]},{"@type":"ImageObject","inLanguage":"es","@id":"https:\/\/www.noticiasradioreflejos.com.ar\/2021\/hoy-es-el-dia-mundial-del-perro-adoptado-su-impacto-en-argentina\/#primaryimage","url":"https:\/\/www.noticiasradioreflejos.com.ar\/2021\/wp-content\/uploads\/2025\/09\/perro-adoptado.jpg","contentUrl":"https:\/\/www.noticiasradioreflejos.com.ar\/2021\/wp-content\/uploads\/2025\/09\/perro-adoptado.jpg","width":1089,"height":730},{"@type":"BreadcrumbList","@id":"https:\/\/www.noticiasradioreflejos.com.ar\/2021\/hoy-es-el-dia-mundial-del-perro-adoptado-su-impacto-en-argentina\/#breadcrumb","itemListElement":[{"@type":"ListItem","position":1,"name":"Portada","item":"https:\/\/www.noticiasradioreflejos.com.ar\/2021\/"},{"@type":"ListItem","position":2,"name":"Hoy es el D\u00eda Mundial del Perro Adoptado: su impacto en Argentina"}]},{"@type":"WebSite","@id":"https:\/\/www.noticiasradioreflejos.com.ar\/2021\/#website","url":"https:\/\/www.noticiasradioreflejos.com.ar\/2021\/","name":"Noticias Radio Reflejos","description":"Las noticias de mi comarca","potentialAction":[{"@type":"SearchAction","target":{"@type":"EntryPoint","urlTemplate":"https:\/\/www.noticiasradioreflejos.com.ar\/2021\/?s={search_term_string}"},"query-input":{"@type":"PropertyValueSpecification","valueRequired":true,"valueName":"search_term_string"}}],"inLanguage":"es"},{"@type":"Person","@id":"https:\/\/www.noticiasradioreflejos.com.ar\/2021\/#\/schema\/person\/ad82545263dcc5ec0996818884fd5fb1","name":"Arnaldo Botto","image":{"@type":"ImageObject","inLanguage":"es","@id":"https:\/\/www.noticiasradioreflejos.com.ar\/2021\/#\/schema\/person\/image\/","url":"https:\/\/secure.gravatar.com\/avatar\/55cb5e37c1efa326397366e6974cb338056df65cb50e7d64d1cf314e87504837?s=96&d=mm&r=g","contentUrl":"https:\/\/secure.gravatar.com\/avatar\/55cb5e37c1efa326397366e6974cb338056df65cb50e7d64d1cf314e87504837?s=96&d=mm&r=g","caption":"Arnaldo Botto"},"url":"https:\/\/www.noticiasradioreflejos.com.ar\/2021\/author\/arnaldo\/"}]}},"_links":{"self":[{"href":"https:\/\/www.noticiasradioreflejos.com.ar\/2021\/wp-json\/wp\/v2\/posts\/125484","targetHints":{"allow":["GET"]}}],"collection":[{"href":"https:\/\/www.noticiasradioreflejos.com.ar\/2021\/wp-json\/wp\/v2\/posts"}],"about":[{"href":"https:\/\/www.noticiasradioreflejos.com.ar\/2021\/wp-json\/wp\/v2\/types\/post"}],"author":[{"embeddable":true,"href":"https:\/\/www.noticiasradioreflejos.com.ar\/2021\/wp-json\/wp\/v2\/users\/3"}],"replies":[{"embeddable":true,"href":"https:\/\/www.noticiasradioreflejos.com.ar\/2021\/wp-json\/wp\/v2\/comments?post=125484"}],"version-history":[{"count":2,"href":"https:\/\/www.noticiasradioreflejos.com.ar\/2021\/wp-json\/wp\/v2\/posts\/125484\/revisions"}],"predecessor-version":[{"id":125487,"href":"https:\/\/www.noticiasradioreflejos.com.ar\/2021\/wp-json\/wp\/v2\/posts\/125484\/revisions\/125487"}],"wp:featuredmedia":[{"embeddable":true,"href":"https:\/\/www.noticiasradioreflejos.com.ar\/2021\/wp-json\/wp\/v2\/media\/125485"}],"wp:attachment":[{"href":"https:\/\/www.noticiasradioreflejos.com.ar\/2021\/wp-json\/wp\/v2\/media?parent=125484"}],"wp:term":[{"taxonomy":"category","embeddable":true,"href":"https:\/\/www.noticiasradioreflejos.com.ar\/2021\/wp-json\/wp\/v2\/categories?post=125484"},{"taxonomy":"post_tag","embeddable":true,"href":"https:\/\/www.noticiasradioreflejos.com.ar\/2021\/wp-json\/wp\/v2\/tags?post=125484"}],"curies":[{"name":"wp","href":"https:\/\/api.w.org\/{rel}","templated":true}]}}