{"id":125480,"date":"2025-09-23T08:02:18","date_gmt":"2025-09-23T11:02:18","guid":{"rendered":"https:\/\/www.noticiasradioreflejos.com.ar\/2021\/?p=125480"},"modified":"2025-09-23T08:02:18","modified_gmt":"2025-09-23T11:02:18","slug":"un-historico-23-de-septiembre-se-cumplen-78-anos-del-dia-nacional-de-los-derechos-politicos-de-la-mujer","status":"publish","type":"post","link":"https:\/\/www.noticiasradioreflejos.com.ar\/2021\/un-historico-23-de-septiembre-se-cumplen-78-anos-del-dia-nacional-de-los-derechos-politicos-de-la-mujer\/","title":{"rendered":"Un Hist\u00f3rico 23 de Septiembre: Se Cumplen 78 A\u00f1os del D\u00eda Nacional de los Derechos Pol\u00edticos de la Mujer"},"content":{"rendered":"<p>En 1947, Eva Per\u00f3n anunciaba la promulgaci\u00f3n de la ley 13.010, -tambi\u00e9n conocida como\u00a0<strong>Ley Evita<\/strong>&#8211; que consagr\u00f3 la igualdad de derechos pol\u00edticos entre mujeres y varones, otorgando a las mujeres la posibilidad de votar y de ser votadas y marcando un antes y un despu\u00e9s en la lucha por la igualdad de g\u00e9nero.<!--more--><\/p>\n<p>La lucha por los derechos pol\u00edticos de las mujeres en Argentina se remonta a finales del siglo XIX. Sin embargo, fue en la d\u00e9cada de 1940 cuando cobr\u00f3 fuerza, gracias en parte a la labor de Mar\u00eda Eva Duarte de Per\u00f3n .<\/p>\n<p>El 23 de septiembre de 1947, Eva Duarte de Per\u00f3n manifestaba ante miles de personas reunidas en la Plaza de Mayo:\u00a0<em>\u00abMujeres de mi patria, recibo en este instante de manos del Gobierno de la naci\u00f3n, la ley que consagra nuestros derechos c\u00edvicos. Y la recibo entre vosotras con la certeza de que lo hago en nombre y representaci\u00f3n de todas las mujeres argentinas, sintiendo jubilosamente que me tiemblan las manos al contacto del laurel que proclama la victoria\u201d.<\/em><\/p>\n<p>Las mujeres pudieron votar por primera vez en nuestro pa\u00eds en las elecciones presidenciales de 1951.<\/p>\n<p><strong>La Ley 13.010<\/strong><br \/>\nEl 23 de septiembre de 1947, se promulg\u00f3 la Ley 13.010, tambi\u00e9n conocida como \u00abLey Evita\u00bb, que otorg\u00f3 a las mujeres el derecho a votar y ser votadas en igualdad de condiciones que los hombres \u00b9. Esta ley fue el resultado de un largo proceso de luchas colectivas feministas y intentos legislativos fallidos.<\/p>\n<p><strong>Eva Per\u00f3n y su papel<\/strong><br \/>\nEva Per\u00f3n jug\u00f3 un papel fundamental en la lucha por los derechos pol\u00edticos de las mujeres. En su discurso del 23 de septiembre de 1947, expres\u00f3 su apoyo a los derechos pol\u00edticos de la mujer y destac\u00f3 la importancia de la participaci\u00f3n femenina en la pol\u00edtica .<\/p>\n<p><strong>Consecuencias<\/strong><br \/>\nLa promulgaci\u00f3n de la Ley 13.010 tuvo un impacto significativo en la sociedad argentina. Las mujeres pudieron votar por primera vez en las elecciones presidenciales de 1951, y la ley sent\u00f3 las bases para futuras conquistas en materia de igualdad de g\u00e9nero \u00b9.<\/p>\n<p><strong>Legado<\/strong><br \/>\nEl legado de la Ley 13.010 y la lucha por los derechos pol\u00edticos de las mujeres en Argentina sigue siendo relevante hoy en d\u00eda. La fecha del 23 de septiembre se celebra como el D\u00eda Nacional de los Derechos Pol\u00edticos de la Mujer, recordando la importancia de la igualdad de g\u00e9nero y la participaci\u00f3n pol\u00edtica de las mujeres .<\/p>\n","protected":false},"excerpt":{"rendered":"<p>En 1947, Eva Per\u00f3n anunciaba la promulgaci\u00f3n de la ley 13.010, -tambi\u00e9n conocida como\u00a0Ley Evita&#8211; que consagr\u00f3 la igualdad de derechos pol\u00edticos entre mujeres y varones, otorgando a las mujeres la posibilidad de votar y de ser votadas y marcando un antes y un despu\u00e9s en la lucha por la igualdad de g\u00e9nero.<\/p>\n","protected":false},"author":3,"featured_media":0,"comment_status":"closed","ping_status":"closed","sticky":false,"template":"","format":"standard","meta":{"footnotes":""},"categories":[24,26],"tags":[48],"class_list":["post-125480","post","type-post","status-publish","format-standard","hentry","category-politica","category-sociedad","tag-destacada"],"yoast_head":"<!-- This site is optimized with the Yoast SEO plugin v25.9 - https:\/\/yoast.com\/wordpress\/plugins\/seo\/ -->\n<title>Un Hist\u00f3rico 23 de Septiembre: Se Cumplen 78 A\u00f1os del D\u00eda Nacional de los Derechos Pol\u00edticos de la Mujer - Noticias Radio Reflejos<\/title>\n<meta name=\"robots\" content=\"index, follow, max-snippet:-1, max-image-preview:large, max-video-preview:-1\" \/>\n<link rel=\"canonical\" href=\"https:\/\/www.noticiasradioreflejos.com.ar\/2021\/un-historico-23-de-septiembre-se-cumplen-78-anos-del-dia-nacional-de-los-derechos-politicos-de-la-mujer\/\" \/>\n<meta property=\"og:locale\" content=\"es_ES\" \/>\n<meta property=\"og:type\" content=\"article\" \/>\n<meta property=\"og:title\" content=\"Un Hist\u00f3rico 23 de Septiembre: Se Cumplen 78 A\u00f1os del D\u00eda Nacional de los Derechos Pol\u00edticos de la Mujer - Noticias Radio Reflejos\" \/>\n<meta property=\"og:description\" content=\"En 1947, Eva Per\u00f3n anunciaba la promulgaci\u00f3n de la ley 13.010, -tambi\u00e9n conocida como\u00a0Ley Evita&#8211; que consagr\u00f3 la igualdad de derechos pol\u00edticos entre mujeres y varones, otorgando a las mujeres la posibilidad de votar y de ser votadas y marcando un antes y un despu\u00e9s en la lucha por la igualdad de g\u00e9nero.\" \/>\n<meta property=\"og:url\" content=\"https:\/\/www.noticiasradioreflejos.com.ar\/2021\/un-historico-23-de-septiembre-se-cumplen-78-anos-del-dia-nacional-de-los-derechos-politicos-de-la-mujer\/\" \/>\n<meta property=\"og:site_name\" content=\"Noticias Radio Reflejos\" \/>\n<meta property=\"article:published_time\" content=\"2025-09-23T11:02:18+00:00\" \/>\n<meta property=\"og:image\" content=\"https:\/\/www.noticiasradioreflejos.com.ar\/2021\/wp-content\/uploads\/2025\/09\/23-de-Set-.-Derecho-al-voto-de-la-mujer.jpg\" \/>\n\t<meta property=\"og:image:width\" content=\"1008\" \/>\n\t<meta property=\"og:image:height\" content=\"563\" \/>\n\t<meta property=\"og:image:type\" content=\"image\/jpeg\" \/>\n<meta name=\"author\" content=\"Arnaldo Botto\" \/>\n<meta name=\"twitter:card\" content=\"summary_large_image\" \/>\n<script type=\"application\/ld+json\" class=\"yoast-schema-graph\">{\"@context\":\"https:\/\/schema.org\",\"@graph\":[{\"@type\":\"WebPage\",\"@id\":\"https:\/\/www.noticiasradioreflejos.com.ar\/2021\/un-historico-23-de-septiembre-se-cumplen-78-anos-del-dia-nacional-de-los-derechos-politicos-de-la-mujer\/\",\"url\":\"https:\/\/www.noticiasradioreflejos.com.ar\/2021\/un-historico-23-de-septiembre-se-cumplen-78-anos-del-dia-nacional-de-los-derechos-politicos-de-la-mujer\/\",\"name\":\"Un Hist\u00f3rico 23 de Septiembre: Se Cumplen 78 A\u00f1os del D\u00eda Nacional de los Derechos Pol\u00edticos de la Mujer - Noticias Radio Reflejos\",\"isPartOf\":{\"@id\":\"https:\/\/www.noticiasradioreflejos.com.ar\/2021\/#website\"},\"datePublished\":\"2025-09-23T11:02:18+00:00\",\"author\":{\"@id\":\"https:\/\/www.noticiasradioreflejos.com.ar\/2021\/#\/schema\/person\/ad82545263dcc5ec0996818884fd5fb1\"},\"breadcrumb\":{\"@id\":\"https:\/\/www.noticiasradioreflejos.com.ar\/2021\/un-historico-23-de-septiembre-se-cumplen-78-anos-del-dia-nacional-de-los-derechos-politicos-de-la-mujer\/#breadcrumb\"},\"inLanguage\":\"es\",\"potentialAction\":[{\"@type\":\"ReadAction\",\"target\":[\"https:\/\/www.noticiasradioreflejos.com.ar\/2021\/un-historico-23-de-septiembre-se-cumplen-78-anos-del-dia-nacional-de-los-derechos-politicos-de-la-mujer\/\"]}]},{\"@type\":\"BreadcrumbList\",\"@id\":\"https:\/\/www.noticiasradioreflejos.com.ar\/2021\/un-historico-23-de-septiembre-se-cumplen-78-anos-del-dia-nacional-de-los-derechos-politicos-de-la-mujer\/#breadcrumb\",\"itemListElement\":[{\"@type\":\"ListItem\",\"position\":1,\"name\":\"Portada\",\"item\":\"https:\/\/www.noticiasradioreflejos.com.ar\/2021\/\"},{\"@type\":\"ListItem\",\"position\":2,\"name\":\"Un Hist\u00f3rico 23 de Septiembre: Se Cumplen 78 A\u00f1os del D\u00eda Nacional de los Derechos Pol\u00edticos de la Mujer\"}]},{\"@type\":\"WebSite\",\"@id\":\"https:\/\/www.noticiasradioreflejos.com.ar\/2021\/#website\",\"url\":\"https:\/\/www.noticiasradioreflejos.com.ar\/2021\/\",\"name\":\"Noticias Radio Reflejos\",\"description\":\"Las noticias de mi comarca\",\"potentialAction\":[{\"@type\":\"SearchAction\",\"target\":{\"@type\":\"EntryPoint\",\"urlTemplate\":\"https:\/\/www.noticiasradioreflejos.com.ar\/2021\/?s={search_term_string}\"},\"query-input\":{\"@type\":\"PropertyValueSpecification\",\"valueRequired\":true,\"valueName\":\"search_term_string\"}}],\"inLanguage\":\"es\"},{\"@type\":\"Person\",\"@id\":\"https:\/\/www.noticiasradioreflejos.com.ar\/2021\/#\/schema\/person\/ad82545263dcc5ec0996818884fd5fb1\",\"name\":\"Arnaldo Botto\",\"image\":{\"@type\":\"ImageObject\",\"inLanguage\":\"es\",\"@id\":\"https:\/\/www.noticiasradioreflejos.com.ar\/2021\/#\/schema\/person\/image\/\",\"url\":\"https:\/\/secure.gravatar.com\/avatar\/55cb5e37c1efa326397366e6974cb338056df65cb50e7d64d1cf314e87504837?s=96&d=mm&r=g\",\"contentUrl\":\"https:\/\/secure.gravatar.com\/avatar\/55cb5e37c1efa326397366e6974cb338056df65cb50e7d64d1cf314e87504837?s=96&d=mm&r=g\",\"caption\":\"Arnaldo Botto\"},\"url\":\"https:\/\/www.noticiasradioreflejos.com.ar\/2021\/author\/arnaldo\/\"}]}<\/script>\n<!-- \/ Yoast SEO plugin. -->","yoast_head_json":{"title":"Un Hist\u00f3rico 23 de Septiembre: Se Cumplen 78 A\u00f1os del D\u00eda Nacional de los Derechos Pol\u00edticos de la Mujer - Noticias Radio Reflejos","robots":{"index":"index","follow":"follow","max-snippet":"max-snippet:-1","max-image-preview":"max-image-preview:large","max-video-preview":"max-video-preview:-1"},"canonical":"https:\/\/www.noticiasradioreflejos.com.ar\/2021\/un-historico-23-de-septiembre-se-cumplen-78-anos-del-dia-nacional-de-los-derechos-politicos-de-la-mujer\/","og_locale":"es_ES","og_type":"article","og_title":"Un Hist\u00f3rico 23 de Septiembre: Se Cumplen 78 A\u00f1os del D\u00eda Nacional de los Derechos Pol\u00edticos de la Mujer - Noticias Radio Reflejos","og_description":"En 1947, Eva Per\u00f3n anunciaba la promulgaci\u00f3n de la ley 13.010, -tambi\u00e9n conocida como\u00a0Ley Evita&#8211; que consagr\u00f3 la igualdad de derechos pol\u00edticos entre mujeres y varones, otorgando a las mujeres la posibilidad de votar y de ser votadas y marcando un antes y un despu\u00e9s en la lucha por la igualdad de g\u00e9nero.","og_url":"https:\/\/www.noticiasradioreflejos.com.ar\/2021\/un-historico-23-de-septiembre-se-cumplen-78-anos-del-dia-nacional-de-los-derechos-politicos-de-la-mujer\/","og_site_name":"Noticias Radio Reflejos","article_published_time":"2025-09-23T11:02:18+00:00","og_image":[{"width":1008,"height":563,"url":"https:\/\/www.noticiasradioreflejos.com.ar\/2021\/wp-content\/uploads\/2025\/09\/23-de-Set-.-Derecho-al-voto-de-la-mujer.jpg","type":"image\/jpeg"}],"author":"Arnaldo Botto","twitter_card":"summary_large_image","schema":{"@context":"https:\/\/schema.org","@graph":[{"@type":"WebPage","@id":"https:\/\/www.noticiasradioreflejos.com.ar\/2021\/un-historico-23-de-septiembre-se-cumplen-78-anos-del-dia-nacional-de-los-derechos-politicos-de-la-mujer\/","url":"https:\/\/www.noticiasradioreflejos.com.ar\/2021\/un-historico-23-de-septiembre-se-cumplen-78-anos-del-dia-nacional-de-los-derechos-politicos-de-la-mujer\/","name":"Un Hist\u00f3rico 23 de Septiembre: Se Cumplen 78 A\u00f1os del D\u00eda Nacional de los Derechos Pol\u00edticos de la Mujer - Noticias Radio Reflejos","isPartOf":{"@id":"https:\/\/www.noticiasradioreflejos.com.ar\/2021\/#website"},"datePublished":"2025-09-23T11:02:18+00:00","author":{"@id":"https:\/\/www.noticiasradioreflejos.com.ar\/2021\/#\/schema\/person\/ad82545263dcc5ec0996818884fd5fb1"},"breadcrumb":{"@id":"https:\/\/www.noticiasradioreflejos.com.ar\/2021\/un-historico-23-de-septiembre-se-cumplen-78-anos-del-dia-nacional-de-los-derechos-politicos-de-la-mujer\/#breadcrumb"},"inLanguage":"es","potentialAction":[{"@type":"ReadAction","target":["https:\/\/www.noticiasradioreflejos.com.ar\/2021\/un-historico-23-de-septiembre-se-cumplen-78-anos-del-dia-nacional-de-los-derechos-politicos-de-la-mujer\/"]}]},{"@type":"BreadcrumbList","@id":"https:\/\/www.noticiasradioreflejos.com.ar\/2021\/un-historico-23-de-septiembre-se-cumplen-78-anos-del-dia-nacional-de-los-derechos-politicos-de-la-mujer\/#breadcrumb","itemListElement":[{"@type":"ListItem","position":1,"name":"Portada","item":"https:\/\/www.noticiasradioreflejos.com.ar\/2021\/"},{"@type":"ListItem","position":2,"name":"Un Hist\u00f3rico 23 de Septiembre: Se Cumplen 78 A\u00f1os del D\u00eda Nacional de los Derechos Pol\u00edticos de la Mujer"}]},{"@type":"WebSite","@id":"https:\/\/www.noticiasradioreflejos.com.ar\/2021\/#website","url":"https:\/\/www.noticiasradioreflejos.com.ar\/2021\/","name":"Noticias Radio Reflejos","description":"Las noticias de mi comarca","potentialAction":[{"@type":"SearchAction","target":{"@type":"EntryPoint","urlTemplate":"https:\/\/www.noticiasradioreflejos.com.ar\/2021\/?s={search_term_string}"},"query-input":{"@type":"PropertyValueSpecification","valueRequired":true,"valueName":"search_term_string"}}],"inLanguage":"es"},{"@type":"Person","@id":"https:\/\/www.noticiasradioreflejos.com.ar\/2021\/#\/schema\/person\/ad82545263dcc5ec0996818884fd5fb1","name":"Arnaldo Botto","image":{"@type":"ImageObject","inLanguage":"es","@id":"https:\/\/www.noticiasradioreflejos.com.ar\/2021\/#\/schema\/person\/image\/","url":"https:\/\/secure.gravatar.com\/avatar\/55cb5e37c1efa326397366e6974cb338056df65cb50e7d64d1cf314e87504837?s=96&d=mm&r=g","contentUrl":"https:\/\/secure.gravatar.com\/avatar\/55cb5e37c1efa326397366e6974cb338056df65cb50e7d64d1cf314e87504837?s=96&d=mm&r=g","caption":"Arnaldo Botto"},"url":"https:\/\/www.noticiasradioreflejos.com.ar\/2021\/author\/arnaldo\/"}]}},"_links":{"self":[{"href":"https:\/\/www.noticiasradioreflejos.com.ar\/2021\/wp-json\/wp\/v2\/posts\/125480","targetHints":{"allow":["GET"]}}],"collection":[{"href":"https:\/\/www.noticiasradioreflejos.com.ar\/2021\/wp-json\/wp\/v2\/posts"}],"about":[{"href":"https:\/\/www.noticiasradioreflejos.com.ar\/2021\/wp-json\/wp\/v2\/types\/post"}],"author":[{"embeddable":true,"href":"https:\/\/www.noticiasradioreflejos.com.ar\/2021\/wp-json\/wp\/v2\/users\/3"}],"replies":[{"embeddable":true,"href":"https:\/\/www.noticiasradioreflejos.com.ar\/2021\/wp-json\/wp\/v2\/comments?post=125480"}],"version-history":[{"count":1,"href":"https:\/\/www.noticiasradioreflejos.com.ar\/2021\/wp-json\/wp\/v2\/posts\/125480\/revisions"}],"predecessor-version":[{"id":125482,"href":"https:\/\/www.noticiasradioreflejos.com.ar\/2021\/wp-json\/wp\/v2\/posts\/125480\/revisions\/125482"}],"wp:attachment":[{"href":"https:\/\/www.noticiasradioreflejos.com.ar\/2021\/wp-json\/wp\/v2\/media?parent=125480"}],"wp:term":[{"taxonomy":"category","embeddable":true,"href":"https:\/\/www.noticiasradioreflejos.com.ar\/2021\/wp-json\/wp\/v2\/categories?post=125480"},{"taxonomy":"post_tag","embeddable":true,"href":"https:\/\/www.noticiasradioreflejos.com.ar\/2021\/wp-json\/wp\/v2\/tags?post=125480"}],"curies":[{"name":"wp","href":"https:\/\/api.w.org\/{rel}","templated":true}]}}