{"id":125474,"date":"2025-09-23T07:48:11","date_gmt":"2025-09-23T10:48:11","guid":{"rendered":"https:\/\/www.noticiasradioreflejos.com.ar\/2021\/?p=125474"},"modified":"2025-09-23T07:48:13","modified_gmt":"2025-09-23T10:48:13","slug":"los-tickets-de-los-supermercados-del-conurbano-reflejan-el-empobrecimiento-de-los-hogares","status":"publish","type":"post","link":"https:\/\/www.noticiasradioreflejos.com.ar\/2021\/los-tickets-de-los-supermercados-del-conurbano-reflejan-el-empobrecimiento-de-los-hogares\/","title":{"rendered":"Los tickets de los supermercados del conurbano reflejan el empobrecimiento de los hogares"},"content":{"rendered":"<p>La p\u00e9rdida de poder adquisitivo de las familias bonaerenses acumul\u00f3 -10,8% a marzo de 2025, frente a la ca\u00edda de sus compras de alimentos y bebidas del 7,4%.<!--more--><\/p>\n<div class=\"columns\" data-tadevel-template=\"web\/article-columns\">\n<div class=\"column-main\">\n<div class=\"article-body\" data-tadevel-template=\"web\/article-body\">\n<div class=\"article-body-content\">\n<p>La\u00a0<strong>ca\u00edda real del poder adquisitivo de los hogares<\/strong>\u00a0entre el \u00faltimo mes de gesti\u00f3n del\u00a0<strong>Gobierno de Alberto Fern\u00e1ndez<\/strong>\u00a0y el primer trimestre de 2025 ascend\u00eda a\u00a0<strong>10,8%<\/strong>, porcentaje que se correlaciona con\u00a0<strong>la merma en la facturaci\u00f3n de los supermercados del 7,4%en id\u00e9ntico per\u00edodo.<\/strong><\/p>\n<p>En ambos casos, los valores ajustaron el IPC por la\u00a0<strong>Encuesta Nacional de Gastos de los Hogares\u00a0<\/strong>realizada por el INDEC (IPC ENGHo 17\/18).<\/p>\n<p>Si bien\u00a0<strong>entre fines de 2024 y comienzos de 2025 se observ\u00f3 una recuperaci\u00f3n parcial,<\/strong>\u00a0en marzo de 2025 (\u00faltimo dato disponible),<strong>\u00a0los ingresos todav\u00eda se ubicaban -3,4% por debajo del nivel de noviembre de 2023.<\/strong><\/p>\n<p>En tanto, el\u00a0<strong>nivel de facturaci\u00f3n en t\u00e9rminos reales de los supermercados<\/strong>\u00a0pese a una leve mejora respecto de 2024 (+1,3%), \u00a0contin\u00faa\u00a0<strong>7,6% por debajo de 2023 y 6,8% por debajo de 2022.<\/strong><\/p>\n<\/div>\n<p><a href=\"https:\/\/www.noticiasradioreflejos.com.ar\/2021\/los-tickets-de-los-supermercados-del-conurbano-reflejan-el-empobrecimiento-de-los-hogares\/ventas-en-supermercados\/\" rel=\"attachment wp-att-125475\"><img loading=\"lazy\" decoding=\"async\" class=\"aligncenter size-full wp-image-125475\" src=\"https:\/\/www.noticiasradioreflejos.com.ar\/2021\/wp-content\/uploads\/2025\/09\/ventas-en-supermercados.jpg\" alt=\"\" width=\"1141\" height=\"720\" \/><\/a><\/p>\n<div class=\"article-body-content\">\n<p>En 16 meses de\u00a0<strong>Gobierno de Javier Milei,<\/strong>\u00a0a cada trabajador bonaerense<strong>\u00a0\u201cle faltar\u00edan\u201d $138.427,3 por mes,<\/strong>\u00a0mientras en pesos constantes de marzo de 2025,<strong>\u00a0los tickets de los supermercados acumularon una disminuci\u00f3n de $44.761,81 millones mensuales,<\/strong>\u00a0de acuerdo con la informaci\u00f3n proporcionada por el Centro CEPA.<\/p>\n<p>Este canal principal de\u00a0<strong>compra de alimentos y bebidas<\/strong>\u00a0atrae\u00a0<strong>el mayor gasto de los hogares en Argentina:<\/strong>\u00a0representa el\u00a0<strong>22,7% del total.<\/strong><\/p>\n<p>En el primer semestre de 2025 (en pesos de junio de 2025),\u00a0<strong>las cadenas facturaron $345.898 millones menos en relaci\u00f3n al primer semestre de 2023.\u00a0<\/strong><\/p>\n<h3>Consumo y salario<\/h3>\n<p>La\u00a0<strong>evoluci\u00f3n del consumo<\/strong>\u00a0no puede desvincularse de la\u00a0<strong>din\u00e1mica salarial.\u00a0<\/strong><\/p>\n<p>Entre noviembre de 2023 y septiembre de 2024,\u00a0<strong>los trabajadores registrados de la Provincia perdieron 7,3% de su poder adquisitivo.<\/strong><\/p>\n<p>Si bien a fines de 2024 y comienzos de 2025 se observ\u00f3\u00a0<strong>una recuperaci\u00f3n parcial,<\/strong>\u00a0en marzo de 2025 (\u00faltimo dato disponible)\u00a0<strong>los ingresos todav\u00eda se ubicaban 3,4% por debajo de noviembre de 2023.<\/strong><\/p>\n<\/div>\n<p><a href=\"https:\/\/www.noticiasradioreflejos.com.ar\/2021\/los-tickets-de-los-supermercados-del-conurbano-reflejan-el-empobrecimiento-de-los-hogares\/salarios\/\" rel=\"attachment wp-att-125476\"><img loading=\"lazy\" decoding=\"async\" class=\"aligncenter size-full wp-image-125476\" src=\"https:\/\/www.noticiasradioreflejos.com.ar\/2021\/wp-content\/uploads\/2025\/09\/Salarios.jpg\" alt=\"\" width=\"1070\" height=\"720\" \/><\/a><\/p>\n<div class=\"article-body-content\">\n<p>La comparaci\u00f3n puede resultar enga\u00f1osa porque hace un a\u00f1o y medio,\u00a0<strong>la inflaci\u00f3n mensual de dos d\u00edgitos, en un contexto de convenciones colectivas de trabajo activadas, \u201cdifer\u00eda\u201d la sensaci\u00f3n de p\u00e9rdida de poder adquisitivo ante la mayor velocidad de remarcaci\u00f3n de los precios que de compensaci\u00f3n salarial en las paritarias.<\/strong><\/p>\n<p>En t\u00e9rminos acumulados,<strong>\u00a0la estimaci\u00f3n del ingreso no percibido entre noviembre de 2023 y marzo de 2025 asciende a $1.406.155 por trabajador\u00a0<\/strong>si se calcula con el IPC vigente del INDEC y a\u00a0<strong>$2.214.837 por trabajador si se toma en cuenta el IPC ENGHo 17\/18.<\/strong><\/p>\n<p>Esto implica una p\u00e9rdida, considerando la totalidad de trabajadores registrados, de<strong>\u00a0entre $2.985.594 millones (IPC vigente) y $4.702.613 millones (IPC ENGHo 17\/18) para los hogares bonaerenses.<\/strong><\/p>\n<h3><strong>Diferenciaci\u00f3n por productos<\/strong><\/h3>\n<p>Las\u00a0<strong>privaciones del consumo en las tiendas de retail\u00a0<\/strong>no afect\u00f3 a todos los art\u00edculos por igual:<\/p>\n<p>\u2022 En\u00a0<strong>alimentos<\/strong>, los rubros m\u00e1s afectados son los de\u00a0<strong>productos de almac\u00e9n<\/strong>\u00a0(-6,0% vs. 2024; -11,7% vs. 2023; -10,8% vs. 2022) y\u00a0<strong>carnes<\/strong>\u00a0(-1,5% vs. 2024; -8,5% vs. 2023; -12,4% vs. 2022);<br \/>\n\u2022 en contraste,\u00a0<strong>verduler\u00eda y fruter\u00eda<\/strong>\u00a0exhibe un desempe\u00f1o muy positivo (+20,4%vs. 2024; +17,2% vs. 2023; +22,5% vs. 2022), creciendo de forma sostenida y consolid\u00e1ndose como\u00a0<strong>una opci\u00f3n m\u00e1s accesible para los consumidores;<\/strong><br \/>\n\u2022 tambi\u00e9n se destacan<strong>\u00a0panader\u00eda<\/strong>\u00a0(+7,6% vs. 2024; +2,4% vs. 2023; +7,2% vs.2022) y\u00a0<strong>l\u00e1cteos<\/strong>\u00a0(+7,1% vs. 2024; estables vs. 2023; +1,5% vs. 2022), con mejoras moderadas;<br \/>\n\u2022\u00a0<strong>fuera de los alimentos<\/strong>, en 2025 vs. 2024 se registran\u00a0<strong>fuertes subas en indumentaria y calzado<\/strong>\u00a0(+23,8% vs. 2024; +34,6% vs. 2023; +11,4% vs. 2022), favorecidas por la\u00a0<strong>apertura importadora como mecanismo de disciplinamiento de precios;<\/strong><\/p>\n<p>\u2022 los\u00a0<strong>electr\u00f3nicos y art\u00edculos para el hogar<\/strong> muestran un rebote muy marcado frente a 2024 (+38,7%), aunque todav\u00eda se ubican por debajo de los niveles de 2023 (-12,4%) y 2022 (-15,2%).<\/p>\n<p><a href=\"https:\/\/www.noticiasradioreflejos.com.ar\/2021\/los-tickets-de-los-supermercados-del-conurbano-reflejan-el-empobrecimiento-de-los-hogares\/variacion-de-ventas\/\" rel=\"attachment wp-att-125477\"><img loading=\"lazy\" decoding=\"async\" class=\"aligncenter size-full wp-image-125477\" src=\"https:\/\/www.noticiasradioreflejos.com.ar\/2021\/wp-content\/uploads\/2025\/09\/variacion-de-ventas.jpg\" alt=\"\" width=\"1280\" height=\"720\" \/><\/a><\/p>\n<\/div>\n<\/div>\n<p><strong>Fuente NA<\/strong><\/p>\n<\/div>\n<\/div>\n","protected":false},"excerpt":{"rendered":"<p>La p\u00e9rdida de poder adquisitivo de las familias bonaerenses acumul\u00f3 -10,8% a marzo de 2025, frente a la ca\u00edda de sus compras de alimentos y bebidas del 7,4%.<\/p>\n","protected":false},"author":3,"featured_media":106331,"comment_status":"closed","ping_status":"closed","sticky":false,"template":"","format":"standard","meta":{"footnotes":""},"categories":[36],"tags":[],"class_list":["post-125474","post","type-post","status-publish","format-standard","has-post-thumbnail","hentry","category-economia"],"yoast_head":"<!-- This site is optimized with the Yoast SEO plugin v25.9 - https:\/\/yoast.com\/wordpress\/plugins\/seo\/ -->\n<title>Los tickets de los supermercados del conurbano reflejan el empobrecimiento de los hogares - Noticias Radio Reflejos<\/title>\n<meta name=\"robots\" content=\"index, follow, max-snippet:-1, max-image-preview:large, max-video-preview:-1\" \/>\n<link rel=\"canonical\" href=\"https:\/\/www.noticiasradioreflejos.com.ar\/2021\/los-tickets-de-los-supermercados-del-conurbano-reflejan-el-empobrecimiento-de-los-hogares\/\" \/>\n<meta property=\"og:locale\" content=\"es_ES\" \/>\n<meta property=\"og:type\" content=\"article\" \/>\n<meta property=\"og:title\" content=\"Los tickets de los supermercados del conurbano reflejan el empobrecimiento de los hogares - Noticias Radio Reflejos\" \/>\n<meta property=\"og:description\" content=\"La p\u00e9rdida de poder adquisitivo de las familias bonaerenses acumul\u00f3 -10,8% a marzo de 2025, frente a la ca\u00edda de sus compras de alimentos y bebidas del 7,4%.\" \/>\n<meta property=\"og:url\" content=\"https:\/\/www.noticiasradioreflejos.com.ar\/2021\/los-tickets-de-los-supermercados-del-conurbano-reflejan-el-empobrecimiento-de-los-hogares\/\" \/>\n<meta property=\"og:site_name\" content=\"Noticias Radio Reflejos\" \/>\n<meta property=\"article:published_time\" content=\"2025-09-23T10:48:11+00:00\" \/>\n<meta property=\"article:modified_time\" content=\"2025-09-23T10:48:13+00:00\" \/>\n<meta property=\"og:image\" content=\"https:\/\/www.noticiasradioreflejos.com.ar\/2021\/wp-content\/uploads\/2024\/08\/Supermercado.jpeg\" \/>\n\t<meta property=\"og:image:width\" content=\"960\" \/>\n\t<meta property=\"og:image:height\" content=\"640\" \/>\n\t<meta property=\"og:image:type\" content=\"image\/jpeg\" \/>\n<meta name=\"author\" content=\"Arnaldo Botto\" \/>\n<meta name=\"twitter:card\" content=\"summary_large_image\" \/>\n<script type=\"application\/ld+json\" class=\"yoast-schema-graph\">{\"@context\":\"https:\/\/schema.org\",\"@graph\":[{\"@type\":\"WebPage\",\"@id\":\"https:\/\/www.noticiasradioreflejos.com.ar\/2021\/los-tickets-de-los-supermercados-del-conurbano-reflejan-el-empobrecimiento-de-los-hogares\/\",\"url\":\"https:\/\/www.noticiasradioreflejos.com.ar\/2021\/los-tickets-de-los-supermercados-del-conurbano-reflejan-el-empobrecimiento-de-los-hogares\/\",\"name\":\"Los tickets de los supermercados del conurbano reflejan el empobrecimiento de los hogares - Noticias Radio Reflejos\",\"isPartOf\":{\"@id\":\"https:\/\/www.noticiasradioreflejos.com.ar\/2021\/#website\"},\"primaryImageOfPage\":{\"@id\":\"https:\/\/www.noticiasradioreflejos.com.ar\/2021\/los-tickets-de-los-supermercados-del-conurbano-reflejan-el-empobrecimiento-de-los-hogares\/#primaryimage\"},\"image\":{\"@id\":\"https:\/\/www.noticiasradioreflejos.com.ar\/2021\/los-tickets-de-los-supermercados-del-conurbano-reflejan-el-empobrecimiento-de-los-hogares\/#primaryimage\"},\"thumbnailUrl\":\"https:\/\/www.noticiasradioreflejos.com.ar\/2021\/wp-content\/uploads\/2024\/08\/Supermercado.jpeg\",\"datePublished\":\"2025-09-23T10:48:11+00:00\",\"dateModified\":\"2025-09-23T10:48:13+00:00\",\"author\":{\"@id\":\"https:\/\/www.noticiasradioreflejos.com.ar\/2021\/#\/schema\/person\/ad82545263dcc5ec0996818884fd5fb1\"},\"breadcrumb\":{\"@id\":\"https:\/\/www.noticiasradioreflejos.com.ar\/2021\/los-tickets-de-los-supermercados-del-conurbano-reflejan-el-empobrecimiento-de-los-hogares\/#breadcrumb\"},\"inLanguage\":\"es\",\"potentialAction\":[{\"@type\":\"ReadAction\",\"target\":[\"https:\/\/www.noticiasradioreflejos.com.ar\/2021\/los-tickets-de-los-supermercados-del-conurbano-reflejan-el-empobrecimiento-de-los-hogares\/\"]}]},{\"@type\":\"ImageObject\",\"inLanguage\":\"es\",\"@id\":\"https:\/\/www.noticiasradioreflejos.com.ar\/2021\/los-tickets-de-los-supermercados-del-conurbano-reflejan-el-empobrecimiento-de-los-hogares\/#primaryimage\",\"url\":\"https:\/\/www.noticiasradioreflejos.com.ar\/2021\/wp-content\/uploads\/2024\/08\/Supermercado.jpeg\",\"contentUrl\":\"https:\/\/www.noticiasradioreflejos.com.ar\/2021\/wp-content\/uploads\/2024\/08\/Supermercado.jpeg\",\"width\":960,\"height\":640},{\"@type\":\"BreadcrumbList\",\"@id\":\"https:\/\/www.noticiasradioreflejos.com.ar\/2021\/los-tickets-de-los-supermercados-del-conurbano-reflejan-el-empobrecimiento-de-los-hogares\/#breadcrumb\",\"itemListElement\":[{\"@type\":\"ListItem\",\"position\":1,\"name\":\"Portada\",\"item\":\"https:\/\/www.noticiasradioreflejos.com.ar\/2021\/\"},{\"@type\":\"ListItem\",\"position\":2,\"name\":\"Los tickets de los supermercados del conurbano reflejan el empobrecimiento de los hogares\"}]},{\"@type\":\"WebSite\",\"@id\":\"https:\/\/www.noticiasradioreflejos.com.ar\/2021\/#website\",\"url\":\"https:\/\/www.noticiasradioreflejos.com.ar\/2021\/\",\"name\":\"Noticias Radio Reflejos\",\"description\":\"Las noticias de mi comarca\",\"potentialAction\":[{\"@type\":\"SearchAction\",\"target\":{\"@type\":\"EntryPoint\",\"urlTemplate\":\"https:\/\/www.noticiasradioreflejos.com.ar\/2021\/?s={search_term_string}\"},\"query-input\":{\"@type\":\"PropertyValueSpecification\",\"valueRequired\":true,\"valueName\":\"search_term_string\"}}],\"inLanguage\":\"es\"},{\"@type\":\"Person\",\"@id\":\"https:\/\/www.noticiasradioreflejos.com.ar\/2021\/#\/schema\/person\/ad82545263dcc5ec0996818884fd5fb1\",\"name\":\"Arnaldo Botto\",\"image\":{\"@type\":\"ImageObject\",\"inLanguage\":\"es\",\"@id\":\"https:\/\/www.noticiasradioreflejos.com.ar\/2021\/#\/schema\/person\/image\/\",\"url\":\"https:\/\/secure.gravatar.com\/avatar\/55cb5e37c1efa326397366e6974cb338056df65cb50e7d64d1cf314e87504837?s=96&d=mm&r=g\",\"contentUrl\":\"https:\/\/secure.gravatar.com\/avatar\/55cb5e37c1efa326397366e6974cb338056df65cb50e7d64d1cf314e87504837?s=96&d=mm&r=g\",\"caption\":\"Arnaldo Botto\"},\"url\":\"https:\/\/www.noticiasradioreflejos.com.ar\/2021\/author\/arnaldo\/\"}]}<\/script>\n<!-- \/ Yoast SEO plugin. -->","yoast_head_json":{"title":"Los tickets de los supermercados del conurbano reflejan el empobrecimiento de los hogares - Noticias Radio Reflejos","robots":{"index":"index","follow":"follow","max-snippet":"max-snippet:-1","max-image-preview":"max-image-preview:large","max-video-preview":"max-video-preview:-1"},"canonical":"https:\/\/www.noticiasradioreflejos.com.ar\/2021\/los-tickets-de-los-supermercados-del-conurbano-reflejan-el-empobrecimiento-de-los-hogares\/","og_locale":"es_ES","og_type":"article","og_title":"Los tickets de los supermercados del conurbano reflejan el empobrecimiento de los hogares - Noticias Radio Reflejos","og_description":"La p\u00e9rdida de poder adquisitivo de las familias bonaerenses acumul\u00f3 -10,8% a marzo de 2025, frente a la ca\u00edda de sus compras de alimentos y bebidas del 7,4%.","og_url":"https:\/\/www.noticiasradioreflejos.com.ar\/2021\/los-tickets-de-los-supermercados-del-conurbano-reflejan-el-empobrecimiento-de-los-hogares\/","og_site_name":"Noticias Radio Reflejos","article_published_time":"2025-09-23T10:48:11+00:00","article_modified_time":"2025-09-23T10:48:13+00:00","og_image":[{"width":960,"height":640,"url":"https:\/\/www.noticiasradioreflejos.com.ar\/2021\/wp-content\/uploads\/2024\/08\/Supermercado.jpeg","type":"image\/jpeg"}],"author":"Arnaldo Botto","twitter_card":"summary_large_image","schema":{"@context":"https:\/\/schema.org","@graph":[{"@type":"WebPage","@id":"https:\/\/www.noticiasradioreflejos.com.ar\/2021\/los-tickets-de-los-supermercados-del-conurbano-reflejan-el-empobrecimiento-de-los-hogares\/","url":"https:\/\/www.noticiasradioreflejos.com.ar\/2021\/los-tickets-de-los-supermercados-del-conurbano-reflejan-el-empobrecimiento-de-los-hogares\/","name":"Los tickets de los supermercados del conurbano reflejan el empobrecimiento de los hogares - Noticias Radio Reflejos","isPartOf":{"@id":"https:\/\/www.noticiasradioreflejos.com.ar\/2021\/#website"},"primaryImageOfPage":{"@id":"https:\/\/www.noticiasradioreflejos.com.ar\/2021\/los-tickets-de-los-supermercados-del-conurbano-reflejan-el-empobrecimiento-de-los-hogares\/#primaryimage"},"image":{"@id":"https:\/\/www.noticiasradioreflejos.com.ar\/2021\/los-tickets-de-los-supermercados-del-conurbano-reflejan-el-empobrecimiento-de-los-hogares\/#primaryimage"},"thumbnailUrl":"https:\/\/www.noticiasradioreflejos.com.ar\/2021\/wp-content\/uploads\/2024\/08\/Supermercado.jpeg","datePublished":"2025-09-23T10:48:11+00:00","dateModified":"2025-09-23T10:48:13+00:00","author":{"@id":"https:\/\/www.noticiasradioreflejos.com.ar\/2021\/#\/schema\/person\/ad82545263dcc5ec0996818884fd5fb1"},"breadcrumb":{"@id":"https:\/\/www.noticiasradioreflejos.com.ar\/2021\/los-tickets-de-los-supermercados-del-conurbano-reflejan-el-empobrecimiento-de-los-hogares\/#breadcrumb"},"inLanguage":"es","potentialAction":[{"@type":"ReadAction","target":["https:\/\/www.noticiasradioreflejos.com.ar\/2021\/los-tickets-de-los-supermercados-del-conurbano-reflejan-el-empobrecimiento-de-los-hogares\/"]}]},{"@type":"ImageObject","inLanguage":"es","@id":"https:\/\/www.noticiasradioreflejos.com.ar\/2021\/los-tickets-de-los-supermercados-del-conurbano-reflejan-el-empobrecimiento-de-los-hogares\/#primaryimage","url":"https:\/\/www.noticiasradioreflejos.com.ar\/2021\/wp-content\/uploads\/2024\/08\/Supermercado.jpeg","contentUrl":"https:\/\/www.noticiasradioreflejos.com.ar\/2021\/wp-content\/uploads\/2024\/08\/Supermercado.jpeg","width":960,"height":640},{"@type":"BreadcrumbList","@id":"https:\/\/www.noticiasradioreflejos.com.ar\/2021\/los-tickets-de-los-supermercados-del-conurbano-reflejan-el-empobrecimiento-de-los-hogares\/#breadcrumb","itemListElement":[{"@type":"ListItem","position":1,"name":"Portada","item":"https:\/\/www.noticiasradioreflejos.com.ar\/2021\/"},{"@type":"ListItem","position":2,"name":"Los tickets de los supermercados del conurbano reflejan el empobrecimiento de los hogares"}]},{"@type":"WebSite","@id":"https:\/\/www.noticiasradioreflejos.com.ar\/2021\/#website","url":"https:\/\/www.noticiasradioreflejos.com.ar\/2021\/","name":"Noticias Radio Reflejos","description":"Las noticias de mi comarca","potentialAction":[{"@type":"SearchAction","target":{"@type":"EntryPoint","urlTemplate":"https:\/\/www.noticiasradioreflejos.com.ar\/2021\/?s={search_term_string}"},"query-input":{"@type":"PropertyValueSpecification","valueRequired":true,"valueName":"search_term_string"}}],"inLanguage":"es"},{"@type":"Person","@id":"https:\/\/www.noticiasradioreflejos.com.ar\/2021\/#\/schema\/person\/ad82545263dcc5ec0996818884fd5fb1","name":"Arnaldo Botto","image":{"@type":"ImageObject","inLanguage":"es","@id":"https:\/\/www.noticiasradioreflejos.com.ar\/2021\/#\/schema\/person\/image\/","url":"https:\/\/secure.gravatar.com\/avatar\/55cb5e37c1efa326397366e6974cb338056df65cb50e7d64d1cf314e87504837?s=96&d=mm&r=g","contentUrl":"https:\/\/secure.gravatar.com\/avatar\/55cb5e37c1efa326397366e6974cb338056df65cb50e7d64d1cf314e87504837?s=96&d=mm&r=g","caption":"Arnaldo Botto"},"url":"https:\/\/www.noticiasradioreflejos.com.ar\/2021\/author\/arnaldo\/"}]}},"_links":{"self":[{"href":"https:\/\/www.noticiasradioreflejos.com.ar\/2021\/wp-json\/wp\/v2\/posts\/125474","targetHints":{"allow":["GET"]}}],"collection":[{"href":"https:\/\/www.noticiasradioreflejos.com.ar\/2021\/wp-json\/wp\/v2\/posts"}],"about":[{"href":"https:\/\/www.noticiasradioreflejos.com.ar\/2021\/wp-json\/wp\/v2\/types\/post"}],"author":[{"embeddable":true,"href":"https:\/\/www.noticiasradioreflejos.com.ar\/2021\/wp-json\/wp\/v2\/users\/3"}],"replies":[{"embeddable":true,"href":"https:\/\/www.noticiasradioreflejos.com.ar\/2021\/wp-json\/wp\/v2\/comments?post=125474"}],"version-history":[{"count":2,"href":"https:\/\/www.noticiasradioreflejos.com.ar\/2021\/wp-json\/wp\/v2\/posts\/125474\/revisions"}],"predecessor-version":[{"id":125479,"href":"https:\/\/www.noticiasradioreflejos.com.ar\/2021\/wp-json\/wp\/v2\/posts\/125474\/revisions\/125479"}],"wp:featuredmedia":[{"embeddable":true,"href":"https:\/\/www.noticiasradioreflejos.com.ar\/2021\/wp-json\/wp\/v2\/media\/106331"}],"wp:attachment":[{"href":"https:\/\/www.noticiasradioreflejos.com.ar\/2021\/wp-json\/wp\/v2\/media?parent=125474"}],"wp:term":[{"taxonomy":"category","embeddable":true,"href":"https:\/\/www.noticiasradioreflejos.com.ar\/2021\/wp-json\/wp\/v2\/categories?post=125474"},{"taxonomy":"post_tag","embeddable":true,"href":"https:\/\/www.noticiasradioreflejos.com.ar\/2021\/wp-json\/wp\/v2\/tags?post=125474"}],"curies":[{"name":"wp","href":"https:\/\/api.w.org\/{rel}","templated":true}]}}