{"id":125471,"date":"2025-09-23T07:29:32","date_gmt":"2025-09-23T10:29:32","guid":{"rendered":"https:\/\/www.noticiasradioreflejos.com.ar\/2021\/?p=125471"},"modified":"2025-09-23T07:29:32","modified_gmt":"2025-09-23T10:29:32","slug":"miguel-angel-russo-fue-dado-de-alta-y-evaluan-su-presencia-en-la-practica-de-boca","status":"publish","type":"post","link":"https:\/\/www.noticiasradioreflejos.com.ar\/2021\/miguel-angel-russo-fue-dado-de-alta-y-evaluan-su-presencia-en-la-practica-de-boca\/","title":{"rendered":"Miguel \u00c1ngel Russo fue dado de alta y eval\u00faan su presencia en la pr\u00e1ctica de Boca"},"content":{"rendered":"<p>El entrenador de Boca hab\u00eda sido hospitalizado cuando fue a hacerse los chequeos m\u00e9dicos correspondientes.<!--more--><\/p>\n<div class=\"columns\" data-tadevel-template=\"web\/article-columns\">\n<div class=\"column-main\">\n<div class=\"article-body\" data-tadevel-template=\"web\/article-body\">\n<div class=\"article-body-content\">\n<p>El entrenador de Boca,\u00a0<strong>Miguel \u00c1ngel Russo<\/strong>,\u00a0<strong>fue dado de alta<\/strong>\u00a0y ya se encuentra en su casa\u00a0<strong>luego de haber sido internado nuevamente este lunes al asistir a la cl\u00ednica Fleni<\/strong>\u00a0para realizarse los chequeos m\u00e9dicos correspondientes.<\/p>\n<p>Los profesionales detectaron que el experimentado director t\u00e9cnico estaba\u00a0<strong>deshidratado<\/strong>\u00a0y con algunos valores altos de\u00a0<strong>bilirrubina<\/strong>, situaci\u00f3n que motiv\u00f3 que quedara en observaci\u00f3n durante el d\u00eda.<\/p>\n<p>Tras recibir medicaci\u00f3n e hidrataci\u00f3n por medio de suero, el estado de deshidrataci\u00f3n fue corregido y Russo pudo regresar a su domicilio en horas de la tarde.<\/p>\n<p>All\u00ed ser\u00e1 visitado por el m\u00e9dico de Boca, quien evaluar\u00e1 su evoluci\u00f3n y determinar\u00e1, junto al propio entrenador, si conviene que est\u00e9 presente en la pr\u00e1ctica del plantel.<\/p>\n<p>La idea es que este martes el entrenador vuelva a realizarse estudios para confirmar que los valores se encuentran en par\u00e1metros normales. En caso de que los resultados sean satisfactorios, Russo planea asistir por la tarde al entrenamiento de Boca, que el lunes tuvo jornada libre tras el empate 2-2 frente a Central C\u00f3rdoba.<\/p>\n<p>Cabe recordar que el pasado 2 de septiembre, luego de la victoria 2-0 sobre Aldosivi en La Bombonera, el ex Rosario Central hab\u00eda acudido al mismo sanatorio para realizarse controles de rutina.<\/p>\n<p>En aquella ocasi\u00f3n se le detect\u00f3 una\u00a0<strong>infecci\u00f3n urinaria<\/strong>\u00a0y permaneci\u00f3 internado tres d\u00edas por precauci\u00f3n, hasta recibir el alta el viernes 5.<\/p>\n<p>La situaci\u00f3n actual, aunque nuevamente oblig\u00f3 a su hospitalizaci\u00f3n, parece estar\u00a0<strong>bajo control<\/strong>\u00a0y desde el cuerpo m\u00e9dico de Boca transmiten tranquilidad. Todo indica que Russo podr\u00eda retomar su actividad habitual en las pr\u00f3ximas horas, siempre y cuando los estudios de este martes confirmen su evoluci\u00f3n favorable.<\/p>\n<\/div>\n<\/div>\n<\/div>\n<\/div>\n","protected":false},"excerpt":{"rendered":"<p>El entrenador de Boca hab\u00eda sido hospitalizado cuando fue a hacerse los chequeos m\u00e9dicos correspondientes.<\/p>\n","protected":false},"author":3,"featured_media":125472,"comment_status":"closed","ping_status":"closed","sticky":false,"template":"","format":"standard","meta":{"footnotes":""},"categories":[27],"tags":[],"class_list":["post-125471","post","type-post","status-publish","format-standard","has-post-thumbnail","hentry","category-deportes"],"yoast_head":"<!-- This site is optimized with the Yoast SEO plugin v25.9 - https:\/\/yoast.com\/wordpress\/plugins\/seo\/ -->\n<title>Miguel \u00c1ngel Russo fue dado de alta y eval\u00faan su presencia en la pr\u00e1ctica de Boca - Noticias Radio Reflejos<\/title>\n<meta name=\"robots\" content=\"index, follow, max-snippet:-1, max-image-preview:large, max-video-preview:-1\" \/>\n<link rel=\"canonical\" href=\"https:\/\/www.noticiasradioreflejos.com.ar\/2021\/miguel-angel-russo-fue-dado-de-alta-y-evaluan-su-presencia-en-la-practica-de-boca\/\" \/>\n<meta property=\"og:locale\" content=\"es_ES\" \/>\n<meta property=\"og:type\" content=\"article\" \/>\n<meta property=\"og:title\" content=\"Miguel \u00c1ngel Russo fue dado de alta y eval\u00faan su presencia en la pr\u00e1ctica de Boca - Noticias Radio Reflejos\" \/>\n<meta property=\"og:description\" content=\"El entrenador de Boca hab\u00eda sido hospitalizado cuando fue a hacerse los chequeos m\u00e9dicos correspondientes.\" \/>\n<meta property=\"og:url\" content=\"https:\/\/www.noticiasradioreflejos.com.ar\/2021\/miguel-angel-russo-fue-dado-de-alta-y-evaluan-su-presencia-en-la-practica-de-boca\/\" \/>\n<meta property=\"og:site_name\" content=\"Noticias Radio Reflejos\" \/>\n<meta property=\"article:published_time\" content=\"2025-09-23T10:29:32+00:00\" \/>\n<meta property=\"og:image\" content=\"https:\/\/www.noticiasradioreflejos.com.ar\/2021\/wp-content\/uploads\/2025\/09\/Russo.jpg\" \/>\n\t<meta property=\"og:image:width\" content=\"1080\" \/>\n\t<meta property=\"og:image:height\" content=\"720\" \/>\n\t<meta property=\"og:image:type\" content=\"image\/jpeg\" \/>\n<meta name=\"author\" content=\"Arnaldo Botto\" \/>\n<meta name=\"twitter:card\" content=\"summary_large_image\" \/>\n<script type=\"application\/ld+json\" class=\"yoast-schema-graph\">{\"@context\":\"https:\/\/schema.org\",\"@graph\":[{\"@type\":\"WebPage\",\"@id\":\"https:\/\/www.noticiasradioreflejos.com.ar\/2021\/miguel-angel-russo-fue-dado-de-alta-y-evaluan-su-presencia-en-la-practica-de-boca\/\",\"url\":\"https:\/\/www.noticiasradioreflejos.com.ar\/2021\/miguel-angel-russo-fue-dado-de-alta-y-evaluan-su-presencia-en-la-practica-de-boca\/\",\"name\":\"Miguel \u00c1ngel Russo fue dado de alta y eval\u00faan su presencia en la pr\u00e1ctica de Boca - Noticias Radio Reflejos\",\"isPartOf\":{\"@id\":\"https:\/\/www.noticiasradioreflejos.com.ar\/2021\/#website\"},\"primaryImageOfPage\":{\"@id\":\"https:\/\/www.noticiasradioreflejos.com.ar\/2021\/miguel-angel-russo-fue-dado-de-alta-y-evaluan-su-presencia-en-la-practica-de-boca\/#primaryimage\"},\"image\":{\"@id\":\"https:\/\/www.noticiasradioreflejos.com.ar\/2021\/miguel-angel-russo-fue-dado-de-alta-y-evaluan-su-presencia-en-la-practica-de-boca\/#primaryimage\"},\"thumbnailUrl\":\"https:\/\/www.noticiasradioreflejos.com.ar\/2021\/wp-content\/uploads\/2025\/09\/Russo.jpg\",\"datePublished\":\"2025-09-23T10:29:32+00:00\",\"author\":{\"@id\":\"https:\/\/www.noticiasradioreflejos.com.ar\/2021\/#\/schema\/person\/ad82545263dcc5ec0996818884fd5fb1\"},\"breadcrumb\":{\"@id\":\"https:\/\/www.noticiasradioreflejos.com.ar\/2021\/miguel-angel-russo-fue-dado-de-alta-y-evaluan-su-presencia-en-la-practica-de-boca\/#breadcrumb\"},\"inLanguage\":\"es\",\"potentialAction\":[{\"@type\":\"ReadAction\",\"target\":[\"https:\/\/www.noticiasradioreflejos.com.ar\/2021\/miguel-angel-russo-fue-dado-de-alta-y-evaluan-su-presencia-en-la-practica-de-boca\/\"]}]},{\"@type\":\"ImageObject\",\"inLanguage\":\"es\",\"@id\":\"https:\/\/www.noticiasradioreflejos.com.ar\/2021\/miguel-angel-russo-fue-dado-de-alta-y-evaluan-su-presencia-en-la-practica-de-boca\/#primaryimage\",\"url\":\"https:\/\/www.noticiasradioreflejos.com.ar\/2021\/wp-content\/uploads\/2025\/09\/Russo.jpg\",\"contentUrl\":\"https:\/\/www.noticiasradioreflejos.com.ar\/2021\/wp-content\/uploads\/2025\/09\/Russo.jpg\",\"width\":1080,\"height\":720},{\"@type\":\"BreadcrumbList\",\"@id\":\"https:\/\/www.noticiasradioreflejos.com.ar\/2021\/miguel-angel-russo-fue-dado-de-alta-y-evaluan-su-presencia-en-la-practica-de-boca\/#breadcrumb\",\"itemListElement\":[{\"@type\":\"ListItem\",\"position\":1,\"name\":\"Portada\",\"item\":\"https:\/\/www.noticiasradioreflejos.com.ar\/2021\/\"},{\"@type\":\"ListItem\",\"position\":2,\"name\":\"Miguel \u00c1ngel Russo fue dado de alta y eval\u00faan su presencia en la pr\u00e1ctica de Boca\"}]},{\"@type\":\"WebSite\",\"@id\":\"https:\/\/www.noticiasradioreflejos.com.ar\/2021\/#website\",\"url\":\"https:\/\/www.noticiasradioreflejos.com.ar\/2021\/\",\"name\":\"Noticias Radio Reflejos\",\"description\":\"Las noticias de mi comarca\",\"potentialAction\":[{\"@type\":\"SearchAction\",\"target\":{\"@type\":\"EntryPoint\",\"urlTemplate\":\"https:\/\/www.noticiasradioreflejos.com.ar\/2021\/?s={search_term_string}\"},\"query-input\":{\"@type\":\"PropertyValueSpecification\",\"valueRequired\":true,\"valueName\":\"search_term_string\"}}],\"inLanguage\":\"es\"},{\"@type\":\"Person\",\"@id\":\"https:\/\/www.noticiasradioreflejos.com.ar\/2021\/#\/schema\/person\/ad82545263dcc5ec0996818884fd5fb1\",\"name\":\"Arnaldo Botto\",\"image\":{\"@type\":\"ImageObject\",\"inLanguage\":\"es\",\"@id\":\"https:\/\/www.noticiasradioreflejos.com.ar\/2021\/#\/schema\/person\/image\/\",\"url\":\"https:\/\/secure.gravatar.com\/avatar\/55cb5e37c1efa326397366e6974cb338056df65cb50e7d64d1cf314e87504837?s=96&d=mm&r=g\",\"contentUrl\":\"https:\/\/secure.gravatar.com\/avatar\/55cb5e37c1efa326397366e6974cb338056df65cb50e7d64d1cf314e87504837?s=96&d=mm&r=g\",\"caption\":\"Arnaldo Botto\"},\"url\":\"https:\/\/www.noticiasradioreflejos.com.ar\/2021\/author\/arnaldo\/\"}]}<\/script>\n<!-- \/ Yoast SEO plugin. -->","yoast_head_json":{"title":"Miguel \u00c1ngel Russo fue dado de alta y eval\u00faan su presencia en la pr\u00e1ctica de Boca - Noticias Radio Reflejos","robots":{"index":"index","follow":"follow","max-snippet":"max-snippet:-1","max-image-preview":"max-image-preview:large","max-video-preview":"max-video-preview:-1"},"canonical":"https:\/\/www.noticiasradioreflejos.com.ar\/2021\/miguel-angel-russo-fue-dado-de-alta-y-evaluan-su-presencia-en-la-practica-de-boca\/","og_locale":"es_ES","og_type":"article","og_title":"Miguel \u00c1ngel Russo fue dado de alta y eval\u00faan su presencia en la pr\u00e1ctica de Boca - Noticias Radio Reflejos","og_description":"El entrenador de Boca hab\u00eda sido hospitalizado cuando fue a hacerse los chequeos m\u00e9dicos correspondientes.","og_url":"https:\/\/www.noticiasradioreflejos.com.ar\/2021\/miguel-angel-russo-fue-dado-de-alta-y-evaluan-su-presencia-en-la-practica-de-boca\/","og_site_name":"Noticias Radio Reflejos","article_published_time":"2025-09-23T10:29:32+00:00","og_image":[{"width":1080,"height":720,"url":"https:\/\/www.noticiasradioreflejos.com.ar\/2021\/wp-content\/uploads\/2025\/09\/Russo.jpg","type":"image\/jpeg"}],"author":"Arnaldo Botto","twitter_card":"summary_large_image","schema":{"@context":"https:\/\/schema.org","@graph":[{"@type":"WebPage","@id":"https:\/\/www.noticiasradioreflejos.com.ar\/2021\/miguel-angel-russo-fue-dado-de-alta-y-evaluan-su-presencia-en-la-practica-de-boca\/","url":"https:\/\/www.noticiasradioreflejos.com.ar\/2021\/miguel-angel-russo-fue-dado-de-alta-y-evaluan-su-presencia-en-la-practica-de-boca\/","name":"Miguel \u00c1ngel Russo fue dado de alta y eval\u00faan su presencia en la pr\u00e1ctica de Boca - Noticias Radio Reflejos","isPartOf":{"@id":"https:\/\/www.noticiasradioreflejos.com.ar\/2021\/#website"},"primaryImageOfPage":{"@id":"https:\/\/www.noticiasradioreflejos.com.ar\/2021\/miguel-angel-russo-fue-dado-de-alta-y-evaluan-su-presencia-en-la-practica-de-boca\/#primaryimage"},"image":{"@id":"https:\/\/www.noticiasradioreflejos.com.ar\/2021\/miguel-angel-russo-fue-dado-de-alta-y-evaluan-su-presencia-en-la-practica-de-boca\/#primaryimage"},"thumbnailUrl":"https:\/\/www.noticiasradioreflejos.com.ar\/2021\/wp-content\/uploads\/2025\/09\/Russo.jpg","datePublished":"2025-09-23T10:29:32+00:00","author":{"@id":"https:\/\/www.noticiasradioreflejos.com.ar\/2021\/#\/schema\/person\/ad82545263dcc5ec0996818884fd5fb1"},"breadcrumb":{"@id":"https:\/\/www.noticiasradioreflejos.com.ar\/2021\/miguel-angel-russo-fue-dado-de-alta-y-evaluan-su-presencia-en-la-practica-de-boca\/#breadcrumb"},"inLanguage":"es","potentialAction":[{"@type":"ReadAction","target":["https:\/\/www.noticiasradioreflejos.com.ar\/2021\/miguel-angel-russo-fue-dado-de-alta-y-evaluan-su-presencia-en-la-practica-de-boca\/"]}]},{"@type":"ImageObject","inLanguage":"es","@id":"https:\/\/www.noticiasradioreflejos.com.ar\/2021\/miguel-angel-russo-fue-dado-de-alta-y-evaluan-su-presencia-en-la-practica-de-boca\/#primaryimage","url":"https:\/\/www.noticiasradioreflejos.com.ar\/2021\/wp-content\/uploads\/2025\/09\/Russo.jpg","contentUrl":"https:\/\/www.noticiasradioreflejos.com.ar\/2021\/wp-content\/uploads\/2025\/09\/Russo.jpg","width":1080,"height":720},{"@type":"BreadcrumbList","@id":"https:\/\/www.noticiasradioreflejos.com.ar\/2021\/miguel-angel-russo-fue-dado-de-alta-y-evaluan-su-presencia-en-la-practica-de-boca\/#breadcrumb","itemListElement":[{"@type":"ListItem","position":1,"name":"Portada","item":"https:\/\/www.noticiasradioreflejos.com.ar\/2021\/"},{"@type":"ListItem","position":2,"name":"Miguel \u00c1ngel Russo fue dado de alta y eval\u00faan su presencia en la pr\u00e1ctica de Boca"}]},{"@type":"WebSite","@id":"https:\/\/www.noticiasradioreflejos.com.ar\/2021\/#website","url":"https:\/\/www.noticiasradioreflejos.com.ar\/2021\/","name":"Noticias Radio Reflejos","description":"Las noticias de mi comarca","potentialAction":[{"@type":"SearchAction","target":{"@type":"EntryPoint","urlTemplate":"https:\/\/www.noticiasradioreflejos.com.ar\/2021\/?s={search_term_string}"},"query-input":{"@type":"PropertyValueSpecification","valueRequired":true,"valueName":"search_term_string"}}],"inLanguage":"es"},{"@type":"Person","@id":"https:\/\/www.noticiasradioreflejos.com.ar\/2021\/#\/schema\/person\/ad82545263dcc5ec0996818884fd5fb1","name":"Arnaldo Botto","image":{"@type":"ImageObject","inLanguage":"es","@id":"https:\/\/www.noticiasradioreflejos.com.ar\/2021\/#\/schema\/person\/image\/","url":"https:\/\/secure.gravatar.com\/avatar\/55cb5e37c1efa326397366e6974cb338056df65cb50e7d64d1cf314e87504837?s=96&d=mm&r=g","contentUrl":"https:\/\/secure.gravatar.com\/avatar\/55cb5e37c1efa326397366e6974cb338056df65cb50e7d64d1cf314e87504837?s=96&d=mm&r=g","caption":"Arnaldo Botto"},"url":"https:\/\/www.noticiasradioreflejos.com.ar\/2021\/author\/arnaldo\/"}]}},"_links":{"self":[{"href":"https:\/\/www.noticiasradioreflejos.com.ar\/2021\/wp-json\/wp\/v2\/posts\/125471","targetHints":{"allow":["GET"]}}],"collection":[{"href":"https:\/\/www.noticiasradioreflejos.com.ar\/2021\/wp-json\/wp\/v2\/posts"}],"about":[{"href":"https:\/\/www.noticiasradioreflejos.com.ar\/2021\/wp-json\/wp\/v2\/types\/post"}],"author":[{"embeddable":true,"href":"https:\/\/www.noticiasradioreflejos.com.ar\/2021\/wp-json\/wp\/v2\/users\/3"}],"replies":[{"embeddable":true,"href":"https:\/\/www.noticiasradioreflejos.com.ar\/2021\/wp-json\/wp\/v2\/comments?post=125471"}],"version-history":[{"count":1,"href":"https:\/\/www.noticiasradioreflejos.com.ar\/2021\/wp-json\/wp\/v2\/posts\/125471\/revisions"}],"predecessor-version":[{"id":125473,"href":"https:\/\/www.noticiasradioreflejos.com.ar\/2021\/wp-json\/wp\/v2\/posts\/125471\/revisions\/125473"}],"wp:featuredmedia":[{"embeddable":true,"href":"https:\/\/www.noticiasradioreflejos.com.ar\/2021\/wp-json\/wp\/v2\/media\/125472"}],"wp:attachment":[{"href":"https:\/\/www.noticiasradioreflejos.com.ar\/2021\/wp-json\/wp\/v2\/media?parent=125471"}],"wp:term":[{"taxonomy":"category","embeddable":true,"href":"https:\/\/www.noticiasradioreflejos.com.ar\/2021\/wp-json\/wp\/v2\/categories?post=125471"},{"taxonomy":"post_tag","embeddable":true,"href":"https:\/\/www.noticiasradioreflejos.com.ar\/2021\/wp-json\/wp\/v2\/tags?post=125471"}],"curies":[{"name":"wp","href":"https:\/\/api.w.org\/{rel}","templated":true}]}}