{"id":125469,"date":"2025-09-23T07:25:51","date_gmt":"2025-09-23T10:25:51","guid":{"rendered":"https:\/\/www.noticiasradioreflejos.com.ar\/2021\/?p=125469"},"modified":"2025-09-23T07:25:51","modified_gmt":"2025-09-23T10:25:51","slug":"la-quita-de-retenciones-implican-una-perdida-equivalente-al-46-del-superavit","status":"publish","type":"post","link":"https:\/\/www.noticiasradioreflejos.com.ar\/2021\/la-quita-de-retenciones-implican-una-perdida-equivalente-al-46-del-superavit\/","title":{"rendered":"La quita de retenciones implican una\u00a0p\u00e9rdida equivalente al 46% del super\u00e1vit"},"content":{"rendered":"<p>Un estudio privado calcul\u00f3 que el costo fiscal directo imputable al a\u00f1o 2025 es de 0,15% del PBI.<br \/>\n<!--more--><\/p>\n<p>&nbsp;<\/p>\n<p>El costo fiscal de la eliminaci\u00f3n temporaria de las retenciones para el complejo oleaginoso y cerealero hasta el 31 de octubre de 2025,\u00a0<strong>alcanzar\u00eda los US$1.000 millones con una p\u00e9rdida de recaudaci\u00f3n que equivale a casi la mitad del super\u00e1vit previsto para este a\u00f1o<\/strong>, seg\u00fan calcul\u00f3 en un informe el Instituto Argentino de An\u00e1lisis Fiscal (IARAF).<\/p>\n<div class=\"noticia-main-container\">\n<div class=\"noticia__desarrollo\">\n<p>El reporte estim\u00f3 que la medida anunciada este lunes por el Gobierno nacional tendr\u00eda\u00a0<em>\u201cun<strong>\u00a0costo fiscal directo imputable al a\u00f1o 2025 de 0,15% del PBI\u00a0<\/strong>(aproximadamente US$1.000 millones) y el neto de recaudaci\u00f3n del impuesto a las ganancias de 0,14% del PBI\u201d.<\/em><\/p>\n<p>En este sentido, expuso que<em><strong>\u00a0\u201cla p\u00e9rdida de recaudaci\u00f3n ser\u00eda equivalente al 46% del super\u00e1vit fiscal que surge del Presupuesto 2026 de 0,3% del PBI\u201d<\/strong><\/em>, lo que comprometer\u00eda su cumplimiento, especialmente teniendo en cuenta el acuerdo con el Fondo Monetario Internacional (FMI).<\/p>\n<p>Con la estimaci\u00f3n del valor posible de los stocks con los que cuentan los sectores productores de soja y ma\u00edz, el IARAF plante\u00f3 tres escenarios posibles:<\/p>\n<ol class=\"wp-block-list\">\n<li>40% de liquidaci\u00f3n del stock de ma\u00edz y 100% del stock de soja<\/li>\n<li>60% de ma\u00edz y 90% de soja<\/li>\n<li>80% del stock de ma\u00edz y 80% del de soja<\/li>\n<\/ol>\n<p>El estudio reflej\u00f3 que<em>\u00a0\u201cdadas las al\u00edcuotas vigentes y las nulas dispuestas, la p\u00e9rdida de recaudaci\u00f3n directa (costo fiscal) de esta medida<strong>\u00a0va desde US$1.460 millones hasta los US$1.600 millones<\/strong>, dependiendo del mix de liquidaci\u00f3n que termine ocurriendo\u201d y precis\u00f3 que \u201cen t\u00e9rminos del PBI, el costo directo<strong>\u00a0va desde 0,25% del PBI hasta 0,28% del PBI<\/strong>\u201d.<\/em><\/p>\n<p>Asimismo, proyecta que<em>\u00a0\u201cdado el efecto directo de p\u00e9rdida de recaudaci\u00f3n, hay dos efectos indirectos potenciales de mayor recaudaci\u00f3n\u201d.<\/em>\u00a0Uno es<strong>\u00a0mayor base imponible del impuesto a las ganancias,<\/strong>\u00a0ya que<em>\u00a0\u201clos menores derechos de exportaci\u00f3n aumentan la base imponible del impuesto a las ganancias y, por ende, su recaudaci\u00f3n\u201d.<\/em><\/p>\n<p>El segundo es\u00a0<strong>mayor renta de los productores<\/strong>, a partir de que<em>\u00a0\u201cla renta que antes era capturada por el Estado pasa a los productores\u201d<\/em>\u00a0y en este caso\u00a0<em>\u201cseg\u00fan el modelo que se utilice, parte de esa renta disponible se destina a consumo y a inversi\u00f3n, lo que deber\u00eda generar nuevos ingresos fiscales por impuestos como ganancias, IVA y presi\u00f3n tributaria general por ambos destinos del ingreso\u201d.<\/em><\/p>\n<p>El an\u00e1lisis revela que<em>\u00a0\u201cpara el gobierno nacional, si se considera el aumento posible de recaudaci\u00f3n del impuesto a las ganancias y su distribuci\u00f3n luego de coparticipaci\u00f3n a Naci\u00f3n (aproximadamente un 8% de la reducci\u00f3n de derechos de exportaci\u00f3n),\u00a0<strong>se reduce el costo fiscal directo a 0,26% del PBI en el escenario 1, a 0,24% en el escenario 2 y a 0,23% en el escenario 3\u201d.\u00a0<\/strong><\/em><\/p>\n<p>Fuente: NA<\/p>\n<\/div>\n<\/div>\n","protected":false},"excerpt":{"rendered":"<p>Un estudio privado calcul\u00f3 que el costo fiscal directo imputable al a\u00f1o 2025 es de 0,15% del PBI.<\/p>\n","protected":false},"author":3,"featured_media":0,"comment_status":"closed","ping_status":"closed","sticky":false,"template":"","format":"standard","meta":{"footnotes":""},"categories":[36],"tags":[],"class_list":["post-125469","post","type-post","status-publish","format-standard","hentry","category-economia"],"yoast_head":"<!-- This site is optimized with the Yoast SEO plugin v25.9 - https:\/\/yoast.com\/wordpress\/plugins\/seo\/ -->\n<title>La quita de retenciones implican una\u00a0p\u00e9rdida equivalente al 46% del super\u00e1vit - Noticias Radio Reflejos<\/title>\n<meta name=\"robots\" content=\"index, follow, max-snippet:-1, max-image-preview:large, max-video-preview:-1\" \/>\n<link rel=\"canonical\" href=\"https:\/\/www.noticiasradioreflejos.com.ar\/2021\/la-quita-de-retenciones-implican-una-perdida-equivalente-al-46-del-superavit\/\" \/>\n<meta property=\"og:locale\" content=\"es_ES\" \/>\n<meta property=\"og:type\" content=\"article\" \/>\n<meta property=\"og:title\" content=\"La quita de retenciones implican una\u00a0p\u00e9rdida equivalente al 46% del super\u00e1vit - Noticias Radio Reflejos\" \/>\n<meta property=\"og:description\" content=\"Un estudio privado calcul\u00f3 que el costo fiscal directo imputable al a\u00f1o 2025 es de 0,15% del PBI.\" \/>\n<meta property=\"og:url\" content=\"https:\/\/www.noticiasradioreflejos.com.ar\/2021\/la-quita-de-retenciones-implican-una-perdida-equivalente-al-46-del-superavit\/\" \/>\n<meta property=\"og:site_name\" content=\"Noticias Radio Reflejos\" \/>\n<meta property=\"article:published_time\" content=\"2025-09-23T10:25:51+00:00\" \/>\n<meta property=\"og:image\" content=\"https:\/\/www.noticiasradioreflejos.com.ar\/2021\/wp-content\/uploads\/2025\/07\/Milei-SR.jpg\" \/>\n\t<meta property=\"og:image:width\" content=\"960\" \/>\n\t<meta property=\"og:image:height\" content=\"720\" \/>\n\t<meta property=\"og:image:type\" content=\"image\/jpeg\" \/>\n<meta name=\"author\" content=\"Arnaldo Botto\" \/>\n<meta name=\"twitter:card\" content=\"summary_large_image\" \/>\n<script type=\"application\/ld+json\" class=\"yoast-schema-graph\">{\"@context\":\"https:\/\/schema.org\",\"@graph\":[{\"@type\":\"WebPage\",\"@id\":\"https:\/\/www.noticiasradioreflejos.com.ar\/2021\/la-quita-de-retenciones-implican-una-perdida-equivalente-al-46-del-superavit\/\",\"url\":\"https:\/\/www.noticiasradioreflejos.com.ar\/2021\/la-quita-de-retenciones-implican-una-perdida-equivalente-al-46-del-superavit\/\",\"name\":\"La quita de retenciones implican una\u00a0p\u00e9rdida equivalente al 46% del super\u00e1vit - Noticias Radio Reflejos\",\"isPartOf\":{\"@id\":\"https:\/\/www.noticiasradioreflejos.com.ar\/2021\/#website\"},\"datePublished\":\"2025-09-23T10:25:51+00:00\",\"author\":{\"@id\":\"https:\/\/www.noticiasradioreflejos.com.ar\/2021\/#\/schema\/person\/ad82545263dcc5ec0996818884fd5fb1\"},\"breadcrumb\":{\"@id\":\"https:\/\/www.noticiasradioreflejos.com.ar\/2021\/la-quita-de-retenciones-implican-una-perdida-equivalente-al-46-del-superavit\/#breadcrumb\"},\"inLanguage\":\"es\",\"potentialAction\":[{\"@type\":\"ReadAction\",\"target\":[\"https:\/\/www.noticiasradioreflejos.com.ar\/2021\/la-quita-de-retenciones-implican-una-perdida-equivalente-al-46-del-superavit\/\"]}]},{\"@type\":\"BreadcrumbList\",\"@id\":\"https:\/\/www.noticiasradioreflejos.com.ar\/2021\/la-quita-de-retenciones-implican-una-perdida-equivalente-al-46-del-superavit\/#breadcrumb\",\"itemListElement\":[{\"@type\":\"ListItem\",\"position\":1,\"name\":\"Portada\",\"item\":\"https:\/\/www.noticiasradioreflejos.com.ar\/2021\/\"},{\"@type\":\"ListItem\",\"position\":2,\"name\":\"La quita de retenciones implican una\u00a0p\u00e9rdida equivalente al 46% del super\u00e1vit\"}]},{\"@type\":\"WebSite\",\"@id\":\"https:\/\/www.noticiasradioreflejos.com.ar\/2021\/#website\",\"url\":\"https:\/\/www.noticiasradioreflejos.com.ar\/2021\/\",\"name\":\"Noticias Radio Reflejos\",\"description\":\"Las noticias de mi comarca\",\"potentialAction\":[{\"@type\":\"SearchAction\",\"target\":{\"@type\":\"EntryPoint\",\"urlTemplate\":\"https:\/\/www.noticiasradioreflejos.com.ar\/2021\/?s={search_term_string}\"},\"query-input\":{\"@type\":\"PropertyValueSpecification\",\"valueRequired\":true,\"valueName\":\"search_term_string\"}}],\"inLanguage\":\"es\"},{\"@type\":\"Person\",\"@id\":\"https:\/\/www.noticiasradioreflejos.com.ar\/2021\/#\/schema\/person\/ad82545263dcc5ec0996818884fd5fb1\",\"name\":\"Arnaldo Botto\",\"image\":{\"@type\":\"ImageObject\",\"inLanguage\":\"es\",\"@id\":\"https:\/\/www.noticiasradioreflejos.com.ar\/2021\/#\/schema\/person\/image\/\",\"url\":\"https:\/\/secure.gravatar.com\/avatar\/55cb5e37c1efa326397366e6974cb338056df65cb50e7d64d1cf314e87504837?s=96&d=mm&r=g\",\"contentUrl\":\"https:\/\/secure.gravatar.com\/avatar\/55cb5e37c1efa326397366e6974cb338056df65cb50e7d64d1cf314e87504837?s=96&d=mm&r=g\",\"caption\":\"Arnaldo Botto\"},\"url\":\"https:\/\/www.noticiasradioreflejos.com.ar\/2021\/author\/arnaldo\/\"}]}<\/script>\n<!-- \/ Yoast SEO plugin. -->","yoast_head_json":{"title":"La quita de retenciones implican una\u00a0p\u00e9rdida equivalente al 46% del super\u00e1vit - Noticias Radio Reflejos","robots":{"index":"index","follow":"follow","max-snippet":"max-snippet:-1","max-image-preview":"max-image-preview:large","max-video-preview":"max-video-preview:-1"},"canonical":"https:\/\/www.noticiasradioreflejos.com.ar\/2021\/la-quita-de-retenciones-implican-una-perdida-equivalente-al-46-del-superavit\/","og_locale":"es_ES","og_type":"article","og_title":"La quita de retenciones implican una\u00a0p\u00e9rdida equivalente al 46% del super\u00e1vit - Noticias Radio Reflejos","og_description":"Un estudio privado calcul\u00f3 que el costo fiscal directo imputable al a\u00f1o 2025 es de 0,15% del PBI.","og_url":"https:\/\/www.noticiasradioreflejos.com.ar\/2021\/la-quita-de-retenciones-implican-una-perdida-equivalente-al-46-del-superavit\/","og_site_name":"Noticias Radio Reflejos","article_published_time":"2025-09-23T10:25:51+00:00","og_image":[{"width":960,"height":720,"url":"https:\/\/www.noticiasradioreflejos.com.ar\/2021\/wp-content\/uploads\/2025\/07\/Milei-SR.jpg","type":"image\/jpeg"}],"author":"Arnaldo Botto","twitter_card":"summary_large_image","schema":{"@context":"https:\/\/schema.org","@graph":[{"@type":"WebPage","@id":"https:\/\/www.noticiasradioreflejos.com.ar\/2021\/la-quita-de-retenciones-implican-una-perdida-equivalente-al-46-del-superavit\/","url":"https:\/\/www.noticiasradioreflejos.com.ar\/2021\/la-quita-de-retenciones-implican-una-perdida-equivalente-al-46-del-superavit\/","name":"La quita de retenciones implican una\u00a0p\u00e9rdida equivalente al 46% del super\u00e1vit - Noticias Radio Reflejos","isPartOf":{"@id":"https:\/\/www.noticiasradioreflejos.com.ar\/2021\/#website"},"datePublished":"2025-09-23T10:25:51+00:00","author":{"@id":"https:\/\/www.noticiasradioreflejos.com.ar\/2021\/#\/schema\/person\/ad82545263dcc5ec0996818884fd5fb1"},"breadcrumb":{"@id":"https:\/\/www.noticiasradioreflejos.com.ar\/2021\/la-quita-de-retenciones-implican-una-perdida-equivalente-al-46-del-superavit\/#breadcrumb"},"inLanguage":"es","potentialAction":[{"@type":"ReadAction","target":["https:\/\/www.noticiasradioreflejos.com.ar\/2021\/la-quita-de-retenciones-implican-una-perdida-equivalente-al-46-del-superavit\/"]}]},{"@type":"BreadcrumbList","@id":"https:\/\/www.noticiasradioreflejos.com.ar\/2021\/la-quita-de-retenciones-implican-una-perdida-equivalente-al-46-del-superavit\/#breadcrumb","itemListElement":[{"@type":"ListItem","position":1,"name":"Portada","item":"https:\/\/www.noticiasradioreflejos.com.ar\/2021\/"},{"@type":"ListItem","position":2,"name":"La quita de retenciones implican una\u00a0p\u00e9rdida equivalente al 46% del super\u00e1vit"}]},{"@type":"WebSite","@id":"https:\/\/www.noticiasradioreflejos.com.ar\/2021\/#website","url":"https:\/\/www.noticiasradioreflejos.com.ar\/2021\/","name":"Noticias Radio Reflejos","description":"Las noticias de mi comarca","potentialAction":[{"@type":"SearchAction","target":{"@type":"EntryPoint","urlTemplate":"https:\/\/www.noticiasradioreflejos.com.ar\/2021\/?s={search_term_string}"},"query-input":{"@type":"PropertyValueSpecification","valueRequired":true,"valueName":"search_term_string"}}],"inLanguage":"es"},{"@type":"Person","@id":"https:\/\/www.noticiasradioreflejos.com.ar\/2021\/#\/schema\/person\/ad82545263dcc5ec0996818884fd5fb1","name":"Arnaldo Botto","image":{"@type":"ImageObject","inLanguage":"es","@id":"https:\/\/www.noticiasradioreflejos.com.ar\/2021\/#\/schema\/person\/image\/","url":"https:\/\/secure.gravatar.com\/avatar\/55cb5e37c1efa326397366e6974cb338056df65cb50e7d64d1cf314e87504837?s=96&d=mm&r=g","contentUrl":"https:\/\/secure.gravatar.com\/avatar\/55cb5e37c1efa326397366e6974cb338056df65cb50e7d64d1cf314e87504837?s=96&d=mm&r=g","caption":"Arnaldo Botto"},"url":"https:\/\/www.noticiasradioreflejos.com.ar\/2021\/author\/arnaldo\/"}]}},"_links":{"self":[{"href":"https:\/\/www.noticiasradioreflejos.com.ar\/2021\/wp-json\/wp\/v2\/posts\/125469","targetHints":{"allow":["GET"]}}],"collection":[{"href":"https:\/\/www.noticiasradioreflejos.com.ar\/2021\/wp-json\/wp\/v2\/posts"}],"about":[{"href":"https:\/\/www.noticiasradioreflejos.com.ar\/2021\/wp-json\/wp\/v2\/types\/post"}],"author":[{"embeddable":true,"href":"https:\/\/www.noticiasradioreflejos.com.ar\/2021\/wp-json\/wp\/v2\/users\/3"}],"replies":[{"embeddable":true,"href":"https:\/\/www.noticiasradioreflejos.com.ar\/2021\/wp-json\/wp\/v2\/comments?post=125469"}],"version-history":[{"count":1,"href":"https:\/\/www.noticiasradioreflejos.com.ar\/2021\/wp-json\/wp\/v2\/posts\/125469\/revisions"}],"predecessor-version":[{"id":125470,"href":"https:\/\/www.noticiasradioreflejos.com.ar\/2021\/wp-json\/wp\/v2\/posts\/125469\/revisions\/125470"}],"wp:attachment":[{"href":"https:\/\/www.noticiasradioreflejos.com.ar\/2021\/wp-json\/wp\/v2\/media?parent=125469"}],"wp:term":[{"taxonomy":"category","embeddable":true,"href":"https:\/\/www.noticiasradioreflejos.com.ar\/2021\/wp-json\/wp\/v2\/categories?post=125469"},{"taxonomy":"post_tag","embeddable":true,"href":"https:\/\/www.noticiasradioreflejos.com.ar\/2021\/wp-json\/wp\/v2\/tags?post=125469"}],"curies":[{"name":"wp","href":"https:\/\/api.w.org\/{rel}","templated":true}]}}