{"id":125466,"date":"2025-09-23T07:23:38","date_gmt":"2025-09-23T10:23:38","guid":{"rendered":"https:\/\/www.noticiasradioreflejos.com.ar\/2021\/?p=125466"},"modified":"2025-09-23T07:23:38","modified_gmt":"2025-09-23T10:23:38","slug":"dia-de-las-bibliotecas-populares-por-que-se-celebra-el-23-de-septiembre","status":"publish","type":"post","link":"https:\/\/www.noticiasradioreflejos.com.ar\/2021\/dia-de-las-bibliotecas-populares-por-que-se-celebra-el-23-de-septiembre\/","title":{"rendered":"D\u00eda de las Bibliotecas Populares: \u00bfpor qu\u00e9 se celebra el 23 de septiembre?"},"content":{"rendered":"<p>Su conmemoraci\u00f3n se debe a la promulgaci\u00f3n de la Ley N\u00ba 419, que hizo posible la creaci\u00f3n de la Comisi\u00f3n Nacional de Bibliotecas Populares (CONABIP), para fomentar la lectura. Su impulsor fue Domingo Faustino Sarmiento.<!--more--><\/p>\n<p>Cada <strong>23 de septiembre<\/strong>\u00a0en la\u00a0Argentina\u00a0se celebra el\u00a0<strong>D\u00eda Nacional de las Bibliotecas populares\u00a0<\/strong>en homenaje a la creaci\u00f3n de la\u00a0Comisi\u00f3n Nacional de Bibliotecas Populares\u00a0(CONABIP), a la que dio vida el pr\u00f3cer argentino\u00a0<strong>Domingo Faustino Sarmiento<\/strong>, con el objetivo de fomentar el desarrollo del libro y la cultura.<\/p>\n<div class=\"partner-wrapper article-page__body-row\">\n<div class=\"second-col\">\n<p class=\"article-text\">Gracias a la promulgaci\u00f3n de la\u00a0Ley N\u00ba 419,\u00a0el 17 de junio de 1866 surgi\u00f3 la primera\u00a0Biblioteca Popular\u00a0en\u00a0San Juan, provincia en la que\u00a0naci\u00f3 Sarmiento, quien fue el\u00a0impulsor de la iniciativa\u00a0junto a la contribuci\u00f3n de un grupo de personas que colabor\u00f3 en el prop\u00f3sito.<\/p>\n<p class=\"article-text\">As\u00ed surgi\u00f3 la\u00a0Biblioteca Frankl\u00edn\u00a0que desde ese entonces a la actualidad contin\u00faa brind\u00e1ndose a la sociedad cumpliendo con los\u00a0mismos fundamentos y objetivos\u00a0que traz\u00f3 Sarmiento:\u00a0fomentar la cultura y el h\u00e1bito de la lectura, de forma tal que al d\u00eda de hoy se constituye como la\u00a0biblioteca popular m\u00e1s antigua de Sudam\u00e9rica.<\/p>\n<p class=\"article-text\">Sarmiento, considerado el\u00a0\u201cPadre de las aulas\u201d, se hab\u00eda inspirada en los\u00a0Clubes de Lectores,\u00a0ideados por\u00a0Benjamin Franklin\u00a0en 1727 en Filadelfia, y en las experiencias estadounidenses ubicadas en\u00a0aldeas y ciudades. Esos\u00a0movimientos culturales, en 1870 dieron lugar a la\u00a0construcci\u00f3n de las bibliotecas populares, que con el tiempo aumentaron\u00a0dadas las necesidades de la comunidad.<\/p>\n<figure><picture class=\"news-image\"><source srcset=\"https:\/\/static.eldiario.es\/clip\/23a3b5ac-e70b-45bc-8c2c-475f1eff968a_16-9-discover-aspect-ratio_50p_0.webp\" type=\"image\/webp\" media=\"(max-width: 576px)\" \/><source srcset=\"https:\/\/static.eldiario.es\/clip\/23a3b5ac-e70b-45bc-8c2c-475f1eff968a_16-9-discover-aspect-ratio_50p_0.jpg\" type=\"image\/jpg\" media=\"(max-width: 576px)\" \/><source srcset=\"https:\/\/static.eldiario.es\/clip\/23a3b5ac-e70b-45bc-8c2c-475f1eff968a_16-9-discover-aspect-ratio_75p_0.webp\" type=\"image\/webp\" media=\"(max-width: 767px)\" \/><source srcset=\"https:\/\/static.eldiario.es\/clip\/23a3b5ac-e70b-45bc-8c2c-475f1eff968a_16-9-discover-aspect-ratio_75p_0.jpg\" type=\"image\/jpg\" media=\"(max-width: 767px)\" \/><source srcset=\"https:\/\/static.eldiario.es\/clip\/23a3b5ac-e70b-45bc-8c2c-475f1eff968a_16-9-discover-aspect-ratio_default_0.webp\" type=\"image\/webp\" media=\"(min-width: 768px)\" \/><source srcset=\"https:\/\/static.eldiario.es\/clip\/23a3b5ac-e70b-45bc-8c2c-475f1eff968a_16-9-discover-aspect-ratio_default_0.jpg\" type=\"image\/jpg\" media=\"(min-width: 768px)\" \/><source srcset=\"https:\/\/static.eldiario.es\/clip\/23a3b5ac-e70b-45bc-8c2c-475f1eff968a_16-9-discover-aspect-ratio_default_0.webp\" type=\"image\/webp\" \/><img decoding=\"async\" class=\"lazy entered loaded\" src=\"https:\/\/static.eldiario.es\/clip\/23a3b5ac-e70b-45bc-8c2c-475f1eff968a_16-9-discover-aspect-ratio_default_0.jpg\" alt=\"\" data-src=\"https:\/\/static.eldiario.es\/clip\/23a3b5ac-e70b-45bc-8c2c-475f1eff968a_16-9-discover-aspect-ratio_default_0.jpg\" data-ll-status=\"loaded\" \/><\/picture><\/figure>\n<p>&nbsp;<\/p>\n<p class=\"article-text\">A diferencia de las bibliotecas tradicionales, las populares son definidas como\u00a0asociaciones civiles aut\u00f3nomas. Su distintivo es que son creadas por\u00a0iniciativa comunitaria, es decir, por vecinos de una localidad o un barrio que son tambi\u00e9n quienes las sostienen. Se trata de\u00a0organizaciones no gubernamentales que generan sus propios fondos\u00a0\u2014de acuerdo a una cuota m\u00ednima que le cobran a sus socios.<\/p>\n<div id=\"container-after-news-outlook\"><\/div>\n<p class=\"article-text\">Mientras en 1990 en el pa\u00eds hab\u00eda\u00a0971 bibliotecas populares, las cifras oficiales\u00a0dicen que a fines de\u00a02000 el n\u00famero creci\u00f3 a 1.921, de acuerdo a datos arrojados de un estudio publicado por el\u00a0Primer Anuario de indicadores culturales, material editado por la\u00a0Universidad Nacional de Tres de Febrero.\u00a0Actualmente hay casi\u00a02.000 bibliotecas y 30.000 voluntarios y voluntarias\u00a0a lo largo y a lo ancho del pa\u00eds.<\/p>\n<p>&nbsp;<\/p>\n<p class=\"article-text\"><strong><em>NB &#8211;<\/em>elDiarioAR<\/strong><\/p>\n<div class=\"date-comments-wrapper\">\n<p id=\"comments-number\" class=\"comments\">\n<\/div>\n<\/div>\n<\/div>\n","protected":false},"excerpt":{"rendered":"<p>Su conmemoraci\u00f3n se debe a la promulgaci\u00f3n de la Ley N\u00ba 419, que hizo posible la creaci\u00f3n de la Comisi\u00f3n Nacional de Bibliotecas Populares (CONABIP), para fomentar la lectura. Su impulsor fue Domingo Faustino Sarmiento.<\/p>\n","protected":false},"author":3,"featured_media":0,"comment_status":"closed","ping_status":"closed","sticky":false,"template":"","format":"standard","meta":{"footnotes":""},"categories":[35],"tags":[],"class_list":["post-125466","post","type-post","status-publish","format-standard","hentry","category-cultura"],"yoast_head":"<!-- This site is optimized with the Yoast SEO plugin v25.9 - https:\/\/yoast.com\/wordpress\/plugins\/seo\/ -->\n<title>D\u00eda de las Bibliotecas Populares: \u00bfpor qu\u00e9 se celebra el 23 de septiembre? - Noticias Radio Reflejos<\/title>\n<meta name=\"robots\" content=\"index, follow, max-snippet:-1, max-image-preview:large, max-video-preview:-1\" \/>\n<link rel=\"canonical\" href=\"https:\/\/www.noticiasradioreflejos.com.ar\/2021\/dia-de-las-bibliotecas-populares-por-que-se-celebra-el-23-de-septiembre\/\" \/>\n<meta property=\"og:locale\" content=\"es_ES\" \/>\n<meta property=\"og:type\" content=\"article\" \/>\n<meta property=\"og:title\" content=\"D\u00eda de las Bibliotecas Populares: \u00bfpor qu\u00e9 se celebra el 23 de septiembre? - Noticias Radio Reflejos\" \/>\n<meta property=\"og:description\" content=\"Su conmemoraci\u00f3n se debe a la promulgaci\u00f3n de la Ley N\u00ba 419, que hizo posible la creaci\u00f3n de la Comisi\u00f3n Nacional de Bibliotecas Populares (CONABIP), para fomentar la lectura. Su impulsor fue Domingo Faustino Sarmiento.\" \/>\n<meta property=\"og:url\" content=\"https:\/\/www.noticiasradioreflejos.com.ar\/2021\/dia-de-las-bibliotecas-populares-por-que-se-celebra-el-23-de-septiembre\/\" \/>\n<meta property=\"og:site_name\" content=\"Noticias Radio Reflejos\" \/>\n<meta property=\"article:published_time\" content=\"2025-09-23T10:23:38+00:00\" \/>\n<meta property=\"og:image\" content=\"https:\/\/www.noticiasradioreflejos.com.ar\/2021\/wp-content\/uploads\/2025\/09\/biblioteca.jpg\" \/>\n\t<meta property=\"og:image:width\" content=\"1200\" \/>\n\t<meta property=\"og:image:height\" content=\"675\" \/>\n\t<meta property=\"og:image:type\" content=\"image\/jpeg\" \/>\n<meta name=\"author\" content=\"Arnaldo Botto\" \/>\n<meta name=\"twitter:card\" content=\"summary_large_image\" \/>\n<script type=\"application\/ld+json\" class=\"yoast-schema-graph\">{\"@context\":\"https:\/\/schema.org\",\"@graph\":[{\"@type\":\"WebPage\",\"@id\":\"https:\/\/www.noticiasradioreflejos.com.ar\/2021\/dia-de-las-bibliotecas-populares-por-que-se-celebra-el-23-de-septiembre\/\",\"url\":\"https:\/\/www.noticiasradioreflejos.com.ar\/2021\/dia-de-las-bibliotecas-populares-por-que-se-celebra-el-23-de-septiembre\/\",\"name\":\"D\u00eda de las Bibliotecas Populares: \u00bfpor qu\u00e9 se celebra el 23 de septiembre? - Noticias Radio Reflejos\",\"isPartOf\":{\"@id\":\"https:\/\/www.noticiasradioreflejos.com.ar\/2021\/#website\"},\"primaryImageOfPage\":{\"@id\":\"https:\/\/www.noticiasradioreflejos.com.ar\/2021\/dia-de-las-bibliotecas-populares-por-que-se-celebra-el-23-de-septiembre\/#primaryimage\"},\"image\":{\"@id\":\"https:\/\/www.noticiasradioreflejos.com.ar\/2021\/dia-de-las-bibliotecas-populares-por-que-se-celebra-el-23-de-septiembre\/#primaryimage\"},\"thumbnailUrl\":\"https:\/\/static.eldiario.es\/clip\/23a3b5ac-e70b-45bc-8c2c-475f1eff968a_16-9-discover-aspect-ratio_default_0.jpg\",\"datePublished\":\"2025-09-23T10:23:38+00:00\",\"author\":{\"@id\":\"https:\/\/www.noticiasradioreflejos.com.ar\/2021\/#\/schema\/person\/ad82545263dcc5ec0996818884fd5fb1\"},\"breadcrumb\":{\"@id\":\"https:\/\/www.noticiasradioreflejos.com.ar\/2021\/dia-de-las-bibliotecas-populares-por-que-se-celebra-el-23-de-septiembre\/#breadcrumb\"},\"inLanguage\":\"es\",\"potentialAction\":[{\"@type\":\"ReadAction\",\"target\":[\"https:\/\/www.noticiasradioreflejos.com.ar\/2021\/dia-de-las-bibliotecas-populares-por-que-se-celebra-el-23-de-septiembre\/\"]}]},{\"@type\":\"ImageObject\",\"inLanguage\":\"es\",\"@id\":\"https:\/\/www.noticiasradioreflejos.com.ar\/2021\/dia-de-las-bibliotecas-populares-por-que-se-celebra-el-23-de-septiembre\/#primaryimage\",\"url\":\"https:\/\/static.eldiario.es\/clip\/23a3b5ac-e70b-45bc-8c2c-475f1eff968a_16-9-discover-aspect-ratio_default_0.jpg\",\"contentUrl\":\"https:\/\/static.eldiario.es\/clip\/23a3b5ac-e70b-45bc-8c2c-475f1eff968a_16-9-discover-aspect-ratio_default_0.jpg\"},{\"@type\":\"BreadcrumbList\",\"@id\":\"https:\/\/www.noticiasradioreflejos.com.ar\/2021\/dia-de-las-bibliotecas-populares-por-que-se-celebra-el-23-de-septiembre\/#breadcrumb\",\"itemListElement\":[{\"@type\":\"ListItem\",\"position\":1,\"name\":\"Portada\",\"item\":\"https:\/\/www.noticiasradioreflejos.com.ar\/2021\/\"},{\"@type\":\"ListItem\",\"position\":2,\"name\":\"D\u00eda de las Bibliotecas Populares: \u00bfpor qu\u00e9 se celebra el 23 de septiembre?\"}]},{\"@type\":\"WebSite\",\"@id\":\"https:\/\/www.noticiasradioreflejos.com.ar\/2021\/#website\",\"url\":\"https:\/\/www.noticiasradioreflejos.com.ar\/2021\/\",\"name\":\"Noticias Radio Reflejos\",\"description\":\"Las noticias de mi comarca\",\"potentialAction\":[{\"@type\":\"SearchAction\",\"target\":{\"@type\":\"EntryPoint\",\"urlTemplate\":\"https:\/\/www.noticiasradioreflejos.com.ar\/2021\/?s={search_term_string}\"},\"query-input\":{\"@type\":\"PropertyValueSpecification\",\"valueRequired\":true,\"valueName\":\"search_term_string\"}}],\"inLanguage\":\"es\"},{\"@type\":\"Person\",\"@id\":\"https:\/\/www.noticiasradioreflejos.com.ar\/2021\/#\/schema\/person\/ad82545263dcc5ec0996818884fd5fb1\",\"name\":\"Arnaldo Botto\",\"image\":{\"@type\":\"ImageObject\",\"inLanguage\":\"es\",\"@id\":\"https:\/\/www.noticiasradioreflejos.com.ar\/2021\/#\/schema\/person\/image\/\",\"url\":\"https:\/\/secure.gravatar.com\/avatar\/55cb5e37c1efa326397366e6974cb338056df65cb50e7d64d1cf314e87504837?s=96&d=mm&r=g\",\"contentUrl\":\"https:\/\/secure.gravatar.com\/avatar\/55cb5e37c1efa326397366e6974cb338056df65cb50e7d64d1cf314e87504837?s=96&d=mm&r=g\",\"caption\":\"Arnaldo Botto\"},\"url\":\"https:\/\/www.noticiasradioreflejos.com.ar\/2021\/author\/arnaldo\/\"}]}<\/script>\n<!-- \/ Yoast SEO plugin. -->","yoast_head_json":{"title":"D\u00eda de las Bibliotecas Populares: \u00bfpor qu\u00e9 se celebra el 23 de septiembre? - Noticias Radio Reflejos","robots":{"index":"index","follow":"follow","max-snippet":"max-snippet:-1","max-image-preview":"max-image-preview:large","max-video-preview":"max-video-preview:-1"},"canonical":"https:\/\/www.noticiasradioreflejos.com.ar\/2021\/dia-de-las-bibliotecas-populares-por-que-se-celebra-el-23-de-septiembre\/","og_locale":"es_ES","og_type":"article","og_title":"D\u00eda de las Bibliotecas Populares: \u00bfpor qu\u00e9 se celebra el 23 de septiembre? - Noticias Radio Reflejos","og_description":"Su conmemoraci\u00f3n se debe a la promulgaci\u00f3n de la Ley N\u00ba 419, que hizo posible la creaci\u00f3n de la Comisi\u00f3n Nacional de Bibliotecas Populares (CONABIP), para fomentar la lectura. Su impulsor fue Domingo Faustino Sarmiento.","og_url":"https:\/\/www.noticiasradioreflejos.com.ar\/2021\/dia-de-las-bibliotecas-populares-por-que-se-celebra-el-23-de-septiembre\/","og_site_name":"Noticias Radio Reflejos","article_published_time":"2025-09-23T10:23:38+00:00","og_image":[{"width":1200,"height":675,"url":"https:\/\/www.noticiasradioreflejos.com.ar\/2021\/wp-content\/uploads\/2025\/09\/biblioteca.jpg","type":"image\/jpeg"}],"author":"Arnaldo Botto","twitter_card":"summary_large_image","schema":{"@context":"https:\/\/schema.org","@graph":[{"@type":"WebPage","@id":"https:\/\/www.noticiasradioreflejos.com.ar\/2021\/dia-de-las-bibliotecas-populares-por-que-se-celebra-el-23-de-septiembre\/","url":"https:\/\/www.noticiasradioreflejos.com.ar\/2021\/dia-de-las-bibliotecas-populares-por-que-se-celebra-el-23-de-septiembre\/","name":"D\u00eda de las Bibliotecas Populares: \u00bfpor qu\u00e9 se celebra el 23 de septiembre? - Noticias Radio Reflejos","isPartOf":{"@id":"https:\/\/www.noticiasradioreflejos.com.ar\/2021\/#website"},"primaryImageOfPage":{"@id":"https:\/\/www.noticiasradioreflejos.com.ar\/2021\/dia-de-las-bibliotecas-populares-por-que-se-celebra-el-23-de-septiembre\/#primaryimage"},"image":{"@id":"https:\/\/www.noticiasradioreflejos.com.ar\/2021\/dia-de-las-bibliotecas-populares-por-que-se-celebra-el-23-de-septiembre\/#primaryimage"},"thumbnailUrl":"https:\/\/static.eldiario.es\/clip\/23a3b5ac-e70b-45bc-8c2c-475f1eff968a_16-9-discover-aspect-ratio_default_0.jpg","datePublished":"2025-09-23T10:23:38+00:00","author":{"@id":"https:\/\/www.noticiasradioreflejos.com.ar\/2021\/#\/schema\/person\/ad82545263dcc5ec0996818884fd5fb1"},"breadcrumb":{"@id":"https:\/\/www.noticiasradioreflejos.com.ar\/2021\/dia-de-las-bibliotecas-populares-por-que-se-celebra-el-23-de-septiembre\/#breadcrumb"},"inLanguage":"es","potentialAction":[{"@type":"ReadAction","target":["https:\/\/www.noticiasradioreflejos.com.ar\/2021\/dia-de-las-bibliotecas-populares-por-que-se-celebra-el-23-de-septiembre\/"]}]},{"@type":"ImageObject","inLanguage":"es","@id":"https:\/\/www.noticiasradioreflejos.com.ar\/2021\/dia-de-las-bibliotecas-populares-por-que-se-celebra-el-23-de-septiembre\/#primaryimage","url":"https:\/\/static.eldiario.es\/clip\/23a3b5ac-e70b-45bc-8c2c-475f1eff968a_16-9-discover-aspect-ratio_default_0.jpg","contentUrl":"https:\/\/static.eldiario.es\/clip\/23a3b5ac-e70b-45bc-8c2c-475f1eff968a_16-9-discover-aspect-ratio_default_0.jpg"},{"@type":"BreadcrumbList","@id":"https:\/\/www.noticiasradioreflejos.com.ar\/2021\/dia-de-las-bibliotecas-populares-por-que-se-celebra-el-23-de-septiembre\/#breadcrumb","itemListElement":[{"@type":"ListItem","position":1,"name":"Portada","item":"https:\/\/www.noticiasradioreflejos.com.ar\/2021\/"},{"@type":"ListItem","position":2,"name":"D\u00eda de las Bibliotecas Populares: \u00bfpor qu\u00e9 se celebra el 23 de septiembre?"}]},{"@type":"WebSite","@id":"https:\/\/www.noticiasradioreflejos.com.ar\/2021\/#website","url":"https:\/\/www.noticiasradioreflejos.com.ar\/2021\/","name":"Noticias Radio Reflejos","description":"Las noticias de mi comarca","potentialAction":[{"@type":"SearchAction","target":{"@type":"EntryPoint","urlTemplate":"https:\/\/www.noticiasradioreflejos.com.ar\/2021\/?s={search_term_string}"},"query-input":{"@type":"PropertyValueSpecification","valueRequired":true,"valueName":"search_term_string"}}],"inLanguage":"es"},{"@type":"Person","@id":"https:\/\/www.noticiasradioreflejos.com.ar\/2021\/#\/schema\/person\/ad82545263dcc5ec0996818884fd5fb1","name":"Arnaldo Botto","image":{"@type":"ImageObject","inLanguage":"es","@id":"https:\/\/www.noticiasradioreflejos.com.ar\/2021\/#\/schema\/person\/image\/","url":"https:\/\/secure.gravatar.com\/avatar\/55cb5e37c1efa326397366e6974cb338056df65cb50e7d64d1cf314e87504837?s=96&d=mm&r=g","contentUrl":"https:\/\/secure.gravatar.com\/avatar\/55cb5e37c1efa326397366e6974cb338056df65cb50e7d64d1cf314e87504837?s=96&d=mm&r=g","caption":"Arnaldo Botto"},"url":"https:\/\/www.noticiasradioreflejos.com.ar\/2021\/author\/arnaldo\/"}]}},"_links":{"self":[{"href":"https:\/\/www.noticiasradioreflejos.com.ar\/2021\/wp-json\/wp\/v2\/posts\/125466","targetHints":{"allow":["GET"]}}],"collection":[{"href":"https:\/\/www.noticiasradioreflejos.com.ar\/2021\/wp-json\/wp\/v2\/posts"}],"about":[{"href":"https:\/\/www.noticiasradioreflejos.com.ar\/2021\/wp-json\/wp\/v2\/types\/post"}],"author":[{"embeddable":true,"href":"https:\/\/www.noticiasradioreflejos.com.ar\/2021\/wp-json\/wp\/v2\/users\/3"}],"replies":[{"embeddable":true,"href":"https:\/\/www.noticiasradioreflejos.com.ar\/2021\/wp-json\/wp\/v2\/comments?post=125466"}],"version-history":[{"count":1,"href":"https:\/\/www.noticiasradioreflejos.com.ar\/2021\/wp-json\/wp\/v2\/posts\/125466\/revisions"}],"predecessor-version":[{"id":125468,"href":"https:\/\/www.noticiasradioreflejos.com.ar\/2021\/wp-json\/wp\/v2\/posts\/125466\/revisions\/125468"}],"wp:attachment":[{"href":"https:\/\/www.noticiasradioreflejos.com.ar\/2021\/wp-json\/wp\/v2\/media?parent=125466"}],"wp:term":[{"taxonomy":"category","embeddable":true,"href":"https:\/\/www.noticiasradioreflejos.com.ar\/2021\/wp-json\/wp\/v2\/categories?post=125466"},{"taxonomy":"post_tag","embeddable":true,"href":"https:\/\/www.noticiasradioreflejos.com.ar\/2021\/wp-json\/wp\/v2\/tags?post=125466"}],"curies":[{"name":"wp","href":"https:\/\/api.w.org\/{rel}","templated":true}]}}