{"id":125462,"date":"2025-09-22T19:22:44","date_gmt":"2025-09-22T22:22:44","guid":{"rendered":"https:\/\/www.noticiasradioreflejos.com.ar\/2021\/?p=125462"},"modified":"2025-09-22T19:22:44","modified_gmt":"2025-09-22T22:22:44","slug":"diputados-buscan-destituir-a-francos-por-incumplir-con-la-vigente-ley-de-emergencia-en-discapacidad","status":"publish","type":"post","link":"https:\/\/www.noticiasradioreflejos.com.ar\/2021\/diputados-buscan-destituir-a-francos-por-incumplir-con-la-vigente-ley-de-emergencia-en-discapacidad\/","title":{"rendered":"Diputados: buscan destituir a Francos por incumplir con la vigente Ley de Emergencia en Discapacidad"},"content":{"rendered":"<p>Encuentro Federal present\u00f3 una moci\u00f3n de censura contra el jefe de Gabinete, quien corre peligro de ser removido de su cargo.<!--more-->Diputados nacionales de<strong>\u00a0Encuentro Federal<\/strong>\u00a0encabezados por\u00a0<strong>Oscar Agost Carre\u00f1o\u00a0<\/strong>presentaron hoy una moci\u00f3n de censura para remover de su cargo al jefe de Gabinete,\u00a0<strong>Guillermo Francos<\/strong>, por incumplir con la aplicaci\u00f3n de una ley vigente como la emergencia en Discapacidad, luego de que la oposici\u00f3n volteara el veto del presidente<strong>\u00a0Javier Milei.<\/strong><\/p>\n<div class=\"columns\" data-tadevel-template=\"web\/article-columns\">\n<div class=\"column-main\">\n<div class=\"article-body\" data-tadevel-template=\"web\/article-body\">\n<div class=\"article-body-content\">\n<p>De esta manera, el ministro coordinador podr\u00eda ser destituido por el voto de la<strong>\u00a0mayor\u00eda absoluta de los miembros de cada una de las c\u00e1maras legislativas,<\/strong>\u00a0conforme el art\u00edculo 101 de la Constituci\u00f3n Nacional.<\/p>\n<p>Para remover a Francos, si la oposici\u00f3n logra fundar razonablemente sus acusaciones, apenas necesitar\u00eda la mayor\u00eda absoluta de votos, un objetivo alcanzable.<\/p>\n<p>\u201c<strong>El Gobierno rompi\u00f3 el estado de derecho<\/strong>\u201d, sentenci\u00f3 Agost Carre\u00f1o en la red social X sobre la suspensi\u00f3n de la implementaci\u00f3n de la ley 27.793, ratificada por ambas c\u00e1maras del Congreso.<\/p>\n<p>La interpelaci\u00f3n y moci\u00f3n de censura contra Francos que impulsa el cordob\u00e9s lleva la firma de diputados del bloque que preside\u00a0<strong>Miguel Pichetto<\/strong>, como\u00a0<strong>Nicol\u00e1s Massot, Emilio Monz\u00f3, M\u00f3nica Fein, Margarita Stolbizer y Esteban Paul\u00f3n.<\/strong><\/p>\n<p>Acusan a Francos no solo de incumplir la ley de Discapacidad y no reasignar las partidas conforme a la ley promulgada, sino tambi\u00e9n por \u201cdictar decretos nulos e inconstitucionales\u201d y \u00abviolar la divisi\u00f3n de poderes del Estado.<\/p>\n<p><strong>\u201cLa democracia no se negocia. Y las leyes se cumplen siempre, aunque no les guste perder discrecionalidad\u201d,<\/strong>\u00a0expres\u00f3 Agost Carre\u00f1o.<\/p>\n<p>Este lunes, el Gobierno promulg\u00f3 la ley de emergencia en Discapacidad pero en el mismo decreto 681\/25 avis\u00f3 que suspend\u00eda los efectos de la ley por falta de financiamiento y supedit\u00f3 la implementaci\u00f3n efectiva a la inclusi\u00f3n de las fuentes de financiamiento en el marco del proyecto de Presupuesto 2026.<\/p>\n<p>El diputado nacional de la Coalici\u00f3n C\u00edvica\u00a0<strong>Maximiliano Ferraro<\/strong>\u00a0sostuvo que \u201ccon el Decreto 681\/2025, el Presidente (Javier Milei) incurre en nulidad absoluta\u201d ya que \u201cpretende inventar un procedimiento nuevo para la sanci\u00f3n y aplicaci\u00f3n de las leyes, algo que la Constituci\u00f3n no permite\u201d.<\/p>\n<p>\u201cNo es competencia del Poder Ejecutivo agregar pasos ni condicionar la vigencia de lo que ya aprob\u00f3 el Congreso\u201d, a\u00f1adi\u00f3.<\/p>\n<p>\u201cLa Ley de Emergencia en Discapacidad (27.793) es clara: el Jefe de Gabinete, conforme a sus atribuciones legales, debe asignar y\/o reasignar partidas presupuestarias para garantizar su cumplimiento. No puede excusarse: la ley lo obliga a priorizar y reorganizar el presupuesto para dar respuesta a las personas con discapacidad. Basta de excusas y de maniobras inconstitucionales. Cumplan la ley\u201d, cerr\u00f3 Ferraro en X.<\/p>\n<\/div>\n<\/div>\n<\/div>\n<\/div>\n","protected":false},"excerpt":{"rendered":"<p>Encuentro Federal present\u00f3 una moci\u00f3n de censura contra el jefe de Gabinete, quien corre peligro de ser removido de su cargo.<\/p>\n","protected":false},"author":3,"featured_media":99814,"comment_status":"closed","ping_status":"closed","sticky":false,"template":"","format":"standard","meta":{"footnotes":""},"categories":[24],"tags":[],"class_list":["post-125462","post","type-post","status-publish","format-standard","has-post-thumbnail","hentry","category-politica"],"yoast_head":"<!-- This site is optimized with the Yoast SEO plugin v25.9 - https:\/\/yoast.com\/wordpress\/plugins\/seo\/ -->\n<title>Diputados: buscan destituir a Francos por incumplir con la vigente Ley de Emergencia en Discapacidad - Noticias Radio Reflejos<\/title>\n<meta name=\"robots\" content=\"index, follow, max-snippet:-1, max-image-preview:large, max-video-preview:-1\" \/>\n<link rel=\"canonical\" href=\"https:\/\/www.noticiasradioreflejos.com.ar\/2021\/diputados-buscan-destituir-a-francos-por-incumplir-con-la-vigente-ley-de-emergencia-en-discapacidad\/\" \/>\n<meta property=\"og:locale\" content=\"es_ES\" \/>\n<meta property=\"og:type\" content=\"article\" \/>\n<meta property=\"og:title\" content=\"Diputados: buscan destituir a Francos por incumplir con la vigente Ley de Emergencia en Discapacidad - Noticias Radio Reflejos\" \/>\n<meta property=\"og:description\" content=\"Encuentro Federal present\u00f3 una moci\u00f3n de censura contra el jefe de Gabinete, quien corre peligro de ser removido de su cargo.\" \/>\n<meta property=\"og:url\" content=\"https:\/\/www.noticiasradioreflejos.com.ar\/2021\/diputados-buscan-destituir-a-francos-por-incumplir-con-la-vigente-ley-de-emergencia-en-discapacidad\/\" \/>\n<meta property=\"og:site_name\" content=\"Noticias Radio Reflejos\" \/>\n<meta property=\"article:published_time\" content=\"2025-09-22T22:22:44+00:00\" \/>\n<meta property=\"og:image\" content=\"https:\/\/www.noticiasradioreflejos.com.ar\/2021\/wp-content\/uploads\/2024\/03\/francos.jpg\" \/>\n\t<meta property=\"og:image:width\" content=\"960\" \/>\n\t<meta property=\"og:image:height\" content=\"640\" \/>\n\t<meta property=\"og:image:type\" content=\"image\/jpeg\" \/>\n<meta name=\"author\" content=\"Arnaldo Botto\" \/>\n<meta name=\"twitter:card\" content=\"summary_large_image\" \/>\n<script type=\"application\/ld+json\" class=\"yoast-schema-graph\">{\"@context\":\"https:\/\/schema.org\",\"@graph\":[{\"@type\":\"WebPage\",\"@id\":\"https:\/\/www.noticiasradioreflejos.com.ar\/2021\/diputados-buscan-destituir-a-francos-por-incumplir-con-la-vigente-ley-de-emergencia-en-discapacidad\/\",\"url\":\"https:\/\/www.noticiasradioreflejos.com.ar\/2021\/diputados-buscan-destituir-a-francos-por-incumplir-con-la-vigente-ley-de-emergencia-en-discapacidad\/\",\"name\":\"Diputados: buscan destituir a Francos por incumplir con la vigente Ley de Emergencia en Discapacidad - Noticias Radio Reflejos\",\"isPartOf\":{\"@id\":\"https:\/\/www.noticiasradioreflejos.com.ar\/2021\/#website\"},\"primaryImageOfPage\":{\"@id\":\"https:\/\/www.noticiasradioreflejos.com.ar\/2021\/diputados-buscan-destituir-a-francos-por-incumplir-con-la-vigente-ley-de-emergencia-en-discapacidad\/#primaryimage\"},\"image\":{\"@id\":\"https:\/\/www.noticiasradioreflejos.com.ar\/2021\/diputados-buscan-destituir-a-francos-por-incumplir-con-la-vigente-ley-de-emergencia-en-discapacidad\/#primaryimage\"},\"thumbnailUrl\":\"https:\/\/www.noticiasradioreflejos.com.ar\/2021\/wp-content\/uploads\/2024\/03\/francos.jpg\",\"datePublished\":\"2025-09-22T22:22:44+00:00\",\"author\":{\"@id\":\"https:\/\/www.noticiasradioreflejos.com.ar\/2021\/#\/schema\/person\/ad82545263dcc5ec0996818884fd5fb1\"},\"breadcrumb\":{\"@id\":\"https:\/\/www.noticiasradioreflejos.com.ar\/2021\/diputados-buscan-destituir-a-francos-por-incumplir-con-la-vigente-ley-de-emergencia-en-discapacidad\/#breadcrumb\"},\"inLanguage\":\"es\",\"potentialAction\":[{\"@type\":\"ReadAction\",\"target\":[\"https:\/\/www.noticiasradioreflejos.com.ar\/2021\/diputados-buscan-destituir-a-francos-por-incumplir-con-la-vigente-ley-de-emergencia-en-discapacidad\/\"]}]},{\"@type\":\"ImageObject\",\"inLanguage\":\"es\",\"@id\":\"https:\/\/www.noticiasradioreflejos.com.ar\/2021\/diputados-buscan-destituir-a-francos-por-incumplir-con-la-vigente-ley-de-emergencia-en-discapacidad\/#primaryimage\",\"url\":\"https:\/\/www.noticiasradioreflejos.com.ar\/2021\/wp-content\/uploads\/2024\/03\/francos.jpg\",\"contentUrl\":\"https:\/\/www.noticiasradioreflejos.com.ar\/2021\/wp-content\/uploads\/2024\/03\/francos.jpg\",\"width\":960,\"height\":640},{\"@type\":\"BreadcrumbList\",\"@id\":\"https:\/\/www.noticiasradioreflejos.com.ar\/2021\/diputados-buscan-destituir-a-francos-por-incumplir-con-la-vigente-ley-de-emergencia-en-discapacidad\/#breadcrumb\",\"itemListElement\":[{\"@type\":\"ListItem\",\"position\":1,\"name\":\"Portada\",\"item\":\"https:\/\/www.noticiasradioreflejos.com.ar\/2021\/\"},{\"@type\":\"ListItem\",\"position\":2,\"name\":\"Diputados: buscan destituir a Francos por incumplir con la vigente Ley de Emergencia en Discapacidad\"}]},{\"@type\":\"WebSite\",\"@id\":\"https:\/\/www.noticiasradioreflejos.com.ar\/2021\/#website\",\"url\":\"https:\/\/www.noticiasradioreflejos.com.ar\/2021\/\",\"name\":\"Noticias Radio Reflejos\",\"description\":\"Las noticias de mi comarca\",\"potentialAction\":[{\"@type\":\"SearchAction\",\"target\":{\"@type\":\"EntryPoint\",\"urlTemplate\":\"https:\/\/www.noticiasradioreflejos.com.ar\/2021\/?s={search_term_string}\"},\"query-input\":{\"@type\":\"PropertyValueSpecification\",\"valueRequired\":true,\"valueName\":\"search_term_string\"}}],\"inLanguage\":\"es\"},{\"@type\":\"Person\",\"@id\":\"https:\/\/www.noticiasradioreflejos.com.ar\/2021\/#\/schema\/person\/ad82545263dcc5ec0996818884fd5fb1\",\"name\":\"Arnaldo Botto\",\"image\":{\"@type\":\"ImageObject\",\"inLanguage\":\"es\",\"@id\":\"https:\/\/www.noticiasradioreflejos.com.ar\/2021\/#\/schema\/person\/image\/\",\"url\":\"https:\/\/secure.gravatar.com\/avatar\/55cb5e37c1efa326397366e6974cb338056df65cb50e7d64d1cf314e87504837?s=96&d=mm&r=g\",\"contentUrl\":\"https:\/\/secure.gravatar.com\/avatar\/55cb5e37c1efa326397366e6974cb338056df65cb50e7d64d1cf314e87504837?s=96&d=mm&r=g\",\"caption\":\"Arnaldo Botto\"},\"url\":\"https:\/\/www.noticiasradioreflejos.com.ar\/2021\/author\/arnaldo\/\"}]}<\/script>\n<!-- \/ Yoast SEO plugin. -->","yoast_head_json":{"title":"Diputados: buscan destituir a Francos por incumplir con la vigente Ley de Emergencia en Discapacidad - Noticias Radio Reflejos","robots":{"index":"index","follow":"follow","max-snippet":"max-snippet:-1","max-image-preview":"max-image-preview:large","max-video-preview":"max-video-preview:-1"},"canonical":"https:\/\/www.noticiasradioreflejos.com.ar\/2021\/diputados-buscan-destituir-a-francos-por-incumplir-con-la-vigente-ley-de-emergencia-en-discapacidad\/","og_locale":"es_ES","og_type":"article","og_title":"Diputados: buscan destituir a Francos por incumplir con la vigente Ley de Emergencia en Discapacidad - Noticias Radio Reflejos","og_description":"Encuentro Federal present\u00f3 una moci\u00f3n de censura contra el jefe de Gabinete, quien corre peligro de ser removido de su cargo.","og_url":"https:\/\/www.noticiasradioreflejos.com.ar\/2021\/diputados-buscan-destituir-a-francos-por-incumplir-con-la-vigente-ley-de-emergencia-en-discapacidad\/","og_site_name":"Noticias Radio Reflejos","article_published_time":"2025-09-22T22:22:44+00:00","og_image":[{"width":960,"height":640,"url":"https:\/\/www.noticiasradioreflejos.com.ar\/2021\/wp-content\/uploads\/2024\/03\/francos.jpg","type":"image\/jpeg"}],"author":"Arnaldo Botto","twitter_card":"summary_large_image","schema":{"@context":"https:\/\/schema.org","@graph":[{"@type":"WebPage","@id":"https:\/\/www.noticiasradioreflejos.com.ar\/2021\/diputados-buscan-destituir-a-francos-por-incumplir-con-la-vigente-ley-de-emergencia-en-discapacidad\/","url":"https:\/\/www.noticiasradioreflejos.com.ar\/2021\/diputados-buscan-destituir-a-francos-por-incumplir-con-la-vigente-ley-de-emergencia-en-discapacidad\/","name":"Diputados: buscan destituir a Francos por incumplir con la vigente Ley de Emergencia en Discapacidad - Noticias Radio Reflejos","isPartOf":{"@id":"https:\/\/www.noticiasradioreflejos.com.ar\/2021\/#website"},"primaryImageOfPage":{"@id":"https:\/\/www.noticiasradioreflejos.com.ar\/2021\/diputados-buscan-destituir-a-francos-por-incumplir-con-la-vigente-ley-de-emergencia-en-discapacidad\/#primaryimage"},"image":{"@id":"https:\/\/www.noticiasradioreflejos.com.ar\/2021\/diputados-buscan-destituir-a-francos-por-incumplir-con-la-vigente-ley-de-emergencia-en-discapacidad\/#primaryimage"},"thumbnailUrl":"https:\/\/www.noticiasradioreflejos.com.ar\/2021\/wp-content\/uploads\/2024\/03\/francos.jpg","datePublished":"2025-09-22T22:22:44+00:00","author":{"@id":"https:\/\/www.noticiasradioreflejos.com.ar\/2021\/#\/schema\/person\/ad82545263dcc5ec0996818884fd5fb1"},"breadcrumb":{"@id":"https:\/\/www.noticiasradioreflejos.com.ar\/2021\/diputados-buscan-destituir-a-francos-por-incumplir-con-la-vigente-ley-de-emergencia-en-discapacidad\/#breadcrumb"},"inLanguage":"es","potentialAction":[{"@type":"ReadAction","target":["https:\/\/www.noticiasradioreflejos.com.ar\/2021\/diputados-buscan-destituir-a-francos-por-incumplir-con-la-vigente-ley-de-emergencia-en-discapacidad\/"]}]},{"@type":"ImageObject","inLanguage":"es","@id":"https:\/\/www.noticiasradioreflejos.com.ar\/2021\/diputados-buscan-destituir-a-francos-por-incumplir-con-la-vigente-ley-de-emergencia-en-discapacidad\/#primaryimage","url":"https:\/\/www.noticiasradioreflejos.com.ar\/2021\/wp-content\/uploads\/2024\/03\/francos.jpg","contentUrl":"https:\/\/www.noticiasradioreflejos.com.ar\/2021\/wp-content\/uploads\/2024\/03\/francos.jpg","width":960,"height":640},{"@type":"BreadcrumbList","@id":"https:\/\/www.noticiasradioreflejos.com.ar\/2021\/diputados-buscan-destituir-a-francos-por-incumplir-con-la-vigente-ley-de-emergencia-en-discapacidad\/#breadcrumb","itemListElement":[{"@type":"ListItem","position":1,"name":"Portada","item":"https:\/\/www.noticiasradioreflejos.com.ar\/2021\/"},{"@type":"ListItem","position":2,"name":"Diputados: buscan destituir a Francos por incumplir con la vigente Ley de Emergencia en Discapacidad"}]},{"@type":"WebSite","@id":"https:\/\/www.noticiasradioreflejos.com.ar\/2021\/#website","url":"https:\/\/www.noticiasradioreflejos.com.ar\/2021\/","name":"Noticias Radio Reflejos","description":"Las noticias de mi comarca","potentialAction":[{"@type":"SearchAction","target":{"@type":"EntryPoint","urlTemplate":"https:\/\/www.noticiasradioreflejos.com.ar\/2021\/?s={search_term_string}"},"query-input":{"@type":"PropertyValueSpecification","valueRequired":true,"valueName":"search_term_string"}}],"inLanguage":"es"},{"@type":"Person","@id":"https:\/\/www.noticiasradioreflejos.com.ar\/2021\/#\/schema\/person\/ad82545263dcc5ec0996818884fd5fb1","name":"Arnaldo Botto","image":{"@type":"ImageObject","inLanguage":"es","@id":"https:\/\/www.noticiasradioreflejos.com.ar\/2021\/#\/schema\/person\/image\/","url":"https:\/\/secure.gravatar.com\/avatar\/55cb5e37c1efa326397366e6974cb338056df65cb50e7d64d1cf314e87504837?s=96&d=mm&r=g","contentUrl":"https:\/\/secure.gravatar.com\/avatar\/55cb5e37c1efa326397366e6974cb338056df65cb50e7d64d1cf314e87504837?s=96&d=mm&r=g","caption":"Arnaldo Botto"},"url":"https:\/\/www.noticiasradioreflejos.com.ar\/2021\/author\/arnaldo\/"}]}},"_links":{"self":[{"href":"https:\/\/www.noticiasradioreflejos.com.ar\/2021\/wp-json\/wp\/v2\/posts\/125462","targetHints":{"allow":["GET"]}}],"collection":[{"href":"https:\/\/www.noticiasradioreflejos.com.ar\/2021\/wp-json\/wp\/v2\/posts"}],"about":[{"href":"https:\/\/www.noticiasradioreflejos.com.ar\/2021\/wp-json\/wp\/v2\/types\/post"}],"author":[{"embeddable":true,"href":"https:\/\/www.noticiasradioreflejos.com.ar\/2021\/wp-json\/wp\/v2\/users\/3"}],"replies":[{"embeddable":true,"href":"https:\/\/www.noticiasradioreflejos.com.ar\/2021\/wp-json\/wp\/v2\/comments?post=125462"}],"version-history":[{"count":1,"href":"https:\/\/www.noticiasradioreflejos.com.ar\/2021\/wp-json\/wp\/v2\/posts\/125462\/revisions"}],"predecessor-version":[{"id":125463,"href":"https:\/\/www.noticiasradioreflejos.com.ar\/2021\/wp-json\/wp\/v2\/posts\/125462\/revisions\/125463"}],"wp:featuredmedia":[{"embeddable":true,"href":"https:\/\/www.noticiasradioreflejos.com.ar\/2021\/wp-json\/wp\/v2\/media\/99814"}],"wp:attachment":[{"href":"https:\/\/www.noticiasradioreflejos.com.ar\/2021\/wp-json\/wp\/v2\/media?parent=125462"}],"wp:term":[{"taxonomy":"category","embeddable":true,"href":"https:\/\/www.noticiasradioreflejos.com.ar\/2021\/wp-json\/wp\/v2\/categories?post=125462"},{"taxonomy":"post_tag","embeddable":true,"href":"https:\/\/www.noticiasradioreflejos.com.ar\/2021\/wp-json\/wp\/v2\/tags?post=125462"}],"curies":[{"name":"wp","href":"https:\/\/api.w.org\/{rel}","templated":true}]}}