{"id":125456,"date":"2025-09-22T18:55:53","date_gmt":"2025-09-22T21:55:53","guid":{"rendered":"https:\/\/www.noticiasradioreflejos.com.ar\/2021\/?p=125456"},"modified":"2025-09-22T18:55:59","modified_gmt":"2025-09-22T21:55:59","slug":"este-finde-el-pueblo-del-millon-de-arboles-cumple-129-anos","status":"publish","type":"post","link":"https:\/\/www.noticiasradioreflejos.com.ar\/2021\/este-finde-el-pueblo-del-millon-de-arboles-cumple-129-anos\/","title":{"rendered":"Este finde el pueblo del mill\u00f3n de arboles cumple 129 a\u00f1os"},"content":{"rendered":"<p>Sin lagos ni monta\u00f1as, hace m\u00e1s de un siglo atr\u00e1s, alguien pens\u00f3 que era necesario un lugar donde plantar especies que ser\u00edan necesarias para arbolar el pa\u00eds. As\u00ed nace el pulm\u00f3n verde de la Provincia de Buenos Aires, el famoso pueblo del mill\u00f3n de \u00e1rboles que este mes cumple 129 a\u00f1os y se jacta de haber sido el que cultiv\u00f3 gran parte de los arbolados urbanos no s\u00f3lo bonaerenses sino de la Argentina.<!--more--><\/p>\n<p>El peque\u00f1o gigante y peque\u00f1\u00edsimo pueblo donde apenas viven 300 personas, naci\u00f3 de una semilla y hoy es el pueblo m\u00e1s verde. Surgi\u00f3 pr\u00e1cticamente como vivero y, mir\u00e1ndolo desde el cielo, se ve como una mancha verde profundo por lo cual tambi\u00e9n se lo considera como un pulm\u00f3n bonaerense que late y crece cada a\u00f1o m\u00e1s.<\/p>\n<p>El pueblito rural est\u00e1 ubicado a tan solo 178 km de la Plaza de los Dos Congresos, en CABA, y 15 km al noreste de la ciudad de Saladillo, ingresando por el km 171 de la Ruta Nacional 205 y el acceso Gobernador Dr. Alejandro Armend\u00e1riz.<\/p>\n<p><a href=\"https:\/\/www.noticiasradioreflejos.com.ar\/2021\/este-finde-el-pueblo-del-millon-de-arboles-cumple-129-anos\/cazon-1-2\/\" rel=\"attachment wp-att-125459\"><img loading=\"lazy\" decoding=\"async\" class=\"aligncenter size-full wp-image-125459\" src=\"https:\/\/www.noticiasradioreflejos.com.ar\/2021\/wp-content\/uploads\/2025\/09\/Cazon-1-scaled.jpg\" alt=\"\" width=\"2560\" height=\"1709\" srcset=\"https:\/\/www.noticiasradioreflejos.com.ar\/2021\/wp-content\/uploads\/2025\/09\/Cazon-1-scaled.jpg 2560w, https:\/\/www.noticiasradioreflejos.com.ar\/2021\/wp-content\/uploads\/2025\/09\/Cazon-1-300x200.jpg 300w, https:\/\/www.noticiasradioreflejos.com.ar\/2021\/wp-content\/uploads\/2025\/09\/Cazon-1-1024x684.jpg 1024w, https:\/\/www.noticiasradioreflejos.com.ar\/2021\/wp-content\/uploads\/2025\/09\/Cazon-1-768x513.jpg 768w, https:\/\/www.noticiasradioreflejos.com.ar\/2021\/wp-content\/uploads\/2025\/09\/Cazon-1-1536x1025.jpg 1536w, https:\/\/www.noticiasradioreflejos.com.ar\/2021\/wp-content\/uploads\/2025\/09\/Cazon-1-2048x1367.jpg 2048w, https:\/\/www.noticiasradioreflejos.com.ar\/2021\/wp-content\/uploads\/2025\/09\/Cazon-1-750x501.jpg 750w, https:\/\/www.noticiasradioreflejos.com.ar\/2021\/wp-content\/uploads\/2025\/09\/Cazon-1-1140x761.jpg 1140w\" sizes=\"auto, (max-width: 2560px) 100vw, 2560px\" \/><\/a><\/p>\n<p>Hoy el centro neur\u00e1lgico de esta usina de plantas es el Vivero Municipal que ocupa 210 hect\u00e1reas y se denomina \u201cEduardo L. Holmberg\u201d desde 1910.<br \/>\n\u201cCaz\u00f3n es una arboleda frondosa enorme y alrededor de cuyo Vivero Municipal se fueron desarrollando viveros privados. Sus due\u00f1os pasaron aprendieron trabajando en nuestro vivero para luego iniciar sus propios emprendimientos familiares lo cual ha multiplicado nuestro espacio verde. El pa\u00eds ha comprado en nuestros viveros porque nuestra especialidad es el arbolado p\u00fablico. Casuarinas, fresnos, pl\u00e1tanos, pinos y otras especies embellecen las calles de muchas localidades y actualmente se trabaja mucho con los desarrollos urbanos\u201d, cuenta el Intendente Municipal, Jos\u00e9 Luis Salom\u00f3n.<\/p>\n<p>\u201cEl aniversario 129 se extender\u00e1 por todo el mes de setiembre y tendr\u00e1 su cierre el domingo 28 de septiembre. \u201cTodos los meses hacemos ferias y a veces alguna especial como la del D\u00eda del Ni\u00f1os, de la Madre, Navidad, pero este fin de semana festejamos en grande el aniversario del pueblo. En esta oportunidad las emprendedoras de Caz\u00f3n nos juntamos con AFESA y vamos a tener patio gastron\u00f3mico, artesanos y vendedores varios que vienen de la regi\u00f3n, estar\u00e1n participando las instituciones como la escuela Agropecuaria, el club, el Jard\u00edn, las actividades comienzan desde temprano y despu\u00e9s del mediod\u00eda habr\u00e1 desfile gaucho, un escenario con m\u00fasicos locales y zonales, un desfile de la escuela Fashion Models de Saladillo y un espectacular cierre con The Palmers, una banda tributo a Los Palmeras\u201d coment\u00f3 Sabrina Recalde, emprendedora que est\u00e1 a cargo de la organizaci\u00f3n de la fiesta popular, cuya entrada ser\u00e1 gratuita.<\/p>\n<p>Salom\u00f3n no puede ocultar su orgullo. \u201cHay un mill\u00f3n de \u00e1rboles en Caz\u00f3n, su caracter\u00edstica de pueblo viveril se puede decir que es \u00fanica ya que arranc\u00f3 con un vivero provincial que termin\u00f3 siendo municipal, de m\u00e1s de 200 hect\u00e1reas, de las cuales 40 est\u00e1n explotadas con arboledas mientras la otra est\u00e1 pertenece a una escuela agropecuaria que tiene tambo, una f\u00e1brica de quesos entre otras cosas.<br \/>\nCada vez m\u00e1s recibimos gente que se queda a pasar el fin de semana y para las fiestas y si bien el fuerte nuestro no es el turismo, la actividad viene creciendo como escapada, llegan el viernes y se quedan recorriendo hasta el domingo. So genero muchos nuevos emprendimientos como por ejemplo en Caz\u00f3n hay un domo, en Saladillo hay nuevas caba\u00f1as, varios restaurantes peque\u00f1os, atendidos por sus due\u00f1os. Caz\u00f3n es uno de los 30 pueblos tur\u00edsticos de la PBA y ofrece un recorrido autoguiado en el vivero donde se realizan safaris fotogr\u00e1ficos, avistajes de p\u00e1jaros, hay una base de campamento. Mucha gente se enamora del boulevard de casuarinas que llega hasta ah\u00ed. Para nosotros es normal pero cuando llega la gente se encanta de tantas formas en que se puede disfrutar el campo. Adem\u00e1s, Saladillo que es la cabecera del partido fue designada como Capital bonaerense del helic\u00f3ptero argentino. \u00danica en Sudam\u00e9rica. As\u00ed que hay mucho para ofrecer, pero sobre todo los invitamos a respirar oxigeno puro\u201d.<br \/>\nDurante el domingo tambi\u00e9n se ofrecer\u00e1 una caminata guiada durante la cual se visitar\u00e1n los sitios m\u00e1s ic\u00f3nicos del pueblo y se podr\u00e1 conocer m\u00e1s sobre su historia viveril.<br \/>\nEn Saladillo, cada d\u00eda se toman muy en serio el tema de los \u00e1rboles. De hecho, Caz\u00f3n es reconocido en todo el pa\u00eds como el \u201cpueblo del mill\u00f3n de \u00e1rboles\u201d. Un recorrido de fin de semana los invitar\u00e1 a conocer la gran cantidad de \u00e1rboles nativos como el omb\u00fa, ceiba, pehu\u00e9n, coronillo, algarrobo, array\u00e1n, jacarand\u00e1, tipa, y tambi\u00e9n ex\u00f3ticos como los eucaliptos, sauces, \u00e1lamos, robles, pl\u00e1tanos, pero tambi\u00e9n la vida cotidiana de un pueblo que no s\u00f3lo abre sus puertas, sino que comparte lo m\u00e1s valioso que se puede ofrecer: vida y naturaleza para todos.<br \/>\nDesaf\u00edo Caz\u00f3n<\/p>\n<p>Correr 8k en el pueblo del mill\u00f3n de \u00e1rboles<\/p>\n<p>El pr\u00f3ximo 16 de noviembre habr\u00e1 una experiencia \u00fanica y diferente en plena naturaleza, Saladillo Corre, una prueba de 8km denominada Desaf\u00edo Caz\u00f3n a beneficio del establecimiento educativo Instituto Ni\u00f1o Jes\u00fas. Se le sumar\u00e1 una corre-caminata participativa de 2 kil\u00f3metros, pensada para familias y ni\u00f1os.<\/p>\n<p>&nbsp;<\/p>\n<p><a href=\"https:\/\/www.noticiasradioreflejos.com.ar\/2021\/este-finde-el-pueblo-del-millon-de-arboles-cumple-129-anos\/cazon-2\/\" rel=\"attachment wp-att-125458\"><img loading=\"lazy\" decoding=\"async\" class=\"aligncenter size-full wp-image-125458\" src=\"https:\/\/www.noticiasradioreflejos.com.ar\/2021\/wp-content\/uploads\/2025\/09\/Cazon-2.jpeg\" alt=\"\" width=\"1080\" height=\"1064\" srcset=\"https:\/\/www.noticiasradioreflejos.com.ar\/2021\/wp-content\/uploads\/2025\/09\/Cazon-2.jpeg 1080w, https:\/\/www.noticiasradioreflejos.com.ar\/2021\/wp-content\/uploads\/2025\/09\/Cazon-2-300x296.jpeg 300w, https:\/\/www.noticiasradioreflejos.com.ar\/2021\/wp-content\/uploads\/2025\/09\/Cazon-2-1024x1009.jpeg 1024w, https:\/\/www.noticiasradioreflejos.com.ar\/2021\/wp-content\/uploads\/2025\/09\/Cazon-2-768x757.jpeg 768w, https:\/\/www.noticiasradioreflejos.com.ar\/2021\/wp-content\/uploads\/2025\/09\/Cazon-2-75x75.jpeg 75w, https:\/\/www.noticiasradioreflejos.com.ar\/2021\/wp-content\/uploads\/2025\/09\/Cazon-2-750x739.jpeg 750w\" sizes=\"auto, (max-width: 1080px) 100vw, 1080px\" \/><\/a><\/p>\n<p>Prensa<br \/>\n@PrensaCK<br \/>\n@soysandrakan<br \/>\n@cristelacicare<\/p>\n","protected":false},"excerpt":{"rendered":"<p>Sin lagos ni monta\u00f1as, hace m\u00e1s de un siglo atr\u00e1s, alguien pens\u00f3 que era necesario un lugar donde plantar especies que ser\u00edan necesarias para arbolar el pa\u00eds. As\u00ed nace el pulm\u00f3n verde de la Provincia de Buenos Aires, el famoso pueblo del mill\u00f3n de \u00e1rboles que este mes cumple 129 a\u00f1os y se jacta de [&hellip;]<\/p>\n","protected":false},"author":3,"featured_media":125457,"comment_status":"closed","ping_status":"closed","sticky":false,"template":"","format":"standard","meta":{"footnotes":""},"categories":[26,33],"tags":[],"class_list":["post-125456","post","type-post","status-publish","format-standard","has-post-thumbnail","hentry","category-sociedad","category-turismo"],"yoast_head":"<!-- This site is optimized with the Yoast SEO plugin v25.9 - https:\/\/yoast.com\/wordpress\/plugins\/seo\/ -->\n<title>Este finde el pueblo del mill\u00f3n de arboles cumple 129 a\u00f1os - Noticias Radio Reflejos<\/title>\n<meta name=\"robots\" content=\"index, follow, max-snippet:-1, max-image-preview:large, max-video-preview:-1\" \/>\n<link rel=\"canonical\" href=\"https:\/\/www.noticiasradioreflejos.com.ar\/2021\/este-finde-el-pueblo-del-millon-de-arboles-cumple-129-anos\/\" \/>\n<meta property=\"og:locale\" content=\"es_ES\" \/>\n<meta property=\"og:type\" content=\"article\" \/>\n<meta property=\"og:title\" content=\"Este finde el pueblo del mill\u00f3n de arboles cumple 129 a\u00f1os - Noticias Radio Reflejos\" \/>\n<meta property=\"og:description\" content=\"Sin lagos ni monta\u00f1as, hace m\u00e1s de un siglo atr\u00e1s, alguien pens\u00f3 que era necesario un lugar donde plantar especies que ser\u00edan necesarias para arbolar el pa\u00eds. As\u00ed nace el pulm\u00f3n verde de la Provincia de Buenos Aires, el famoso pueblo del mill\u00f3n de \u00e1rboles que este mes cumple 129 a\u00f1os y se jacta de [&hellip;]\" \/>\n<meta property=\"og:url\" content=\"https:\/\/www.noticiasradioreflejos.com.ar\/2021\/este-finde-el-pueblo-del-millon-de-arboles-cumple-129-anos\/\" \/>\n<meta property=\"og:site_name\" content=\"Noticias Radio Reflejos\" \/>\n<meta property=\"article:published_time\" content=\"2025-09-22T21:55:53+00:00\" \/>\n<meta property=\"article:modified_time\" content=\"2025-09-22T21:55:59+00:00\" \/>\n<meta property=\"og:image\" content=\"https:\/\/www.noticiasradioreflejos.com.ar\/2021\/wp-content\/uploads\/2025\/09\/Cazon-1.jpeg\" \/>\n\t<meta property=\"og:image:width\" content=\"1077\" \/>\n\t<meta property=\"og:image:height\" content=\"1067\" \/>\n\t<meta property=\"og:image:type\" content=\"image\/jpeg\" \/>\n<meta name=\"author\" content=\"Arnaldo Botto\" \/>\n<meta name=\"twitter:card\" content=\"summary_large_image\" \/>\n<script type=\"application\/ld+json\" class=\"yoast-schema-graph\">{\"@context\":\"https:\/\/schema.org\",\"@graph\":[{\"@type\":\"WebPage\",\"@id\":\"https:\/\/www.noticiasradioreflejos.com.ar\/2021\/este-finde-el-pueblo-del-millon-de-arboles-cumple-129-anos\/\",\"url\":\"https:\/\/www.noticiasradioreflejos.com.ar\/2021\/este-finde-el-pueblo-del-millon-de-arboles-cumple-129-anos\/\",\"name\":\"Este finde el pueblo del mill\u00f3n de arboles cumple 129 a\u00f1os - Noticias Radio Reflejos\",\"isPartOf\":{\"@id\":\"https:\/\/www.noticiasradioreflejos.com.ar\/2021\/#website\"},\"primaryImageOfPage\":{\"@id\":\"https:\/\/www.noticiasradioreflejos.com.ar\/2021\/este-finde-el-pueblo-del-millon-de-arboles-cumple-129-anos\/#primaryimage\"},\"image\":{\"@id\":\"https:\/\/www.noticiasradioreflejos.com.ar\/2021\/este-finde-el-pueblo-del-millon-de-arboles-cumple-129-anos\/#primaryimage\"},\"thumbnailUrl\":\"https:\/\/www.noticiasradioreflejos.com.ar\/2021\/wp-content\/uploads\/2025\/09\/Cazon-1.jpeg\",\"datePublished\":\"2025-09-22T21:55:53+00:00\",\"dateModified\":\"2025-09-22T21:55:59+00:00\",\"author\":{\"@id\":\"https:\/\/www.noticiasradioreflejos.com.ar\/2021\/#\/schema\/person\/ad82545263dcc5ec0996818884fd5fb1\"},\"breadcrumb\":{\"@id\":\"https:\/\/www.noticiasradioreflejos.com.ar\/2021\/este-finde-el-pueblo-del-millon-de-arboles-cumple-129-anos\/#breadcrumb\"},\"inLanguage\":\"es\",\"potentialAction\":[{\"@type\":\"ReadAction\",\"target\":[\"https:\/\/www.noticiasradioreflejos.com.ar\/2021\/este-finde-el-pueblo-del-millon-de-arboles-cumple-129-anos\/\"]}]},{\"@type\":\"ImageObject\",\"inLanguage\":\"es\",\"@id\":\"https:\/\/www.noticiasradioreflejos.com.ar\/2021\/este-finde-el-pueblo-del-millon-de-arboles-cumple-129-anos\/#primaryimage\",\"url\":\"https:\/\/www.noticiasradioreflejos.com.ar\/2021\/wp-content\/uploads\/2025\/09\/Cazon-1.jpeg\",\"contentUrl\":\"https:\/\/www.noticiasradioreflejos.com.ar\/2021\/wp-content\/uploads\/2025\/09\/Cazon-1.jpeg\",\"width\":1077,\"height\":1067},{\"@type\":\"BreadcrumbList\",\"@id\":\"https:\/\/www.noticiasradioreflejos.com.ar\/2021\/este-finde-el-pueblo-del-millon-de-arboles-cumple-129-anos\/#breadcrumb\",\"itemListElement\":[{\"@type\":\"ListItem\",\"position\":1,\"name\":\"Portada\",\"item\":\"https:\/\/www.noticiasradioreflejos.com.ar\/2021\/\"},{\"@type\":\"ListItem\",\"position\":2,\"name\":\"Este finde el pueblo del mill\u00f3n de arboles cumple 129 a\u00f1os\"}]},{\"@type\":\"WebSite\",\"@id\":\"https:\/\/www.noticiasradioreflejos.com.ar\/2021\/#website\",\"url\":\"https:\/\/www.noticiasradioreflejos.com.ar\/2021\/\",\"name\":\"Noticias Radio Reflejos\",\"description\":\"Las noticias de mi comarca\",\"potentialAction\":[{\"@type\":\"SearchAction\",\"target\":{\"@type\":\"EntryPoint\",\"urlTemplate\":\"https:\/\/www.noticiasradioreflejos.com.ar\/2021\/?s={search_term_string}\"},\"query-input\":{\"@type\":\"PropertyValueSpecification\",\"valueRequired\":true,\"valueName\":\"search_term_string\"}}],\"inLanguage\":\"es\"},{\"@type\":\"Person\",\"@id\":\"https:\/\/www.noticiasradioreflejos.com.ar\/2021\/#\/schema\/person\/ad82545263dcc5ec0996818884fd5fb1\",\"name\":\"Arnaldo Botto\",\"image\":{\"@type\":\"ImageObject\",\"inLanguage\":\"es\",\"@id\":\"https:\/\/www.noticiasradioreflejos.com.ar\/2021\/#\/schema\/person\/image\/\",\"url\":\"https:\/\/secure.gravatar.com\/avatar\/55cb5e37c1efa326397366e6974cb338056df65cb50e7d64d1cf314e87504837?s=96&d=mm&r=g\",\"contentUrl\":\"https:\/\/secure.gravatar.com\/avatar\/55cb5e37c1efa326397366e6974cb338056df65cb50e7d64d1cf314e87504837?s=96&d=mm&r=g\",\"caption\":\"Arnaldo Botto\"},\"url\":\"https:\/\/www.noticiasradioreflejos.com.ar\/2021\/author\/arnaldo\/\"}]}<\/script>\n<!-- \/ Yoast SEO plugin. -->","yoast_head_json":{"title":"Este finde el pueblo del mill\u00f3n de arboles cumple 129 a\u00f1os - Noticias Radio Reflejos","robots":{"index":"index","follow":"follow","max-snippet":"max-snippet:-1","max-image-preview":"max-image-preview:large","max-video-preview":"max-video-preview:-1"},"canonical":"https:\/\/www.noticiasradioreflejos.com.ar\/2021\/este-finde-el-pueblo-del-millon-de-arboles-cumple-129-anos\/","og_locale":"es_ES","og_type":"article","og_title":"Este finde el pueblo del mill\u00f3n de arboles cumple 129 a\u00f1os - Noticias Radio Reflejos","og_description":"Sin lagos ni monta\u00f1as, hace m\u00e1s de un siglo atr\u00e1s, alguien pens\u00f3 que era necesario un lugar donde plantar especies que ser\u00edan necesarias para arbolar el pa\u00eds. As\u00ed nace el pulm\u00f3n verde de la Provincia de Buenos Aires, el famoso pueblo del mill\u00f3n de \u00e1rboles que este mes cumple 129 a\u00f1os y se jacta de [&hellip;]","og_url":"https:\/\/www.noticiasradioreflejos.com.ar\/2021\/este-finde-el-pueblo-del-millon-de-arboles-cumple-129-anos\/","og_site_name":"Noticias Radio Reflejos","article_published_time":"2025-09-22T21:55:53+00:00","article_modified_time":"2025-09-22T21:55:59+00:00","og_image":[{"width":1077,"height":1067,"url":"https:\/\/www.noticiasradioreflejos.com.ar\/2021\/wp-content\/uploads\/2025\/09\/Cazon-1.jpeg","type":"image\/jpeg"}],"author":"Arnaldo Botto","twitter_card":"summary_large_image","schema":{"@context":"https:\/\/schema.org","@graph":[{"@type":"WebPage","@id":"https:\/\/www.noticiasradioreflejos.com.ar\/2021\/este-finde-el-pueblo-del-millon-de-arboles-cumple-129-anos\/","url":"https:\/\/www.noticiasradioreflejos.com.ar\/2021\/este-finde-el-pueblo-del-millon-de-arboles-cumple-129-anos\/","name":"Este finde el pueblo del mill\u00f3n de arboles cumple 129 a\u00f1os - Noticias Radio Reflejos","isPartOf":{"@id":"https:\/\/www.noticiasradioreflejos.com.ar\/2021\/#website"},"primaryImageOfPage":{"@id":"https:\/\/www.noticiasradioreflejos.com.ar\/2021\/este-finde-el-pueblo-del-millon-de-arboles-cumple-129-anos\/#primaryimage"},"image":{"@id":"https:\/\/www.noticiasradioreflejos.com.ar\/2021\/este-finde-el-pueblo-del-millon-de-arboles-cumple-129-anos\/#primaryimage"},"thumbnailUrl":"https:\/\/www.noticiasradioreflejos.com.ar\/2021\/wp-content\/uploads\/2025\/09\/Cazon-1.jpeg","datePublished":"2025-09-22T21:55:53+00:00","dateModified":"2025-09-22T21:55:59+00:00","author":{"@id":"https:\/\/www.noticiasradioreflejos.com.ar\/2021\/#\/schema\/person\/ad82545263dcc5ec0996818884fd5fb1"},"breadcrumb":{"@id":"https:\/\/www.noticiasradioreflejos.com.ar\/2021\/este-finde-el-pueblo-del-millon-de-arboles-cumple-129-anos\/#breadcrumb"},"inLanguage":"es","potentialAction":[{"@type":"ReadAction","target":["https:\/\/www.noticiasradioreflejos.com.ar\/2021\/este-finde-el-pueblo-del-millon-de-arboles-cumple-129-anos\/"]}]},{"@type":"ImageObject","inLanguage":"es","@id":"https:\/\/www.noticiasradioreflejos.com.ar\/2021\/este-finde-el-pueblo-del-millon-de-arboles-cumple-129-anos\/#primaryimage","url":"https:\/\/www.noticiasradioreflejos.com.ar\/2021\/wp-content\/uploads\/2025\/09\/Cazon-1.jpeg","contentUrl":"https:\/\/www.noticiasradioreflejos.com.ar\/2021\/wp-content\/uploads\/2025\/09\/Cazon-1.jpeg","width":1077,"height":1067},{"@type":"BreadcrumbList","@id":"https:\/\/www.noticiasradioreflejos.com.ar\/2021\/este-finde-el-pueblo-del-millon-de-arboles-cumple-129-anos\/#breadcrumb","itemListElement":[{"@type":"ListItem","position":1,"name":"Portada","item":"https:\/\/www.noticiasradioreflejos.com.ar\/2021\/"},{"@type":"ListItem","position":2,"name":"Este finde el pueblo del mill\u00f3n de arboles cumple 129 a\u00f1os"}]},{"@type":"WebSite","@id":"https:\/\/www.noticiasradioreflejos.com.ar\/2021\/#website","url":"https:\/\/www.noticiasradioreflejos.com.ar\/2021\/","name":"Noticias Radio Reflejos","description":"Las noticias de mi comarca","potentialAction":[{"@type":"SearchAction","target":{"@type":"EntryPoint","urlTemplate":"https:\/\/www.noticiasradioreflejos.com.ar\/2021\/?s={search_term_string}"},"query-input":{"@type":"PropertyValueSpecification","valueRequired":true,"valueName":"search_term_string"}}],"inLanguage":"es"},{"@type":"Person","@id":"https:\/\/www.noticiasradioreflejos.com.ar\/2021\/#\/schema\/person\/ad82545263dcc5ec0996818884fd5fb1","name":"Arnaldo Botto","image":{"@type":"ImageObject","inLanguage":"es","@id":"https:\/\/www.noticiasradioreflejos.com.ar\/2021\/#\/schema\/person\/image\/","url":"https:\/\/secure.gravatar.com\/avatar\/55cb5e37c1efa326397366e6974cb338056df65cb50e7d64d1cf314e87504837?s=96&d=mm&r=g","contentUrl":"https:\/\/secure.gravatar.com\/avatar\/55cb5e37c1efa326397366e6974cb338056df65cb50e7d64d1cf314e87504837?s=96&d=mm&r=g","caption":"Arnaldo Botto"},"url":"https:\/\/www.noticiasradioreflejos.com.ar\/2021\/author\/arnaldo\/"}]}},"_links":{"self":[{"href":"https:\/\/www.noticiasradioreflejos.com.ar\/2021\/wp-json\/wp\/v2\/posts\/125456","targetHints":{"allow":["GET"]}}],"collection":[{"href":"https:\/\/www.noticiasradioreflejos.com.ar\/2021\/wp-json\/wp\/v2\/posts"}],"about":[{"href":"https:\/\/www.noticiasradioreflejos.com.ar\/2021\/wp-json\/wp\/v2\/types\/post"}],"author":[{"embeddable":true,"href":"https:\/\/www.noticiasradioreflejos.com.ar\/2021\/wp-json\/wp\/v2\/users\/3"}],"replies":[{"embeddable":true,"href":"https:\/\/www.noticiasradioreflejos.com.ar\/2021\/wp-json\/wp\/v2\/comments?post=125456"}],"version-history":[{"count":2,"href":"https:\/\/www.noticiasradioreflejos.com.ar\/2021\/wp-json\/wp\/v2\/posts\/125456\/revisions"}],"predecessor-version":[{"id":125461,"href":"https:\/\/www.noticiasradioreflejos.com.ar\/2021\/wp-json\/wp\/v2\/posts\/125456\/revisions\/125461"}],"wp:featuredmedia":[{"embeddable":true,"href":"https:\/\/www.noticiasradioreflejos.com.ar\/2021\/wp-json\/wp\/v2\/media\/125457"}],"wp:attachment":[{"href":"https:\/\/www.noticiasradioreflejos.com.ar\/2021\/wp-json\/wp\/v2\/media?parent=125456"}],"wp:term":[{"taxonomy":"category","embeddable":true,"href":"https:\/\/www.noticiasradioreflejos.com.ar\/2021\/wp-json\/wp\/v2\/categories?post=125456"},{"taxonomy":"post_tag","embeddable":true,"href":"https:\/\/www.noticiasradioreflejos.com.ar\/2021\/wp-json\/wp\/v2\/tags?post=125456"}],"curies":[{"name":"wp","href":"https:\/\/api.w.org\/{rel}","templated":true}]}}