{"id":125260,"date":"2025-09-18T17:04:06","date_gmt":"2025-09-18T20:04:06","guid":{"rendered":"https:\/\/www.noticiasradioreflejos.com.ar\/2021\/?p=125260"},"modified":"2025-09-18T17:04:06","modified_gmt":"2025-09-18T20:04:06","slug":"la-justicia-detecta-sobreprecios-y-direccionamiento-en-contratos-con-suizo-argentina","status":"publish","type":"post","link":"https:\/\/www.noticiasradioreflejos.com.ar\/2021\/la-justicia-detecta-sobreprecios-y-direccionamiento-en-contratos-con-suizo-argentina\/","title":{"rendered":"La Justicia detecta sobreprecios y direccionamiento en contratos con Suizo Argentina"},"content":{"rendered":"<p>La investigaci\u00f3n de la ANDIS revela \u201cirregularidades\u201d, \u201csobreprecios\u201d y \u201cdireccionamiento\u201d en contratos, especialmente con la droguer\u00eda Suizo Argentina.<!--more--><\/p>\n<div class=\"columns\" data-tadevel-template=\"web\/article-columns\">\n<div class=\"column-main\">\n<div class=\"article-body\" data-tadevel-template=\"web\/article-body\">\n<div class=\"article-body-content\">\n<p>La investigaci\u00f3n por presuntas coimas en la\u00a0<strong>Agencia Nacional de Discapacidad (ANDIS)<\/strong>\u00a0comenz\u00f3 a arrojar sus primeras conclusiones preliminares, revelando\u00a0<strong>\u00abirregularidades\u00bb<\/strong>\u00a0en el organismo estatal y la sospecha de\u00a0<strong>\u00abposibles sobreprecios y direccionamiento en las contrataciones\u00bb<\/strong>. As\u00ed lo confirm\u00f3 a\u00a0<strong>TN<\/strong>\u00a0el periodista\u00a0<strong>Bruno Yacono<\/strong>, quien indic\u00f3 que la Justicia est\u00e1 poniendo el foco en los v\u00ednculos comerciales entre la ANDIS y la droguer\u00eda\u00a0<strong>Suizo Argentina<\/strong>.<\/p>\n<p>Tras el levantamiento del secreto de sumario, los investigadores, bajo la \u00f3rbita del juez federal Sebasti\u00e1n Casanello, est\u00e1n revisando la prueba recolectada y ya tienen \u00abindicios de direccionamiento y de compras por encima del valor de mercado\u00bb, seg\u00fan una fuente judicial citada por Yacono. La causa, que involucra a\u00a0<strong>Diego Spagnuolo<\/strong>, extitular de la ANDIS, y a los hermanos\u00a0<strong>Kovalivker<\/strong>, due\u00f1os de Suizo Argentina, entra en una fase clave.<\/p>\n<h3>Los celulares de los Kovalivker y la expectativa por un \u00abarrepentido\u00bb<\/h3>\n<p>Uno de los principales desaf\u00edos que enfrenta la Justicia es la imposibilidad, por ahora, de acceder al contenido de los\u00a0<strong>celulares de los hermanos Jonathan y Emanuel Kovalivker<\/strong>. El an\u00e1lisis forense de esos dispositivos es considerado \u00abclave\u00bb para corroborar si existi\u00f3 un esquema de retorno de dinero a cambio de adjudicaciones con supuestos sobreprecios.<\/p>\n<p>Mientras tanto, Spagnuolo, quien al asumir hab\u00eda declarado un patrimonio de apenas 25 mil d\u00f3lares y en su domicilio se encontraron 80 mil d\u00f3lares y 2000 euros en efectivo, sigue sin designar nuevo abogado. Esta situaci\u00f3n genera \u00abincertidumbre\u00bb sobre sus pr\u00f3ximos movimientos, especialmente la posibilidad de que se presente como\u00a0<strong>imputado colaborador<\/strong>\u00a0y revele informaci\u00f3n sobre el \u00absistema de coimas\u00bb y sus posibles ramificaciones en el \u00abc\u00edrculo m\u00e1s estrecho del gobierno de Javier Milei\u00bb.<\/p>\n<h3>Avances en la investigaci\u00f3n: de los barrios privados a Suizo Argentina<\/h3>\n<p>Aunque el celular del exn\u00famero dos de la ANDIS, Daniel Garbellini, \u00abno arroj\u00f3 nada muy interesante\u00bb, la Justicia analiza el registro de ingresos a los barrios privados donde viv\u00edan Garbellini y Spagnuolo para detectar posibles visitas de empresarios y funcionarios.<\/p>\n<p>En paralelo, los peritos avanzan con el an\u00e1lisis de la documentaci\u00f3n en papel, archivos digitales y correos electr\u00f3nicos. Tambi\u00e9n se encuentra pendiente el acceso al servidor de Suizo Argentina, un procedimiento t\u00e9cnico de alta complejidad que podr\u00eda demorar varios d\u00edas m\u00e1s. La Procuradur\u00eda de Investigaciones Administrativas (PIA) y una auditor\u00eda interna en el Gobierno contin\u00faan evaluando los contratos, mientras los Kovalivker insisten en la legalidad de sus operaciones.<\/p>\n<\/div>\n<\/div>\n<\/div>\n<\/div>\n","protected":false},"excerpt":{"rendered":"<p>La investigaci\u00f3n de la ANDIS revela \u201cirregularidades\u201d, \u201csobreprecios\u201d y \u201cdireccionamiento\u201d en contratos, especialmente con la droguer\u00eda Suizo Argentina.<\/p>\n","protected":false},"author":3,"featured_media":125262,"comment_status":"closed","ping_status":"closed","sticky":false,"template":"","format":"standard","meta":{"footnotes":""},"categories":[57],"tags":[],"class_list":["post-125260","post","type-post","status-publish","format-standard","has-post-thumbnail","hentry","category-judiciales"],"yoast_head":"<!-- This site is optimized with the Yoast SEO plugin v25.9 - https:\/\/yoast.com\/wordpress\/plugins\/seo\/ -->\n<title>La Justicia detecta sobreprecios y direccionamiento en contratos con Suizo Argentina - Noticias Radio Reflejos<\/title>\n<meta name=\"robots\" content=\"index, follow, max-snippet:-1, max-image-preview:large, max-video-preview:-1\" \/>\n<link rel=\"canonical\" href=\"https:\/\/www.noticiasradioreflejos.com.ar\/2021\/la-justicia-detecta-sobreprecios-y-direccionamiento-en-contratos-con-suizo-argentina\/\" \/>\n<meta property=\"og:locale\" content=\"es_ES\" \/>\n<meta property=\"og:type\" content=\"article\" \/>\n<meta property=\"og:title\" content=\"La Justicia detecta sobreprecios y direccionamiento en contratos con Suizo Argentina - Noticias Radio Reflejos\" \/>\n<meta property=\"og:description\" content=\"La investigaci\u00f3n de la ANDIS revela \u201cirregularidades\u201d, \u201csobreprecios\u201d y \u201cdireccionamiento\u201d en contratos, especialmente con la droguer\u00eda Suizo Argentina.\" \/>\n<meta property=\"og:url\" content=\"https:\/\/www.noticiasradioreflejos.com.ar\/2021\/la-justicia-detecta-sobreprecios-y-direccionamiento-en-contratos-con-suizo-argentina\/\" \/>\n<meta property=\"og:site_name\" content=\"Noticias Radio Reflejos\" \/>\n<meta property=\"article:published_time\" content=\"2025-09-18T20:04:06+00:00\" \/>\n<meta property=\"og:image\" content=\"https:\/\/www.noticiasradioreflejos.com.ar\/2021\/wp-content\/uploads\/2025\/09\/Coimas-Suizo.jpg\" \/>\n\t<meta property=\"og:image:width\" content=\"630\" \/>\n\t<meta property=\"og:image:height\" content=\"358\" \/>\n\t<meta property=\"og:image:type\" content=\"image\/jpeg\" \/>\n<meta name=\"author\" content=\"Arnaldo Botto\" \/>\n<meta name=\"twitter:card\" content=\"summary_large_image\" \/>\n<script type=\"application\/ld+json\" class=\"yoast-schema-graph\">{\"@context\":\"https:\/\/schema.org\",\"@graph\":[{\"@type\":\"WebPage\",\"@id\":\"https:\/\/www.noticiasradioreflejos.com.ar\/2021\/la-justicia-detecta-sobreprecios-y-direccionamiento-en-contratos-con-suizo-argentina\/\",\"url\":\"https:\/\/www.noticiasradioreflejos.com.ar\/2021\/la-justicia-detecta-sobreprecios-y-direccionamiento-en-contratos-con-suizo-argentina\/\",\"name\":\"La Justicia detecta sobreprecios y direccionamiento en contratos con Suizo Argentina - Noticias Radio Reflejos\",\"isPartOf\":{\"@id\":\"https:\/\/www.noticiasradioreflejos.com.ar\/2021\/#website\"},\"primaryImageOfPage\":{\"@id\":\"https:\/\/www.noticiasradioreflejos.com.ar\/2021\/la-justicia-detecta-sobreprecios-y-direccionamiento-en-contratos-con-suizo-argentina\/#primaryimage\"},\"image\":{\"@id\":\"https:\/\/www.noticiasradioreflejos.com.ar\/2021\/la-justicia-detecta-sobreprecios-y-direccionamiento-en-contratos-con-suizo-argentina\/#primaryimage\"},\"thumbnailUrl\":\"https:\/\/www.noticiasradioreflejos.com.ar\/2021\/wp-content\/uploads\/2025\/09\/Coimas-Suizo.jpg\",\"datePublished\":\"2025-09-18T20:04:06+00:00\",\"author\":{\"@id\":\"https:\/\/www.noticiasradioreflejos.com.ar\/2021\/#\/schema\/person\/ad82545263dcc5ec0996818884fd5fb1\"},\"breadcrumb\":{\"@id\":\"https:\/\/www.noticiasradioreflejos.com.ar\/2021\/la-justicia-detecta-sobreprecios-y-direccionamiento-en-contratos-con-suizo-argentina\/#breadcrumb\"},\"inLanguage\":\"es\",\"potentialAction\":[{\"@type\":\"ReadAction\",\"target\":[\"https:\/\/www.noticiasradioreflejos.com.ar\/2021\/la-justicia-detecta-sobreprecios-y-direccionamiento-en-contratos-con-suizo-argentina\/\"]}]},{\"@type\":\"ImageObject\",\"inLanguage\":\"es\",\"@id\":\"https:\/\/www.noticiasradioreflejos.com.ar\/2021\/la-justicia-detecta-sobreprecios-y-direccionamiento-en-contratos-con-suizo-argentina\/#primaryimage\",\"url\":\"https:\/\/www.noticiasradioreflejos.com.ar\/2021\/wp-content\/uploads\/2025\/09\/Coimas-Suizo.jpg\",\"contentUrl\":\"https:\/\/www.noticiasradioreflejos.com.ar\/2021\/wp-content\/uploads\/2025\/09\/Coimas-Suizo.jpg\",\"width\":630,\"height\":358},{\"@type\":\"BreadcrumbList\",\"@id\":\"https:\/\/www.noticiasradioreflejos.com.ar\/2021\/la-justicia-detecta-sobreprecios-y-direccionamiento-en-contratos-con-suizo-argentina\/#breadcrumb\",\"itemListElement\":[{\"@type\":\"ListItem\",\"position\":1,\"name\":\"Portada\",\"item\":\"https:\/\/www.noticiasradioreflejos.com.ar\/2021\/\"},{\"@type\":\"ListItem\",\"position\":2,\"name\":\"La Justicia detecta sobreprecios y direccionamiento en contratos con Suizo Argentina\"}]},{\"@type\":\"WebSite\",\"@id\":\"https:\/\/www.noticiasradioreflejos.com.ar\/2021\/#website\",\"url\":\"https:\/\/www.noticiasradioreflejos.com.ar\/2021\/\",\"name\":\"Noticias Radio Reflejos\",\"description\":\"Las noticias de mi comarca\",\"potentialAction\":[{\"@type\":\"SearchAction\",\"target\":{\"@type\":\"EntryPoint\",\"urlTemplate\":\"https:\/\/www.noticiasradioreflejos.com.ar\/2021\/?s={search_term_string}\"},\"query-input\":{\"@type\":\"PropertyValueSpecification\",\"valueRequired\":true,\"valueName\":\"search_term_string\"}}],\"inLanguage\":\"es\"},{\"@type\":\"Person\",\"@id\":\"https:\/\/www.noticiasradioreflejos.com.ar\/2021\/#\/schema\/person\/ad82545263dcc5ec0996818884fd5fb1\",\"name\":\"Arnaldo Botto\",\"image\":{\"@type\":\"ImageObject\",\"inLanguage\":\"es\",\"@id\":\"https:\/\/www.noticiasradioreflejos.com.ar\/2021\/#\/schema\/person\/image\/\",\"url\":\"https:\/\/secure.gravatar.com\/avatar\/55cb5e37c1efa326397366e6974cb338056df65cb50e7d64d1cf314e87504837?s=96&d=mm&r=g\",\"contentUrl\":\"https:\/\/secure.gravatar.com\/avatar\/55cb5e37c1efa326397366e6974cb338056df65cb50e7d64d1cf314e87504837?s=96&d=mm&r=g\",\"caption\":\"Arnaldo Botto\"},\"url\":\"https:\/\/www.noticiasradioreflejos.com.ar\/2021\/author\/arnaldo\/\"}]}<\/script>\n<!-- \/ Yoast SEO plugin. -->","yoast_head_json":{"title":"La Justicia detecta sobreprecios y direccionamiento en contratos con Suizo Argentina - Noticias Radio Reflejos","robots":{"index":"index","follow":"follow","max-snippet":"max-snippet:-1","max-image-preview":"max-image-preview:large","max-video-preview":"max-video-preview:-1"},"canonical":"https:\/\/www.noticiasradioreflejos.com.ar\/2021\/la-justicia-detecta-sobreprecios-y-direccionamiento-en-contratos-con-suizo-argentina\/","og_locale":"es_ES","og_type":"article","og_title":"La Justicia detecta sobreprecios y direccionamiento en contratos con Suizo Argentina - Noticias Radio Reflejos","og_description":"La investigaci\u00f3n de la ANDIS revela \u201cirregularidades\u201d, \u201csobreprecios\u201d y \u201cdireccionamiento\u201d en contratos, especialmente con la droguer\u00eda Suizo Argentina.","og_url":"https:\/\/www.noticiasradioreflejos.com.ar\/2021\/la-justicia-detecta-sobreprecios-y-direccionamiento-en-contratos-con-suizo-argentina\/","og_site_name":"Noticias Radio Reflejos","article_published_time":"2025-09-18T20:04:06+00:00","og_image":[{"width":630,"height":358,"url":"https:\/\/www.noticiasradioreflejos.com.ar\/2021\/wp-content\/uploads\/2025\/09\/Coimas-Suizo.jpg","type":"image\/jpeg"}],"author":"Arnaldo Botto","twitter_card":"summary_large_image","schema":{"@context":"https:\/\/schema.org","@graph":[{"@type":"WebPage","@id":"https:\/\/www.noticiasradioreflejos.com.ar\/2021\/la-justicia-detecta-sobreprecios-y-direccionamiento-en-contratos-con-suizo-argentina\/","url":"https:\/\/www.noticiasradioreflejos.com.ar\/2021\/la-justicia-detecta-sobreprecios-y-direccionamiento-en-contratos-con-suizo-argentina\/","name":"La Justicia detecta sobreprecios y direccionamiento en contratos con Suizo Argentina - Noticias Radio Reflejos","isPartOf":{"@id":"https:\/\/www.noticiasradioreflejos.com.ar\/2021\/#website"},"primaryImageOfPage":{"@id":"https:\/\/www.noticiasradioreflejos.com.ar\/2021\/la-justicia-detecta-sobreprecios-y-direccionamiento-en-contratos-con-suizo-argentina\/#primaryimage"},"image":{"@id":"https:\/\/www.noticiasradioreflejos.com.ar\/2021\/la-justicia-detecta-sobreprecios-y-direccionamiento-en-contratos-con-suizo-argentina\/#primaryimage"},"thumbnailUrl":"https:\/\/www.noticiasradioreflejos.com.ar\/2021\/wp-content\/uploads\/2025\/09\/Coimas-Suizo.jpg","datePublished":"2025-09-18T20:04:06+00:00","author":{"@id":"https:\/\/www.noticiasradioreflejos.com.ar\/2021\/#\/schema\/person\/ad82545263dcc5ec0996818884fd5fb1"},"breadcrumb":{"@id":"https:\/\/www.noticiasradioreflejos.com.ar\/2021\/la-justicia-detecta-sobreprecios-y-direccionamiento-en-contratos-con-suizo-argentina\/#breadcrumb"},"inLanguage":"es","potentialAction":[{"@type":"ReadAction","target":["https:\/\/www.noticiasradioreflejos.com.ar\/2021\/la-justicia-detecta-sobreprecios-y-direccionamiento-en-contratos-con-suizo-argentina\/"]}]},{"@type":"ImageObject","inLanguage":"es","@id":"https:\/\/www.noticiasradioreflejos.com.ar\/2021\/la-justicia-detecta-sobreprecios-y-direccionamiento-en-contratos-con-suizo-argentina\/#primaryimage","url":"https:\/\/www.noticiasradioreflejos.com.ar\/2021\/wp-content\/uploads\/2025\/09\/Coimas-Suizo.jpg","contentUrl":"https:\/\/www.noticiasradioreflejos.com.ar\/2021\/wp-content\/uploads\/2025\/09\/Coimas-Suizo.jpg","width":630,"height":358},{"@type":"BreadcrumbList","@id":"https:\/\/www.noticiasradioreflejos.com.ar\/2021\/la-justicia-detecta-sobreprecios-y-direccionamiento-en-contratos-con-suizo-argentina\/#breadcrumb","itemListElement":[{"@type":"ListItem","position":1,"name":"Portada","item":"https:\/\/www.noticiasradioreflejos.com.ar\/2021\/"},{"@type":"ListItem","position":2,"name":"La Justicia detecta sobreprecios y direccionamiento en contratos con Suizo Argentina"}]},{"@type":"WebSite","@id":"https:\/\/www.noticiasradioreflejos.com.ar\/2021\/#website","url":"https:\/\/www.noticiasradioreflejos.com.ar\/2021\/","name":"Noticias Radio Reflejos","description":"Las noticias de mi comarca","potentialAction":[{"@type":"SearchAction","target":{"@type":"EntryPoint","urlTemplate":"https:\/\/www.noticiasradioreflejos.com.ar\/2021\/?s={search_term_string}"},"query-input":{"@type":"PropertyValueSpecification","valueRequired":true,"valueName":"search_term_string"}}],"inLanguage":"es"},{"@type":"Person","@id":"https:\/\/www.noticiasradioreflejos.com.ar\/2021\/#\/schema\/person\/ad82545263dcc5ec0996818884fd5fb1","name":"Arnaldo Botto","image":{"@type":"ImageObject","inLanguage":"es","@id":"https:\/\/www.noticiasradioreflejos.com.ar\/2021\/#\/schema\/person\/image\/","url":"https:\/\/secure.gravatar.com\/avatar\/55cb5e37c1efa326397366e6974cb338056df65cb50e7d64d1cf314e87504837?s=96&d=mm&r=g","contentUrl":"https:\/\/secure.gravatar.com\/avatar\/55cb5e37c1efa326397366e6974cb338056df65cb50e7d64d1cf314e87504837?s=96&d=mm&r=g","caption":"Arnaldo Botto"},"url":"https:\/\/www.noticiasradioreflejos.com.ar\/2021\/author\/arnaldo\/"}]}},"_links":{"self":[{"href":"https:\/\/www.noticiasradioreflejos.com.ar\/2021\/wp-json\/wp\/v2\/posts\/125260","targetHints":{"allow":["GET"]}}],"collection":[{"href":"https:\/\/www.noticiasradioreflejos.com.ar\/2021\/wp-json\/wp\/v2\/posts"}],"about":[{"href":"https:\/\/www.noticiasradioreflejos.com.ar\/2021\/wp-json\/wp\/v2\/types\/post"}],"author":[{"embeddable":true,"href":"https:\/\/www.noticiasradioreflejos.com.ar\/2021\/wp-json\/wp\/v2\/users\/3"}],"replies":[{"embeddable":true,"href":"https:\/\/www.noticiasradioreflejos.com.ar\/2021\/wp-json\/wp\/v2\/comments?post=125260"}],"version-history":[{"count":1,"href":"https:\/\/www.noticiasradioreflejos.com.ar\/2021\/wp-json\/wp\/v2\/posts\/125260\/revisions"}],"predecessor-version":[{"id":125263,"href":"https:\/\/www.noticiasradioreflejos.com.ar\/2021\/wp-json\/wp\/v2\/posts\/125260\/revisions\/125263"}],"wp:featuredmedia":[{"embeddable":true,"href":"https:\/\/www.noticiasradioreflejos.com.ar\/2021\/wp-json\/wp\/v2\/media\/125262"}],"wp:attachment":[{"href":"https:\/\/www.noticiasradioreflejos.com.ar\/2021\/wp-json\/wp\/v2\/media?parent=125260"}],"wp:term":[{"taxonomy":"category","embeddable":true,"href":"https:\/\/www.noticiasradioreflejos.com.ar\/2021\/wp-json\/wp\/v2\/categories?post=125260"},{"taxonomy":"post_tag","embeddable":true,"href":"https:\/\/www.noticiasradioreflejos.com.ar\/2021\/wp-json\/wp\/v2\/tags?post=125260"}],"curies":[{"name":"wp","href":"https:\/\/api.w.org\/{rel}","templated":true}]}}