{"id":125230,"date":"2025-09-18T17:25:00","date_gmt":"2025-09-18T20:25:00","guid":{"rendered":"https:\/\/www.noticiasradioreflejos.com.ar\/2021\/?p=125230"},"modified":"2025-09-18T19:31:34","modified_gmt":"2025-09-18T22:31:34","slug":"la-cooperativa-electrica-de-pergamino-91-anos-de-servicio-y-crecimiento","status":"publish","type":"post","link":"https:\/\/www.noticiasradioreflejos.com.ar\/2021\/la-cooperativa-electrica-de-pergamino-91-anos-de-servicio-y-crecimiento\/","title":{"rendered":"La Cooperativa El\u00e9ctrica de Pergamino: 91 a\u00f1os de servicio y crecimiento"},"content":{"rendered":"<p>En una nueva entrega del Portal de las Cooperativas; Claudio Fanucchi, gerente comercial de la cooperativa, destaca su envergadura y complejidad, con 45 mil medidores, 220 empleados y una facturaci\u00f3n anual de 5 mil millones de pesos.<!--more--><\/p>\n<p>La Cooperativa El\u00e9ctrica Limitada de Pergamino y Anexo es una de las instituciones m\u00e1s importantes y longevas de la regi\u00f3n. Con 91 a\u00f1os de historia, la cooperativa ha crecido y se ha consolidado como un actor fundamental en la provisi\u00f3n de servicios el\u00e9ctricos y sociales.\u00a0 La cooperativa tambi\u00e9n tiene una facturaci\u00f3n anual de 5 mil millones de pesos, lo que la convierte en una de las principales empresas de la regi\u00f3n.<\/p>\n<p><a href=\"https:\/\/www.noticiasradioreflejos.com.ar\/2021\/la-cooperativa-electrica-de-pergamino-91-anos-de-servicio-y-crecimiento\/senado-atn-1\/\" rel=\"attachment wp-att-125265\"><img loading=\"lazy\" decoding=\"async\" class=\"aligncenter size-full wp-image-125265\" src=\"https:\/\/www.noticiasradioreflejos.com.ar\/2021\/wp-content\/uploads\/2025\/09\/senado-ATN-1.jpg\" alt=\"\" width=\"1080\" height=\"566\" \/><\/a><\/p>\n<p>\u00abTenemos 45mil medidores que largamos a la calle, 220 empleados en total, somos bastante grande y movido\u00bb presenta Claudio a la Cooperativa El\u00e9ctrica Limitada de Pergamino y Anexo. \u00abLargamos 5mil millones de pesos a la calle con la facturaci\u00f3n y tenemos que recaudarlos. Desde que se normaliz\u00f3 y se actualizaron las tarifas, tenemos que cobrar lo que largamos aguas abajo\u00bb menciona una de las particularidades de la cooperativa. \u00abSomos la cooperativa que m\u00e1s distribuidoras tiene aguas abajo. Tenemos 11 cooperativas a las cuales tambi\u00e9n suministramos energ\u00eda que tambi\u00e9n distribuyen. De las 11, a 8 tambi\u00e9n le prestamos el servicio de sepelio\u00bb contin\u00faa, haciendo referencia a los servicios.<\/p>\n<p>&nbsp;<\/p>\n<p>\u00abAcabamos de cumplir 91 a\u00f1os, tenemos 45mil facturas en cuanto al servicio el\u00e9ctrico con 26mil 500 que salen adheridas a los servicios sociales. Ese servicio a la vez tiene un promedio de 70mil personas que tienen inscriptas a la sala velatoria. En la d\u00e9cada del 80 se hicieron las salas velatorias, de las cuales se van ampliando los servicios. Tambi\u00e9n tenemos un banco ortop\u00e9dico, una sala de primeros auxilios, hemos instalado recientemente el horno crematorio, hoy por hoy es el servicio que la gente m\u00e1s requiere, ha superado a los otros tradicionales, como de nicho\u00bb comparte los servicios que brinda la cooperativa. \u00abEl a\u00f1o pasado hicimos 3000 nichos en el predio del cementerio municipales. Les d\u00e1bamos planes de pago, se vendieron todos\u00bb contin\u00faa.<\/p>\n<p>En cuanto a inversiones, Claudio comparte: \u00abLa parte el\u00e9ctrica se suma pero la Provincia de Buenos Aires, por a\u00f1os, hemos tenido tarifas planchadas. Hemos trabajado con desinversi\u00f3n en veh\u00edculos, camiones doble cabina para transportar la cuadrilla a la calle, ten\u00edamos camionetas de la d\u00e9cada del 90. Hemos invertido en 8 camionetas, anillamos la parte de los comercios con medidores que tomamos directamente de la cooperativa. La figura del portero del edificio ha ido desapareciendo, a todos los edificios se han puesto concentradores que nos transmiten desde el edificio la lectura a la cooperativa. Hemos avanzado con esa tecnolog\u00eda, nunca es suficiente porque hay que readecuar circuitos con nuevas subestaciones, los barrios van creciendo\u00bb.<\/p>\n<p>\u00abEn el pa\u00eds tenes muchas cooperativas grandes, pero dentro del territorio de la Provincia estamos entre las m\u00e1s grandes y tambi\u00e9n entre las primeras\u00bb cierra la nota resaltando la larga labor de la Cooperativa El\u00e9ctrica Limitada de Pergamino y Anexo.<\/p>\n<audio class=\"wp-audio-shortcode\" id=\"audio-125230-1\" preload=\"none\" style=\"width: 100%;\" controls=\"controls\"><source type=\"audio\/mpeg\" src=\"https:\/\/www.noticiasradioreflejos.com.ar\/2021\/wp-content\/uploads\/2025\/09\/Claudio-Fanucchi-18-09.mp3?_=1\" \/><a href=\"https:\/\/www.noticiasradioreflejos.com.ar\/2021\/wp-content\/uploads\/2025\/09\/Claudio-Fanucchi-18-09.mp3\">https:\/\/www.noticiasradioreflejos.com.ar\/2021\/wp-content\/uploads\/2025\/09\/Claudio-Fanucchi-18-09.mp3<\/a><\/audio>\n<p><a href=\"https:\/\/www.noticiasradioreflejos.com.ar\/2021\/la-cooperativa-electrica-de-pergamino-91-anos-de-servicio-y-crecimiento\/celp-crematorio\/\" rel=\"attachment wp-att-125266\"><img loading=\"lazy\" decoding=\"async\" class=\"aligncenter size-full wp-image-125266\" src=\"https:\/\/www.noticiasradioreflejos.com.ar\/2021\/wp-content\/uploads\/2025\/09\/Celp-crematorio.jpg\" alt=\"\" width=\"1200\" height=\"1600\" \/><\/a><\/p>\n<p>&nbsp;<\/p>\n","protected":false},"excerpt":{"rendered":"<p>En una nueva entrega del Portal de las Cooperativas; Claudio Fanucchi, gerente comercial de la cooperativa, destaca su envergadura y complejidad, con 45 mil medidores, 220 empleados y una facturaci\u00f3n anual de 5 mil millones de pesos.<\/p>\n","protected":false},"author":3,"featured_media":125264,"comment_status":"closed","ping_status":"closed","sticky":false,"template":"","format":"standard","meta":{"footnotes":""},"categories":[26],"tags":[],"class_list":["post-125230","post","type-post","status-publish","format-standard","has-post-thumbnail","hentry","category-sociedad"],"yoast_head":"<!-- This site is optimized with the Yoast SEO plugin v25.9 - https:\/\/yoast.com\/wordpress\/plugins\/seo\/ -->\n<title>La Cooperativa El\u00e9ctrica de Pergamino: 91 a\u00f1os de servicio y crecimiento - Noticias Radio Reflejos<\/title>\n<meta name=\"robots\" content=\"index, follow, max-snippet:-1, max-image-preview:large, max-video-preview:-1\" \/>\n<link rel=\"canonical\" href=\"https:\/\/www.noticiasradioreflejos.com.ar\/2021\/la-cooperativa-electrica-de-pergamino-91-anos-de-servicio-y-crecimiento\/\" \/>\n<meta property=\"og:locale\" content=\"es_ES\" \/>\n<meta property=\"og:type\" content=\"article\" \/>\n<meta property=\"og:title\" content=\"La Cooperativa El\u00e9ctrica de Pergamino: 91 a\u00f1os de servicio y crecimiento - Noticias Radio Reflejos\" \/>\n<meta property=\"og:description\" content=\"En una nueva entrega del Portal de las Cooperativas; Claudio Fanucchi, gerente comercial de la cooperativa, destaca su envergadura y complejidad, con 45 mil medidores, 220 empleados y una facturaci\u00f3n anual de 5 mil millones de pesos.\" \/>\n<meta property=\"og:url\" content=\"https:\/\/www.noticiasradioreflejos.com.ar\/2021\/la-cooperativa-electrica-de-pergamino-91-anos-de-servicio-y-crecimiento\/\" \/>\n<meta property=\"og:site_name\" content=\"Noticias Radio Reflejos\" \/>\n<meta property=\"article:published_time\" content=\"2025-09-18T20:25:00+00:00\" \/>\n<meta property=\"article:modified_time\" content=\"2025-09-18T22:31:34+00:00\" \/>\n<meta property=\"og:image\" content=\"https:\/\/www.noticiasradioreflejos.com.ar\/2021\/wp-content\/uploads\/2025\/09\/CELP.jpg\" \/>\n\t<meta property=\"og:image:width\" content=\"1280\" \/>\n\t<meta property=\"og:image:height\" content=\"720\" \/>\n\t<meta property=\"og:image:type\" content=\"image\/jpeg\" \/>\n<meta name=\"author\" content=\"Arnaldo Botto\" \/>\n<meta name=\"twitter:card\" content=\"summary_large_image\" \/>\n<script type=\"application\/ld+json\" class=\"yoast-schema-graph\">{\"@context\":\"https:\/\/schema.org\",\"@graph\":[{\"@type\":\"WebPage\",\"@id\":\"https:\/\/www.noticiasradioreflejos.com.ar\/2021\/la-cooperativa-electrica-de-pergamino-91-anos-de-servicio-y-crecimiento\/\",\"url\":\"https:\/\/www.noticiasradioreflejos.com.ar\/2021\/la-cooperativa-electrica-de-pergamino-91-anos-de-servicio-y-crecimiento\/\",\"name\":\"La Cooperativa El\u00e9ctrica de Pergamino: 91 a\u00f1os de servicio y crecimiento - Noticias Radio Reflejos\",\"isPartOf\":{\"@id\":\"https:\/\/www.noticiasradioreflejos.com.ar\/2021\/#website\"},\"primaryImageOfPage\":{\"@id\":\"https:\/\/www.noticiasradioreflejos.com.ar\/2021\/la-cooperativa-electrica-de-pergamino-91-anos-de-servicio-y-crecimiento\/#primaryimage\"},\"image\":{\"@id\":\"https:\/\/www.noticiasradioreflejos.com.ar\/2021\/la-cooperativa-electrica-de-pergamino-91-anos-de-servicio-y-crecimiento\/#primaryimage\"},\"thumbnailUrl\":\"https:\/\/www.noticiasradioreflejos.com.ar\/2021\/wp-content\/uploads\/2025\/09\/CELP.jpg\",\"datePublished\":\"2025-09-18T20:25:00+00:00\",\"dateModified\":\"2025-09-18T22:31:34+00:00\",\"author\":{\"@id\":\"https:\/\/www.noticiasradioreflejos.com.ar\/2021\/#\/schema\/person\/ad82545263dcc5ec0996818884fd5fb1\"},\"breadcrumb\":{\"@id\":\"https:\/\/www.noticiasradioreflejos.com.ar\/2021\/la-cooperativa-electrica-de-pergamino-91-anos-de-servicio-y-crecimiento\/#breadcrumb\"},\"inLanguage\":\"es\",\"potentialAction\":[{\"@type\":\"ReadAction\",\"target\":[\"https:\/\/www.noticiasradioreflejos.com.ar\/2021\/la-cooperativa-electrica-de-pergamino-91-anos-de-servicio-y-crecimiento\/\"]}]},{\"@type\":\"ImageObject\",\"inLanguage\":\"es\",\"@id\":\"https:\/\/www.noticiasradioreflejos.com.ar\/2021\/la-cooperativa-electrica-de-pergamino-91-anos-de-servicio-y-crecimiento\/#primaryimage\",\"url\":\"https:\/\/www.noticiasradioreflejos.com.ar\/2021\/wp-content\/uploads\/2025\/09\/CELP.jpg\",\"contentUrl\":\"https:\/\/www.noticiasradioreflejos.com.ar\/2021\/wp-content\/uploads\/2025\/09\/CELP.jpg\",\"width\":1280,\"height\":720},{\"@type\":\"BreadcrumbList\",\"@id\":\"https:\/\/www.noticiasradioreflejos.com.ar\/2021\/la-cooperativa-electrica-de-pergamino-91-anos-de-servicio-y-crecimiento\/#breadcrumb\",\"itemListElement\":[{\"@type\":\"ListItem\",\"position\":1,\"name\":\"Portada\",\"item\":\"https:\/\/www.noticiasradioreflejos.com.ar\/2021\/\"},{\"@type\":\"ListItem\",\"position\":2,\"name\":\"La Cooperativa El\u00e9ctrica de Pergamino: 91 a\u00f1os de servicio y crecimiento\"}]},{\"@type\":\"WebSite\",\"@id\":\"https:\/\/www.noticiasradioreflejos.com.ar\/2021\/#website\",\"url\":\"https:\/\/www.noticiasradioreflejos.com.ar\/2021\/\",\"name\":\"Noticias Radio Reflejos\",\"description\":\"Las noticias de mi comarca\",\"potentialAction\":[{\"@type\":\"SearchAction\",\"target\":{\"@type\":\"EntryPoint\",\"urlTemplate\":\"https:\/\/www.noticiasradioreflejos.com.ar\/2021\/?s={search_term_string}\"},\"query-input\":{\"@type\":\"PropertyValueSpecification\",\"valueRequired\":true,\"valueName\":\"search_term_string\"}}],\"inLanguage\":\"es\"},{\"@type\":\"Person\",\"@id\":\"https:\/\/www.noticiasradioreflejos.com.ar\/2021\/#\/schema\/person\/ad82545263dcc5ec0996818884fd5fb1\",\"name\":\"Arnaldo Botto\",\"image\":{\"@type\":\"ImageObject\",\"inLanguage\":\"es\",\"@id\":\"https:\/\/www.noticiasradioreflejos.com.ar\/2021\/#\/schema\/person\/image\/\",\"url\":\"https:\/\/secure.gravatar.com\/avatar\/55cb5e37c1efa326397366e6974cb338056df65cb50e7d64d1cf314e87504837?s=96&d=mm&r=g\",\"contentUrl\":\"https:\/\/secure.gravatar.com\/avatar\/55cb5e37c1efa326397366e6974cb338056df65cb50e7d64d1cf314e87504837?s=96&d=mm&r=g\",\"caption\":\"Arnaldo Botto\"},\"url\":\"https:\/\/www.noticiasradioreflejos.com.ar\/2021\/author\/arnaldo\/\"}]}<\/script>\n<!-- \/ Yoast SEO plugin. -->","yoast_head_json":{"title":"La Cooperativa El\u00e9ctrica de Pergamino: 91 a\u00f1os de servicio y crecimiento - Noticias Radio Reflejos","robots":{"index":"index","follow":"follow","max-snippet":"max-snippet:-1","max-image-preview":"max-image-preview:large","max-video-preview":"max-video-preview:-1"},"canonical":"https:\/\/www.noticiasradioreflejos.com.ar\/2021\/la-cooperativa-electrica-de-pergamino-91-anos-de-servicio-y-crecimiento\/","og_locale":"es_ES","og_type":"article","og_title":"La Cooperativa El\u00e9ctrica de Pergamino: 91 a\u00f1os de servicio y crecimiento - Noticias Radio Reflejos","og_description":"En una nueva entrega del Portal de las Cooperativas; Claudio Fanucchi, gerente comercial de la cooperativa, destaca su envergadura y complejidad, con 45 mil medidores, 220 empleados y una facturaci\u00f3n anual de 5 mil millones de pesos.","og_url":"https:\/\/www.noticiasradioreflejos.com.ar\/2021\/la-cooperativa-electrica-de-pergamino-91-anos-de-servicio-y-crecimiento\/","og_site_name":"Noticias Radio Reflejos","article_published_time":"2025-09-18T20:25:00+00:00","article_modified_time":"2025-09-18T22:31:34+00:00","og_image":[{"width":1280,"height":720,"url":"https:\/\/www.noticiasradioreflejos.com.ar\/2021\/wp-content\/uploads\/2025\/09\/CELP.jpg","type":"image\/jpeg"}],"author":"Arnaldo Botto","twitter_card":"summary_large_image","schema":{"@context":"https:\/\/schema.org","@graph":[{"@type":"WebPage","@id":"https:\/\/www.noticiasradioreflejos.com.ar\/2021\/la-cooperativa-electrica-de-pergamino-91-anos-de-servicio-y-crecimiento\/","url":"https:\/\/www.noticiasradioreflejos.com.ar\/2021\/la-cooperativa-electrica-de-pergamino-91-anos-de-servicio-y-crecimiento\/","name":"La Cooperativa El\u00e9ctrica de Pergamino: 91 a\u00f1os de servicio y crecimiento - Noticias Radio Reflejos","isPartOf":{"@id":"https:\/\/www.noticiasradioreflejos.com.ar\/2021\/#website"},"primaryImageOfPage":{"@id":"https:\/\/www.noticiasradioreflejos.com.ar\/2021\/la-cooperativa-electrica-de-pergamino-91-anos-de-servicio-y-crecimiento\/#primaryimage"},"image":{"@id":"https:\/\/www.noticiasradioreflejos.com.ar\/2021\/la-cooperativa-electrica-de-pergamino-91-anos-de-servicio-y-crecimiento\/#primaryimage"},"thumbnailUrl":"https:\/\/www.noticiasradioreflejos.com.ar\/2021\/wp-content\/uploads\/2025\/09\/CELP.jpg","datePublished":"2025-09-18T20:25:00+00:00","dateModified":"2025-09-18T22:31:34+00:00","author":{"@id":"https:\/\/www.noticiasradioreflejos.com.ar\/2021\/#\/schema\/person\/ad82545263dcc5ec0996818884fd5fb1"},"breadcrumb":{"@id":"https:\/\/www.noticiasradioreflejos.com.ar\/2021\/la-cooperativa-electrica-de-pergamino-91-anos-de-servicio-y-crecimiento\/#breadcrumb"},"inLanguage":"es","potentialAction":[{"@type":"ReadAction","target":["https:\/\/www.noticiasradioreflejos.com.ar\/2021\/la-cooperativa-electrica-de-pergamino-91-anos-de-servicio-y-crecimiento\/"]}]},{"@type":"ImageObject","inLanguage":"es","@id":"https:\/\/www.noticiasradioreflejos.com.ar\/2021\/la-cooperativa-electrica-de-pergamino-91-anos-de-servicio-y-crecimiento\/#primaryimage","url":"https:\/\/www.noticiasradioreflejos.com.ar\/2021\/wp-content\/uploads\/2025\/09\/CELP.jpg","contentUrl":"https:\/\/www.noticiasradioreflejos.com.ar\/2021\/wp-content\/uploads\/2025\/09\/CELP.jpg","width":1280,"height":720},{"@type":"BreadcrumbList","@id":"https:\/\/www.noticiasradioreflejos.com.ar\/2021\/la-cooperativa-electrica-de-pergamino-91-anos-de-servicio-y-crecimiento\/#breadcrumb","itemListElement":[{"@type":"ListItem","position":1,"name":"Portada","item":"https:\/\/www.noticiasradioreflejos.com.ar\/2021\/"},{"@type":"ListItem","position":2,"name":"La Cooperativa El\u00e9ctrica de Pergamino: 91 a\u00f1os de servicio y crecimiento"}]},{"@type":"WebSite","@id":"https:\/\/www.noticiasradioreflejos.com.ar\/2021\/#website","url":"https:\/\/www.noticiasradioreflejos.com.ar\/2021\/","name":"Noticias Radio Reflejos","description":"Las noticias de mi comarca","potentialAction":[{"@type":"SearchAction","target":{"@type":"EntryPoint","urlTemplate":"https:\/\/www.noticiasradioreflejos.com.ar\/2021\/?s={search_term_string}"},"query-input":{"@type":"PropertyValueSpecification","valueRequired":true,"valueName":"search_term_string"}}],"inLanguage":"es"},{"@type":"Person","@id":"https:\/\/www.noticiasradioreflejos.com.ar\/2021\/#\/schema\/person\/ad82545263dcc5ec0996818884fd5fb1","name":"Arnaldo Botto","image":{"@type":"ImageObject","inLanguage":"es","@id":"https:\/\/www.noticiasradioreflejos.com.ar\/2021\/#\/schema\/person\/image\/","url":"https:\/\/secure.gravatar.com\/avatar\/55cb5e37c1efa326397366e6974cb338056df65cb50e7d64d1cf314e87504837?s=96&d=mm&r=g","contentUrl":"https:\/\/secure.gravatar.com\/avatar\/55cb5e37c1efa326397366e6974cb338056df65cb50e7d64d1cf314e87504837?s=96&d=mm&r=g","caption":"Arnaldo Botto"},"url":"https:\/\/www.noticiasradioreflejos.com.ar\/2021\/author\/arnaldo\/"}]}},"_links":{"self":[{"href":"https:\/\/www.noticiasradioreflejos.com.ar\/2021\/wp-json\/wp\/v2\/posts\/125230","targetHints":{"allow":["GET"]}}],"collection":[{"href":"https:\/\/www.noticiasradioreflejos.com.ar\/2021\/wp-json\/wp\/v2\/posts"}],"about":[{"href":"https:\/\/www.noticiasradioreflejos.com.ar\/2021\/wp-json\/wp\/v2\/types\/post"}],"author":[{"embeddable":true,"href":"https:\/\/www.noticiasradioreflejos.com.ar\/2021\/wp-json\/wp\/v2\/users\/3"}],"replies":[{"embeddable":true,"href":"https:\/\/www.noticiasradioreflejos.com.ar\/2021\/wp-json\/wp\/v2\/comments?post=125230"}],"version-history":[{"count":5,"href":"https:\/\/www.noticiasradioreflejos.com.ar\/2021\/wp-json\/wp\/v2\/posts\/125230\/revisions"}],"predecessor-version":[{"id":125281,"href":"https:\/\/www.noticiasradioreflejos.com.ar\/2021\/wp-json\/wp\/v2\/posts\/125230\/revisions\/125281"}],"wp:featuredmedia":[{"embeddable":true,"href":"https:\/\/www.noticiasradioreflejos.com.ar\/2021\/wp-json\/wp\/v2\/media\/125264"}],"wp:attachment":[{"href":"https:\/\/www.noticiasradioreflejos.com.ar\/2021\/wp-json\/wp\/v2\/media?parent=125230"}],"wp:term":[{"taxonomy":"category","embeddable":true,"href":"https:\/\/www.noticiasradioreflejos.com.ar\/2021\/wp-json\/wp\/v2\/categories?post=125230"},{"taxonomy":"post_tag","embeddable":true,"href":"https:\/\/www.noticiasradioreflejos.com.ar\/2021\/wp-json\/wp\/v2\/tags?post=125230"}],"curies":[{"name":"wp","href":"https:\/\/api.w.org\/{rel}","templated":true}]}}