{"id":125176,"date":"2025-09-17T09:58:55","date_gmt":"2025-09-17T12:58:55","guid":{"rendered":"https:\/\/www.noticiasradioreflejos.com.ar\/2021\/?p=125176"},"modified":"2025-09-17T11:10:47","modified_gmt":"2025-09-17T14:10:47","slug":"reclamo-por-apoyo-desigual-a-gimnastas-de-sierra-de-la-ventana-y-saldungaray","status":"publish","type":"post","link":"https:\/\/www.noticiasradioreflejos.com.ar\/2021\/reclamo-por-apoyo-desigual-a-gimnastas-de-sierra-de-la-ventana-y-saldungaray\/","title":{"rendered":"Reclamo por apoyo desigual a gimnastas de Sierra de la Ventana y Saldungaray."},"content":{"rendered":"<p>El pasado fin de semana viajamos junto a mi hija y otras dos gimnastas de Sierra de la Ventana y Saldungaray, a la localidad de Aguas Verdes para participar de la <strong>Final Provincial del Torneo Federativo \u2013 Niveles USAG 1B, 1A y 2<\/strong>.<!--more--><\/p>\n<p>Las gimnastas que nos representaron fueron: Olivia Marzialleti, Pilar Caballero, Priscila Paredes.<\/p>\n<p>Viaje muy esperado, pasando por dos instancias muy importantes y eliminatorias en Bah\u00eda Blanca, durante el a\u00f1o. Con mucho esfuerzo logramos recaudar cada familia el costo de dicho viaje (traslado, inscripci\u00f3n y estad\u00eda), que se pueden imaginar que no es nada accesible.<\/p>\n<p>Pudimos realizar el viaje gracias al apoyo y lugar otorgado por el Club Nacional de Bah\u00eda Blanca, que nos permitieron compartir micro y estad\u00eda para reducir estos costos.<\/p>\n<p>D\u00edas antes de la competencia solicitamos al Municipio de Tornquist el acompa\u00f1amiento para el traslado, ya que nos enteramos de que saldr\u00eda una combi con las gimnastas de Tornquist, hacia el mismo torneo, mismos d\u00edas y lugar. Desde la Direcci\u00f3n de Deportes se nos respondi\u00f3 en <strong>DOS <\/strong>oportunidades \u201cque no era posible ya que no sal\u00eda ninguna combi desde el municipio para ese evento\u201d.<\/p>\n<p>Nuestra sorpresa fue grande al llegar al lugar de la competencia y encontrarnos con que las gimnastas de Tornquist viajaron y \u201cen ESA combi del Municipio que NO IBA A SALIR de Tornquist\u201d, junto con sus familias, y que adem\u00e1s hab\u00eda lugar para que nuestras hijas pudieran haber compartido el traslado.<\/p>\n<p>Queremos visibilizar esta situaci\u00f3n, ya que todas las ni\u00f1as que representan al distrito merecen <strong>igualdad de oportunidades y apoyo por parte del Estado municipal<\/strong>. El esfuerzo, la disciplina y el compromiso son los mismos, y creemos fundamental que cada deportista \u2014sin importar la localidad en la que viva\u2014 reciba el mismo acompa\u00f1amiento.<\/p>\n<p>Mi hija hoy pertenece a Terragym, pero antes realizaba el mismo deporte en el CEF N\u00ba9, de S.V., al cual jam\u00e1s recibimos ese apoyo de traslado para ir hasta Tornquist a los encuentros con chico\/as del mismo Cef.<\/p>\n<p>Ayer le\u00ed una nota muy linda donde dec\u00eda que gimnastas del \u00bfDISTRITO?, me quede pensando \u00bfde cu\u00e1l? Si viajamos con Bah\u00eda Blanca. Nos preguntaban porque no est\u00e1bamos dentro de esa combi, y verg\u00fcenza- tristeza ajena nos dio responder que nuestro MUNICIPIO (porque es de todos) NO NOS APOYO!.<\/p>\n<p>Lamentablemente, <strong>no es la primera vez que pasa algo as\u00ed<\/strong>. Sentimos que siempre se prioriza a los deportistas de Tornquist, mientras que en las dem\u00e1s localidades del distrito el acompa\u00f1amiento no llega de la misma manera.<\/p>\n<p>&nbsp;<\/p>\n<p>&nbsp;<\/p>\n<p><strong>Gisela Dorasio. Con apoyo de las madres Silvia Montivero y Sofia Fogel.<\/strong><\/p>\n<p>&nbsp;<\/p>\n","protected":false},"excerpt":{"rendered":"<p>El pasado fin de semana viajamos junto a mi hija y otras dos gimnastas de Sierra de la Ventana y Saldungaray, a la localidad de Aguas Verdes para participar de la Final Provincial del Torneo Federativo \u2013 Niveles USAG 1B, 1A y 2.<\/p>\n","protected":false},"author":3,"featured_media":125177,"comment_status":"closed","ping_status":"closed","sticky":false,"template":"","format":"standard","meta":{"footnotes":""},"categories":[27,26],"tags":[],"class_list":["post-125176","post","type-post","status-publish","format-standard","has-post-thumbnail","hentry","category-deportes","category-sociedad"],"yoast_head":"<!-- This site is optimized with the Yoast SEO plugin v25.9 - https:\/\/yoast.com\/wordpress\/plugins\/seo\/ -->\n<title>Reclamo por apoyo desigual a gimnastas de Sierra de la Ventana y Saldungaray. - Noticias Radio Reflejos<\/title>\n<meta name=\"robots\" content=\"index, follow, max-snippet:-1, max-image-preview:large, max-video-preview:-1\" \/>\n<link rel=\"canonical\" href=\"https:\/\/www.noticiasradioreflejos.com.ar\/2021\/reclamo-por-apoyo-desigual-a-gimnastas-de-sierra-de-la-ventana-y-saldungaray\/\" \/>\n<meta property=\"og:locale\" content=\"es_ES\" \/>\n<meta property=\"og:type\" content=\"article\" \/>\n<meta property=\"og:title\" content=\"Reclamo por apoyo desigual a gimnastas de Sierra de la Ventana y Saldungaray. - Noticias Radio Reflejos\" \/>\n<meta property=\"og:description\" content=\"El pasado fin de semana viajamos junto a mi hija y otras dos gimnastas de Sierra de la Ventana y Saldungaray, a la localidad de Aguas Verdes para participar de la Final Provincial del Torneo Federativo \u2013 Niveles USAG 1B, 1A y 2.\" \/>\n<meta property=\"og:url\" content=\"https:\/\/www.noticiasradioreflejos.com.ar\/2021\/reclamo-por-apoyo-desigual-a-gimnastas-de-sierra-de-la-ventana-y-saldungaray\/\" \/>\n<meta property=\"og:site_name\" content=\"Noticias Radio Reflejos\" \/>\n<meta property=\"article:published_time\" content=\"2025-09-17T12:58:55+00:00\" \/>\n<meta property=\"article:modified_time\" content=\"2025-09-17T14:10:47+00:00\" \/>\n<meta property=\"og:image\" content=\"https:\/\/www.noticiasradioreflejos.com.ar\/2021\/wp-content\/uploads\/2025\/09\/gimnastas.jpeg\" \/>\n\t<meta property=\"og:image:width\" content=\"868\" \/>\n\t<meta property=\"og:image:height\" content=\"1156\" \/>\n\t<meta property=\"og:image:type\" content=\"image\/jpeg\" \/>\n<meta name=\"author\" content=\"Arnaldo Botto\" \/>\n<meta name=\"twitter:card\" content=\"summary_large_image\" \/>\n<script type=\"application\/ld+json\" class=\"yoast-schema-graph\">{\"@context\":\"https:\/\/schema.org\",\"@graph\":[{\"@type\":\"WebPage\",\"@id\":\"https:\/\/www.noticiasradioreflejos.com.ar\/2021\/reclamo-por-apoyo-desigual-a-gimnastas-de-sierra-de-la-ventana-y-saldungaray\/\",\"url\":\"https:\/\/www.noticiasradioreflejos.com.ar\/2021\/reclamo-por-apoyo-desigual-a-gimnastas-de-sierra-de-la-ventana-y-saldungaray\/\",\"name\":\"Reclamo por apoyo desigual a gimnastas de Sierra de la Ventana y Saldungaray. - Noticias Radio Reflejos\",\"isPartOf\":{\"@id\":\"https:\/\/www.noticiasradioreflejos.com.ar\/2021\/#website\"},\"primaryImageOfPage\":{\"@id\":\"https:\/\/www.noticiasradioreflejos.com.ar\/2021\/reclamo-por-apoyo-desigual-a-gimnastas-de-sierra-de-la-ventana-y-saldungaray\/#primaryimage\"},\"image\":{\"@id\":\"https:\/\/www.noticiasradioreflejos.com.ar\/2021\/reclamo-por-apoyo-desigual-a-gimnastas-de-sierra-de-la-ventana-y-saldungaray\/#primaryimage\"},\"thumbnailUrl\":\"https:\/\/www.noticiasradioreflejos.com.ar\/2021\/wp-content\/uploads\/2025\/09\/gimnastas.jpeg\",\"datePublished\":\"2025-09-17T12:58:55+00:00\",\"dateModified\":\"2025-09-17T14:10:47+00:00\",\"author\":{\"@id\":\"https:\/\/www.noticiasradioreflejos.com.ar\/2021\/#\/schema\/person\/ad82545263dcc5ec0996818884fd5fb1\"},\"breadcrumb\":{\"@id\":\"https:\/\/www.noticiasradioreflejos.com.ar\/2021\/reclamo-por-apoyo-desigual-a-gimnastas-de-sierra-de-la-ventana-y-saldungaray\/#breadcrumb\"},\"inLanguage\":\"es\",\"potentialAction\":[{\"@type\":\"ReadAction\",\"target\":[\"https:\/\/www.noticiasradioreflejos.com.ar\/2021\/reclamo-por-apoyo-desigual-a-gimnastas-de-sierra-de-la-ventana-y-saldungaray\/\"]}]},{\"@type\":\"ImageObject\",\"inLanguage\":\"es\",\"@id\":\"https:\/\/www.noticiasradioreflejos.com.ar\/2021\/reclamo-por-apoyo-desigual-a-gimnastas-de-sierra-de-la-ventana-y-saldungaray\/#primaryimage\",\"url\":\"https:\/\/www.noticiasradioreflejos.com.ar\/2021\/wp-content\/uploads\/2025\/09\/gimnastas.jpeg\",\"contentUrl\":\"https:\/\/www.noticiasradioreflejos.com.ar\/2021\/wp-content\/uploads\/2025\/09\/gimnastas.jpeg\",\"width\":868,\"height\":1156},{\"@type\":\"BreadcrumbList\",\"@id\":\"https:\/\/www.noticiasradioreflejos.com.ar\/2021\/reclamo-por-apoyo-desigual-a-gimnastas-de-sierra-de-la-ventana-y-saldungaray\/#breadcrumb\",\"itemListElement\":[{\"@type\":\"ListItem\",\"position\":1,\"name\":\"Portada\",\"item\":\"https:\/\/www.noticiasradioreflejos.com.ar\/2021\/\"},{\"@type\":\"ListItem\",\"position\":2,\"name\":\"Reclamo por apoyo desigual a gimnastas de Sierra de la Ventana y Saldungaray.\"}]},{\"@type\":\"WebSite\",\"@id\":\"https:\/\/www.noticiasradioreflejos.com.ar\/2021\/#website\",\"url\":\"https:\/\/www.noticiasradioreflejos.com.ar\/2021\/\",\"name\":\"Noticias Radio Reflejos\",\"description\":\"Las noticias de mi comarca\",\"potentialAction\":[{\"@type\":\"SearchAction\",\"target\":{\"@type\":\"EntryPoint\",\"urlTemplate\":\"https:\/\/www.noticiasradioreflejos.com.ar\/2021\/?s={search_term_string}\"},\"query-input\":{\"@type\":\"PropertyValueSpecification\",\"valueRequired\":true,\"valueName\":\"search_term_string\"}}],\"inLanguage\":\"es\"},{\"@type\":\"Person\",\"@id\":\"https:\/\/www.noticiasradioreflejos.com.ar\/2021\/#\/schema\/person\/ad82545263dcc5ec0996818884fd5fb1\",\"name\":\"Arnaldo Botto\",\"image\":{\"@type\":\"ImageObject\",\"inLanguage\":\"es\",\"@id\":\"https:\/\/www.noticiasradioreflejos.com.ar\/2021\/#\/schema\/person\/image\/\",\"url\":\"https:\/\/secure.gravatar.com\/avatar\/55cb5e37c1efa326397366e6974cb338056df65cb50e7d64d1cf314e87504837?s=96&d=mm&r=g\",\"contentUrl\":\"https:\/\/secure.gravatar.com\/avatar\/55cb5e37c1efa326397366e6974cb338056df65cb50e7d64d1cf314e87504837?s=96&d=mm&r=g\",\"caption\":\"Arnaldo Botto\"},\"url\":\"https:\/\/www.noticiasradioreflejos.com.ar\/2021\/author\/arnaldo\/\"}]}<\/script>\n<!-- \/ Yoast SEO plugin. -->","yoast_head_json":{"title":"Reclamo por apoyo desigual a gimnastas de Sierra de la Ventana y Saldungaray. - Noticias Radio Reflejos","robots":{"index":"index","follow":"follow","max-snippet":"max-snippet:-1","max-image-preview":"max-image-preview:large","max-video-preview":"max-video-preview:-1"},"canonical":"https:\/\/www.noticiasradioreflejos.com.ar\/2021\/reclamo-por-apoyo-desigual-a-gimnastas-de-sierra-de-la-ventana-y-saldungaray\/","og_locale":"es_ES","og_type":"article","og_title":"Reclamo por apoyo desigual a gimnastas de Sierra de la Ventana y Saldungaray. - Noticias Radio Reflejos","og_description":"El pasado fin de semana viajamos junto a mi hija y otras dos gimnastas de Sierra de la Ventana y Saldungaray, a la localidad de Aguas Verdes para participar de la Final Provincial del Torneo Federativo \u2013 Niveles USAG 1B, 1A y 2.","og_url":"https:\/\/www.noticiasradioreflejos.com.ar\/2021\/reclamo-por-apoyo-desigual-a-gimnastas-de-sierra-de-la-ventana-y-saldungaray\/","og_site_name":"Noticias Radio Reflejos","article_published_time":"2025-09-17T12:58:55+00:00","article_modified_time":"2025-09-17T14:10:47+00:00","og_image":[{"width":868,"height":1156,"url":"https:\/\/www.noticiasradioreflejos.com.ar\/2021\/wp-content\/uploads\/2025\/09\/gimnastas.jpeg","type":"image\/jpeg"}],"author":"Arnaldo Botto","twitter_card":"summary_large_image","schema":{"@context":"https:\/\/schema.org","@graph":[{"@type":"WebPage","@id":"https:\/\/www.noticiasradioreflejos.com.ar\/2021\/reclamo-por-apoyo-desigual-a-gimnastas-de-sierra-de-la-ventana-y-saldungaray\/","url":"https:\/\/www.noticiasradioreflejos.com.ar\/2021\/reclamo-por-apoyo-desigual-a-gimnastas-de-sierra-de-la-ventana-y-saldungaray\/","name":"Reclamo por apoyo desigual a gimnastas de Sierra de la Ventana y Saldungaray. - Noticias Radio Reflejos","isPartOf":{"@id":"https:\/\/www.noticiasradioreflejos.com.ar\/2021\/#website"},"primaryImageOfPage":{"@id":"https:\/\/www.noticiasradioreflejos.com.ar\/2021\/reclamo-por-apoyo-desigual-a-gimnastas-de-sierra-de-la-ventana-y-saldungaray\/#primaryimage"},"image":{"@id":"https:\/\/www.noticiasradioreflejos.com.ar\/2021\/reclamo-por-apoyo-desigual-a-gimnastas-de-sierra-de-la-ventana-y-saldungaray\/#primaryimage"},"thumbnailUrl":"https:\/\/www.noticiasradioreflejos.com.ar\/2021\/wp-content\/uploads\/2025\/09\/gimnastas.jpeg","datePublished":"2025-09-17T12:58:55+00:00","dateModified":"2025-09-17T14:10:47+00:00","author":{"@id":"https:\/\/www.noticiasradioreflejos.com.ar\/2021\/#\/schema\/person\/ad82545263dcc5ec0996818884fd5fb1"},"breadcrumb":{"@id":"https:\/\/www.noticiasradioreflejos.com.ar\/2021\/reclamo-por-apoyo-desigual-a-gimnastas-de-sierra-de-la-ventana-y-saldungaray\/#breadcrumb"},"inLanguage":"es","potentialAction":[{"@type":"ReadAction","target":["https:\/\/www.noticiasradioreflejos.com.ar\/2021\/reclamo-por-apoyo-desigual-a-gimnastas-de-sierra-de-la-ventana-y-saldungaray\/"]}]},{"@type":"ImageObject","inLanguage":"es","@id":"https:\/\/www.noticiasradioreflejos.com.ar\/2021\/reclamo-por-apoyo-desigual-a-gimnastas-de-sierra-de-la-ventana-y-saldungaray\/#primaryimage","url":"https:\/\/www.noticiasradioreflejos.com.ar\/2021\/wp-content\/uploads\/2025\/09\/gimnastas.jpeg","contentUrl":"https:\/\/www.noticiasradioreflejos.com.ar\/2021\/wp-content\/uploads\/2025\/09\/gimnastas.jpeg","width":868,"height":1156},{"@type":"BreadcrumbList","@id":"https:\/\/www.noticiasradioreflejos.com.ar\/2021\/reclamo-por-apoyo-desigual-a-gimnastas-de-sierra-de-la-ventana-y-saldungaray\/#breadcrumb","itemListElement":[{"@type":"ListItem","position":1,"name":"Portada","item":"https:\/\/www.noticiasradioreflejos.com.ar\/2021\/"},{"@type":"ListItem","position":2,"name":"Reclamo por apoyo desigual a gimnastas de Sierra de la Ventana y Saldungaray."}]},{"@type":"WebSite","@id":"https:\/\/www.noticiasradioreflejos.com.ar\/2021\/#website","url":"https:\/\/www.noticiasradioreflejos.com.ar\/2021\/","name":"Noticias Radio Reflejos","description":"Las noticias de mi comarca","potentialAction":[{"@type":"SearchAction","target":{"@type":"EntryPoint","urlTemplate":"https:\/\/www.noticiasradioreflejos.com.ar\/2021\/?s={search_term_string}"},"query-input":{"@type":"PropertyValueSpecification","valueRequired":true,"valueName":"search_term_string"}}],"inLanguage":"es"},{"@type":"Person","@id":"https:\/\/www.noticiasradioreflejos.com.ar\/2021\/#\/schema\/person\/ad82545263dcc5ec0996818884fd5fb1","name":"Arnaldo Botto","image":{"@type":"ImageObject","inLanguage":"es","@id":"https:\/\/www.noticiasradioreflejos.com.ar\/2021\/#\/schema\/person\/image\/","url":"https:\/\/secure.gravatar.com\/avatar\/55cb5e37c1efa326397366e6974cb338056df65cb50e7d64d1cf314e87504837?s=96&d=mm&r=g","contentUrl":"https:\/\/secure.gravatar.com\/avatar\/55cb5e37c1efa326397366e6974cb338056df65cb50e7d64d1cf314e87504837?s=96&d=mm&r=g","caption":"Arnaldo Botto"},"url":"https:\/\/www.noticiasradioreflejos.com.ar\/2021\/author\/arnaldo\/"}]}},"_links":{"self":[{"href":"https:\/\/www.noticiasradioreflejos.com.ar\/2021\/wp-json\/wp\/v2\/posts\/125176","targetHints":{"allow":["GET"]}}],"collection":[{"href":"https:\/\/www.noticiasradioreflejos.com.ar\/2021\/wp-json\/wp\/v2\/posts"}],"about":[{"href":"https:\/\/www.noticiasradioreflejos.com.ar\/2021\/wp-json\/wp\/v2\/types\/post"}],"author":[{"embeddable":true,"href":"https:\/\/www.noticiasradioreflejos.com.ar\/2021\/wp-json\/wp\/v2\/users\/3"}],"replies":[{"embeddable":true,"href":"https:\/\/www.noticiasradioreflejos.com.ar\/2021\/wp-json\/wp\/v2\/comments?post=125176"}],"version-history":[{"count":3,"href":"https:\/\/www.noticiasradioreflejos.com.ar\/2021\/wp-json\/wp\/v2\/posts\/125176\/revisions"}],"predecessor-version":[{"id":125183,"href":"https:\/\/www.noticiasradioreflejos.com.ar\/2021\/wp-json\/wp\/v2\/posts\/125176\/revisions\/125183"}],"wp:featuredmedia":[{"embeddable":true,"href":"https:\/\/www.noticiasradioreflejos.com.ar\/2021\/wp-json\/wp\/v2\/media\/125177"}],"wp:attachment":[{"href":"https:\/\/www.noticiasradioreflejos.com.ar\/2021\/wp-json\/wp\/v2\/media?parent=125176"}],"wp:term":[{"taxonomy":"category","embeddable":true,"href":"https:\/\/www.noticiasradioreflejos.com.ar\/2021\/wp-json\/wp\/v2\/categories?post=125176"},{"taxonomy":"post_tag","embeddable":true,"href":"https:\/\/www.noticiasradioreflejos.com.ar\/2021\/wp-json\/wp\/v2\/tags?post=125176"}],"curies":[{"name":"wp","href":"https:\/\/api.w.org\/{rel}","templated":true}]}}