{"id":125068,"date":"2025-09-16T08:21:10","date_gmt":"2025-09-16T11:21:10","guid":{"rendered":"https:\/\/www.noticiasradioreflejos.com.ar\/2021\/?p=125068"},"modified":"2025-09-16T08:21:14","modified_gmt":"2025-09-16T11:21:14","slug":"piel-real-o-piel-de-filtro-el-nuevo-dilema-adolescente-en-la-era-de-las-redes-sociales","status":"publish","type":"post","link":"https:\/\/www.noticiasradioreflejos.com.ar\/2021\/piel-real-o-piel-de-filtro-el-nuevo-dilema-adolescente-en-la-era-de-las-redes-sociales\/","title":{"rendered":"\u00bfPiel real o piel de filtro? El nuevo dilema adolescente en la era de las redes sociales"},"content":{"rendered":"<p>En medio del boom del cuidado de la piel, un nuevo interrogante se instala entre los j\u00f3venes: \u00bfqu\u00e9 est\u00e1n buscando realmente? \u00bfUna piel sana o una apariencia idealizada por filtros?. En este contexto, las redes sociales se han convertido en una herramienta de doble filo.<!--more--><\/p>\n<p>El fen\u00f3meno del skincare gan\u00f3 popularidad entre los adolescentes, impulsado por el contenido viral en plataformas como Instagram, TikTok y YouTube. \u201cHoy las redes sociales son las que lideran la difusi\u00f3n de rutinas y productos. Esta exposici\u00f3n masiva permite que m\u00e1s personas accedan a informaci\u00f3n, prueben y compartan experiencias reales sobre el cuidado de la piel. Sin embargo, tambi\u00e9n genera falsos modelos o expectativas poco realistas que muchas veces llevan a los pacientes a buscar en el consultorio resultados que no siempre son posibles o recomendables desde el punto de vista dermatol\u00f3gico\u201d, explica la Dra. Karina Saizar, MP 114685 m\u00e9dica especialista en dermatolog\u00eda.<\/p>\n<p>Seg\u00fan un estudio el 70% de los adolescentes reconoce sentirse insatisfecho con su piel al compararse con im\u00e1genes en redes sociales, muchas de las cuales est\u00e1n retocadas digitalmente o distorsionadas por filtros. Este fen\u00f3meno, lejos de ser solo est\u00e9tico, tiene consecuencias emocionales concretas, como ansiedad, baja autoestima y disconformidad corporal.<\/p>\n<p><a href=\"https:\/\/www.noticiasradioreflejos.com.ar\/2021\/piel-real-o-piel-de-filtro-el-nuevo-dilema-adolescente-en-la-era-de-las-redes-sociales\/aplicacion-adolescentes\/\" rel=\"attachment wp-att-125069\"><img loading=\"lazy\" decoding=\"async\" class=\" wp-image-125069 alignleft\" src=\"https:\/\/www.noticiasradioreflejos.com.ar\/2021\/wp-content\/uploads\/2025\/09\/aplicacion-adolescentes-scaled.jpg\" alt=\"\" width=\"422\" height=\"749\" srcset=\"https:\/\/www.noticiasradioreflejos.com.ar\/2021\/wp-content\/uploads\/2025\/09\/aplicacion-adolescentes-scaled.jpg 1441w, https:\/\/www.noticiasradioreflejos.com.ar\/2021\/wp-content\/uploads\/2025\/09\/aplicacion-adolescentes-169x300.jpg 169w, https:\/\/www.noticiasradioreflejos.com.ar\/2021\/wp-content\/uploads\/2025\/09\/aplicacion-adolescentes-577x1024.jpg 577w, https:\/\/www.noticiasradioreflejos.com.ar\/2021\/wp-content\/uploads\/2025\/09\/aplicacion-adolescentes-768x1364.jpg 768w, https:\/\/www.noticiasradioreflejos.com.ar\/2021\/wp-content\/uploads\/2025\/09\/aplicacion-adolescentes-865x1536.jpg 865w, https:\/\/www.noticiasradioreflejos.com.ar\/2021\/wp-content\/uploads\/2025\/09\/aplicacion-adolescentes-1153x2048.jpg 1153w, https:\/\/www.noticiasradioreflejos.com.ar\/2021\/wp-content\/uploads\/2025\/09\/aplicacion-adolescentes-750x1332.jpg 750w, https:\/\/www.noticiasradioreflejos.com.ar\/2021\/wp-content\/uploads\/2025\/09\/aplicacion-adolescentes-1140x2025.jpg 1140w\" sizes=\"auto, (max-width: 422px) 100vw, 422px\" \/><\/a>Adem\u00e1s, un informe de la Sociedad Argentina de Dermatolog\u00eda revel\u00f3 que las consultas dermatol\u00f3gicas en menores de 18 a\u00f1os aumentaron un 40% en los \u00faltimos tres a\u00f1os, en muchos casos motivadas por el deseo de parecerse a referentes digitales o influencers.<\/p>\n<p>Consultada sobre qu\u00e9 es aconsejable en t\u00e9rminos de skincare para adolescentes, la especialista fue clara: \u201cA esa edad lo m\u00e1s importante es mantener una rutina simple pero constante. No hace falta usar diez productos ni seguir tendencias complejas. Una buena limpieza dos veces al d\u00eda, hidrataci\u00f3n adecuada y el uso diario de protector solar son m\u00e1s que suficientes. Si hay problemas como acn\u00e9, lo ideal es consultar a un dermat\u00f3logo antes de usar productos que pueden irritar o empeorar la piel. Menos es m\u00e1s cuando hablamos de piel joven.\u201d<\/p>\n<p>Saizar insiste en que el verdadero sentido del cuidado de la piel debe estar vinculado al bienestar y la salud, no a la perfecci\u00f3n. \u201cEl autocuidado tiene que ser un momento de conexi\u00f3n con uno mismo, no una carrera contra un filtro. Hay que recuperar la mirada sobre la piel real: con poros, con textura, con historia. Y entender que eso tambi\u00e9n es belleza\u201d.<\/p>\n<p>&nbsp;<\/p>\n<p>&nbsp;<\/p>\n<p>Para la profesional, esto representa una oportunidad educativa, pero tambi\u00e9n trae consecuencias preocupantes. \u201cEl problema surge cuando la imagen editada se vuelve el est\u00e1ndar. Muchos adolescentes llegan al consultorio con referencias que no son reales: influencers o famosos que muestran pieles perfectas, pero completamente retocadas o filtradas. Eso genera frustraci\u00f3n, y una presi\u00f3n innecesaria sobre la apariencia f\u00edsica\u201d, advierte.<\/p>\n<p>En este contexto donde la est\u00e9tica digital cobra protagonismo, surgen nuevos datos desde el campo de la psicolog\u00eda que permiten comprender mejor qu\u00e9 modelos de belleza siguen los adolescentes en 2025. Aplicaciones como Beauty Scanner o FaceScore -que califican rostros con puntajes num\u00e9ricos- refuerzan una l\u00f3gica de comparaci\u00f3n constante, incentivando est\u00e1ndares visuales extremos que afectan la percepci\u00f3n propia entre los j\u00f3venes.<\/p>\n<p>Estudios recientes advierten que el uso excesivo de redes sociales con foco en la apariencia f\u00edsica, alimenta expectativas de perfecci\u00f3n poco realistas. Esto repercute de forma directa en la autoestima y el bienestar emocional, sin distinci\u00f3n de g\u00e9nero: tanto chicas como chicos reportan sentirse presionados por no cumplir con esos ideales digitales.<\/p>\n<p>Una investigaci\u00f3n revel\u00f3 que el 60% de las adolescentes experimenta malestar al notar que su rostro \u201creal\u201d no coincide con la imagen modificada que muestran los filtros en redes. En este escenario, especialistas en salud mental alertan sobre un fen\u00f3meno creciente conocido como \u201cdismorfia de Snapchat\u201d: una obsesi\u00f3n con alcanzar la versi\u00f3n filtrada de uno mismo, que puede derivar en ansiedad, frustraci\u00f3n cr\u00f3nica y trastornos relacionados con la imagen corporal.<\/p>\n<p>La Dra. Saizar reflexiona: \u201cLos adolescentes internalizan est\u00e1ndares irreales, comparan su rostro con versiones filtradas y se sienten insuficientes cuando no alcanzan ese ideal. Por eso es esencial trabajar desde la salud mental y la educaci\u00f3n, para fortalecer una imagen corporal saludable\u201d.<\/p>\n<p>Finalmente, la especialista insiste en que el verdadero sentido del cuidado de la piel debe estar vinculado al bienestar y la salud, no a la perfecci\u00f3n. La piel real -con poros, textura, historia- tambi\u00e9n es hermosa y requiere reconocimiento. Cuidar la piel no deber\u00eda ser una forma de esconderse, sino de encontrarse. Ense\u00f1emos a los m\u00e1s j\u00f3venes que la piel real tambi\u00e9n es valiosa\u201d, finaliz\u00f3.<\/p>\n<p>&nbsp;<\/p>\n<p>Prensa Cristela Cicar\u00e9<\/p>\n<p>Prensack<\/p>\n","protected":false},"excerpt":{"rendered":"<p>En medio del boom del cuidado de la piel, un nuevo interrogante se instala entre los j\u00f3venes: \u00bfqu\u00e9 est\u00e1n buscando realmente? \u00bfUna piel sana o una apariencia idealizada por filtros?. En este contexto, las redes sociales se han convertido en una herramienta de doble filo.<\/p>\n","protected":false},"author":3,"featured_media":125070,"comment_status":"closed","ping_status":"closed","sticky":false,"template":"","format":"standard","meta":{"footnotes":""},"categories":[30,26],"tags":[],"class_list":["post-125068","post","type-post","status-publish","format-standard","has-post-thumbnail","hentry","category-salud","category-sociedad"],"yoast_head":"<!-- This site is optimized with the Yoast SEO plugin v25.9 - https:\/\/yoast.com\/wordpress\/plugins\/seo\/ -->\n<title>\u00bfPiel real o piel de filtro? El nuevo dilema adolescente en la era de las redes sociales - Noticias Radio Reflejos<\/title>\n<meta name=\"robots\" content=\"index, follow, max-snippet:-1, max-image-preview:large, max-video-preview:-1\" \/>\n<link rel=\"canonical\" href=\"https:\/\/www.noticiasradioreflejos.com.ar\/2021\/piel-real-o-piel-de-filtro-el-nuevo-dilema-adolescente-en-la-era-de-las-redes-sociales\/\" \/>\n<meta property=\"og:locale\" content=\"es_ES\" \/>\n<meta property=\"og:type\" content=\"article\" \/>\n<meta property=\"og:title\" content=\"\u00bfPiel real o piel de filtro? El nuevo dilema adolescente en la era de las redes sociales - Noticias Radio Reflejos\" \/>\n<meta property=\"og:description\" content=\"En medio del boom del cuidado de la piel, un nuevo interrogante se instala entre los j\u00f3venes: \u00bfqu\u00e9 est\u00e1n buscando realmente? \u00bfUna piel sana o una apariencia idealizada por filtros?. En este contexto, las redes sociales se han convertido en una herramienta de doble filo.\" \/>\n<meta property=\"og:url\" content=\"https:\/\/www.noticiasradioreflejos.com.ar\/2021\/piel-real-o-piel-de-filtro-el-nuevo-dilema-adolescente-en-la-era-de-las-redes-sociales\/\" \/>\n<meta property=\"og:site_name\" content=\"Noticias Radio Reflejos\" \/>\n<meta property=\"article:published_time\" content=\"2025-09-16T11:21:10+00:00\" \/>\n<meta property=\"article:modified_time\" content=\"2025-09-16T11:21:14+00:00\" \/>\n<meta property=\"og:image\" content=\"https:\/\/www.noticiasradioreflejos.com.ar\/2021\/wp-content\/uploads\/2025\/09\/ADOLESCENTES.jpg\" \/>\n\t<meta property=\"og:image:width\" content=\"1000\" \/>\n\t<meta property=\"og:image:height\" content=\"667\" \/>\n\t<meta property=\"og:image:type\" content=\"image\/jpeg\" \/>\n<meta name=\"author\" content=\"Arnaldo Botto\" \/>\n<meta name=\"twitter:card\" content=\"summary_large_image\" \/>\n<script type=\"application\/ld+json\" class=\"yoast-schema-graph\">{\"@context\":\"https:\/\/schema.org\",\"@graph\":[{\"@type\":\"WebPage\",\"@id\":\"https:\/\/www.noticiasradioreflejos.com.ar\/2021\/piel-real-o-piel-de-filtro-el-nuevo-dilema-adolescente-en-la-era-de-las-redes-sociales\/\",\"url\":\"https:\/\/www.noticiasradioreflejos.com.ar\/2021\/piel-real-o-piel-de-filtro-el-nuevo-dilema-adolescente-en-la-era-de-las-redes-sociales\/\",\"name\":\"\u00bfPiel real o piel de filtro? El nuevo dilema adolescente en la era de las redes sociales - Noticias Radio Reflejos\",\"isPartOf\":{\"@id\":\"https:\/\/www.noticiasradioreflejos.com.ar\/2021\/#website\"},\"primaryImageOfPage\":{\"@id\":\"https:\/\/www.noticiasradioreflejos.com.ar\/2021\/piel-real-o-piel-de-filtro-el-nuevo-dilema-adolescente-en-la-era-de-las-redes-sociales\/#primaryimage\"},\"image\":{\"@id\":\"https:\/\/www.noticiasradioreflejos.com.ar\/2021\/piel-real-o-piel-de-filtro-el-nuevo-dilema-adolescente-en-la-era-de-las-redes-sociales\/#primaryimage\"},\"thumbnailUrl\":\"https:\/\/www.noticiasradioreflejos.com.ar\/2021\/wp-content\/uploads\/2025\/09\/ADOLESCENTES.jpg\",\"datePublished\":\"2025-09-16T11:21:10+00:00\",\"dateModified\":\"2025-09-16T11:21:14+00:00\",\"author\":{\"@id\":\"https:\/\/www.noticiasradioreflejos.com.ar\/2021\/#\/schema\/person\/ad82545263dcc5ec0996818884fd5fb1\"},\"breadcrumb\":{\"@id\":\"https:\/\/www.noticiasradioreflejos.com.ar\/2021\/piel-real-o-piel-de-filtro-el-nuevo-dilema-adolescente-en-la-era-de-las-redes-sociales\/#breadcrumb\"},\"inLanguage\":\"es\",\"potentialAction\":[{\"@type\":\"ReadAction\",\"target\":[\"https:\/\/www.noticiasradioreflejos.com.ar\/2021\/piel-real-o-piel-de-filtro-el-nuevo-dilema-adolescente-en-la-era-de-las-redes-sociales\/\"]}]},{\"@type\":\"ImageObject\",\"inLanguage\":\"es\",\"@id\":\"https:\/\/www.noticiasradioreflejos.com.ar\/2021\/piel-real-o-piel-de-filtro-el-nuevo-dilema-adolescente-en-la-era-de-las-redes-sociales\/#primaryimage\",\"url\":\"https:\/\/www.noticiasradioreflejos.com.ar\/2021\/wp-content\/uploads\/2025\/09\/ADOLESCENTES.jpg\",\"contentUrl\":\"https:\/\/www.noticiasradioreflejos.com.ar\/2021\/wp-content\/uploads\/2025\/09\/ADOLESCENTES.jpg\",\"width\":1000,\"height\":667},{\"@type\":\"BreadcrumbList\",\"@id\":\"https:\/\/www.noticiasradioreflejos.com.ar\/2021\/piel-real-o-piel-de-filtro-el-nuevo-dilema-adolescente-en-la-era-de-las-redes-sociales\/#breadcrumb\",\"itemListElement\":[{\"@type\":\"ListItem\",\"position\":1,\"name\":\"Portada\",\"item\":\"https:\/\/www.noticiasradioreflejos.com.ar\/2021\/\"},{\"@type\":\"ListItem\",\"position\":2,\"name\":\"\u00bfPiel real o piel de filtro? El nuevo dilema adolescente en la era de las redes sociales\"}]},{\"@type\":\"WebSite\",\"@id\":\"https:\/\/www.noticiasradioreflejos.com.ar\/2021\/#website\",\"url\":\"https:\/\/www.noticiasradioreflejos.com.ar\/2021\/\",\"name\":\"Noticias Radio Reflejos\",\"description\":\"Las noticias de mi comarca\",\"potentialAction\":[{\"@type\":\"SearchAction\",\"target\":{\"@type\":\"EntryPoint\",\"urlTemplate\":\"https:\/\/www.noticiasradioreflejos.com.ar\/2021\/?s={search_term_string}\"},\"query-input\":{\"@type\":\"PropertyValueSpecification\",\"valueRequired\":true,\"valueName\":\"search_term_string\"}}],\"inLanguage\":\"es\"},{\"@type\":\"Person\",\"@id\":\"https:\/\/www.noticiasradioreflejos.com.ar\/2021\/#\/schema\/person\/ad82545263dcc5ec0996818884fd5fb1\",\"name\":\"Arnaldo Botto\",\"image\":{\"@type\":\"ImageObject\",\"inLanguage\":\"es\",\"@id\":\"https:\/\/www.noticiasradioreflejos.com.ar\/2021\/#\/schema\/person\/image\/\",\"url\":\"https:\/\/secure.gravatar.com\/avatar\/55cb5e37c1efa326397366e6974cb338056df65cb50e7d64d1cf314e87504837?s=96&d=mm&r=g\",\"contentUrl\":\"https:\/\/secure.gravatar.com\/avatar\/55cb5e37c1efa326397366e6974cb338056df65cb50e7d64d1cf314e87504837?s=96&d=mm&r=g\",\"caption\":\"Arnaldo Botto\"},\"url\":\"https:\/\/www.noticiasradioreflejos.com.ar\/2021\/author\/arnaldo\/\"}]}<\/script>\n<!-- \/ Yoast SEO plugin. -->","yoast_head_json":{"title":"\u00bfPiel real o piel de filtro? El nuevo dilema adolescente en la era de las redes sociales - Noticias Radio Reflejos","robots":{"index":"index","follow":"follow","max-snippet":"max-snippet:-1","max-image-preview":"max-image-preview:large","max-video-preview":"max-video-preview:-1"},"canonical":"https:\/\/www.noticiasradioreflejos.com.ar\/2021\/piel-real-o-piel-de-filtro-el-nuevo-dilema-adolescente-en-la-era-de-las-redes-sociales\/","og_locale":"es_ES","og_type":"article","og_title":"\u00bfPiel real o piel de filtro? El nuevo dilema adolescente en la era de las redes sociales - Noticias Radio Reflejos","og_description":"En medio del boom del cuidado de la piel, un nuevo interrogante se instala entre los j\u00f3venes: \u00bfqu\u00e9 est\u00e1n buscando realmente? \u00bfUna piel sana o una apariencia idealizada por filtros?. En este contexto, las redes sociales se han convertido en una herramienta de doble filo.","og_url":"https:\/\/www.noticiasradioreflejos.com.ar\/2021\/piel-real-o-piel-de-filtro-el-nuevo-dilema-adolescente-en-la-era-de-las-redes-sociales\/","og_site_name":"Noticias Radio Reflejos","article_published_time":"2025-09-16T11:21:10+00:00","article_modified_time":"2025-09-16T11:21:14+00:00","og_image":[{"width":1000,"height":667,"url":"https:\/\/www.noticiasradioreflejos.com.ar\/2021\/wp-content\/uploads\/2025\/09\/ADOLESCENTES.jpg","type":"image\/jpeg"}],"author":"Arnaldo Botto","twitter_card":"summary_large_image","schema":{"@context":"https:\/\/schema.org","@graph":[{"@type":"WebPage","@id":"https:\/\/www.noticiasradioreflejos.com.ar\/2021\/piel-real-o-piel-de-filtro-el-nuevo-dilema-adolescente-en-la-era-de-las-redes-sociales\/","url":"https:\/\/www.noticiasradioreflejos.com.ar\/2021\/piel-real-o-piel-de-filtro-el-nuevo-dilema-adolescente-en-la-era-de-las-redes-sociales\/","name":"\u00bfPiel real o piel de filtro? El nuevo dilema adolescente en la era de las redes sociales - Noticias Radio Reflejos","isPartOf":{"@id":"https:\/\/www.noticiasradioreflejos.com.ar\/2021\/#website"},"primaryImageOfPage":{"@id":"https:\/\/www.noticiasradioreflejos.com.ar\/2021\/piel-real-o-piel-de-filtro-el-nuevo-dilema-adolescente-en-la-era-de-las-redes-sociales\/#primaryimage"},"image":{"@id":"https:\/\/www.noticiasradioreflejos.com.ar\/2021\/piel-real-o-piel-de-filtro-el-nuevo-dilema-adolescente-en-la-era-de-las-redes-sociales\/#primaryimage"},"thumbnailUrl":"https:\/\/www.noticiasradioreflejos.com.ar\/2021\/wp-content\/uploads\/2025\/09\/ADOLESCENTES.jpg","datePublished":"2025-09-16T11:21:10+00:00","dateModified":"2025-09-16T11:21:14+00:00","author":{"@id":"https:\/\/www.noticiasradioreflejos.com.ar\/2021\/#\/schema\/person\/ad82545263dcc5ec0996818884fd5fb1"},"breadcrumb":{"@id":"https:\/\/www.noticiasradioreflejos.com.ar\/2021\/piel-real-o-piel-de-filtro-el-nuevo-dilema-adolescente-en-la-era-de-las-redes-sociales\/#breadcrumb"},"inLanguage":"es","potentialAction":[{"@type":"ReadAction","target":["https:\/\/www.noticiasradioreflejos.com.ar\/2021\/piel-real-o-piel-de-filtro-el-nuevo-dilema-adolescente-en-la-era-de-las-redes-sociales\/"]}]},{"@type":"ImageObject","inLanguage":"es","@id":"https:\/\/www.noticiasradioreflejos.com.ar\/2021\/piel-real-o-piel-de-filtro-el-nuevo-dilema-adolescente-en-la-era-de-las-redes-sociales\/#primaryimage","url":"https:\/\/www.noticiasradioreflejos.com.ar\/2021\/wp-content\/uploads\/2025\/09\/ADOLESCENTES.jpg","contentUrl":"https:\/\/www.noticiasradioreflejos.com.ar\/2021\/wp-content\/uploads\/2025\/09\/ADOLESCENTES.jpg","width":1000,"height":667},{"@type":"BreadcrumbList","@id":"https:\/\/www.noticiasradioreflejos.com.ar\/2021\/piel-real-o-piel-de-filtro-el-nuevo-dilema-adolescente-en-la-era-de-las-redes-sociales\/#breadcrumb","itemListElement":[{"@type":"ListItem","position":1,"name":"Portada","item":"https:\/\/www.noticiasradioreflejos.com.ar\/2021\/"},{"@type":"ListItem","position":2,"name":"\u00bfPiel real o piel de filtro? El nuevo dilema adolescente en la era de las redes sociales"}]},{"@type":"WebSite","@id":"https:\/\/www.noticiasradioreflejos.com.ar\/2021\/#website","url":"https:\/\/www.noticiasradioreflejos.com.ar\/2021\/","name":"Noticias Radio Reflejos","description":"Las noticias de mi comarca","potentialAction":[{"@type":"SearchAction","target":{"@type":"EntryPoint","urlTemplate":"https:\/\/www.noticiasradioreflejos.com.ar\/2021\/?s={search_term_string}"},"query-input":{"@type":"PropertyValueSpecification","valueRequired":true,"valueName":"search_term_string"}}],"inLanguage":"es"},{"@type":"Person","@id":"https:\/\/www.noticiasradioreflejos.com.ar\/2021\/#\/schema\/person\/ad82545263dcc5ec0996818884fd5fb1","name":"Arnaldo Botto","image":{"@type":"ImageObject","inLanguage":"es","@id":"https:\/\/www.noticiasradioreflejos.com.ar\/2021\/#\/schema\/person\/image\/","url":"https:\/\/secure.gravatar.com\/avatar\/55cb5e37c1efa326397366e6974cb338056df65cb50e7d64d1cf314e87504837?s=96&d=mm&r=g","contentUrl":"https:\/\/secure.gravatar.com\/avatar\/55cb5e37c1efa326397366e6974cb338056df65cb50e7d64d1cf314e87504837?s=96&d=mm&r=g","caption":"Arnaldo Botto"},"url":"https:\/\/www.noticiasradioreflejos.com.ar\/2021\/author\/arnaldo\/"}]}},"_links":{"self":[{"href":"https:\/\/www.noticiasradioreflejos.com.ar\/2021\/wp-json\/wp\/v2\/posts\/125068","targetHints":{"allow":["GET"]}}],"collection":[{"href":"https:\/\/www.noticiasradioreflejos.com.ar\/2021\/wp-json\/wp\/v2\/posts"}],"about":[{"href":"https:\/\/www.noticiasradioreflejos.com.ar\/2021\/wp-json\/wp\/v2\/types\/post"}],"author":[{"embeddable":true,"href":"https:\/\/www.noticiasradioreflejos.com.ar\/2021\/wp-json\/wp\/v2\/users\/3"}],"replies":[{"embeddable":true,"href":"https:\/\/www.noticiasradioreflejos.com.ar\/2021\/wp-json\/wp\/v2\/comments?post=125068"}],"version-history":[{"count":2,"href":"https:\/\/www.noticiasradioreflejos.com.ar\/2021\/wp-json\/wp\/v2\/posts\/125068\/revisions"}],"predecessor-version":[{"id":125072,"href":"https:\/\/www.noticiasradioreflejos.com.ar\/2021\/wp-json\/wp\/v2\/posts\/125068\/revisions\/125072"}],"wp:featuredmedia":[{"embeddable":true,"href":"https:\/\/www.noticiasradioreflejos.com.ar\/2021\/wp-json\/wp\/v2\/media\/125070"}],"wp:attachment":[{"href":"https:\/\/www.noticiasradioreflejos.com.ar\/2021\/wp-json\/wp\/v2\/media?parent=125068"}],"wp:term":[{"taxonomy":"category","embeddable":true,"href":"https:\/\/www.noticiasradioreflejos.com.ar\/2021\/wp-json\/wp\/v2\/categories?post=125068"},{"taxonomy":"post_tag","embeddable":true,"href":"https:\/\/www.noticiasradioreflejos.com.ar\/2021\/wp-json\/wp\/v2\/tags?post=125068"}],"curies":[{"name":"wp","href":"https:\/\/api.w.org\/{rel}","templated":true}]}}