{"id":125065,"date":"2025-09-16T07:53:12","date_gmt":"2025-09-16T10:53:12","guid":{"rendered":"https:\/\/www.noticiasradioreflejos.com.ar\/2021\/?p=125065"},"modified":"2025-09-16T07:53:12","modified_gmt":"2025-09-16T10:53:12","slug":"dia-de-los-derechos-de-los-estudiantes-secundarios-por-que-se-conmemora-cada-16-de-septiembre-y-que-fue-la-noche-de-los-lapices","status":"publish","type":"post","link":"https:\/\/www.noticiasradioreflejos.com.ar\/2021\/dia-de-los-derechos-de-los-estudiantes-secundarios-por-que-se-conmemora-cada-16-de-septiembre-y-que-fue-la-noche-de-los-lapices\/","title":{"rendered":"D\u00eda de los Derechos de los Estudiantes Secundarios: \u00bfpor qu\u00e9 se conmemora cada 16 de septiembre y qu\u00e9 fue \u201cLa noche de los l\u00e1pices\u201d?"},"content":{"rendered":"<p>Esta fecha rinde homenaje a los estudiantes desaparecidos durante la \u00faltima dictadura militar.<!--more--><\/p>\n<div>\n<p class=\"article-text\">Cada\u00a0<strong>16 de septiembre<\/strong>\u00a0se conmemora en Argentina el\u00a0<strong>D\u00eda de los Derechos de los Estudiantes Secundarios<\/strong>, una fecha que rinde homenaje a los estudiantes desaparecidos durante la \u00faltima dictadura militar.<\/p>\n<p class=\"article-text\">En septiembre de 1976, un grupo de efectivos policiales del\u00a0<strong>Batall\u00f3n 601<\/strong>\u00a0organiz\u00f3 un operativo para secuestrar a j\u00f3venes de entre 16 y 18 a\u00f1os, de distintas pertenencias pol\u00edticas, que hab\u00edan participado de la campa\u00f1a por el boleto estudiantil, entre otras acciones vinculadas a la participaci\u00f3n pol\u00edtica estudiantil.<\/p>\n<p>En la noche del 16 de septiembre, fueron secuestrados en la ciudad de La Plata Mar\u00eda Claudia Falcone, Mar\u00eda Clara Ciocchini, Claudio de Acha, Francisco L\u00f3pez Muntaner, Daniel Alberto Racero y Horacio \u00c1ngel Ungaro. Dentro de este mismo operativo, el 17 de septiembre fueron detenidas Emilce Moler y Patricia Miranda; y el 21 de septiembre, Pablo D\u00edaz. Gustavo Calotti, que comparti\u00f3 el cautiverio con este grupo de j\u00f3venes, hab\u00eda sido secuestrado el 8 de septiembre, se\u00f1ala\u00a0<a class=\"link\" href=\"https:\/\/www.educ.ar\/recursos\/158436\/16-de-septiembre-dia-de-los-derechos-de-los-estudiantes-secu\" target=\"_blank\" rel=\"noopener\" data-mrf-recirculation=\"links-noticia\" data-mrf-link=\"https:\/\/www.educ.ar\/recursos\/158436\/16-de-septiembre-dia-de-los-derechos-de-los-estudiantes-secu\"><em>un art\u00edculo de\u00a0educ.ar<\/em><\/a><em>.<\/em><\/p>\n<p>&nbsp;<\/p>\n<\/div>\n<picture class=\"news-image\"><img decoding=\"async\" src=\"https:\/\/static.eldiario.es\/clip\/3f0eb2a7-2c96-40c1-bbdb-c7839b3e694c_16-9-discover-aspect-ratio_default_0.jpg\" alt=\"En septiembre de 1976, un grupo de efectivos policiales del\u00a0Batall\u00f3n 601\u00a0organiz\u00f3 un operativo para secuestrar a j\u00f3venes de entre 16 y 18 a\u00f1os. Mar\u00eda Clara Ciocchini (18 a\u00f1os), Horacio Ungaro (17 a\u00f1os), Francisco L\u00f3pez Muntaner (16 a\u00f1os), Claudio de Acha (18 a\u00f1os), Daniel Racero (18 a\u00f1os) y Claudia Falcone (16 a\u00f1os) contin\u00faan desaparecidos.\" \/><\/picture><em><span class=\"title\">En septiembre de 1976, un grupo de efectivos policiales del\u00a0Batall\u00f3n 601\u00a0organiz\u00f3 un operativo para secuestrar a j\u00f3venes de entre 16 y 18 a\u00f1os. Mar\u00eda Clara Ciocchini (18 a\u00f1os), Horacio Ungaro (17 a\u00f1os), Francisco L\u00f3pez Muntaner (16 a\u00f1os), Claudio de Acha (18 a\u00f1os), Daniel Racero (18 a\u00f1os) y Claudia Falcone (16 a\u00f1os) contin\u00faan desaparecidos.<\/span><\/em><\/p>\n<p>&nbsp;<\/p>\n<div>\n<p class=\"article-text\">Los estudiantes fueron sometidos a\u00a0<strong>torturas y vej\u00e1menes en distintos centros clandestinos de detenci\u00f3n,<\/strong>\u00a0entre ellos: el Pozo de Arana, el Pozo de Banfield, la Brigada de Investigaciones de Quilmes y la Brigada de Avellaneda. Seis de ellos contin\u00faan desaparecidos: Francisco, Mar\u00eda Claudia, Claudio, Horacio, Daniel y Mar\u00eda Clara, y s\u00f3lo cuatro sobrevivieron: Pablo D\u00edaz, Gustavo Calotti, Emilce Moler y Patricia Miranda.<\/p>\n<p class=\"article-text\">Este episodio emblem\u00e1tico se recuerda como \u201c<strong>La noche de los l\u00e1pices<\/strong>\u201d. El informe de la Comisi\u00f3n Nacional de Desaparici\u00f3n de Personas (<strong>Conadep<\/strong>) estableci\u00f3 que m\u00e1s del 20% de los desaparecidos y desaparecidas durante este per\u00edodo (1976-1983) eran estudiantes.<\/p>\n<figure class=\"embed-container embed-container--type-youtube ratio\"><script src=\"https:\/\/www.youtube.com\/iframe_api\"><\/script><script type=\"module\">window.marfeel.cmd.push(['multimedia', function(multimedia) { multimedia.initializeItem('yt-gCMHbGRC9Mo-4390', 'youtube', 'gCMHbGRC9Mo', document.getElementById('yt-gCMHbGRC9Mo-4390')); }]);<\/script><\/figure>\n<h2 class=\"article-text\">Detalles sobre La noche de los l\u00e1pices<\/h2>\n<p class=\"article-text\">La\u00a0Noche de los L\u00e1pices es el nombre con que se conoce una serie de\u00a0secuestros\u00a0y\u00a0asesinatos\u00a0de estudiantes de colegios secundarios ocurridos durante la noche del 16 de septiembre de 1976 y d\u00edas posteriores, en la ciudad de\u00a0La Plata, capital de la\u00a0Provincia de Buenos Aires.<\/p>\n<p class=\"article-text\">En total diez estudiantes secundarios fueron secuestrados y torturados por\u00a0grupos de tareas\u00a0de la\u00a0dictadura gobernante, de los cuales seis fueron asesinados sin que se hallaran sus restos hasta la fecha: Claudio de Acha,\u00a0Mar\u00eda Clara Ciocchini,\u00a0Mar\u00eda Claudia Falcone, Francisco L\u00f3pez Muntaner, Daniel A. Racero y\u00a0Horacio Ungaro. Los cuatro sobrevivientes fueron Gustavo Calotti,\u00a0Pablo D\u00edaz, Patricia Miranda y Emilce Moler.<\/p>\n<p class=\"article-text\">Este suceso fue uno de los m\u00e1s conocidos entre los\u00a0actos de represi\u00f3n cometidos\u00a0por la\u00a0\u00faltima dictadura c\u00edvico-militar argentina\u00a0(1976-1983), ya que los\u00a0desaparecidos\u00a0eran estudiantes, en su mayor\u00eda adolescentes menores de 18 a\u00f1os, que fueron\u00a0torturados\u00a0antes de ser asesinados. La\u00a0CONADEP\u00a0estableci\u00f3 que la polic\u00eda bonaerense hab\u00eda preparado un operativo represivo para los que hab\u00edan participado de la campa\u00f1a por el boleto estudiantil, considerada por las\u00a0Fuerzas Armadas\u00a0como \u201csubversi\u00f3n en las escuelas\u201d la cual era fundamental \u201cerradicar\u201d.<\/p>\n<p class=\"article-text\">El caso tom\u00f3 notoriedad p\u00fablica en 1985, luego del testimonio de\u00a0Pablo D\u00edaz, uno de los sobrevivientes, en el\u00a0Juicio a las Juntas. Adem\u00e1s, D\u00edaz particip\u00f3 de la creaci\u00f3n del guion que llev\u00f3 la historia al cine d\u00edas antes de cumplirse una d\u00e9cada de lo ocurrido, en la\u00a0pel\u00edcula hom\u00f3nima. Cuatro de los estudiantes secuestrados sobrevivieron a las posteriores torturas y traslados impuestos por la dictadura.<\/p>\n<h2 class=\"article-text\">Contexto<\/h2>\n<p class=\"article-text\">Las v\u00edctimas fueron en su mayor\u00eda estudiantes de la UES (Uni\u00f3n de Estudiantes Secundarios), de la ciudad de\u00a0La Plata. Esta agrupaci\u00f3n, junto a otras escuelas, hab\u00eda reclamado en 1975 ante el\u00a0Ministerio de Obras P\u00fablicas\u00a0el otorgamiento del boleto de autob\u00fas con descuento estudiantil.<\/p>\n<p class=\"article-text\">Esta circunstancia, junto al testimonio de uno de los sobrevivientes, Pablo D\u00edaz, ha popularizado la hip\u00f3tesis de que los secuestros hayan sido consecuencia directa de aquel reclamo. Sin embargo, otros sobrevivientes, como Emilce Moler, afirman que ese reclamo espec\u00edfico no tuvo ninguna incidencia en el episodio del 16 de septiembre. Pablo D\u00edaz afirm\u00f3 que el boleto estudiantil, que hab\u00edan conseguido los estudiantes secundarios en septiembre de 1975, fue suspendido en agosto de 1976 con la intenci\u00f3n de detectar, mediante un trabajo de inteligencia, quienes eran los l\u00edderes en cada escuela e ir a buscarlos. Al respecto, mencion\u00f3 un documento hallado en la Jefatura de\u00a0Polic\u00eda de la Provincia de Buenos Aires, titulado\u00a0La Noche de los L\u00e1pices, firmado por el comisario general Alfredo Fern\u00e1ndez, en el que describ\u00eda las acciones a realizar contra los estudiantes, a quienes se calificaba como \u201cintegrantes de un potencial semillero subversivo\u201d.<\/p>\n<h2 class=\"article-text\">Los secuestros y asesinatos<\/h2>\n<p class=\"article-text\">Las \u00f3rdenes de detenci\u00f3n hab\u00edan sido libradas por el\u00a0Batall\u00f3n 601\u00a0del\u00a0Servicio de Inteligencia del Ej\u00e9rcito y llevaban las firmas de Fern\u00e1ndez y del coronel Ricardo Eugenio Campoamor, jefe del\u00a0Destacamento de Inteligencia 101. Lo m\u00e1s llamativo de las mismas es que, en todos los casos, se les asign\u00f3 grado de peligrosidad m\u00ednimo a los estudiantes. Los secuestros fueron llevados a cabo por miembros de la Polic\u00eda de la Provincia de Buenos Aires, dirigida en aquel entonces por el general\u00a0Ram\u00f3n Camps\u00a0y\u00a0Miguel Etchecolatz, usando veh\u00edculos\u00a0Ford Falcon\u00a0de la armada para cometer los hechos.<\/p>\n<figure class=\"embed-container embed-container--type-youtube ratio\"><script src=\"https:\/\/www.youtube.com\/iframe_api\"><\/script><script type=\"module\">window.marfeel.cmd.push(['multimedia', function(multimedia) { multimedia.initializeItem('yt-B9fnd1nX-bc-9341', 'youtube', 'B9fnd1nX-bc', document.getElementById('yt-B9fnd1nX-bc-9341')); }]);<\/script><\/figure>\n<p class=\"article-text\">N\u00e9stor Beroch, fue el principal acusado de integrar el grupo de tareas que secuestr\u00f3 a los estudiantes de la Noche de los L\u00e1pices durante la \u00faltima dictadura c\u00edvico militar, Sin haber sido juzgado por ese hecho, Beroch muri\u00f3 en la localidad platense de City Bell el 26\/05\/2022. Sin embargo, la C\u00e1mara Federal de La Plata lo hab\u00eda sometido a un juicio oral y p\u00fablico por la verdad, en julio de 2000. En dicha causa judicial Beroch fue defendido por el Mayor Abogado del Ej\u00e9rcito\u00a0Jorge Humberto Appiani\u00a0quien hoy est\u00e1 detenido en Entre R\u00edos por delitos de lesa humanidad. Con el retorno de la democracia, Beroch se desempe\u00f1\u00f3 como profesor de literatura en un colegio de la ciudad de La Plata y fue descubierto por organizaciones de derechos humanos que acusaron al hombre de integrar el grupo de tareas que secuestr\u00f3 en septiembre de 1976 a los estudiantes secundarios que reclamaban por el boleto estudiantil, en el episodio conocido como La Noche de los L\u00e1pices.<\/p>\n<p class=\"article-text\">Tras una semana de torturas, el 23 de septiembre, un grupo de detenidos dentro del cual se hallaban los estudiantes fue trasladado en al menos dos camiones celulares. El convoy se detuvo en la\u00a0Brigada de Investigaciones de Banfield, en donde bajaron a un n\u00famero de personas previa lectura de una lista en la que sus nombres figuraba. Casi todos contin\u00faan desaparecidos. El resto de los prisioneros sigui\u00f3 camino hasta el\u00a0Pozo de Quilmes.<\/p>\n<p class=\"article-text\">Seg\u00fan la CONADEP, \u201clos adolescentes secuestrados habr\u00edan sido eliminados despu\u00e9s de padecer tormentos en distintos\u00a0centros clandestinos de detenci\u00f3n, entre los que se encontraban:\u00a0Arana,\u00a0Pozo de Banfield,\u00a0Pozo de Quilmes, Jefatura de Polic\u00eda de la Provincia de Buenos Aires y las Comisar\u00edas 5.\u00aa, 8.\u00aa y 9.\u00aa de La Plata y 3.\u00aa de Valent\u00edn Alsina, en Lan\u00fas, y el Pol\u00edgono de Tiro de la Jefatura de la Provincia de Buenos Aires\u201d. Se presume que habr\u00edan sido fusilados a principios de enero de 1977.<\/p>\n<figure class=\"embed-container embed-container--type-youtube ratio\"><script src=\"https:\/\/www.youtube.com\/iframe_api\"><\/script><script type=\"module\">window.marfeel.cmd.push(['multimedia', function(multimedia) { multimedia.initializeItem('yt-dUqd9uWVuhk-2101', 'youtube', 'dUqd9uWVuhk', document.getElementById('yt-dUqd9uWVuhk-2101')); }]);<\/script><\/figure>\n<h2 class=\"article-text\">Las condenas<\/h2>\n<p class=\"article-text\">Los responsables de la llamada\u00a0<strong>Noche de los L\u00e1pices<\/strong>, en la que se cometieron cr\u00edmenes de lesa humanidad en los pozos de Quilmes, Banfield y Brigada de Lan\u00fas, fueron condenados en marzo de 2024 por el Tribunal Oral Federal N\u00b0 1 de La Plata a prisi\u00f3n perpetua luego de diez a\u00f1os de proceso.<\/p>\n<p class=\"article-text\">El exministro de Justicia bonaerense\u00a0<strong>Jaime Lamont Smart<\/strong>\u00a0y el m\u00e9dico\u00a0<strong>Jorge Antonio Berg\u00e9s<\/strong>\u00a0fueron dos de los condenados a perpetua m\u00e1s relevantes de la jornada. Tambi\u00e9n se pen\u00f3 a\u00a0<strong>Federico Antonio Minicucci, Guillermo Alberto Dom\u00ednguez Matheu, Carlos Gustavo Fontana, Carlos Mar\u00eda Romero Pav\u00f3n, Jorge H\u00e9ctor Di Pasquale, Roberto Armando Balmaceda, Juan Miguel Wolk y Horacio Luis Castillo<\/strong>.<\/p>\n<p class=\"article-text\">Por otra parte,\u00a0<strong>Julio Condioti<\/strong>\u00a0fue condenado a 25 a\u00f1os de prisi\u00f3n y<strong>\u00a0Enrique Barre<\/strong>\u00a0fue absuelto. El represor\u00a0<strong>Miguel Etchecolatz,<\/strong>\u00a0que tambi\u00e9n particip\u00f3 de estos delitos, muri\u00f3 antes de la condena. Todos son represores que actuaron en los centros clandestinos de detenci\u00f3n Pozo de Banfield, Pozo de Quilmes y Brigada de Lan\u00fas, dependientes de la Polic\u00eda de la Provincia de Buenos Aires.<\/p>\n<p class=\"article-text\">La causa, que tuvo su primera elevaci\u00f3n a juicio en abril de 2012, cont\u00f3 con Abuelas de Plaza de Mayo como querellante junto con los nietos restituidos Carlos D\u2019El\u00eda, Victoria Moyano Artigas, Pedro Nadal, Mar\u00eda Jos\u00e9 Lavalle Lemos y su hermana Mar\u00eda Lavalle, y Laura Garack -quien busca a su hermano o hermana-; y con Pablo D\u00edaz, sobreviviente de la Noche de los L\u00e1pices, y Graciela Borelli Cattaneo, hermana de un ciudadano uruguayo v\u00edctima del Plan C\u00f3ndor.<\/p>\n<p class=\"article-text\"><strong>Abuelas acus\u00f3 a los imputados por privaci\u00f3n ilegal de la libertad y tormentos de 23 embarazadas y una madre secuestrada junto a su hijo<\/strong>,<strong>\u00a0y por la sustracci\u00f3n, retenci\u00f3n y ocultamiento de diez nietos y nietas<\/strong>, siete de los cuales ya recuperaron su identidad.<\/p>\n<div id=\"container-after-news-outlook\"><\/div>\n<h3 class=\"article-text\"><strong>El juicio<\/strong><\/h3>\n<p class=\"article-text\">La causa Pozo de Banfield, tal como se denomin\u00f3 a la brigada de esa ciudad, abord\u00f3 442 casos e investig\u00f3 los cr\u00edmenes contra 253 v\u00edctimas: en la del Pozo de Quilmes, 181; y en \u201cEl Infierno\u201d, sede de la Brigada de Lan\u00fas, 62.<\/p>\n<p class=\"article-text\">El debate se ocup\u00f3 de investigar privaciones ilegales de la libertad, aplicaci\u00f3n de tormentos, homicidios, desapariciones forzadas, sustracci\u00f3n, retenci\u00f3n y ocultamiento de ni\u00f1os y ni\u00f1as nacidos y nacidas en cautiverio, y delitos contra la integridad sexual.<\/p>\n<\/div>\n<p>elDiarioAR<\/p>\n","protected":false},"excerpt":{"rendered":"<p>Esta fecha rinde homenaje a los estudiantes desaparecidos durante la \u00faltima dictadura militar.<\/p>\n","protected":false},"author":3,"featured_media":0,"comment_status":"closed","ping_status":"closed","sticky":false,"template":"","format":"standard","meta":{"footnotes":""},"categories":[24,26],"tags":[],"class_list":["post-125065","post","type-post","status-publish","format-standard","hentry","category-politica","category-sociedad"],"yoast_head":"<!-- This site is optimized with the Yoast SEO plugin v25.9 - https:\/\/yoast.com\/wordpress\/plugins\/seo\/ -->\n<title>D\u00eda de los Derechos de los Estudiantes Secundarios: \u00bfpor qu\u00e9 se conmemora cada 16 de septiembre y qu\u00e9 fue \u201cLa noche de los l\u00e1pices\u201d? - Noticias Radio Reflejos<\/title>\n<meta name=\"robots\" content=\"index, follow, max-snippet:-1, max-image-preview:large, max-video-preview:-1\" \/>\n<link rel=\"canonical\" href=\"https:\/\/www.noticiasradioreflejos.com.ar\/2021\/dia-de-los-derechos-de-los-estudiantes-secundarios-por-que-se-conmemora-cada-16-de-septiembre-y-que-fue-la-noche-de-los-lapices\/\" \/>\n<meta property=\"og:locale\" content=\"es_ES\" \/>\n<meta property=\"og:type\" content=\"article\" \/>\n<meta property=\"og:title\" content=\"D\u00eda de los Derechos de los Estudiantes Secundarios: \u00bfpor qu\u00e9 se conmemora cada 16 de septiembre y qu\u00e9 fue \u201cLa noche de los l\u00e1pices\u201d? - Noticias Radio Reflejos\" \/>\n<meta property=\"og:description\" content=\"Esta fecha rinde homenaje a los estudiantes desaparecidos durante la \u00faltima dictadura militar.\" \/>\n<meta property=\"og:url\" content=\"https:\/\/www.noticiasradioreflejos.com.ar\/2021\/dia-de-los-derechos-de-los-estudiantes-secundarios-por-que-se-conmemora-cada-16-de-septiembre-y-que-fue-la-noche-de-los-lapices\/\" \/>\n<meta property=\"og:site_name\" content=\"Noticias Radio Reflejos\" \/>\n<meta property=\"article:published_time\" content=\"2025-09-16T10:53:12+00:00\" \/>\n<meta property=\"og:image\" content=\"https:\/\/www.noticiasradioreflejos.com.ar\/2021\/wp-content\/uploads\/2025\/09\/noche-de-los-lapices.jpg\" \/>\n\t<meta property=\"og:image:width\" content=\"1200\" \/>\n\t<meta property=\"og:image:height\" content=\"670\" \/>\n\t<meta property=\"og:image:type\" content=\"image\/jpeg\" \/>\n<meta name=\"author\" content=\"Arnaldo Botto\" \/>\n<meta name=\"twitter:card\" content=\"summary_large_image\" \/>\n<script type=\"application\/ld+json\" class=\"yoast-schema-graph\">{\"@context\":\"https:\/\/schema.org\",\"@graph\":[{\"@type\":\"WebPage\",\"@id\":\"https:\/\/www.noticiasradioreflejos.com.ar\/2021\/dia-de-los-derechos-de-los-estudiantes-secundarios-por-que-se-conmemora-cada-16-de-septiembre-y-que-fue-la-noche-de-los-lapices\/\",\"url\":\"https:\/\/www.noticiasradioreflejos.com.ar\/2021\/dia-de-los-derechos-de-los-estudiantes-secundarios-por-que-se-conmemora-cada-16-de-septiembre-y-que-fue-la-noche-de-los-lapices\/\",\"name\":\"D\u00eda de los Derechos de los Estudiantes Secundarios: \u00bfpor qu\u00e9 se conmemora cada 16 de septiembre y qu\u00e9 fue \u201cLa noche de los l\u00e1pices\u201d? - Noticias Radio Reflejos\",\"isPartOf\":{\"@id\":\"https:\/\/www.noticiasradioreflejos.com.ar\/2021\/#website\"},\"primaryImageOfPage\":{\"@id\":\"https:\/\/www.noticiasradioreflejos.com.ar\/2021\/dia-de-los-derechos-de-los-estudiantes-secundarios-por-que-se-conmemora-cada-16-de-septiembre-y-que-fue-la-noche-de-los-lapices\/#primaryimage\"},\"image\":{\"@id\":\"https:\/\/www.noticiasradioreflejos.com.ar\/2021\/dia-de-los-derechos-de-los-estudiantes-secundarios-por-que-se-conmemora-cada-16-de-septiembre-y-que-fue-la-noche-de-los-lapices\/#primaryimage\"},\"thumbnailUrl\":\"https:\/\/static.eldiario.es\/clip\/3f0eb2a7-2c96-40c1-bbdb-c7839b3e694c_16-9-discover-aspect-ratio_default_0.jpg\",\"datePublished\":\"2025-09-16T10:53:12+00:00\",\"author\":{\"@id\":\"https:\/\/www.noticiasradioreflejos.com.ar\/2021\/#\/schema\/person\/ad82545263dcc5ec0996818884fd5fb1\"},\"breadcrumb\":{\"@id\":\"https:\/\/www.noticiasradioreflejos.com.ar\/2021\/dia-de-los-derechos-de-los-estudiantes-secundarios-por-que-se-conmemora-cada-16-de-septiembre-y-que-fue-la-noche-de-los-lapices\/#breadcrumb\"},\"inLanguage\":\"es\",\"potentialAction\":[{\"@type\":\"ReadAction\",\"target\":[\"https:\/\/www.noticiasradioreflejos.com.ar\/2021\/dia-de-los-derechos-de-los-estudiantes-secundarios-por-que-se-conmemora-cada-16-de-septiembre-y-que-fue-la-noche-de-los-lapices\/\"]}]},{\"@type\":\"ImageObject\",\"inLanguage\":\"es\",\"@id\":\"https:\/\/www.noticiasradioreflejos.com.ar\/2021\/dia-de-los-derechos-de-los-estudiantes-secundarios-por-que-se-conmemora-cada-16-de-septiembre-y-que-fue-la-noche-de-los-lapices\/#primaryimage\",\"url\":\"https:\/\/static.eldiario.es\/clip\/3f0eb2a7-2c96-40c1-bbdb-c7839b3e694c_16-9-discover-aspect-ratio_default_0.jpg\",\"contentUrl\":\"https:\/\/static.eldiario.es\/clip\/3f0eb2a7-2c96-40c1-bbdb-c7839b3e694c_16-9-discover-aspect-ratio_default_0.jpg\"},{\"@type\":\"BreadcrumbList\",\"@id\":\"https:\/\/www.noticiasradioreflejos.com.ar\/2021\/dia-de-los-derechos-de-los-estudiantes-secundarios-por-que-se-conmemora-cada-16-de-septiembre-y-que-fue-la-noche-de-los-lapices\/#breadcrumb\",\"itemListElement\":[{\"@type\":\"ListItem\",\"position\":1,\"name\":\"Portada\",\"item\":\"https:\/\/www.noticiasradioreflejos.com.ar\/2021\/\"},{\"@type\":\"ListItem\",\"position\":2,\"name\":\"D\u00eda de los Derechos de los Estudiantes Secundarios: \u00bfpor qu\u00e9 se conmemora cada 16 de septiembre y qu\u00e9 fue \u201cLa noche de los l\u00e1pices\u201d?\"}]},{\"@type\":\"WebSite\",\"@id\":\"https:\/\/www.noticiasradioreflejos.com.ar\/2021\/#website\",\"url\":\"https:\/\/www.noticiasradioreflejos.com.ar\/2021\/\",\"name\":\"Noticias Radio Reflejos\",\"description\":\"Las noticias de mi comarca\",\"potentialAction\":[{\"@type\":\"SearchAction\",\"target\":{\"@type\":\"EntryPoint\",\"urlTemplate\":\"https:\/\/www.noticiasradioreflejos.com.ar\/2021\/?s={search_term_string}\"},\"query-input\":{\"@type\":\"PropertyValueSpecification\",\"valueRequired\":true,\"valueName\":\"search_term_string\"}}],\"inLanguage\":\"es\"},{\"@type\":\"Person\",\"@id\":\"https:\/\/www.noticiasradioreflejos.com.ar\/2021\/#\/schema\/person\/ad82545263dcc5ec0996818884fd5fb1\",\"name\":\"Arnaldo Botto\",\"image\":{\"@type\":\"ImageObject\",\"inLanguage\":\"es\",\"@id\":\"https:\/\/www.noticiasradioreflejos.com.ar\/2021\/#\/schema\/person\/image\/\",\"url\":\"https:\/\/secure.gravatar.com\/avatar\/55cb5e37c1efa326397366e6974cb338056df65cb50e7d64d1cf314e87504837?s=96&d=mm&r=g\",\"contentUrl\":\"https:\/\/secure.gravatar.com\/avatar\/55cb5e37c1efa326397366e6974cb338056df65cb50e7d64d1cf314e87504837?s=96&d=mm&r=g\",\"caption\":\"Arnaldo Botto\"},\"url\":\"https:\/\/www.noticiasradioreflejos.com.ar\/2021\/author\/arnaldo\/\"}]}<\/script>\n<!-- \/ Yoast SEO plugin. -->","yoast_head_json":{"title":"D\u00eda de los Derechos de los Estudiantes Secundarios: \u00bfpor qu\u00e9 se conmemora cada 16 de septiembre y qu\u00e9 fue \u201cLa noche de los l\u00e1pices\u201d? - Noticias Radio Reflejos","robots":{"index":"index","follow":"follow","max-snippet":"max-snippet:-1","max-image-preview":"max-image-preview:large","max-video-preview":"max-video-preview:-1"},"canonical":"https:\/\/www.noticiasradioreflejos.com.ar\/2021\/dia-de-los-derechos-de-los-estudiantes-secundarios-por-que-se-conmemora-cada-16-de-septiembre-y-que-fue-la-noche-de-los-lapices\/","og_locale":"es_ES","og_type":"article","og_title":"D\u00eda de los Derechos de los Estudiantes Secundarios: \u00bfpor qu\u00e9 se conmemora cada 16 de septiembre y qu\u00e9 fue \u201cLa noche de los l\u00e1pices\u201d? - Noticias Radio Reflejos","og_description":"Esta fecha rinde homenaje a los estudiantes desaparecidos durante la \u00faltima dictadura militar.","og_url":"https:\/\/www.noticiasradioreflejos.com.ar\/2021\/dia-de-los-derechos-de-los-estudiantes-secundarios-por-que-se-conmemora-cada-16-de-septiembre-y-que-fue-la-noche-de-los-lapices\/","og_site_name":"Noticias Radio Reflejos","article_published_time":"2025-09-16T10:53:12+00:00","og_image":[{"width":1200,"height":670,"url":"https:\/\/www.noticiasradioreflejos.com.ar\/2021\/wp-content\/uploads\/2025\/09\/noche-de-los-lapices.jpg","type":"image\/jpeg"}],"author":"Arnaldo Botto","twitter_card":"summary_large_image","schema":{"@context":"https:\/\/schema.org","@graph":[{"@type":"WebPage","@id":"https:\/\/www.noticiasradioreflejos.com.ar\/2021\/dia-de-los-derechos-de-los-estudiantes-secundarios-por-que-se-conmemora-cada-16-de-septiembre-y-que-fue-la-noche-de-los-lapices\/","url":"https:\/\/www.noticiasradioreflejos.com.ar\/2021\/dia-de-los-derechos-de-los-estudiantes-secundarios-por-que-se-conmemora-cada-16-de-septiembre-y-que-fue-la-noche-de-los-lapices\/","name":"D\u00eda de los Derechos de los Estudiantes Secundarios: \u00bfpor qu\u00e9 se conmemora cada 16 de septiembre y qu\u00e9 fue \u201cLa noche de los l\u00e1pices\u201d? - Noticias Radio Reflejos","isPartOf":{"@id":"https:\/\/www.noticiasradioreflejos.com.ar\/2021\/#website"},"primaryImageOfPage":{"@id":"https:\/\/www.noticiasradioreflejos.com.ar\/2021\/dia-de-los-derechos-de-los-estudiantes-secundarios-por-que-se-conmemora-cada-16-de-septiembre-y-que-fue-la-noche-de-los-lapices\/#primaryimage"},"image":{"@id":"https:\/\/www.noticiasradioreflejos.com.ar\/2021\/dia-de-los-derechos-de-los-estudiantes-secundarios-por-que-se-conmemora-cada-16-de-septiembre-y-que-fue-la-noche-de-los-lapices\/#primaryimage"},"thumbnailUrl":"https:\/\/static.eldiario.es\/clip\/3f0eb2a7-2c96-40c1-bbdb-c7839b3e694c_16-9-discover-aspect-ratio_default_0.jpg","datePublished":"2025-09-16T10:53:12+00:00","author":{"@id":"https:\/\/www.noticiasradioreflejos.com.ar\/2021\/#\/schema\/person\/ad82545263dcc5ec0996818884fd5fb1"},"breadcrumb":{"@id":"https:\/\/www.noticiasradioreflejos.com.ar\/2021\/dia-de-los-derechos-de-los-estudiantes-secundarios-por-que-se-conmemora-cada-16-de-septiembre-y-que-fue-la-noche-de-los-lapices\/#breadcrumb"},"inLanguage":"es","potentialAction":[{"@type":"ReadAction","target":["https:\/\/www.noticiasradioreflejos.com.ar\/2021\/dia-de-los-derechos-de-los-estudiantes-secundarios-por-que-se-conmemora-cada-16-de-septiembre-y-que-fue-la-noche-de-los-lapices\/"]}]},{"@type":"ImageObject","inLanguage":"es","@id":"https:\/\/www.noticiasradioreflejos.com.ar\/2021\/dia-de-los-derechos-de-los-estudiantes-secundarios-por-que-se-conmemora-cada-16-de-septiembre-y-que-fue-la-noche-de-los-lapices\/#primaryimage","url":"https:\/\/static.eldiario.es\/clip\/3f0eb2a7-2c96-40c1-bbdb-c7839b3e694c_16-9-discover-aspect-ratio_default_0.jpg","contentUrl":"https:\/\/static.eldiario.es\/clip\/3f0eb2a7-2c96-40c1-bbdb-c7839b3e694c_16-9-discover-aspect-ratio_default_0.jpg"},{"@type":"BreadcrumbList","@id":"https:\/\/www.noticiasradioreflejos.com.ar\/2021\/dia-de-los-derechos-de-los-estudiantes-secundarios-por-que-se-conmemora-cada-16-de-septiembre-y-que-fue-la-noche-de-los-lapices\/#breadcrumb","itemListElement":[{"@type":"ListItem","position":1,"name":"Portada","item":"https:\/\/www.noticiasradioreflejos.com.ar\/2021\/"},{"@type":"ListItem","position":2,"name":"D\u00eda de los Derechos de los Estudiantes Secundarios: \u00bfpor qu\u00e9 se conmemora cada 16 de septiembre y qu\u00e9 fue \u201cLa noche de los l\u00e1pices\u201d?"}]},{"@type":"WebSite","@id":"https:\/\/www.noticiasradioreflejos.com.ar\/2021\/#website","url":"https:\/\/www.noticiasradioreflejos.com.ar\/2021\/","name":"Noticias Radio Reflejos","description":"Las noticias de mi comarca","potentialAction":[{"@type":"SearchAction","target":{"@type":"EntryPoint","urlTemplate":"https:\/\/www.noticiasradioreflejos.com.ar\/2021\/?s={search_term_string}"},"query-input":{"@type":"PropertyValueSpecification","valueRequired":true,"valueName":"search_term_string"}}],"inLanguage":"es"},{"@type":"Person","@id":"https:\/\/www.noticiasradioreflejos.com.ar\/2021\/#\/schema\/person\/ad82545263dcc5ec0996818884fd5fb1","name":"Arnaldo Botto","image":{"@type":"ImageObject","inLanguage":"es","@id":"https:\/\/www.noticiasradioreflejos.com.ar\/2021\/#\/schema\/person\/image\/","url":"https:\/\/secure.gravatar.com\/avatar\/55cb5e37c1efa326397366e6974cb338056df65cb50e7d64d1cf314e87504837?s=96&d=mm&r=g","contentUrl":"https:\/\/secure.gravatar.com\/avatar\/55cb5e37c1efa326397366e6974cb338056df65cb50e7d64d1cf314e87504837?s=96&d=mm&r=g","caption":"Arnaldo Botto"},"url":"https:\/\/www.noticiasradioreflejos.com.ar\/2021\/author\/arnaldo\/"}]}},"_links":{"self":[{"href":"https:\/\/www.noticiasradioreflejos.com.ar\/2021\/wp-json\/wp\/v2\/posts\/125065","targetHints":{"allow":["GET"]}}],"collection":[{"href":"https:\/\/www.noticiasradioreflejos.com.ar\/2021\/wp-json\/wp\/v2\/posts"}],"about":[{"href":"https:\/\/www.noticiasradioreflejos.com.ar\/2021\/wp-json\/wp\/v2\/types\/post"}],"author":[{"embeddable":true,"href":"https:\/\/www.noticiasradioreflejos.com.ar\/2021\/wp-json\/wp\/v2\/users\/3"}],"replies":[{"embeddable":true,"href":"https:\/\/www.noticiasradioreflejos.com.ar\/2021\/wp-json\/wp\/v2\/comments?post=125065"}],"version-history":[{"count":1,"href":"https:\/\/www.noticiasradioreflejos.com.ar\/2021\/wp-json\/wp\/v2\/posts\/125065\/revisions"}],"predecessor-version":[{"id":125067,"href":"https:\/\/www.noticiasradioreflejos.com.ar\/2021\/wp-json\/wp\/v2\/posts\/125065\/revisions\/125067"}],"wp:attachment":[{"href":"https:\/\/www.noticiasradioreflejos.com.ar\/2021\/wp-json\/wp\/v2\/media?parent=125065"}],"wp:term":[{"taxonomy":"category","embeddable":true,"href":"https:\/\/www.noticiasradioreflejos.com.ar\/2021\/wp-json\/wp\/v2\/categories?post=125065"},{"taxonomy":"post_tag","embeddable":true,"href":"https:\/\/www.noticiasradioreflejos.com.ar\/2021\/wp-json\/wp\/v2\/tags?post=125065"}],"curies":[{"name":"wp","href":"https:\/\/api.w.org\/{rel}","templated":true}]}}