{"id":125062,"date":"2025-09-16T07:48:28","date_gmt":"2025-09-16T10:48:28","guid":{"rendered":"https:\/\/www.noticiasradioreflejos.com.ar\/2021\/?p=125062"},"modified":"2025-09-16T07:54:42","modified_gmt":"2025-09-16T10:54:42","slug":"cronicas-de-una-muerte-anunciada-la-plata","status":"publish","type":"post","link":"https:\/\/www.noticiasradioreflejos.com.ar\/2021\/cronicas-de-una-muerte-anunciada-la-plata\/","title":{"rendered":"CR\u00d3NICAS DE UNA MUERTE ANUNCIADA: La Plata"},"content":{"rendered":"<p>La ciudad capital de la provincia bonaerense, La Plata, naci\u00f3 con un prop\u00f3sito ambicioso: ser la orgullosa capital de los bonaerenses y el cerebro planificador del desarrollo y crecimiento de la provincia m\u00e1s rica y diversa de la Argentina. Sin embargo, ese sue\u00f1o nunca se cumpli\u00f3.<\/p>\n<p><!--more--><\/p>\n<p>La Plata se convirti\u00f3 en un centro administrativo y burocr\u00e1tico, encerrado en s\u00ed mismo, que m\u00e1s que impulsar, termin\u00f3 retardando el desarrollo bonaerense. La ciudad qued\u00f3 atrapada en la l\u00f3gica de la gesti\u00f3n rutinaria, distante de la realidad del interior y de las necesidades de los municipios, incapaz de orientar el rumbo productivo, territorial y social de la provincia.<\/p>\n<p>Hoy la provincia necesita mucho m\u00e1s que un escritorio de tr\u00e1mites: precisa una capital que la represente y la escuche, que sea el centro neur\u00e1lgico de la toma de decisiones y el motor de un proyecto de desarrollo de su conjunto. Una capital capaz de resolver los problemas estructurales, de planificar qu\u00e9 producir, c\u00f3mo hacerlo, c\u00f3mo distribuir y c\u00f3mo lograr que los bonaerenses vivan en un territorio de riqueza, equidad y felicidad. Si La Plata no pudo cumplir esa misi\u00f3n, surge inevitablemente la pregunta: \u00bfcu\u00e1l podr\u00eda ser su reemplazo?, \u00bfcu\u00e1l deber\u00eda ser la nueva capital pol\u00edtica de los bonaerenses?<\/p>\n<p>Al pensar en opciones, Bah\u00eda Blanca aparece como una posibilidad natural: es un puerto estrat\u00e9gico, polo industrial y de servicios, con capacidad de conectarse al mundo. Sin embargo, repite vicios de la Capital Federal: un ego\u00edsmo estructural, un individualismo cerrado, un desarrollo que mira hacia adentro y da la espalda a los municipios de su entorno. Su proyecto hist\u00f3rico ha sido m\u00e1s propio que colectivo, y por eso reproduce los mismos errores que los bonaerenses le critican a La Plata.<\/p>\n<p>Mar del Plata, la ciudad m\u00e1s grande de la regi\u00f3n extra-AMBA, tambi\u00e9n podr\u00eda pensarse como candidata. Pero su identidad tur\u00edstica y balnearia la condiciona: es un centro que piensa en temporadas, en visitantes, en objetivos distintos de los que hacen a la conducci\u00f3n pol\u00edtica de una provincia tan vasta y diversa. Mar del Plata es motor cultural, gastron\u00f3mico y recreativo, pero dif\u00edcilmente pueda ponerse en el papel de \u00e1rbitro neutral y ordenador de un territorio bonaerense agr\u00edcolo-ganadero.<\/p>\n<p>Pergamino, por su parte, es otro centro pujante de la provincia, con una fuerte vocaci\u00f3n agr\u00edcola e industrial. Sin embargo, su mirada est\u00e1 m\u00e1s volcada hacia la regi\u00f3n que comparten Santa Fe y C\u00f3rdoba que hacia el conjunto bonaerense. Su eje de pertenencia es la pampa h\u00fameda interprovincial, no la totalidad del mapa bonaerense con sus complejidades, desde el conurbano hasta la costa, desde el sur postergado hasta el norte en producci\u00f3n.<\/p>\n<p>En este recorrido comparativo, la opci\u00f3n m\u00e1s equilibrada y prometedora es Jun\u00edn. Su ubicaci\u00f3n geogr\u00e1fica la convierte en un verdadero nodo de conexi\u00f3n: est\u00e1 lo suficientemente lejos del centralismo platense y porte\u00f1o, pero al mismo tiempo vinculada con el resto del territorio a trav\u00e9s de rutas, ferrocarriles y corredores productivos. Jun\u00edn es ciudad universitaria, agr\u00edcola, industrial y de servicios, con capacidad para crecer sin perder identidad, con vocaci\u00f3n de integraci\u00f3n y con una cultura m\u00e1s abierta al di\u00e1logo con los municipios vecinos. All\u00ed podr\u00eda construirse una capital pol\u00edtica que no se encierre en s\u00ed misma, sino que sea reflejo y caja de resonancia de los intereses bonaerenses en su conjunto.<\/p>\n<p>Pensar una nueva capital no es un capricho ni una utop\u00eda. Es reconocer que la provincia m\u00e1s grande y productiva de la Argentina necesita un centro pol\u00edtico a la altura de sus desaf\u00edos. Una ciudad que no sea solo burocracia ni rutina administrativa, sino motor de planificaci\u00f3n, lugar de encuentro entre regiones, espacio de decisi\u00f3n colectiva y plataforma de futuro. Jun\u00edn re\u00fane las condiciones para ser esa capital pol\u00edtica: neutral en las disputas hist\u00f3ricas, con proyecci\u00f3n de crecimiento y con un perfil que puede encarnar la verdadera representaci\u00f3n de todos los bonaerenses.<\/p>\n<p>La provincia debe animarse a repensarse a s\u00ed misma. Cambiar la capital no es trasladar edificios: es redefinir un modelo pol\u00edtico, asumir que Buenos Ayres merece un coraz\u00f3n que palpite al ritmo de sus pueblos y municipios, y no al comp\u00e1s de oficinas alejadas de la realidad. La Plata cumpli\u00f3 su ciclo hist\u00f3rico. Es tiempo de abrir el debate y proyectar a Jun\u00edn como el nuevo centro pol\u00edtico de los bonaerenses, capaz de guiar a la provincia hacia el S.XXI con la fuerza de su gente y el horizonte de un desarrollo justo y organizado.<\/p>\n<p>&nbsp;<\/p>\n<p><em><strong>Luis Gotte<\/strong><\/em><br \/>\n<em><strong>la trinchera bonaerense<\/strong><\/em><br \/>\n<em><strong>desde la comunidad de Mar del Plata<\/strong><\/em><\/p>\n","protected":false},"excerpt":{"rendered":"<p>La ciudad capital de la provincia bonaerense, La Plata, naci\u00f3 con un prop\u00f3sito ambicioso: ser la orgullosa capital de los bonaerenses y el cerebro planificador del desarrollo y crecimiento de la provincia m\u00e1s rica y diversa de la Argentina. Sin embargo, ese sue\u00f1o nunca se cumpli\u00f3.<\/p>\n","protected":false},"author":3,"featured_media":125063,"comment_status":"closed","ping_status":"closed","sticky":false,"template":"","format":"standard","meta":{"footnotes":""},"categories":[24],"tags":[],"class_list":["post-125062","post","type-post","status-publish","format-standard","has-post-thumbnail","hentry","category-politica"],"yoast_head":"<!-- This site is optimized with the Yoast SEO plugin v25.9 - https:\/\/yoast.com\/wordpress\/plugins\/seo\/ -->\n<title>CR\u00d3NICAS DE UNA MUERTE ANUNCIADA: La Plata - Noticias Radio Reflejos<\/title>\n<meta name=\"robots\" content=\"index, follow, max-snippet:-1, max-image-preview:large, max-video-preview:-1\" \/>\n<link rel=\"canonical\" href=\"https:\/\/www.noticiasradioreflejos.com.ar\/2021\/cronicas-de-una-muerte-anunciada-la-plata\/\" \/>\n<meta property=\"og:locale\" content=\"es_ES\" \/>\n<meta property=\"og:type\" content=\"article\" \/>\n<meta property=\"og:title\" content=\"CR\u00d3NICAS DE UNA MUERTE ANUNCIADA: La Plata - Noticias Radio Reflejos\" \/>\n<meta property=\"og:description\" content=\"La ciudad capital de la provincia bonaerense, La Plata, naci\u00f3 con un prop\u00f3sito ambicioso: ser la orgullosa capital de los bonaerenses y el cerebro planificador del desarrollo y crecimiento de la provincia m\u00e1s rica y diversa de la Argentina. Sin embargo, ese sue\u00f1o nunca se cumpli\u00f3.\" \/>\n<meta property=\"og:url\" content=\"https:\/\/www.noticiasradioreflejos.com.ar\/2021\/cronicas-de-una-muerte-anunciada-la-plata\/\" \/>\n<meta property=\"og:site_name\" content=\"Noticias Radio Reflejos\" \/>\n<meta property=\"article:published_time\" content=\"2025-09-16T10:48:28+00:00\" \/>\n<meta property=\"article:modified_time\" content=\"2025-09-16T10:54:42+00:00\" \/>\n<meta property=\"og:image\" content=\"https:\/\/www.noticiasradioreflejos.com.ar\/2021\/wp-content\/uploads\/2025\/09\/la-plata.jpeg\" \/>\n\t<meta property=\"og:image:width\" content=\"931\" \/>\n\t<meta property=\"og:image:height\" content=\"570\" \/>\n\t<meta property=\"og:image:type\" content=\"image\/jpeg\" \/>\n<meta name=\"author\" content=\"Arnaldo Botto\" \/>\n<meta name=\"twitter:card\" content=\"summary_large_image\" \/>\n<script type=\"application\/ld+json\" class=\"yoast-schema-graph\">{\"@context\":\"https:\/\/schema.org\",\"@graph\":[{\"@type\":\"WebPage\",\"@id\":\"https:\/\/www.noticiasradioreflejos.com.ar\/2021\/cronicas-de-una-muerte-anunciada-la-plata\/\",\"url\":\"https:\/\/www.noticiasradioreflejos.com.ar\/2021\/cronicas-de-una-muerte-anunciada-la-plata\/\",\"name\":\"CR\u00d3NICAS DE UNA MUERTE ANUNCIADA: La Plata - Noticias Radio Reflejos\",\"isPartOf\":{\"@id\":\"https:\/\/www.noticiasradioreflejos.com.ar\/2021\/#website\"},\"primaryImageOfPage\":{\"@id\":\"https:\/\/www.noticiasradioreflejos.com.ar\/2021\/cronicas-de-una-muerte-anunciada-la-plata\/#primaryimage\"},\"image\":{\"@id\":\"https:\/\/www.noticiasradioreflejos.com.ar\/2021\/cronicas-de-una-muerte-anunciada-la-plata\/#primaryimage\"},\"thumbnailUrl\":\"https:\/\/www.noticiasradioreflejos.com.ar\/2021\/wp-content\/uploads\/2025\/09\/la-plata.jpeg\",\"datePublished\":\"2025-09-16T10:48:28+00:00\",\"dateModified\":\"2025-09-16T10:54:42+00:00\",\"author\":{\"@id\":\"https:\/\/www.noticiasradioreflejos.com.ar\/2021\/#\/schema\/person\/ad82545263dcc5ec0996818884fd5fb1\"},\"breadcrumb\":{\"@id\":\"https:\/\/www.noticiasradioreflejos.com.ar\/2021\/cronicas-de-una-muerte-anunciada-la-plata\/#breadcrumb\"},\"inLanguage\":\"es\",\"potentialAction\":[{\"@type\":\"ReadAction\",\"target\":[\"https:\/\/www.noticiasradioreflejos.com.ar\/2021\/cronicas-de-una-muerte-anunciada-la-plata\/\"]}]},{\"@type\":\"ImageObject\",\"inLanguage\":\"es\",\"@id\":\"https:\/\/www.noticiasradioreflejos.com.ar\/2021\/cronicas-de-una-muerte-anunciada-la-plata\/#primaryimage\",\"url\":\"https:\/\/www.noticiasradioreflejos.com.ar\/2021\/wp-content\/uploads\/2025\/09\/la-plata.jpeg\",\"contentUrl\":\"https:\/\/www.noticiasradioreflejos.com.ar\/2021\/wp-content\/uploads\/2025\/09\/la-plata.jpeg\",\"width\":931,\"height\":570},{\"@type\":\"BreadcrumbList\",\"@id\":\"https:\/\/www.noticiasradioreflejos.com.ar\/2021\/cronicas-de-una-muerte-anunciada-la-plata\/#breadcrumb\",\"itemListElement\":[{\"@type\":\"ListItem\",\"position\":1,\"name\":\"Portada\",\"item\":\"https:\/\/www.noticiasradioreflejos.com.ar\/2021\/\"},{\"@type\":\"ListItem\",\"position\":2,\"name\":\"CR\u00d3NICAS DE UNA MUERTE ANUNCIADA: La Plata\"}]},{\"@type\":\"WebSite\",\"@id\":\"https:\/\/www.noticiasradioreflejos.com.ar\/2021\/#website\",\"url\":\"https:\/\/www.noticiasradioreflejos.com.ar\/2021\/\",\"name\":\"Noticias Radio Reflejos\",\"description\":\"Las noticias de mi comarca\",\"potentialAction\":[{\"@type\":\"SearchAction\",\"target\":{\"@type\":\"EntryPoint\",\"urlTemplate\":\"https:\/\/www.noticiasradioreflejos.com.ar\/2021\/?s={search_term_string}\"},\"query-input\":{\"@type\":\"PropertyValueSpecification\",\"valueRequired\":true,\"valueName\":\"search_term_string\"}}],\"inLanguage\":\"es\"},{\"@type\":\"Person\",\"@id\":\"https:\/\/www.noticiasradioreflejos.com.ar\/2021\/#\/schema\/person\/ad82545263dcc5ec0996818884fd5fb1\",\"name\":\"Arnaldo Botto\",\"image\":{\"@type\":\"ImageObject\",\"inLanguage\":\"es\",\"@id\":\"https:\/\/www.noticiasradioreflejos.com.ar\/2021\/#\/schema\/person\/image\/\",\"url\":\"https:\/\/secure.gravatar.com\/avatar\/55cb5e37c1efa326397366e6974cb338056df65cb50e7d64d1cf314e87504837?s=96&d=mm&r=g\",\"contentUrl\":\"https:\/\/secure.gravatar.com\/avatar\/55cb5e37c1efa326397366e6974cb338056df65cb50e7d64d1cf314e87504837?s=96&d=mm&r=g\",\"caption\":\"Arnaldo Botto\"},\"url\":\"https:\/\/www.noticiasradioreflejos.com.ar\/2021\/author\/arnaldo\/\"}]}<\/script>\n<!-- \/ Yoast SEO plugin. -->","yoast_head_json":{"title":"CR\u00d3NICAS DE UNA MUERTE ANUNCIADA: La Plata - Noticias Radio Reflejos","robots":{"index":"index","follow":"follow","max-snippet":"max-snippet:-1","max-image-preview":"max-image-preview:large","max-video-preview":"max-video-preview:-1"},"canonical":"https:\/\/www.noticiasradioreflejos.com.ar\/2021\/cronicas-de-una-muerte-anunciada-la-plata\/","og_locale":"es_ES","og_type":"article","og_title":"CR\u00d3NICAS DE UNA MUERTE ANUNCIADA: La Plata - Noticias Radio Reflejos","og_description":"La ciudad capital de la provincia bonaerense, La Plata, naci\u00f3 con un prop\u00f3sito ambicioso: ser la orgullosa capital de los bonaerenses y el cerebro planificador del desarrollo y crecimiento de la provincia m\u00e1s rica y diversa de la Argentina. Sin embargo, ese sue\u00f1o nunca se cumpli\u00f3.","og_url":"https:\/\/www.noticiasradioreflejos.com.ar\/2021\/cronicas-de-una-muerte-anunciada-la-plata\/","og_site_name":"Noticias Radio Reflejos","article_published_time":"2025-09-16T10:48:28+00:00","article_modified_time":"2025-09-16T10:54:42+00:00","og_image":[{"width":931,"height":570,"url":"https:\/\/www.noticiasradioreflejos.com.ar\/2021\/wp-content\/uploads\/2025\/09\/la-plata.jpeg","type":"image\/jpeg"}],"author":"Arnaldo Botto","twitter_card":"summary_large_image","schema":{"@context":"https:\/\/schema.org","@graph":[{"@type":"WebPage","@id":"https:\/\/www.noticiasradioreflejos.com.ar\/2021\/cronicas-de-una-muerte-anunciada-la-plata\/","url":"https:\/\/www.noticiasradioreflejos.com.ar\/2021\/cronicas-de-una-muerte-anunciada-la-plata\/","name":"CR\u00d3NICAS DE UNA MUERTE ANUNCIADA: La Plata - Noticias Radio Reflejos","isPartOf":{"@id":"https:\/\/www.noticiasradioreflejos.com.ar\/2021\/#website"},"primaryImageOfPage":{"@id":"https:\/\/www.noticiasradioreflejos.com.ar\/2021\/cronicas-de-una-muerte-anunciada-la-plata\/#primaryimage"},"image":{"@id":"https:\/\/www.noticiasradioreflejos.com.ar\/2021\/cronicas-de-una-muerte-anunciada-la-plata\/#primaryimage"},"thumbnailUrl":"https:\/\/www.noticiasradioreflejos.com.ar\/2021\/wp-content\/uploads\/2025\/09\/la-plata.jpeg","datePublished":"2025-09-16T10:48:28+00:00","dateModified":"2025-09-16T10:54:42+00:00","author":{"@id":"https:\/\/www.noticiasradioreflejos.com.ar\/2021\/#\/schema\/person\/ad82545263dcc5ec0996818884fd5fb1"},"breadcrumb":{"@id":"https:\/\/www.noticiasradioreflejos.com.ar\/2021\/cronicas-de-una-muerte-anunciada-la-plata\/#breadcrumb"},"inLanguage":"es","potentialAction":[{"@type":"ReadAction","target":["https:\/\/www.noticiasradioreflejos.com.ar\/2021\/cronicas-de-una-muerte-anunciada-la-plata\/"]}]},{"@type":"ImageObject","inLanguage":"es","@id":"https:\/\/www.noticiasradioreflejos.com.ar\/2021\/cronicas-de-una-muerte-anunciada-la-plata\/#primaryimage","url":"https:\/\/www.noticiasradioreflejos.com.ar\/2021\/wp-content\/uploads\/2025\/09\/la-plata.jpeg","contentUrl":"https:\/\/www.noticiasradioreflejos.com.ar\/2021\/wp-content\/uploads\/2025\/09\/la-plata.jpeg","width":931,"height":570},{"@type":"BreadcrumbList","@id":"https:\/\/www.noticiasradioreflejos.com.ar\/2021\/cronicas-de-una-muerte-anunciada-la-plata\/#breadcrumb","itemListElement":[{"@type":"ListItem","position":1,"name":"Portada","item":"https:\/\/www.noticiasradioreflejos.com.ar\/2021\/"},{"@type":"ListItem","position":2,"name":"CR\u00d3NICAS DE UNA MUERTE ANUNCIADA: La Plata"}]},{"@type":"WebSite","@id":"https:\/\/www.noticiasradioreflejos.com.ar\/2021\/#website","url":"https:\/\/www.noticiasradioreflejos.com.ar\/2021\/","name":"Noticias Radio Reflejos","description":"Las noticias de mi comarca","potentialAction":[{"@type":"SearchAction","target":{"@type":"EntryPoint","urlTemplate":"https:\/\/www.noticiasradioreflejos.com.ar\/2021\/?s={search_term_string}"},"query-input":{"@type":"PropertyValueSpecification","valueRequired":true,"valueName":"search_term_string"}}],"inLanguage":"es"},{"@type":"Person","@id":"https:\/\/www.noticiasradioreflejos.com.ar\/2021\/#\/schema\/person\/ad82545263dcc5ec0996818884fd5fb1","name":"Arnaldo Botto","image":{"@type":"ImageObject","inLanguage":"es","@id":"https:\/\/www.noticiasradioreflejos.com.ar\/2021\/#\/schema\/person\/image\/","url":"https:\/\/secure.gravatar.com\/avatar\/55cb5e37c1efa326397366e6974cb338056df65cb50e7d64d1cf314e87504837?s=96&d=mm&r=g","contentUrl":"https:\/\/secure.gravatar.com\/avatar\/55cb5e37c1efa326397366e6974cb338056df65cb50e7d64d1cf314e87504837?s=96&d=mm&r=g","caption":"Arnaldo Botto"},"url":"https:\/\/www.noticiasradioreflejos.com.ar\/2021\/author\/arnaldo\/"}]}},"_links":{"self":[{"href":"https:\/\/www.noticiasradioreflejos.com.ar\/2021\/wp-json\/wp\/v2\/posts\/125062","targetHints":{"allow":["GET"]}}],"collection":[{"href":"https:\/\/www.noticiasradioreflejos.com.ar\/2021\/wp-json\/wp\/v2\/posts"}],"about":[{"href":"https:\/\/www.noticiasradioreflejos.com.ar\/2021\/wp-json\/wp\/v2\/types\/post"}],"author":[{"embeddable":true,"href":"https:\/\/www.noticiasradioreflejos.com.ar\/2021\/wp-json\/wp\/v2\/users\/3"}],"replies":[{"embeddable":true,"href":"https:\/\/www.noticiasradioreflejos.com.ar\/2021\/wp-json\/wp\/v2\/comments?post=125062"}],"version-history":[{"count":1,"href":"https:\/\/www.noticiasradioreflejos.com.ar\/2021\/wp-json\/wp\/v2\/posts\/125062\/revisions"}],"predecessor-version":[{"id":125064,"href":"https:\/\/www.noticiasradioreflejos.com.ar\/2021\/wp-json\/wp\/v2\/posts\/125062\/revisions\/125064"}],"wp:featuredmedia":[{"embeddable":true,"href":"https:\/\/www.noticiasradioreflejos.com.ar\/2021\/wp-json\/wp\/v2\/media\/125063"}],"wp:attachment":[{"href":"https:\/\/www.noticiasradioreflejos.com.ar\/2021\/wp-json\/wp\/v2\/media?parent=125062"}],"wp:term":[{"taxonomy":"category","embeddable":true,"href":"https:\/\/www.noticiasradioreflejos.com.ar\/2021\/wp-json\/wp\/v2\/categories?post=125062"},{"taxonomy":"post_tag","embeddable":true,"href":"https:\/\/www.noticiasradioreflejos.com.ar\/2021\/wp-json\/wp\/v2\/tags?post=125062"}],"curies":[{"name":"wp","href":"https:\/\/api.w.org\/{rel}","templated":true}]}}