{"id":125059,"date":"2025-09-16T07:43:59","date_gmt":"2025-09-16T10:43:59","guid":{"rendered":"https:\/\/www.noticiasradioreflejos.com.ar\/2021\/?p=125059"},"modified":"2025-09-16T07:43:59","modified_gmt":"2025-09-16T10:43:59","slug":"voley-argentina-le-gano-a-corea-del-sur-y-acaricia-los-octavos-del-mundial","status":"publish","type":"post","link":"https:\/\/www.noticiasradioreflejos.com.ar\/2021\/voley-argentina-le-gano-a-corea-del-sur-y-acaricia-los-octavos-del-mundial\/","title":{"rendered":"Voley: Argentina le gan\u00f3 a Corea del Sur y acaricia los octavos del Mundial"},"content":{"rendered":"<p>Pese a que no jug\u00f3 con solidez los tres primeros sets, el equipo apareci\u00f3 con contundencia y siete bloqueos en el cuarto para superar a los asi\u00e1ticos y estar a un paso de la segunda ronda en Filipinas.<br \/>\n<!--more--><\/p>\n<div class=\"zox-post-soc-top-wrap\">\n<div id=\"st-1\" class=\"sharethis-inline-share-buttons st-left st-lang-es st-inline-share-buttons st-animated\">\n<div class=\"st-btn st-last\" data-network=\"sharethis\">Es verdad que le est\u00e1 costando y todav\u00eda no mostr\u00f3 su mejor v\u00f3ley, pero la Selecci\u00f3n Argentina ya gan\u00f3 los dos partidos que jug\u00f3 en el Mundial de Filipinas y qued\u00f3 cerca del primer objetivo: clasificarse a los octavos de final. As\u00ed es por el triunfo 3-1 (25-22, 23-25, 25-21 y 25-18) ante Corea en la madrugada de este martes.<\/div>\n<\/div>\n<\/div>\n<div class=\"mvp-post-main-out left relative\">\n<div class=\"mvp-post-main-in\">\n<div id=\"mvp-post-content\" class=\"left relative\">\n<div id=\"mvp-content-wrap\" class=\"left relative\">\n<div class=\"mvp-post-soc-out right relative\">\n<div class=\"mvp-post-soc-in\">\n<div id=\"mvp-content-body\" class=\"left relative\">\n<div id=\"mvp-content-body-top\" class=\"left relative\">\n<div id=\"mvp-content-main\" class=\"left relative\">\n<p>Pero no se acaba la tensi\u00f3n, ya que hay que seguir atento a la jornada: si Francia vence 3-0 o 3-1 a Finlandia desde las 7, ambos ganadores por la zona C en Quezon habr\u00e1n avanzado de ronda antes de enfrentarse el jueves.<\/p>\n<p>La primera decisi\u00f3n del entrenador Marcelo M\u00e9ndez fue poner de titular a Luciano De Cecco, el hist\u00f3rico armador que volvi\u00f3 al equipo para jugar la Copa, en lugar de Mat\u00edas S\u00e1nchez, el que ven\u00eda jugando de entrada. A Cachete, que jug\u00f3 el 100% del partido, lo acompa\u00f1aron quienes hab\u00edan arrancado ante Finlandia: Pablo Kukartsev, el capit\u00e1n Agust\u00edn Loser, Joaqu\u00edn Gallego, Luciano Palonsky, Luciano Vicent\u00edn y el l\u00edbero Santiago Danani.<\/p>\n<p>Totalmente diferente al debut, cuando empez\u00f3 2-5 ante los finlandeses,\u00a0<strong>frente a los coreanos el equipo arranc\u00f3 5-2<\/strong>. No solo por la falta de contundencia del 27\u00b0 del ranking, sino porque el 8\u00b0 no entr\u00f3 atado e impuso su ataque, m\u00e1s all\u00e1 de que tambi\u00e9n toc\u00f3 pelotas en defensa y bloqueo.<strong>\u00a0Pero ya 4 puntos desde el ataque marcaban una gran diferencia.<\/strong><\/p>\n<p>Hasta que Corea levant\u00f3 en ataque,\u00a0<strong>Argentina comenz\u00f3 a equivocarse<\/strong>\u00a0como un remate de zaguero de Vicent\u00edn que se fue afuera y, con un ace, los asi\u00e1ticos pasaron 11-10 al frente. Para mejorar en recepci\u00f3n y defensa,\u00a0<strong>M\u00e9ndez meti\u00f3 el primer cambio: Mart\u00ednez, figura en el debut, por Vicent\u00edn<\/strong>.<\/p>\n<p>Final palo a palo del set, el primer ace del equipo lleg\u00f3 en el momento justo, con De Cecco para el 19-19; luego los coreanos la tiraron afuera y Argentina se puso 20-19. Corea lo dio vuelta pero luego Loser sum\u00f3 con un primer tiempo y el equipo asi\u00e1tico la tir\u00f3 afuera dos veces para el 24-22.\u00a0<strong>El propio capit\u00e1n lo cerr\u00f3 con un ace, el segundo del parcial para el seleccionado.<\/strong><\/p>\n<p>No comenz\u00f3 aceitada Argentina el segundo set; sin embargo lo mantuvo igualado y, con un ace de Kukartsev y el bloqueo de Vicent\u00edn, m\u00e1s un ataque del punta, se adelant\u00f3 7-5.\u00a0<strong>Era una buena noticia que el paranaense sumara en confianza y en el tanteador<\/strong>.<\/p>\n<p>Pero Argentina cay\u00f3 en un bache y, con tres errores al hilo, los coreanos pasaron al frente por 10-9. Todav\u00eda el equipo, si bien se notaba que era superior,\u00a0<strong>no pod\u00eda volcar a\u00fan su mejor v\u00f3ley en este Mundial<\/strong>. Por ejemplo, faltaba mejorar en defensa, tocar m\u00e1s la pelota, lo mismo que en bloqueo. El equipo se sosten\u00eda con contundencia en ataque de Palonsky, pero Corea rotaba f\u00e1cilmente.<\/p>\n<p>Sobre el cierre, la primera gran diferencia lleg\u00f3 con un buen saque de Palonsky y la contra de Vicent\u00edn: 20-18. Pero tras un saque afuera de De Cecco, bloquearon a Vicent\u00edn para el 20-20. Luego, Hanyong emboc\u00f3 un ace para que Corea se fuera adelante, 23-22, y Vicent\u00edn apareci\u00f3 con una paralela para igualar y sacar un bombazo, con pelota recuperada pero mal definida con bloqueo a Kukartsev.\u00a0<strong>El propio opuesto, de zaguero, pis\u00f3 l\u00ednea y Corea termin\u00f3 ganando el set por 25-23<\/strong>.<\/p>\n<p>El tercero tambi\u00e9n arranc\u00f3 parejo,\u00a0<strong>con Argentina amagando a dominar, pero sin poder despegarse a m\u00e1s de dos tantos<\/strong>; Corea segu\u00eda mordiendo y jugando de gran manera en defensa, bancando pelotazos hasta con la cara.\u00a0<strong>Los dos rotaban f\u00e1cil y por eso el partido se manten\u00eda equilibrado: 13-13<\/strong>.<\/p>\n<p>Al equipo le faltaba tocarla m\u00e1s en defensa, hasta que lo hizo Danani, que peg\u00f3 el manotazo en el fondo para traerla y luego de que no pudiera Palonsky, s\u00ed Loser la meti\u00f3 de contra. Con un ace posterior de De Cecco, el equipo se puso al frente 17-14. Pero, de nuevo, el seleccionado no logr\u00f3 confirmar (una buena y una mala de la mayor\u00eda menos de Loser y Kukartsev) y Corea lo igual\u00f3 en 17.\u00a0<strong>M\u00e9ndez met\u00eda el segundo cambio: Zerba por Gallego<\/strong>.<\/p>\n<p>La suerte ayud\u00f3 de inmediato, porque tras un buen ataque por 4 de Palonsky,\u00a0<strong>Lulo mand\u00f3 el saque a la red, aunque la pelota cay\u00f3 muerta del otro lado<\/strong>; sumado a un ataque afuera de Corea, lleg\u00f3 el alivio: 20-17. Hab\u00eda que confirmarlo\u2026<\/p>\n<p>Como en el primero, Argentina cerr\u00f3 mejor: con un toque de Zerba y un pelotazo de Kukartsev se puso 24-20, brecha suficiente para aguantar un ace de Corea.\u00a0<strong>Lo liquid\u00f3 Vicent\u00edn<\/strong>.<\/p>\n<p>El cuarto empez\u00f3 con buena contundencia en ataque y alg\u00fan ace de Palonsky, para que el seleccionado lograra tres de ventaja: 12-9.\u00a0<strong>Y cuatro con el noveno ace, esta vez de Vicent\u00edn en una paralela al fondo: 16-12<\/strong>.<\/p>\n<p>Kukartsev, el mejor atacante nacional esta madrugada, meti\u00f3 una diagonal de contra para el 18-13, ya con mayor solidez\u00a0<strong>en el mejor set del Mundial para la Selecci\u00f3n<\/strong>. Corea, adem\u00e1s, parec\u00eda algo entregado.<\/p>\n<p>Con esa tendencia y la voluntad de no soltar el partido, el final lleg\u00f3 por decantaci\u00f3n, con un bloqueo que le dio siete puntos y un par de aces en el set.\u00a0<strong>Y se huelen los octavos<\/strong>&#8230;<\/p>\n<h2 class=\"wp-block-heading\">Formaci\u00f3n y puntos de Argentina<\/h2>\n<p>De Cecco (4), Kukartsev (21), Loser (12), Gallego (7), Vicent\u00edn (20), Palonsky (11), Danani (L). Ingresaron: Mart\u00ednez (0) y Zerba (2). DT: Marcelo M\u00e9ndez. No entraron: S\u00e1nchez, Giraudo, Armoa, Luengas y G\u00f3mez.<\/p>\n<p>Fuente: Ol\u00e9<\/p>\n<\/div>\n<\/div>\n<\/div>\n<\/div>\n<\/div>\n<\/div>\n<\/div>\n<\/div>\n<\/div>\n","protected":false},"excerpt":{"rendered":"<p>Pese a que no jug\u00f3 con solidez los tres primeros sets, el equipo apareci\u00f3 con contundencia y siete bloqueos en el cuarto para superar a los asi\u00e1ticos y estar a un paso de la segunda ronda en Filipinas.<\/p>\n","protected":false},"author":3,"featured_media":125060,"comment_status":"closed","ping_status":"closed","sticky":false,"template":"","format":"standard","meta":{"footnotes":""},"categories":[27],"tags":[],"class_list":["post-125059","post","type-post","status-publish","format-standard","has-post-thumbnail","hentry","category-deportes"],"yoast_head":"<!-- This site is optimized with the Yoast SEO plugin v25.9 - https:\/\/yoast.com\/wordpress\/plugins\/seo\/ -->\n<title>Voley: Argentina le gan\u00f3 a Corea del Sur y acaricia los octavos del Mundial - Noticias Radio Reflejos<\/title>\n<meta name=\"robots\" content=\"index, follow, max-snippet:-1, max-image-preview:large, max-video-preview:-1\" \/>\n<link rel=\"canonical\" href=\"https:\/\/www.noticiasradioreflejos.com.ar\/2021\/voley-argentina-le-gano-a-corea-del-sur-y-acaricia-los-octavos-del-mundial\/\" \/>\n<meta property=\"og:locale\" content=\"es_ES\" \/>\n<meta property=\"og:type\" content=\"article\" \/>\n<meta property=\"og:title\" content=\"Voley: Argentina le gan\u00f3 a Corea del Sur y acaricia los octavos del Mundial - Noticias Radio Reflejos\" \/>\n<meta property=\"og:description\" content=\"Pese a que no jug\u00f3 con solidez los tres primeros sets, el equipo apareci\u00f3 con contundencia y siete bloqueos en el cuarto para superar a los asi\u00e1ticos y estar a un paso de la segunda ronda en Filipinas.\" \/>\n<meta property=\"og:url\" content=\"https:\/\/www.noticiasradioreflejos.com.ar\/2021\/voley-argentina-le-gano-a-corea-del-sur-y-acaricia-los-octavos-del-mundial\/\" \/>\n<meta property=\"og:site_name\" content=\"Noticias Radio Reflejos\" \/>\n<meta property=\"article:published_time\" content=\"2025-09-16T10:43:59+00:00\" \/>\n<meta property=\"og:image\" content=\"https:\/\/www.noticiasradioreflejos.com.ar\/2021\/wp-content\/uploads\/2025\/09\/voley-argentina.jpg\" \/>\n\t<meta property=\"og:image:width\" content=\"1200\" \/>\n\t<meta property=\"og:image:height\" content=\"728\" \/>\n\t<meta property=\"og:image:type\" content=\"image\/jpeg\" \/>\n<meta name=\"author\" content=\"Arnaldo Botto\" \/>\n<meta name=\"twitter:card\" content=\"summary_large_image\" \/>\n<script type=\"application\/ld+json\" class=\"yoast-schema-graph\">{\"@context\":\"https:\/\/schema.org\",\"@graph\":[{\"@type\":\"WebPage\",\"@id\":\"https:\/\/www.noticiasradioreflejos.com.ar\/2021\/voley-argentina-le-gano-a-corea-del-sur-y-acaricia-los-octavos-del-mundial\/\",\"url\":\"https:\/\/www.noticiasradioreflejos.com.ar\/2021\/voley-argentina-le-gano-a-corea-del-sur-y-acaricia-los-octavos-del-mundial\/\",\"name\":\"Voley: Argentina le gan\u00f3 a Corea del Sur y acaricia los octavos del Mundial - Noticias Radio Reflejos\",\"isPartOf\":{\"@id\":\"https:\/\/www.noticiasradioreflejos.com.ar\/2021\/#website\"},\"primaryImageOfPage\":{\"@id\":\"https:\/\/www.noticiasradioreflejos.com.ar\/2021\/voley-argentina-le-gano-a-corea-del-sur-y-acaricia-los-octavos-del-mundial\/#primaryimage\"},\"image\":{\"@id\":\"https:\/\/www.noticiasradioreflejos.com.ar\/2021\/voley-argentina-le-gano-a-corea-del-sur-y-acaricia-los-octavos-del-mundial\/#primaryimage\"},\"thumbnailUrl\":\"https:\/\/www.noticiasradioreflejos.com.ar\/2021\/wp-content\/uploads\/2025\/09\/voley-argentina.jpg\",\"datePublished\":\"2025-09-16T10:43:59+00:00\",\"author\":{\"@id\":\"https:\/\/www.noticiasradioreflejos.com.ar\/2021\/#\/schema\/person\/ad82545263dcc5ec0996818884fd5fb1\"},\"breadcrumb\":{\"@id\":\"https:\/\/www.noticiasradioreflejos.com.ar\/2021\/voley-argentina-le-gano-a-corea-del-sur-y-acaricia-los-octavos-del-mundial\/#breadcrumb\"},\"inLanguage\":\"es\",\"potentialAction\":[{\"@type\":\"ReadAction\",\"target\":[\"https:\/\/www.noticiasradioreflejos.com.ar\/2021\/voley-argentina-le-gano-a-corea-del-sur-y-acaricia-los-octavos-del-mundial\/\"]}]},{\"@type\":\"ImageObject\",\"inLanguage\":\"es\",\"@id\":\"https:\/\/www.noticiasradioreflejos.com.ar\/2021\/voley-argentina-le-gano-a-corea-del-sur-y-acaricia-los-octavos-del-mundial\/#primaryimage\",\"url\":\"https:\/\/www.noticiasradioreflejos.com.ar\/2021\/wp-content\/uploads\/2025\/09\/voley-argentina.jpg\",\"contentUrl\":\"https:\/\/www.noticiasradioreflejos.com.ar\/2021\/wp-content\/uploads\/2025\/09\/voley-argentina.jpg\",\"width\":1200,\"height\":728},{\"@type\":\"BreadcrumbList\",\"@id\":\"https:\/\/www.noticiasradioreflejos.com.ar\/2021\/voley-argentina-le-gano-a-corea-del-sur-y-acaricia-los-octavos-del-mundial\/#breadcrumb\",\"itemListElement\":[{\"@type\":\"ListItem\",\"position\":1,\"name\":\"Portada\",\"item\":\"https:\/\/www.noticiasradioreflejos.com.ar\/2021\/\"},{\"@type\":\"ListItem\",\"position\":2,\"name\":\"Voley: Argentina le gan\u00f3 a Corea del Sur y acaricia los octavos del Mundial\"}]},{\"@type\":\"WebSite\",\"@id\":\"https:\/\/www.noticiasradioreflejos.com.ar\/2021\/#website\",\"url\":\"https:\/\/www.noticiasradioreflejos.com.ar\/2021\/\",\"name\":\"Noticias Radio Reflejos\",\"description\":\"Las noticias de mi comarca\",\"potentialAction\":[{\"@type\":\"SearchAction\",\"target\":{\"@type\":\"EntryPoint\",\"urlTemplate\":\"https:\/\/www.noticiasradioreflejos.com.ar\/2021\/?s={search_term_string}\"},\"query-input\":{\"@type\":\"PropertyValueSpecification\",\"valueRequired\":true,\"valueName\":\"search_term_string\"}}],\"inLanguage\":\"es\"},{\"@type\":\"Person\",\"@id\":\"https:\/\/www.noticiasradioreflejos.com.ar\/2021\/#\/schema\/person\/ad82545263dcc5ec0996818884fd5fb1\",\"name\":\"Arnaldo Botto\",\"image\":{\"@type\":\"ImageObject\",\"inLanguage\":\"es\",\"@id\":\"https:\/\/www.noticiasradioreflejos.com.ar\/2021\/#\/schema\/person\/image\/\",\"url\":\"https:\/\/secure.gravatar.com\/avatar\/55cb5e37c1efa326397366e6974cb338056df65cb50e7d64d1cf314e87504837?s=96&d=mm&r=g\",\"contentUrl\":\"https:\/\/secure.gravatar.com\/avatar\/55cb5e37c1efa326397366e6974cb338056df65cb50e7d64d1cf314e87504837?s=96&d=mm&r=g\",\"caption\":\"Arnaldo Botto\"},\"url\":\"https:\/\/www.noticiasradioreflejos.com.ar\/2021\/author\/arnaldo\/\"}]}<\/script>\n<!-- \/ Yoast SEO plugin. -->","yoast_head_json":{"title":"Voley: Argentina le gan\u00f3 a Corea del Sur y acaricia los octavos del Mundial - Noticias Radio Reflejos","robots":{"index":"index","follow":"follow","max-snippet":"max-snippet:-1","max-image-preview":"max-image-preview:large","max-video-preview":"max-video-preview:-1"},"canonical":"https:\/\/www.noticiasradioreflejos.com.ar\/2021\/voley-argentina-le-gano-a-corea-del-sur-y-acaricia-los-octavos-del-mundial\/","og_locale":"es_ES","og_type":"article","og_title":"Voley: Argentina le gan\u00f3 a Corea del Sur y acaricia los octavos del Mundial - Noticias Radio Reflejos","og_description":"Pese a que no jug\u00f3 con solidez los tres primeros sets, el equipo apareci\u00f3 con contundencia y siete bloqueos en el cuarto para superar a los asi\u00e1ticos y estar a un paso de la segunda ronda en Filipinas.","og_url":"https:\/\/www.noticiasradioreflejos.com.ar\/2021\/voley-argentina-le-gano-a-corea-del-sur-y-acaricia-los-octavos-del-mundial\/","og_site_name":"Noticias Radio Reflejos","article_published_time":"2025-09-16T10:43:59+00:00","og_image":[{"width":1200,"height":728,"url":"https:\/\/www.noticiasradioreflejos.com.ar\/2021\/wp-content\/uploads\/2025\/09\/voley-argentina.jpg","type":"image\/jpeg"}],"author":"Arnaldo Botto","twitter_card":"summary_large_image","schema":{"@context":"https:\/\/schema.org","@graph":[{"@type":"WebPage","@id":"https:\/\/www.noticiasradioreflejos.com.ar\/2021\/voley-argentina-le-gano-a-corea-del-sur-y-acaricia-los-octavos-del-mundial\/","url":"https:\/\/www.noticiasradioreflejos.com.ar\/2021\/voley-argentina-le-gano-a-corea-del-sur-y-acaricia-los-octavos-del-mundial\/","name":"Voley: Argentina le gan\u00f3 a Corea del Sur y acaricia los octavos del Mundial - Noticias Radio Reflejos","isPartOf":{"@id":"https:\/\/www.noticiasradioreflejos.com.ar\/2021\/#website"},"primaryImageOfPage":{"@id":"https:\/\/www.noticiasradioreflejos.com.ar\/2021\/voley-argentina-le-gano-a-corea-del-sur-y-acaricia-los-octavos-del-mundial\/#primaryimage"},"image":{"@id":"https:\/\/www.noticiasradioreflejos.com.ar\/2021\/voley-argentina-le-gano-a-corea-del-sur-y-acaricia-los-octavos-del-mundial\/#primaryimage"},"thumbnailUrl":"https:\/\/www.noticiasradioreflejos.com.ar\/2021\/wp-content\/uploads\/2025\/09\/voley-argentina.jpg","datePublished":"2025-09-16T10:43:59+00:00","author":{"@id":"https:\/\/www.noticiasradioreflejos.com.ar\/2021\/#\/schema\/person\/ad82545263dcc5ec0996818884fd5fb1"},"breadcrumb":{"@id":"https:\/\/www.noticiasradioreflejos.com.ar\/2021\/voley-argentina-le-gano-a-corea-del-sur-y-acaricia-los-octavos-del-mundial\/#breadcrumb"},"inLanguage":"es","potentialAction":[{"@type":"ReadAction","target":["https:\/\/www.noticiasradioreflejos.com.ar\/2021\/voley-argentina-le-gano-a-corea-del-sur-y-acaricia-los-octavos-del-mundial\/"]}]},{"@type":"ImageObject","inLanguage":"es","@id":"https:\/\/www.noticiasradioreflejos.com.ar\/2021\/voley-argentina-le-gano-a-corea-del-sur-y-acaricia-los-octavos-del-mundial\/#primaryimage","url":"https:\/\/www.noticiasradioreflejos.com.ar\/2021\/wp-content\/uploads\/2025\/09\/voley-argentina.jpg","contentUrl":"https:\/\/www.noticiasradioreflejos.com.ar\/2021\/wp-content\/uploads\/2025\/09\/voley-argentina.jpg","width":1200,"height":728},{"@type":"BreadcrumbList","@id":"https:\/\/www.noticiasradioreflejos.com.ar\/2021\/voley-argentina-le-gano-a-corea-del-sur-y-acaricia-los-octavos-del-mundial\/#breadcrumb","itemListElement":[{"@type":"ListItem","position":1,"name":"Portada","item":"https:\/\/www.noticiasradioreflejos.com.ar\/2021\/"},{"@type":"ListItem","position":2,"name":"Voley: Argentina le gan\u00f3 a Corea del Sur y acaricia los octavos del Mundial"}]},{"@type":"WebSite","@id":"https:\/\/www.noticiasradioreflejos.com.ar\/2021\/#website","url":"https:\/\/www.noticiasradioreflejos.com.ar\/2021\/","name":"Noticias Radio Reflejos","description":"Las noticias de mi comarca","potentialAction":[{"@type":"SearchAction","target":{"@type":"EntryPoint","urlTemplate":"https:\/\/www.noticiasradioreflejos.com.ar\/2021\/?s={search_term_string}"},"query-input":{"@type":"PropertyValueSpecification","valueRequired":true,"valueName":"search_term_string"}}],"inLanguage":"es"},{"@type":"Person","@id":"https:\/\/www.noticiasradioreflejos.com.ar\/2021\/#\/schema\/person\/ad82545263dcc5ec0996818884fd5fb1","name":"Arnaldo Botto","image":{"@type":"ImageObject","inLanguage":"es","@id":"https:\/\/www.noticiasradioreflejos.com.ar\/2021\/#\/schema\/person\/image\/","url":"https:\/\/secure.gravatar.com\/avatar\/55cb5e37c1efa326397366e6974cb338056df65cb50e7d64d1cf314e87504837?s=96&d=mm&r=g","contentUrl":"https:\/\/secure.gravatar.com\/avatar\/55cb5e37c1efa326397366e6974cb338056df65cb50e7d64d1cf314e87504837?s=96&d=mm&r=g","caption":"Arnaldo Botto"},"url":"https:\/\/www.noticiasradioreflejos.com.ar\/2021\/author\/arnaldo\/"}]}},"_links":{"self":[{"href":"https:\/\/www.noticiasradioreflejos.com.ar\/2021\/wp-json\/wp\/v2\/posts\/125059","targetHints":{"allow":["GET"]}}],"collection":[{"href":"https:\/\/www.noticiasradioreflejos.com.ar\/2021\/wp-json\/wp\/v2\/posts"}],"about":[{"href":"https:\/\/www.noticiasradioreflejos.com.ar\/2021\/wp-json\/wp\/v2\/types\/post"}],"author":[{"embeddable":true,"href":"https:\/\/www.noticiasradioreflejos.com.ar\/2021\/wp-json\/wp\/v2\/users\/3"}],"replies":[{"embeddable":true,"href":"https:\/\/www.noticiasradioreflejos.com.ar\/2021\/wp-json\/wp\/v2\/comments?post=125059"}],"version-history":[{"count":1,"href":"https:\/\/www.noticiasradioreflejos.com.ar\/2021\/wp-json\/wp\/v2\/posts\/125059\/revisions"}],"predecessor-version":[{"id":125061,"href":"https:\/\/www.noticiasradioreflejos.com.ar\/2021\/wp-json\/wp\/v2\/posts\/125059\/revisions\/125061"}],"wp:featuredmedia":[{"embeddable":true,"href":"https:\/\/www.noticiasradioreflejos.com.ar\/2021\/wp-json\/wp\/v2\/media\/125060"}],"wp:attachment":[{"href":"https:\/\/www.noticiasradioreflejos.com.ar\/2021\/wp-json\/wp\/v2\/media?parent=125059"}],"wp:term":[{"taxonomy":"category","embeddable":true,"href":"https:\/\/www.noticiasradioreflejos.com.ar\/2021\/wp-json\/wp\/v2\/categories?post=125059"},{"taxonomy":"post_tag","embeddable":true,"href":"https:\/\/www.noticiasradioreflejos.com.ar\/2021\/wp-json\/wp\/v2\/tags?post=125059"}],"curies":[{"name":"wp","href":"https:\/\/api.w.org\/{rel}","templated":true}]}}