{"id":12504,"date":"2017-07-20T08:24:54","date_gmt":"2017-07-20T11:24:54","guid":{"rendered":"http:\/\/www.noticiasradioreflejos.com.ar\/noticias\/?p=12504"},"modified":"2017-07-20T08:24:54","modified_gmt":"2017-07-20T11:24:54","slug":"desde-hoy-se-podra-solictar-turno-para-obtener-los-nuevos-creditos-argenta","status":"publish","type":"post","link":"https:\/\/www.noticiasradioreflejos.com.ar\/2021\/desde-hoy-se-podra-solictar-turno-para-obtener-los-nuevos-creditos-argenta\/","title":{"rendered":"Desde hoy se podr\u00e1 solictar turno para obtener los nuevos cr\u00e9ditos ARGENTA."},"content":{"rendered":"<p>El programa, que actualmente otorga cr\u00e9ditos con tasas accesibles a jubilados y pensionados, ahora se extiende a los sectores m\u00e1s vulnerables de la poblaci\u00f3n.<!--more--><br \/>\nEn el marco del Decreto 516\/2017 publicado ayer en Bolet\u00edn Oficial, la ANSES extendi\u00f3 los pr\u00e9stamos que brinda ARGENTA, actualmente a jubilados y pensionados, para los titulares de la Asignaci\u00f3n Universal por Hijo (AUH), Pensi\u00f3n Universal para el Adulto Mayor (PUAM) y Pensiones No Contributivas (PNC), para lo cual utilizar\u00e1 hasta el 5% de los activos totales del Fondo de Garant\u00eda de Sustentabilidad (FGS).<br \/>\nEl doble prop\u00f3sito de esta medida es garantizar el acceso a programas de financiamiento a los sectores que m\u00e1s lo necesitan, impulsando fuertemente el consumo y la microeconom\u00eda.<br \/>\nAl respecto, el Director Ejecutivo de la ANSES, Emilio Basavilbaso, explic\u00f3 que \u201chay 3,5 millones de familias que hoy no tienen acceso al cr\u00e9dito, cuentan con un trabajo informal y generalmente toman cr\u00e9ditos de prestamistas no formales. La tasa que otorga la ANSES es fija, en el caso de los titulares de AUH se accede hasta $5000 por hijo, a devolver a dos a\u00f1os. En pensiones, los pr\u00e9stamos van hasta $30.000. A partir de este jueves ya podr\u00e1n solicitar el turno para luego gestionar el cr\u00e9dito en la ANSES\u201d<br \/>\nComo sucede en el caso de los jubilados y pensionados, las deducciones por el pago de las cuotas no podr\u00e1n exceder el 30% del valor de la prestaci\u00f3n mensual con una tasa TEA del 24%.<br \/>\nEl pr\u00e9stamo se depositar\u00e1 directamente en la cuenta del titular, quien podr\u00e1 extraer hasta el 100% del efectivo (sin l\u00edmite en la cantidad de extracciones) o realizar compras con la tarjeta de d\u00e9bito en cualquier comercio.<br \/>\nDestinatarios y pr\u00e9stamos<br \/>\n\u00b7 Titulares de AUH: por cada hijo podr\u00e1n obtener un cr\u00e9dito de $3000 a pagar en 12 cuotas, o bien, uno de $5000 que se puede abonar en 24.<br \/>\n\u00b7 Pensiones No Contributivas: podr\u00e1n acceder hasta $30.000 en 36 cuotas, $20.000 en 24 cuotas o $12.000 en 12.<br \/>\n\u00b7 PUAM: podr\u00e1n acceder a $30.000 en 36 pagos, a $20.000 en 24 pagos y a $12.000 en 12 pagos.<br \/>\nCaracter\u00edsticas:<br \/>\nQuienes soliciten el cr\u00e9dito podr\u00e1n extraer hasta el 100% del efectivo (sin l\u00edmite en la cantidad de extracciones) o realizar compras con la tarjeta de d\u00e9bito en cualquier comercio sin costo adicional, en la cuenta de la seguridad social en la que vienen cobrando.<br \/>\nC\u00f3mo obtener un cr\u00e9dito:<br \/>\nPara gestionar el pr\u00e9stamo ARGENTA, el titular de derecho debe solicitar un turno a partir del jueves 20 de julio en www.argenta.anses.gob.ar, opci\u00f3n Quiero mi pr\u00e9stamo. Tambi\u00e9n podr\u00e1n solicitarse los turnos llamando al 130.<br \/>\nEl d\u00eda del turno, los interesados deber\u00e1n:<br \/>\n\u00b7 Presentarse con DNI en la oficina de la ANSES asignada.<br \/>\n\u00b7 Elegir el monto del pr\u00e9stamo y la cantidad de cuotas.<br \/>\n\u00b7 Firmar la solicitud del pr\u00e9stamo.<br \/>\nUna vez solicitado el cr\u00e9dito, al cuarto d\u00eda h\u00e1bil posterior, se acredita en la cuenta bancaria del beneficiario.<\/p>\n","protected":false},"excerpt":{"rendered":"<p>El programa, que actualmente otorga cr\u00e9ditos con tasas accesibles a jubilados y pensionados, ahora se extiende a los sectores m\u00e1s vulnerables de la poblaci\u00f3n.<\/p>\n","protected":false},"author":3,"featured_media":0,"comment_status":"closed","ping_status":"open","sticky":false,"template":"","format":"standard","meta":{"footnotes":""},"categories":[26],"tags":[],"class_list":["post-12504","post","type-post","status-publish","format-standard","hentry","category-sociedad"],"yoast_head":"<!-- This site is optimized with the Yoast SEO plugin v25.9 - https:\/\/yoast.com\/wordpress\/plugins\/seo\/ -->\n<title>Desde hoy se podr\u00e1 solictar turno para obtener los nuevos cr\u00e9ditos ARGENTA. - Noticias Radio Reflejos<\/title>\n<meta name=\"robots\" content=\"index, follow, max-snippet:-1, max-image-preview:large, max-video-preview:-1\" \/>\n<link rel=\"canonical\" href=\"https:\/\/www.noticiasradioreflejos.com.ar\/2021\/desde-hoy-se-podra-solictar-turno-para-obtener-los-nuevos-creditos-argenta\/\" \/>\n<meta property=\"og:locale\" content=\"es_ES\" \/>\n<meta property=\"og:type\" content=\"article\" \/>\n<meta property=\"og:title\" content=\"Desde hoy se podr\u00e1 solictar turno para obtener los nuevos cr\u00e9ditos ARGENTA. - Noticias Radio Reflejos\" \/>\n<meta property=\"og:description\" content=\"El programa, que actualmente otorga cr\u00e9ditos con tasas accesibles a jubilados y pensionados, ahora se extiende a los sectores m\u00e1s vulnerables de la poblaci\u00f3n.\" \/>\n<meta property=\"og:url\" content=\"https:\/\/www.noticiasradioreflejos.com.ar\/2021\/desde-hoy-se-podra-solictar-turno-para-obtener-los-nuevos-creditos-argenta\/\" \/>\n<meta property=\"og:site_name\" content=\"Noticias Radio Reflejos\" \/>\n<meta property=\"article:published_time\" content=\"2017-07-20T11:24:54+00:00\" \/>\n<meta property=\"og:image\" content=\"https:\/\/www.noticiasradioreflejos.com.ar\/2021\/wp-content\/uploads\/2021\/07\/logosol300x200.png\" \/>\n\t<meta property=\"og:image:width\" content=\"300\" \/>\n\t<meta property=\"og:image:height\" content=\"200\" \/>\n\t<meta property=\"og:image:type\" content=\"image\/png\" \/>\n<meta name=\"author\" content=\"Arnaldo Botto\" \/>\n<meta name=\"twitter:card\" content=\"summary_large_image\" \/>\n<script type=\"application\/ld+json\" class=\"yoast-schema-graph\">{\"@context\":\"https:\/\/schema.org\",\"@graph\":[{\"@type\":\"WebPage\",\"@id\":\"https:\/\/www.noticiasradioreflejos.com.ar\/2021\/desde-hoy-se-podra-solictar-turno-para-obtener-los-nuevos-creditos-argenta\/\",\"url\":\"https:\/\/www.noticiasradioreflejos.com.ar\/2021\/desde-hoy-se-podra-solictar-turno-para-obtener-los-nuevos-creditos-argenta\/\",\"name\":\"Desde hoy se podr\u00e1 solictar turno para obtener los nuevos cr\u00e9ditos ARGENTA. - Noticias Radio Reflejos\",\"isPartOf\":{\"@id\":\"https:\/\/www.noticiasradioreflejos.com.ar\/2021\/#website\"},\"datePublished\":\"2017-07-20T11:24:54+00:00\",\"author\":{\"@id\":\"https:\/\/www.noticiasradioreflejos.com.ar\/2021\/#\/schema\/person\/ad82545263dcc5ec0996818884fd5fb1\"},\"breadcrumb\":{\"@id\":\"https:\/\/www.noticiasradioreflejos.com.ar\/2021\/desde-hoy-se-podra-solictar-turno-para-obtener-los-nuevos-creditos-argenta\/#breadcrumb\"},\"inLanguage\":\"es\",\"potentialAction\":[{\"@type\":\"ReadAction\",\"target\":[\"https:\/\/www.noticiasradioreflejos.com.ar\/2021\/desde-hoy-se-podra-solictar-turno-para-obtener-los-nuevos-creditos-argenta\/\"]}]},{\"@type\":\"BreadcrumbList\",\"@id\":\"https:\/\/www.noticiasradioreflejos.com.ar\/2021\/desde-hoy-se-podra-solictar-turno-para-obtener-los-nuevos-creditos-argenta\/#breadcrumb\",\"itemListElement\":[{\"@type\":\"ListItem\",\"position\":1,\"name\":\"Portada\",\"item\":\"https:\/\/www.noticiasradioreflejos.com.ar\/2021\/\"},{\"@type\":\"ListItem\",\"position\":2,\"name\":\"Desde hoy se podr\u00e1 solictar turno para obtener los nuevos cr\u00e9ditos ARGENTA.\"}]},{\"@type\":\"WebSite\",\"@id\":\"https:\/\/www.noticiasradioreflejos.com.ar\/2021\/#website\",\"url\":\"https:\/\/www.noticiasradioreflejos.com.ar\/2021\/\",\"name\":\"Noticias Radio Reflejos\",\"description\":\"Las noticias de mi comarca\",\"potentialAction\":[{\"@type\":\"SearchAction\",\"target\":{\"@type\":\"EntryPoint\",\"urlTemplate\":\"https:\/\/www.noticiasradioreflejos.com.ar\/2021\/?s={search_term_string}\"},\"query-input\":{\"@type\":\"PropertyValueSpecification\",\"valueRequired\":true,\"valueName\":\"search_term_string\"}}],\"inLanguage\":\"es\"},{\"@type\":\"Person\",\"@id\":\"https:\/\/www.noticiasradioreflejos.com.ar\/2021\/#\/schema\/person\/ad82545263dcc5ec0996818884fd5fb1\",\"name\":\"Arnaldo Botto\",\"image\":{\"@type\":\"ImageObject\",\"inLanguage\":\"es\",\"@id\":\"https:\/\/www.noticiasradioreflejos.com.ar\/2021\/#\/schema\/person\/image\/\",\"url\":\"https:\/\/secure.gravatar.com\/avatar\/55cb5e37c1efa326397366e6974cb338056df65cb50e7d64d1cf314e87504837?s=96&d=mm&r=g\",\"contentUrl\":\"https:\/\/secure.gravatar.com\/avatar\/55cb5e37c1efa326397366e6974cb338056df65cb50e7d64d1cf314e87504837?s=96&d=mm&r=g\",\"caption\":\"Arnaldo Botto\"},\"url\":\"https:\/\/www.noticiasradioreflejos.com.ar\/2021\/author\/arnaldo\/\"}]}<\/script>\n<!-- \/ Yoast SEO plugin. -->","yoast_head_json":{"title":"Desde hoy se podr\u00e1 solictar turno para obtener los nuevos cr\u00e9ditos ARGENTA. - Noticias Radio Reflejos","robots":{"index":"index","follow":"follow","max-snippet":"max-snippet:-1","max-image-preview":"max-image-preview:large","max-video-preview":"max-video-preview:-1"},"canonical":"https:\/\/www.noticiasradioreflejos.com.ar\/2021\/desde-hoy-se-podra-solictar-turno-para-obtener-los-nuevos-creditos-argenta\/","og_locale":"es_ES","og_type":"article","og_title":"Desde hoy se podr\u00e1 solictar turno para obtener los nuevos cr\u00e9ditos ARGENTA. - Noticias Radio Reflejos","og_description":"El programa, que actualmente otorga cr\u00e9ditos con tasas accesibles a jubilados y pensionados, ahora se extiende a los sectores m\u00e1s vulnerables de la poblaci\u00f3n.","og_url":"https:\/\/www.noticiasradioreflejos.com.ar\/2021\/desde-hoy-se-podra-solictar-turno-para-obtener-los-nuevos-creditos-argenta\/","og_site_name":"Noticias Radio Reflejos","article_published_time":"2017-07-20T11:24:54+00:00","og_image":[{"width":300,"height":200,"url":"https:\/\/www.noticiasradioreflejos.com.ar\/2021\/wp-content\/uploads\/2021\/07\/logosol300x200.png","type":"image\/png"}],"author":"Arnaldo Botto","twitter_card":"summary_large_image","schema":{"@context":"https:\/\/schema.org","@graph":[{"@type":"WebPage","@id":"https:\/\/www.noticiasradioreflejos.com.ar\/2021\/desde-hoy-se-podra-solictar-turno-para-obtener-los-nuevos-creditos-argenta\/","url":"https:\/\/www.noticiasradioreflejos.com.ar\/2021\/desde-hoy-se-podra-solictar-turno-para-obtener-los-nuevos-creditos-argenta\/","name":"Desde hoy se podr\u00e1 solictar turno para obtener los nuevos cr\u00e9ditos ARGENTA. - Noticias Radio Reflejos","isPartOf":{"@id":"https:\/\/www.noticiasradioreflejos.com.ar\/2021\/#website"},"datePublished":"2017-07-20T11:24:54+00:00","author":{"@id":"https:\/\/www.noticiasradioreflejos.com.ar\/2021\/#\/schema\/person\/ad82545263dcc5ec0996818884fd5fb1"},"breadcrumb":{"@id":"https:\/\/www.noticiasradioreflejos.com.ar\/2021\/desde-hoy-se-podra-solictar-turno-para-obtener-los-nuevos-creditos-argenta\/#breadcrumb"},"inLanguage":"es","potentialAction":[{"@type":"ReadAction","target":["https:\/\/www.noticiasradioreflejos.com.ar\/2021\/desde-hoy-se-podra-solictar-turno-para-obtener-los-nuevos-creditos-argenta\/"]}]},{"@type":"BreadcrumbList","@id":"https:\/\/www.noticiasradioreflejos.com.ar\/2021\/desde-hoy-se-podra-solictar-turno-para-obtener-los-nuevos-creditos-argenta\/#breadcrumb","itemListElement":[{"@type":"ListItem","position":1,"name":"Portada","item":"https:\/\/www.noticiasradioreflejos.com.ar\/2021\/"},{"@type":"ListItem","position":2,"name":"Desde hoy se podr\u00e1 solictar turno para obtener los nuevos cr\u00e9ditos ARGENTA."}]},{"@type":"WebSite","@id":"https:\/\/www.noticiasradioreflejos.com.ar\/2021\/#website","url":"https:\/\/www.noticiasradioreflejos.com.ar\/2021\/","name":"Noticias Radio Reflejos","description":"Las noticias de mi comarca","potentialAction":[{"@type":"SearchAction","target":{"@type":"EntryPoint","urlTemplate":"https:\/\/www.noticiasradioreflejos.com.ar\/2021\/?s={search_term_string}"},"query-input":{"@type":"PropertyValueSpecification","valueRequired":true,"valueName":"search_term_string"}}],"inLanguage":"es"},{"@type":"Person","@id":"https:\/\/www.noticiasradioreflejos.com.ar\/2021\/#\/schema\/person\/ad82545263dcc5ec0996818884fd5fb1","name":"Arnaldo Botto","image":{"@type":"ImageObject","inLanguage":"es","@id":"https:\/\/www.noticiasradioreflejos.com.ar\/2021\/#\/schema\/person\/image\/","url":"https:\/\/secure.gravatar.com\/avatar\/55cb5e37c1efa326397366e6974cb338056df65cb50e7d64d1cf314e87504837?s=96&d=mm&r=g","contentUrl":"https:\/\/secure.gravatar.com\/avatar\/55cb5e37c1efa326397366e6974cb338056df65cb50e7d64d1cf314e87504837?s=96&d=mm&r=g","caption":"Arnaldo Botto"},"url":"https:\/\/www.noticiasradioreflejos.com.ar\/2021\/author\/arnaldo\/"}]}},"_links":{"self":[{"href":"https:\/\/www.noticiasradioreflejos.com.ar\/2021\/wp-json\/wp\/v2\/posts\/12504","targetHints":{"allow":["GET"]}}],"collection":[{"href":"https:\/\/www.noticiasradioreflejos.com.ar\/2021\/wp-json\/wp\/v2\/posts"}],"about":[{"href":"https:\/\/www.noticiasradioreflejos.com.ar\/2021\/wp-json\/wp\/v2\/types\/post"}],"author":[{"embeddable":true,"href":"https:\/\/www.noticiasradioreflejos.com.ar\/2021\/wp-json\/wp\/v2\/users\/3"}],"replies":[{"embeddable":true,"href":"https:\/\/www.noticiasradioreflejos.com.ar\/2021\/wp-json\/wp\/v2\/comments?post=12504"}],"version-history":[{"count":0,"href":"https:\/\/www.noticiasradioreflejos.com.ar\/2021\/wp-json\/wp\/v2\/posts\/12504\/revisions"}],"wp:attachment":[{"href":"https:\/\/www.noticiasradioreflejos.com.ar\/2021\/wp-json\/wp\/v2\/media?parent=12504"}],"wp:term":[{"taxonomy":"category","embeddable":true,"href":"https:\/\/www.noticiasradioreflejos.com.ar\/2021\/wp-json\/wp\/v2\/categories?post=12504"},{"taxonomy":"post_tag","embeddable":true,"href":"https:\/\/www.noticiasradioreflejos.com.ar\/2021\/wp-json\/wp\/v2\/tags?post=12504"}],"curies":[{"name":"wp","href":"https:\/\/api.w.org\/{rel}","templated":true}]}}