{"id":124798,"date":"2025-09-10T07:49:04","date_gmt":"2025-09-10T10:49:04","guid":{"rendered":"https:\/\/www.noticiasradioreflejos.com.ar\/2021\/?p=124798"},"modified":"2025-09-10T07:49:04","modified_gmt":"2025-09-10T10:49:04","slug":"dia-mundial-para-la-prevencion-del-suicidio-por-que-se-conmemora-el-10-de-septiembre","status":"publish","type":"post","link":"https:\/\/www.noticiasradioreflejos.com.ar\/2021\/dia-mundial-para-la-prevencion-del-suicidio-por-que-se-conmemora-el-10-de-septiembre\/","title":{"rendered":"D\u00eda mundial para la prevenci\u00f3n del suicidio: \u00bfpor qu\u00e9 se conmemora el 10 de septiembre?"},"content":{"rendered":"<p>Cada a\u00f1o m\u00e1s de 720 mil personas mueren a nivel global por esta problem\u00e1tica. La complejidad del fen\u00f3meno exige reconocer factores biol\u00f3gicos, psicol\u00f3gicos y sociales para evitar explicaciones reduccionistas.<!--more--><\/p>\n<p>&gt;Desde el a\u00f1o 2003, la\u00a0Asociaci\u00f3n Internacional para la Prevenci\u00f3n del Suicidio, en colaboraci\u00f3n con la\u00a0Organizaci\u00f3n Mundial de la Salud, promueve cada\u00a0<strong>10 de septiembre el\u00a0D\u00eda Mundial para la Prevenci\u00f3n del Suicidio<\/strong>, con el objetivo de concienciar a nivel mundial que el suicidio puede prevenirse.<\/p>\n<aside class=\"know-more know-more--with-image\">&nbsp;<\/p>\n<\/aside>\n<p class=\"article-text\">El suicidio es un evento que afecta de manera global a las familias, a las comunidades y a los pa\u00edses. A nivel mundial se suicidan cada a\u00f1o casi un mill\u00f3n de personas, lo que equivale a una persona cada 40 segundos.<\/p>\n<p class=\"article-text\">Adem\u00e1s, por cada muerte por suicidio se estima que hay 20 intentos.<\/p>\n<p class=\"article-text\">Otro dato preocupante es que el suicidio constituye la segunda causa de muerte en el grupo de 15 a 29 a\u00f1os de edad.<\/p>\n<p class=\"article-text\">Hay que tener en cuenta que cada vida perdida representa a un amigo, padre, hijo, abuelo o compa\u00f1ero de alguien. Por cada suicidio producido muchas personas alrededor sufren las consecuencias.<\/p>\n<h2 class=\"article-text\">D\u00eda Mundial para la prevenci\u00f3n del suicio. Lema 2024 &#8211; 2026: Cambiar la narrativa<\/h2>\n<p class=\"article-text\">Cada a\u00f1o se celebra el\u00a0D\u00eda Mundial para la Prevenci\u00f3n del Suicidio\u00a0con un lema, y con actividades y eventos a nivel mundial. No obstante existe una campa\u00f1a \u00fanica trienal para los a\u00f1os 2024, 2025 y 2026:\u00a0\u201cCambiar la narrativa\u201d.<\/p>\n<p class=\"article-text\">Se trata de reemplazar la narrativa estigmatizante sobre el suicidio y fomentar una cultura de apoyo y comprensi\u00f3n. Y es que uno de los mayores obst\u00e1culos para la prevenci\u00f3n del suicidio es el estigma. El suicidio se malinterpreta a menudo como un acto de debilidad o ego\u00edsmo y esto hace que las personas que tienen ideas suicidas no lo cuenten ni busquen ayuda porque se sienten avergonzados. Hay que reemplazar esta narrativa da\u00f1ina por una que promueva la comprensi\u00f3n.<\/p>\n<figure><picture class=\"news-image\"><source srcset=\"https:\/\/static.eldiario.es\/clip\/87726a01-4db6-46e7-a424-a7a38e410508_source-aspect-ratio_50p_1125432.webp\" type=\"image\/webp\" media=\"(max-width: 576px)\" \/><source srcset=\"https:\/\/static.eldiario.es\/clip\/87726a01-4db6-46e7-a424-a7a38e410508_source-aspect-ratio_50p_1125432.jpg\" type=\"image\/jpg\" media=\"(max-width: 576px)\" \/><source srcset=\"https:\/\/static.eldiario.es\/clip\/87726a01-4db6-46e7-a424-a7a38e410508_source-aspect-ratio_75p_1125432.webp\" type=\"image\/webp\" media=\"(max-width: 767px)\" \/><source srcset=\"https:\/\/static.eldiario.es\/clip\/87726a01-4db6-46e7-a424-a7a38e410508_source-aspect-ratio_75p_1125432.jpg\" type=\"image\/jpg\" media=\"(max-width: 767px)\" \/><source srcset=\"https:\/\/static.eldiario.es\/clip\/87726a01-4db6-46e7-a424-a7a38e410508_source-aspect-ratio_default_1125432.webp\" type=\"image\/webp\" media=\"(min-width: 768px)\" \/><source srcset=\"https:\/\/static.eldiario.es\/clip\/87726a01-4db6-46e7-a424-a7a38e410508_source-aspect-ratio_default_1125432.jpg\" type=\"image\/jpg\" media=\"(min-width: 768px)\" \/><source srcset=\"https:\/\/static.eldiario.es\/clip\/87726a01-4db6-46e7-a424-a7a38e410508_source-aspect-ratio_default_1125432.webp\" type=\"image\/webp\" \/><img decoding=\"async\" class=\"lazy entered loaded\" src=\"https:\/\/static.eldiario.es\/clip\/87726a01-4db6-46e7-a424-a7a38e410508_source-aspect-ratio_default_1125432.jpg\" alt=\"\" data-src=\"https:\/\/static.eldiario.es\/clip\/87726a01-4db6-46e7-a424-a7a38e410508_source-aspect-ratio_default_1125432.jpg\" data-ll-status=\"loaded\" \/><\/picture><\/figure>\n<h2 class=\"article-text\">Factores de riesgo para el suicidio<\/h2>\n<p class=\"article-text\">El suicidio es un problema complejo en el que intervienen todo tipo de factores:\u00a0psicol\u00f3gicos, ambientales, sociales y biol\u00f3gicos. Se han determinado algunas causas que influyen en las conductas suicidas:<\/p>\n<div class=\"list\">\n<ul>\n<li>En los ni\u00f1os y adolescentes, influyen especialmente factores como la historia psiqui\u00e1trica familiar, enfermedades mentales, la p\u00e9rdida de un ser querido, la depresi\u00f3n, aislamiento social, abuso de drogas y alcohol.<\/li>\n<li>Para las mujeres y hombres, suponen un factor muy importante las relaciones con otras personas, la violencia dom\u00e9stica o el estr\u00e9s en el \u00e1mbito de la familia, aunado a las enfermedades mentales, abuso de alcohol y drogas, entornos familiares problem\u00e1ticos.<\/li>\n<li>Los estudios se\u00f1alan que\u00a0en el grupo de edad de las personas mayores\u00a0cuentan especialmente factores como la depresi\u00f3n, el dolor f\u00edsico a causa de una enfermedad, el aislamiento social y familiar.<\/li>\n<\/ul>\n<\/div>\n<p class=\"article-text\">No obstante, cada persona vive un universo concreto que habr\u00eda que analizar, para determinar c\u00f3mo ayudarle a superar la etapa por la que est\u00e1 pasando y evitar las conductas suicidas.<\/p>\n<h2 class=\"article-text\">Se\u00f1ales de alerta del suicidio<\/h2>\n<p class=\"article-text\">No siempre se puede saber si alguna persona de nuestro entorno inmediato est\u00e1 pensando en el suicidio, pero hay algunas se\u00f1ales de alerta que pueden hacer sospechar:<\/p>\n<div class=\"list\">\n<ul>\n<li>Habla acerca del suicidio, o expresar frases como \u201cdesear\u00eda no haber nacido\u201d, \u201cquisiera estar muerto\u201d, o similares.<\/li>\n<li>Intenta obtener medios para hacer efectivo el suicidio.<\/li>\n<li>Retraimiento extremo.<\/li>\n<li>Cambios de humor.<\/li>\n<li>Preocupaci\u00f3n por la muerte.<\/li>\n<li>Sentir impotencia y desesperanza ante una situaci\u00f3n.<\/li>\n<li>Abuso de alcohol y drogas.<\/li>\n<li>Cambios en la rutina normal.<\/li>\n<li>Hacer cosas autodestructivas e imprudentes.<\/li>\n<li>Despedirse de las personas como si fuera a ser definitivo.<\/li>\n<\/ul>\n<\/div>\n<figure class=\"embed-container embed-container--type-instagram \"><iframe id=\"instagram-embed-0\" class=\"instagram-media instagram-media-rendered\" src=\"https:\/\/www.instagram.com\/p\/DOTtz4jky7I\/embed\/captioned\/?cr=1&amp;v=14&amp;wp=640&amp;rd=https%3A%2F%2Fwww.eldiarioar.com&amp;rp=%2Fsociedad%2Fdia-mundial-prevencion-suicidio-conmemora-10-septiembre_1_12590518.html#%7B%22ci%22%3A0%2C%22os%22%3A2661%2C%22ls%22%3A1190.2000000029802%2C%22le%22%3A1771.0999999940395%7D\" height=\"1364\" frameborder=\"0\" scrolling=\"no\" allowfullscreen=\"allowfullscreen\" data-instgrm-payload-id=\"instagram-media-payload-0\" data-gtm-yt-inspected-40=\"true\" data-gtm-yt-inspected-34399851_303=\"true\" data-gtm-yt-inspected-34399851_396=\"true\" data-mce-fragment=\"1\"><\/iframe><\/figure>\n<h2 class=\"article-text\">\u00bfQu\u00e9 podemos hacer para prevenir las conductas suicidas?<\/h2>\n<p class=\"article-text\">Cualquier persona es clave en la prevenci\u00f3n del suicidio, ya que todos podemos marcar la diferencia como miembro de la sociedad: como hijos, padres, amigos, colegas o vecinos. Cada d\u00eda podemos aportar para prevenir los suicidios en nuestro entorno.<\/p>\n<div id=\"container-after-news-outlook\"><\/div>\n<div class=\"list\">\n<ul>\n<li>Concienciarnos sobre el tema del suicidio y sensibilizar a otros.<\/li>\n<li>Conocer las causas del suicidio y las se\u00f1ales de alerta.<\/li>\n<li>Mostrar cuidado y ayuda a las personas que se encuentran en situaciones dif\u00edciles.<\/li>\n<li>Cuestionar el estigma asociado al suicidio y a los problemas de salud mental, compartiendo nuestras propias experiencias.<\/li>\n<\/ul>\n<\/div>\n<h2 class=\"article-text\">Filmograf\u00eda sobre el tema<\/h2>\n<p class=\"article-text\">A continuaci\u00f3n mostramos algunos t\u00edtulos de pel\u00edculas aleccionadoras, cuyo tema central es el suicidio, cuyo contenido brinda apoyo emocional que pueden ayudar a salvar vidas:<\/p>\n<div class=\"list\">\n<ul>\n<li><em><strong>El Mar de \u00c1rboles (EEUU. Director: Gus Van Sant. A\u00f1o 2015):\u00a0<\/strong><\/em>un ciudadano estadounidense y un japon\u00e9s se conocen en el tristemente c\u00e9lebre bosque de los suicidios Aokigahara, en Jap\u00f3n. Abandonan esta terrible idea, emprendiendo juntos un viaje a trav\u00e9s del bosque.<\/li>\n<li><em><strong>A Girl like Her (EEUU. Directora: Amy S. Weber. A\u00f1o 2015):\u00a0<\/strong><\/em>un equipo de televisi\u00f3n graba un documental en una escuela, para mostrar los hechos de un caso de acoso contra una estudiante y su intento de suicidio.<\/li>\n<li><em><strong>Cake: una raz\u00f3n para vivir (EEUU. Director: Daniel Barnz. A\u00f1o 2014):<\/strong><\/em>\u00a0luego de perder a su hijo en un accidente una mujer asiste a un grupo de apoyo, cuya experiencia la ayudar\u00e1 a no rendirse y a no evadir su realidad.<\/li>\n<li><em><strong>The Perks of Being a Wallflower (EEUU. Director: Stephen Chbosky. A\u00f1o 2012):<\/strong><\/em>\u00a0muestra a un joven que trata de continuar su vida despu\u00e9s de un intento de suicidio, descubriendo la amistad, el primer amor y la m\u00fasica como sus grandes aliados.<\/li>\n<li><em><strong>Una Historia Diferente (EEUU. Directores: Anna Boden, Ryan Fleck. A\u00f1o 2010):<\/strong><\/em>\u00a0un adolescente con un cuadro depresivo es ingresado en un centro psiqui\u00e1trico, encontrando el apoyo y protecci\u00f3n de otro paciente.<\/li>\n<li><em><strong>Siete Almas (EEUU. Director: Gabriele Muccino. A\u00f1o 2008):<\/strong><\/em>\u00a0un inspector fiscal de Los \u00c1ngeles trata de redimirse, al tratar de cambiar la vida de siete desconocidos, cambiando su vida y su destino de una manera sorprendente.<\/li>\n<li><\/li>\n<\/ul>\n<\/div>\n<p class=\"article-text\"><em><strong>NB &#8211; elDiarioAR<\/strong><\/em><\/p>\n","protected":false},"excerpt":{"rendered":"<p>Cada a\u00f1o m\u00e1s de 720 mil personas mueren a nivel global por esta problem\u00e1tica. La complejidad del fen\u00f3meno exige reconocer factores biol\u00f3gicos, psicol\u00f3gicos y sociales para evitar explicaciones reduccionistas.<\/p>\n","protected":false},"author":3,"featured_media":0,"comment_status":"closed","ping_status":"closed","sticky":false,"template":"","format":"standard","meta":{"footnotes":""},"categories":[30,26],"tags":[],"class_list":["post-124798","post","type-post","status-publish","format-standard","hentry","category-salud","category-sociedad"],"yoast_head":"<!-- This site is optimized with the Yoast SEO plugin v25.9 - https:\/\/yoast.com\/wordpress\/plugins\/seo\/ -->\n<title>D\u00eda mundial para la prevenci\u00f3n del suicidio: \u00bfpor qu\u00e9 se conmemora el 10 de septiembre? - Noticias Radio Reflejos<\/title>\n<meta name=\"robots\" content=\"index, follow, max-snippet:-1, max-image-preview:large, max-video-preview:-1\" \/>\n<link rel=\"canonical\" href=\"https:\/\/www.noticiasradioreflejos.com.ar\/2021\/dia-mundial-para-la-prevencion-del-suicidio-por-que-se-conmemora-el-10-de-septiembre\/\" \/>\n<meta property=\"og:locale\" content=\"es_ES\" \/>\n<meta property=\"og:type\" content=\"article\" \/>\n<meta property=\"og:title\" content=\"D\u00eda mundial para la prevenci\u00f3n del suicidio: \u00bfpor qu\u00e9 se conmemora el 10 de septiembre? - Noticias Radio Reflejos\" \/>\n<meta property=\"og:description\" content=\"Cada a\u00f1o m\u00e1s de 720 mil personas mueren a nivel global por esta problem\u00e1tica. La complejidad del fen\u00f3meno exige reconocer factores biol\u00f3gicos, psicol\u00f3gicos y sociales para evitar explicaciones reduccionistas.\" \/>\n<meta property=\"og:url\" content=\"https:\/\/www.noticiasradioreflejos.com.ar\/2021\/dia-mundial-para-la-prevencion-del-suicidio-por-que-se-conmemora-el-10-de-septiembre\/\" \/>\n<meta property=\"og:site_name\" content=\"Noticias Radio Reflejos\" \/>\n<meta property=\"article:published_time\" content=\"2025-09-10T10:49:04+00:00\" \/>\n<meta property=\"og:image\" content=\"https:\/\/www.noticiasradioreflejos.com.ar\/2021\/wp-content\/uploads\/2025\/09\/dia-del-sucidio.jpg\" \/>\n\t<meta property=\"og:image:width\" content=\"1200\" \/>\n\t<meta property=\"og:image:height\" content=\"702\" \/>\n\t<meta property=\"og:image:type\" content=\"image\/jpeg\" \/>\n<meta name=\"author\" content=\"Arnaldo Botto\" \/>\n<meta name=\"twitter:card\" content=\"summary_large_image\" \/>\n<script type=\"application\/ld+json\" class=\"yoast-schema-graph\">{\"@context\":\"https:\/\/schema.org\",\"@graph\":[{\"@type\":\"WebPage\",\"@id\":\"https:\/\/www.noticiasradioreflejos.com.ar\/2021\/dia-mundial-para-la-prevencion-del-suicidio-por-que-se-conmemora-el-10-de-septiembre\/\",\"url\":\"https:\/\/www.noticiasradioreflejos.com.ar\/2021\/dia-mundial-para-la-prevencion-del-suicidio-por-que-se-conmemora-el-10-de-septiembre\/\",\"name\":\"D\u00eda mundial para la prevenci\u00f3n del suicidio: \u00bfpor qu\u00e9 se conmemora el 10 de septiembre? - Noticias Radio Reflejos\",\"isPartOf\":{\"@id\":\"https:\/\/www.noticiasradioreflejos.com.ar\/2021\/#website\"},\"primaryImageOfPage\":{\"@id\":\"https:\/\/www.noticiasradioreflejos.com.ar\/2021\/dia-mundial-para-la-prevencion-del-suicidio-por-que-se-conmemora-el-10-de-septiembre\/#primaryimage\"},\"image\":{\"@id\":\"https:\/\/www.noticiasradioreflejos.com.ar\/2021\/dia-mundial-para-la-prevencion-del-suicidio-por-que-se-conmemora-el-10-de-septiembre\/#primaryimage\"},\"thumbnailUrl\":\"https:\/\/static.eldiario.es\/clip\/87726a01-4db6-46e7-a424-a7a38e410508_source-aspect-ratio_default_1125432.jpg\",\"datePublished\":\"2025-09-10T10:49:04+00:00\",\"author\":{\"@id\":\"https:\/\/www.noticiasradioreflejos.com.ar\/2021\/#\/schema\/person\/ad82545263dcc5ec0996818884fd5fb1\"},\"breadcrumb\":{\"@id\":\"https:\/\/www.noticiasradioreflejos.com.ar\/2021\/dia-mundial-para-la-prevencion-del-suicidio-por-que-se-conmemora-el-10-de-septiembre\/#breadcrumb\"},\"inLanguage\":\"es\",\"potentialAction\":[{\"@type\":\"ReadAction\",\"target\":[\"https:\/\/www.noticiasradioreflejos.com.ar\/2021\/dia-mundial-para-la-prevencion-del-suicidio-por-que-se-conmemora-el-10-de-septiembre\/\"]}]},{\"@type\":\"ImageObject\",\"inLanguage\":\"es\",\"@id\":\"https:\/\/www.noticiasradioreflejos.com.ar\/2021\/dia-mundial-para-la-prevencion-del-suicidio-por-que-se-conmemora-el-10-de-septiembre\/#primaryimage\",\"url\":\"https:\/\/static.eldiario.es\/clip\/87726a01-4db6-46e7-a424-a7a38e410508_source-aspect-ratio_default_1125432.jpg\",\"contentUrl\":\"https:\/\/static.eldiario.es\/clip\/87726a01-4db6-46e7-a424-a7a38e410508_source-aspect-ratio_default_1125432.jpg\"},{\"@type\":\"BreadcrumbList\",\"@id\":\"https:\/\/www.noticiasradioreflejos.com.ar\/2021\/dia-mundial-para-la-prevencion-del-suicidio-por-que-se-conmemora-el-10-de-septiembre\/#breadcrumb\",\"itemListElement\":[{\"@type\":\"ListItem\",\"position\":1,\"name\":\"Portada\",\"item\":\"https:\/\/www.noticiasradioreflejos.com.ar\/2021\/\"},{\"@type\":\"ListItem\",\"position\":2,\"name\":\"D\u00eda mundial para la prevenci\u00f3n del suicidio: \u00bfpor qu\u00e9 se conmemora el 10 de septiembre?\"}]},{\"@type\":\"WebSite\",\"@id\":\"https:\/\/www.noticiasradioreflejos.com.ar\/2021\/#website\",\"url\":\"https:\/\/www.noticiasradioreflejos.com.ar\/2021\/\",\"name\":\"Noticias Radio Reflejos\",\"description\":\"Las noticias de mi comarca\",\"potentialAction\":[{\"@type\":\"SearchAction\",\"target\":{\"@type\":\"EntryPoint\",\"urlTemplate\":\"https:\/\/www.noticiasradioreflejos.com.ar\/2021\/?s={search_term_string}\"},\"query-input\":{\"@type\":\"PropertyValueSpecification\",\"valueRequired\":true,\"valueName\":\"search_term_string\"}}],\"inLanguage\":\"es\"},{\"@type\":\"Person\",\"@id\":\"https:\/\/www.noticiasradioreflejos.com.ar\/2021\/#\/schema\/person\/ad82545263dcc5ec0996818884fd5fb1\",\"name\":\"Arnaldo Botto\",\"image\":{\"@type\":\"ImageObject\",\"inLanguage\":\"es\",\"@id\":\"https:\/\/www.noticiasradioreflejos.com.ar\/2021\/#\/schema\/person\/image\/\",\"url\":\"https:\/\/secure.gravatar.com\/avatar\/55cb5e37c1efa326397366e6974cb338056df65cb50e7d64d1cf314e87504837?s=96&d=mm&r=g\",\"contentUrl\":\"https:\/\/secure.gravatar.com\/avatar\/55cb5e37c1efa326397366e6974cb338056df65cb50e7d64d1cf314e87504837?s=96&d=mm&r=g\",\"caption\":\"Arnaldo Botto\"},\"url\":\"https:\/\/www.noticiasradioreflejos.com.ar\/2021\/author\/arnaldo\/\"}]}<\/script>\n<!-- \/ Yoast SEO plugin. -->","yoast_head_json":{"title":"D\u00eda mundial para la prevenci\u00f3n del suicidio: \u00bfpor qu\u00e9 se conmemora el 10 de septiembre? - Noticias Radio Reflejos","robots":{"index":"index","follow":"follow","max-snippet":"max-snippet:-1","max-image-preview":"max-image-preview:large","max-video-preview":"max-video-preview:-1"},"canonical":"https:\/\/www.noticiasradioreflejos.com.ar\/2021\/dia-mundial-para-la-prevencion-del-suicidio-por-que-se-conmemora-el-10-de-septiembre\/","og_locale":"es_ES","og_type":"article","og_title":"D\u00eda mundial para la prevenci\u00f3n del suicidio: \u00bfpor qu\u00e9 se conmemora el 10 de septiembre? - Noticias Radio Reflejos","og_description":"Cada a\u00f1o m\u00e1s de 720 mil personas mueren a nivel global por esta problem\u00e1tica. La complejidad del fen\u00f3meno exige reconocer factores biol\u00f3gicos, psicol\u00f3gicos y sociales para evitar explicaciones reduccionistas.","og_url":"https:\/\/www.noticiasradioreflejos.com.ar\/2021\/dia-mundial-para-la-prevencion-del-suicidio-por-que-se-conmemora-el-10-de-septiembre\/","og_site_name":"Noticias Radio Reflejos","article_published_time":"2025-09-10T10:49:04+00:00","og_image":[{"width":1200,"height":702,"url":"https:\/\/www.noticiasradioreflejos.com.ar\/2021\/wp-content\/uploads\/2025\/09\/dia-del-sucidio.jpg","type":"image\/jpeg"}],"author":"Arnaldo Botto","twitter_card":"summary_large_image","schema":{"@context":"https:\/\/schema.org","@graph":[{"@type":"WebPage","@id":"https:\/\/www.noticiasradioreflejos.com.ar\/2021\/dia-mundial-para-la-prevencion-del-suicidio-por-que-se-conmemora-el-10-de-septiembre\/","url":"https:\/\/www.noticiasradioreflejos.com.ar\/2021\/dia-mundial-para-la-prevencion-del-suicidio-por-que-se-conmemora-el-10-de-septiembre\/","name":"D\u00eda mundial para la prevenci\u00f3n del suicidio: \u00bfpor qu\u00e9 se conmemora el 10 de septiembre? - Noticias Radio Reflejos","isPartOf":{"@id":"https:\/\/www.noticiasradioreflejos.com.ar\/2021\/#website"},"primaryImageOfPage":{"@id":"https:\/\/www.noticiasradioreflejos.com.ar\/2021\/dia-mundial-para-la-prevencion-del-suicidio-por-que-se-conmemora-el-10-de-septiembre\/#primaryimage"},"image":{"@id":"https:\/\/www.noticiasradioreflejos.com.ar\/2021\/dia-mundial-para-la-prevencion-del-suicidio-por-que-se-conmemora-el-10-de-septiembre\/#primaryimage"},"thumbnailUrl":"https:\/\/static.eldiario.es\/clip\/87726a01-4db6-46e7-a424-a7a38e410508_source-aspect-ratio_default_1125432.jpg","datePublished":"2025-09-10T10:49:04+00:00","author":{"@id":"https:\/\/www.noticiasradioreflejos.com.ar\/2021\/#\/schema\/person\/ad82545263dcc5ec0996818884fd5fb1"},"breadcrumb":{"@id":"https:\/\/www.noticiasradioreflejos.com.ar\/2021\/dia-mundial-para-la-prevencion-del-suicidio-por-que-se-conmemora-el-10-de-septiembre\/#breadcrumb"},"inLanguage":"es","potentialAction":[{"@type":"ReadAction","target":["https:\/\/www.noticiasradioreflejos.com.ar\/2021\/dia-mundial-para-la-prevencion-del-suicidio-por-que-se-conmemora-el-10-de-septiembre\/"]}]},{"@type":"ImageObject","inLanguage":"es","@id":"https:\/\/www.noticiasradioreflejos.com.ar\/2021\/dia-mundial-para-la-prevencion-del-suicidio-por-que-se-conmemora-el-10-de-septiembre\/#primaryimage","url":"https:\/\/static.eldiario.es\/clip\/87726a01-4db6-46e7-a424-a7a38e410508_source-aspect-ratio_default_1125432.jpg","contentUrl":"https:\/\/static.eldiario.es\/clip\/87726a01-4db6-46e7-a424-a7a38e410508_source-aspect-ratio_default_1125432.jpg"},{"@type":"BreadcrumbList","@id":"https:\/\/www.noticiasradioreflejos.com.ar\/2021\/dia-mundial-para-la-prevencion-del-suicidio-por-que-se-conmemora-el-10-de-septiembre\/#breadcrumb","itemListElement":[{"@type":"ListItem","position":1,"name":"Portada","item":"https:\/\/www.noticiasradioreflejos.com.ar\/2021\/"},{"@type":"ListItem","position":2,"name":"D\u00eda mundial para la prevenci\u00f3n del suicidio: \u00bfpor qu\u00e9 se conmemora el 10 de septiembre?"}]},{"@type":"WebSite","@id":"https:\/\/www.noticiasradioreflejos.com.ar\/2021\/#website","url":"https:\/\/www.noticiasradioreflejos.com.ar\/2021\/","name":"Noticias Radio Reflejos","description":"Las noticias de mi comarca","potentialAction":[{"@type":"SearchAction","target":{"@type":"EntryPoint","urlTemplate":"https:\/\/www.noticiasradioreflejos.com.ar\/2021\/?s={search_term_string}"},"query-input":{"@type":"PropertyValueSpecification","valueRequired":true,"valueName":"search_term_string"}}],"inLanguage":"es"},{"@type":"Person","@id":"https:\/\/www.noticiasradioreflejos.com.ar\/2021\/#\/schema\/person\/ad82545263dcc5ec0996818884fd5fb1","name":"Arnaldo Botto","image":{"@type":"ImageObject","inLanguage":"es","@id":"https:\/\/www.noticiasradioreflejos.com.ar\/2021\/#\/schema\/person\/image\/","url":"https:\/\/secure.gravatar.com\/avatar\/55cb5e37c1efa326397366e6974cb338056df65cb50e7d64d1cf314e87504837?s=96&d=mm&r=g","contentUrl":"https:\/\/secure.gravatar.com\/avatar\/55cb5e37c1efa326397366e6974cb338056df65cb50e7d64d1cf314e87504837?s=96&d=mm&r=g","caption":"Arnaldo Botto"},"url":"https:\/\/www.noticiasradioreflejos.com.ar\/2021\/author\/arnaldo\/"}]}},"_links":{"self":[{"href":"https:\/\/www.noticiasradioreflejos.com.ar\/2021\/wp-json\/wp\/v2\/posts\/124798","targetHints":{"allow":["GET"]}}],"collection":[{"href":"https:\/\/www.noticiasradioreflejos.com.ar\/2021\/wp-json\/wp\/v2\/posts"}],"about":[{"href":"https:\/\/www.noticiasradioreflejos.com.ar\/2021\/wp-json\/wp\/v2\/types\/post"}],"author":[{"embeddable":true,"href":"https:\/\/www.noticiasradioreflejos.com.ar\/2021\/wp-json\/wp\/v2\/users\/3"}],"replies":[{"embeddable":true,"href":"https:\/\/www.noticiasradioreflejos.com.ar\/2021\/wp-json\/wp\/v2\/comments?post=124798"}],"version-history":[{"count":1,"href":"https:\/\/www.noticiasradioreflejos.com.ar\/2021\/wp-json\/wp\/v2\/posts\/124798\/revisions"}],"predecessor-version":[{"id":124800,"href":"https:\/\/www.noticiasradioreflejos.com.ar\/2021\/wp-json\/wp\/v2\/posts\/124798\/revisions\/124800"}],"wp:attachment":[{"href":"https:\/\/www.noticiasradioreflejos.com.ar\/2021\/wp-json\/wp\/v2\/media?parent=124798"}],"wp:term":[{"taxonomy":"category","embeddable":true,"href":"https:\/\/www.noticiasradioreflejos.com.ar\/2021\/wp-json\/wp\/v2\/categories?post=124798"},{"taxonomy":"post_tag","embeddable":true,"href":"https:\/\/www.noticiasradioreflejos.com.ar\/2021\/wp-json\/wp\/v2\/tags?post=124798"}],"curies":[{"name":"wp","href":"https:\/\/api.w.org\/{rel}","templated":true}]}}