{"id":124789,"date":"2025-09-10T07:44:31","date_gmt":"2025-09-10T10:44:31","guid":{"rendered":"https:\/\/www.noticiasradioreflejos.com.ar\/2021\/?p=124789"},"modified":"2025-09-10T10:16:44","modified_gmt":"2025-09-10T13:16:44","slug":"rebelion-en-la-granja-los-libres-del-sur","status":"publish","type":"post","link":"https:\/\/www.noticiasradioreflejos.com.ar\/2021\/rebelion-en-la-granja-los-libres-del-sur\/","title":{"rendered":"Rebeli\u00f3n en la Granja: Los Libres del Sur"},"content":{"rendered":"<p><strong>\u00bfQui\u00e9n era Rosas? Un propietario de tierras.<\/strong><!--more--><\/p>\n<p><strong>\u00bfQu\u00e9 acumul\u00f3? Tierras.<\/strong><\/p>\n<p><strong>\u00bfQu\u00e9 dio a sus sostenedores? Tierras.<\/strong><\/p>\n<p><strong>\u00bfQu\u00e9 quit\u00f3 o confisc\u00f3 de sus adversarios? Tierras.<\/strong><\/p>\n<p><strong>\u00a0<\/strong><\/p>\n<p><strong><u>Marco Hist\u00f3rico<\/u><\/strong><\/p>\n<p>Rosas asumi\u00f3 el cargo en diciembre de 1829 con sus activos y pasivos equilibrados. Reclam\u00f3 el poder absoluto y se le dio un gran apoyo pol\u00edtico. El absolutismo no entraba en conflicto con sus propios principios. En una entrevista con el enviado uruguayo Santiago V\u00e1zquez, un d\u00eda despu\u00e9s de ocupar el cargo, neg\u00f3 que fuera federal<strong>: \u201cYa digo usted que yo no soy federal , \u00a0nunca he pertenecido a semejante partido, si hubiera pertenecido,\u00a0 le hubiera dado direcci\u00f3n, porque, como usted sabe, nunca la ha tenido\u2026En fin, todo lo que yo quiero es evitar males y restablecer las instituciones, pero siento que me hayan tra\u00eddo a este puesto, porque no soy para gobernar\u201d. <\/strong>Sin embargo, una vez ocupado el cargo, Rosas no quiso fracasar por falta de poder. Las circunstancias requer\u00edan un gobierno fuerte.<\/p>\n<p>Tanto por obra del hombre como de la naturaleza, la econom\u00eda descendi\u00f3 a nivel bajo. La guerra con el Brasil, seguida muy pronto por la guerra civil entre unitarios y federales da\u00f1\u00f3 la producci\u00f3n y las exportaciones y limit\u00f3 el tesoro. Rosas hered\u00f3 demasiados gastos y muy pocos ingresos. Adem\u00e1s durante la totalidad de su primer gobierno, la provincia soport\u00f3 una tremenda sequ\u00eda, desde diciembre de 1828 hasta abril de 1832 no llovi\u00f3, los lagos, los r\u00edos y los pozos se secaron, la vegetaci\u00f3n desapareci\u00f3, sufrieron los cultivos y el ganado, los caballos mor\u00edan de hambre y de sed. Al declinar la producci\u00f3n ganadera todo el pa\u00eds languidec\u00eda. Los problemas pol\u00edticos tambi\u00e9n estaban ejerciendo presi\u00f3n. Buenos Aires contaba con Santa Fe como aliada, las fuerzas\u00a0 unitarias\u00a0 de la Liga del Norte estaba todav\u00eda en campa\u00f1a al mando del General Paz, y s\u00f3lo cuando se produjo fortuitamente su captura, en marzo de 1831, finaliz\u00f3 la guerra civil. Las relaciones pol\u00edticas\u00a0 y\u00a0 econ\u00f3micas\u00a0 entre Buenos Aires y las provincias a\u00fan estaban por resolverse, luego de una ardua y prolongada disputa Rosas dio su conformidad para reconocer la autonom\u00eda de las provincias en un pacto federal informal. Pero en la misma Buenos Aires, el federalismo estaba dividido entre los moderados quienes estaban a favor del constitucionalismo y los conservadores que respaldaban la dictadura de Rosas. El triunfo de estos \u00faltimos llev\u00f3 a la renuncia de Viamonte el 27 de junio de 1834. Al principio Rosas rehus\u00f3\u00a0 el ofrecimiento de la gobernaci\u00f3n, como lo hicieron varios candidatos\u00a0 que no estaban dispuestos a aceptar. Pero eventualmente acept\u00f3, con la condici\u00f3n de que la legislatura\u00a0 le asegurara la suma del poder p\u00fablico. As\u00ed ocurri\u00f3 el 7 de marzo de 1835, y Rosas comenz\u00f3 un largo per\u00edodo de gobierno virtualmente bajo sus propias condiciones.<\/p>\n<p>Rosas volvi\u00f3 al poder\u00a0 con la reputaci\u00f3n de su primer gobierno. Mediante su pol\u00edtica respecto a las tierras y a la frontera, era partidario de una pol\u00edtica de expansi\u00f3n y colonizaci\u00f3n, y su capacidad para imponer el orden, \u00a0hab\u00eda vuelto a dar seguridad\u00a0 a los estancieros. Su pol\u00edtica fiscal ortodoxa tambi\u00e9n resultaba atractiva para ellos. <strong>Despu\u00e9s de reelegido, una de sus primeras medidas fue liquidar el Banco Nacional el 30 de mayo de 1836. Terminaba as\u00ed con cualquier posibilidad de restaurar el valor oro del peso y de deflaci\u00f3n; en lugar de ello, su pol\u00edtica financiera se bas\u00f3 firmemente en recortar los gastos, especialmente los gastos sociales, y el cobro de impuestos. Los observadores brit\u00e1nicos quedaron impresionados.<\/strong><\/p>\n<p>La \u00e9lite de terratenientes respondi\u00f3 a Rosas positivamente. Esta fue su base pol\u00edtica ya en el primer gobierno, lo cual qued\u00f3 reflejada nuevamente en la composici\u00f3n de la legislatura en 1835 que\u00a0 lo eligi\u00f3 para un nuevo gobierno.<\/p>\n<p>Si bien hab\u00eda un alto acatamiento, hab\u00eda estancieros que se opon\u00edan sobre todo en aspectos pol\u00edticos, unitarios a quienes disgustaba su federalismo, federales que aborrec\u00edan la dictadura.<\/p>\n<p>&nbsp;<\/p>\n<p>&nbsp;<\/p>\n<p><strong><u>La coyuntura de crisis\u00a0 de los a\u00f1os 1838 a 1841<\/u><\/strong><\/p>\n<p>Los a\u00f1os 1838-1841, fueron interpretados tradicionalmente desde el foco de las luchas facciosas entre unitarios \u00a0y \u00a0federales \u00a0, aunque\u00a0 hay que tener en cuenta otros aspectos relevantes de esta coyuntura. En primer lugar \u00a0\u00a0los problemas econ\u00f3micos desencadenados por el bloqueo franc\u00e9s; en segundo lugar,\u00a0 la importancia\u00a0 de las luchas internas, con los intentos de Lavalle de desestabilizar a Rosas y tercero, el Levantamiento como expresi\u00f3n de la crisis econ\u00f3mica que evidenciaba las dificultades de instalar un orden leg\u00edtimo y estable en la campa\u00f1a bonaerense. A su vez, se contemplan sus consecuencias, como fueron los embargos, \u00a0las donaciones y premios de tierras \u00a0y \u00a0la implementaci\u00f3n de mecanismos nuevos de control orientados a reformular la organizaci\u00f3n administrativa de la campa\u00f1a de Buenos Aires.<\/p>\n<p><strong>El Levantamiento de los Libres del Sur fue una rebeli\u00f3n contra el rosismo liderada principalmente por estancieros y notables que ten\u00edan prestigio social e importancia econ\u00f3mica, en su mayor\u00eda considerados federales leales al r\u00e9gimen. Fue le\u00eddo por los contempor\u00e1neos como una traici\u00f3n a Rosas llevada adelante por falsos federales, que aprovecharon la cr\u00edtica coyuntura econ\u00f3mica para mostrar su verdadera faceta unitaria.<\/strong><\/p>\n<p>Ahora bien, debemos tener en cuenta como una situaci\u00f3n a considerar que \u00a0la campa\u00f1a bonaerense era un \u00e1mbito diverso y con din\u00e1micas propias. El espacio geogr\u00e1fico, productivo y social de los partidos de Dolores y Monsalvo, focos de la rebeli\u00f3n, estaba ocupado por una diversidad de actores. Estancieros, arrendatarios, pobladores, comerciantes, articuladores del poder provincial como los Jueces de Paz, Alcaldes, Tenientes, Comandantes y religiosos experimentaron una transformaci\u00f3n sustancial de sus pr\u00e1cticas y din\u00e1micas de relaci\u00f3n a partir de la coyuntura de crisis, la cual se condens\u00f3 en su participaci\u00f3n o resistencia al Levantamiento. Esta situaci\u00f3n habilit\u00f3 la reconfiguraci\u00f3n de redes de relaciones que posibilit\u00f3 la concreci\u00f3n de la sublevaci\u00f3n. La crisis, con su punto \u00e1lgido en la sublevaci\u00f3n, reestructur\u00f3 las configuraciones de relaciones entre los actores locales y entre ellos y las esferas de poder provincial. Una vez resuelta la crisis en favor del rosismo, se generaron nuevos mecanismos de control y mediaci\u00f3n que alteraron las pr\u00e1cticas de la campa\u00f1a. En este sentido, la introducci\u00f3n de dispositivos de control jur\u00eddico y territorial sirvi\u00f3 para cambiar los equilibrios de poder locales y regionales. Asimismo, estas innovaciones gubernamentales muestran y sirven para revisar los procesos de mayor alcance regional vinculados a los intentos de construcci\u00f3n de un Estado en clave moderna y republicana.<\/p>\n<p>El a\u00f1o 1838 fue la fecha bisagra que inici\u00f3 una crisis muy profunda, de la cual Rosas sali\u00f3 victorioso, pero tambi\u00e9n signific\u00f3 la introducci\u00f3n de muchos cambios en los mecanismos de sostenimiento de su poder. En este a\u00f1o comenz\u00f3 el bloqueo del puerto de Buenos Aires por parte de tropas francesas. A partir de este a\u00f1o, y con el preludio de la guerra en el norte, se comenzaron a configurar problemas tanto de \u00edndole econ\u00f3mica como pol\u00edtica que son caracterizados como una coyuntura de crisis que dur\u00f3 hasta el a\u00f1o 1841. Este escenario de desaf\u00edos habilit\u00f3 los cuestionamientos al poder de Rosas desde diferentes sectores y motoriz\u00f3 los intentos para desplazarlo, habida cuenta que tuvieron un impacto importante\u00a0 en \u00a0la Campa\u00f1a de Buenos Aires y que explican el clima en que se desencaden\u00f3 el Levantamiento de los Libre del Sud.<\/p>\n<p><strong>En los a\u00f1os de crisis, hubo dos conjuntos de medidas fiscales que apuntaban a equilibrar la balanza del gasto p\u00fablico que tuvieron un impacto en el \u00e1mbito rural bonaerense. Por un lado, se modific\u00f3 el sistema de enfiteusis mediante la puesta a la venta de m\u00e1s de 4 millones de hect\u00e1reas que estaban bajo ese r\u00e9gimen. A su vez, en 1836 se duplic\u00f3 el canon fijado y se decret\u00f3 que se vender\u00edan las tierras de los titulares que registraran deudas en el pago. Entre 1836 y 1843 fueron escrituradas 3.411.042 hect\u00e1reas de tierras p\u00fablicas, lo que representaba el 50% de las tierras en enfiteusis. El mayor n\u00famero de operaciones se produjo a partir de 1838. Desde ese a\u00f1o y hasta 1843 se vendieron algo m\u00e1s de 2.363.500 hect\u00e1reas, benefici\u00e1ndose en su mayor\u00eda los propios enfiteutas (93%) aunque tambi\u00e9n compraron tierras los arrendatarios. Por otro lado, a comienzos de 1839 tambi\u00e9n se vari\u00f3 la Contribuci\u00f3n Directa al sumar las tierras en enfiteusis al c\u00e1lculo del impuesto y se puso en manos de las autoridades locales la tarea de calcular los bienes a gravar. Esto hizo que aumentaran significativamente la cantidad de capitalistas censados y la recaudaci\u00f3n. En parte porque los responsables de contabilizar percib\u00edan el 1% de lo recaudado.<\/strong><\/p>\n<p>Los problemas de \u00edndole econ\u00f3mica, que parecen haber tenido una influencia importante en el sudeste de la campa\u00f1a, se articulan tambi\u00e9n con los conflictos pol\u00edticos. Como veremos m\u00e1s adelante, muchos de los l\u00edderes del Levantamiento se encontraban entre los propietarios y enfiteutas m\u00e1s ricos de la regi\u00f3n. Resulta iluminador ahondar en el escenario de oposiciones al rosismo que se configur\u00f3 durante la crisis y c\u00f3mo se articul\u00f3 con estos personajes que habitaban el sudeste. Sin dudas, uno de los actores destacados del bando antirrosista fue Juan Lavalle. Hab\u00eda sido gobernador de Buenos Aires por un breve per\u00edodo y era reconocido por muchos como el l\u00edder que pod\u00eda oponerse a Rosas. Hacia el a\u00f1o 1838, se encontraba en la Rep\u00fablica Oriental en el frente de Fructuoso Rivera. A partir de este a\u00f1o, el grupo de emigrados en Montevideo, <em>\u00a0<\/em>comenz\u00f3 a realizar acciones que iban m\u00e1s all\u00e1 del plano discursivo. En conjunto con federales antirrosistas y unitarios que estaban en la ciudad de Buenos Aires comenzaron a orquestar un complot para derrocar a Rosas . El plan inclu\u00eda acciones citadinas y en la campa\u00f1a que propiciaran el acceso de Lavalle a la Provincia. El intento flaque\u00f3 cuando fue descubierta la Conspiraci\u00f3n de Maza en junio de 1839. Sin embargo, Lavalle ya hab\u00eda estado en contacto con Pedro Castelli y con Marcelino Mart\u00ednez Castro para coordinar la sublevaci\u00f3n en el sur de la campa\u00f1a, quienes, a pesar de lo sucedido con los Maza, decidieron avanzar en sus planes para facilitar el acceso a Lavalle.<\/p>\n<p>Esto trajo aparejado un cambio en el clima pol\u00edtico en la campa\u00f1a, replante\u00f3 el perfil de los actores que permiti\u00f3 demostrar con claridad c\u00f3mo la coyuntura de crisis en el rosismo\u00a0 deriv\u00f3 a distanciarlo de la \u201cgente decente\u201d y a convertirla en un foco de cr\u00edticas y desconfianza. Aun as\u00ed, siendo Rosas mismo uno de los propietarios m\u00e1s acaudalados de la Provincia, continuaba teniendo buenas relaciones con otros grandes terratenientes, como la familia Anchorena. Por este motivo, es importante matizar la capacidad de coerci\u00f3n que los l\u00edderes del Levantamiento puedan haber tenido para lograr movilizar miles de pobladores<strong>. La estrategia de Rosas fue justamente adjudicar la culpa a unos pocos para minimizar el alcance de la sublevaci\u00f3n y perdonar a todos los que pudieran haber sido manipulados o enga\u00f1ados.<\/strong><\/p>\n<p><strong><u>Los referentes de la sublevaci\u00f3n<\/u><\/strong><\/p>\n<p><strong>Pedro Castelli, Marcelino Mart\u00ednez Castro, Mat\u00edas, Ezequiel y Francisco Ramos Mej\u00eda (hijo), Benito Miguens, Francisco Bernab\u00e9 Madero, Jos\u00e9 Ferrari, Apolinario Barrag\u00e1n y Leonardo Domingo de la G\u00e1ndara fueron los iniciadores del Levantamiento. La heterogeneidad de estos sujetos, tanto en sus trayectorias pol\u00edticas como en sus pr\u00e1cticas socio-econ\u00f3micas, es un reflejo de la diversidad que imperaba en la campa\u00f1a hacia fines de los a\u00f1os treinta del siglo XIX. Y es tambi\u00e9n una muestra de las divergencias al interior del federalismo y de las formas locales del poder rosista.<\/strong><\/p>\n<p><strong>Pedro Castelli y Marcelino Mart\u00ednez Castro<\/strong> son las figuras principales en la articulaci\u00f3n entre los conspiradores en la ciudad de Buenos Aires y en Montevideo con los Libres del Sur en la campa\u00f1a. Pedro era hijo de Juan Jos\u00e9 Castelli, figura clave de la Revoluci\u00f3n de Mayo, y de Mar\u00eda Rosa Lynch. Naci\u00f3 en 1796 en Buenos Aires y tuvo una trayectoria destacada en las Guerras de Independencia. Particip\u00f3 en la Batalla de San Lorenzo (1813), en el Sitio de Montevideo (1814) y en las fuerzas de represi\u00f3n contra las montoneras litorales (1818-1820). En noviembre de 1818 fue designado capit\u00e1n del Regimiento de H\u00fasares de la Uni\u00f3n. En 1823, con el rango de Sargento Mayor de Caballer\u00eda, se retir\u00f3 de la actividad militar para dedicarse a tareas rurales. Fue administrador de la Estancia La Esperanza de la compa\u00f1\u00eda Zimmerman hasta que, con la ayuda de su amigo Manuel Campos, pudo comprar su propia finca en el Cerro Paulino en las Sierras del Volc\u00e1n. Castelli fue convocado a la sublevaci\u00f3n por Mart\u00ednez Castro, quien estaba desde 1828 a cargo de una estancia de su hermano mayor Ladislao en la Sierra de los Padres. Durante la gobernaci\u00f3n de Lavalle se ofreci\u00f3 para colaborar, lo que le cost\u00f3 su detenci\u00f3n cuando lleg\u00f3 Rosas al poder. Por este pasado vinculado al unitarismo, fue convocado por los organizadores de la Conspiraci\u00f3n de Maza.<\/p>\n<p><a href=\"https:\/\/www.noticiasradioreflejos.com.ar\/2021\/rebelion-en-la-granja-los-libres-del-sur\/batalle-de-chacomus-2\/\" rel=\"attachment wp-att-124794\"><img loading=\"lazy\" decoding=\"async\" class=\"aligncenter size-full wp-image-124794\" src=\"https:\/\/www.noticiasradioreflejos.com.ar\/2021\/wp-content\/uploads\/2025\/09\/batalle-de-chacomus-1.jpg\" alt=\"\" width=\"948\" height=\"511\" srcset=\"https:\/\/www.noticiasradioreflejos.com.ar\/2021\/wp-content\/uploads\/2025\/09\/batalle-de-chacomus-1.jpg 948w, https:\/\/www.noticiasradioreflejos.com.ar\/2021\/wp-content\/uploads\/2025\/09\/batalle-de-chacomus-1-300x162.jpg 300w, https:\/\/www.noticiasradioreflejos.com.ar\/2021\/wp-content\/uploads\/2025\/09\/batalle-de-chacomus-1-768x414.jpg 768w, https:\/\/www.noticiasradioreflejos.com.ar\/2021\/wp-content\/uploads\/2025\/09\/batalle-de-chacomus-1-750x404.jpg 750w\" sizes=\"auto, (max-width: 948px) 100vw, 948px\" \/><\/a><\/p>\n<p><em>Batalla de Chascom\u00fas<\/em><\/p>\n<p>&nbsp;<\/p>\n<p><strong><u>Otros actores \u00a0(El entrelazamiento familiar y sus redes)<\/u><\/strong><\/p>\n<p>Desde fines de los tiempos virreinales, se fueron conformando redes de comerciantes estrechamente vinculados al poder pol\u00edtico. Con la Revoluci\u00f3n y la Independencia, el vuelco a la tierra de las \u00e9lites urbanas dio continuidad a dichas redes, reformul\u00e1ndolas y reconfigur\u00e1ndolas en funci\u00f3n del nuevo contexto. La cercan\u00eda con el poder y la formaci\u00f3n de redes de relaciones personales, familiares y comerciales fueron clave en el proceso de poblamiento al sur del Salado y clave a la hora de adherir a la sublevaci\u00f3n. Los casos de los hermanos Ramos Mej\u00eda, \u00c1lzaga y Campos, D\u00edaz V\u00e9lez, Ezeiza y el propio Castelli ilustran esta reconversi\u00f3n de las \u00e9lites virreinales a trav\u00e9s del proceso revolucionario. A la par de la cuesti\u00f3n familiar y relacional, se \u00a0hace destacable la edad de los participantes. Muchos de ellos eran hombres de m\u00e1s de 40 a\u00f1os, con lo cual hab\u00edan vivido durante su juventud el proceso independentista y tuvieron participaci\u00f3n militar y pol\u00edtica en la d\u00e9cada del diez. Esto puede entenderse como parte de un proceso formativo de la identidad y el compromiso asumido en defensa de la causa revolucionaria. Adem\u00e1s, en el caso de los m\u00e1s j\u00f3venes, generacionalmente pertenecen a familias que tambi\u00e9n ten\u00edan un anclaje pol\u00edtico con la Revoluci\u00f3n.<\/p>\n<p>Las familias Ramos Mej\u00eda y Miguens, junto con Campos, S\u00e1enz Valiente, \u00c1lzaga, Ezeiza y D\u00edaz V\u00e9lez evocan el pasado de las \u00e9lites rioplatenses m\u00e1s destacadas. De todas ellas hubo alg\u00fan miembro, o varios, que tomaron parte en el Levantamiento. Este hecho era percibido por los actores implicados, ya que Castelli en su proclama se\u00f1ala:<\/p>\n<p><strong><em>\u201c\u2026valientes paisanos \u00a1libertad o morir con honor! Que el tirano a quien vosotros elevasteis a la cumbre del poder \u00a1muera! y que su sangre lave las ofensas que se os ha hecho. \u00bfNo os conmueve, ver entrelazados en nuestras filas a los hombres de m\u00e1s fortuna y saber? \u00bfNo dejan como vosotros sus familias y sus comodidades y marchan a la guerra a participar de sus males? Imitad este ejemplo y ocupar\u00e9is en la historia un lugar eminente, y en el afecto de nuestros compatriotas su reconocimiento sin l\u00edmites\u2026.<\/em><\/strong><\/p>\n<p>&nbsp;<\/p>\n<p>La familia Miguens arrib\u00f3 a la campa\u00f1a de Buenos Aires a trav\u00e9s de la adquisici\u00f3n de tierras realizada por Marcos Miguens, un espa\u00f1ol de Galicia que lleg\u00f3 a mediados del siglo XVIII al R\u00edo de la Plata y se dedic\u00f3 a actividades comerciales. Tambi\u00e9n ocup\u00f3 el cargo de Alcalde de Hermandad en Magdalena, donde era propietario. Sus hijos Juan Gualberto y Francisco profundizaron en las actividades comerciales de su padre y continuaron adquiriendo tierras en la Provincia de Buenos Aires, conforme se consolid\u00f3 la expansi\u00f3n de la frontera. Juan, a su vez, particip\u00f3 activamente en la defensa de las Invasiones Inglesas y en las Guerras de Independencia. En los a\u00f1os veinte form\u00f3 parte de la Sala de Representantes. Sus hijos Jos\u00e9 Eulalio, Juan Luciano y Estanislao participaron del Levantamiento, lo que les cost\u00f3 el embargo de sus propiedades. Entre los hijos de Francisco se destacan Benito (nombrado m\u00e1s arriba como uno de los miembros principales de la sublevaci\u00f3n), Felipe Santiago y Martiniano. Los tres eran propietarios y enfiteutas del sudeste de la Provincia e integraron las listas de capitalistas del impuesto a la Contribuci\u00f3n Directa en 1839, como as\u00ed tambi\u00e9n sus primos Jos\u00e9 y Estanislao. Benito hab\u00eda sido militar y Juez de Paz de Dolores, mientras que Felipe hab\u00eda integrado la Sala de Representantes . En el legajo del Juzgado de Paz de Monsalvo, encontramos una breve referencia a Benito Miguens. Dentro de parte cuatrimestral, con fecha 31 de agosto de 1839, el Juez de Paz Jos\u00e9 Manuel Otamendi enlista a los tenientes y alcaldes de los cuarteles en los que se subdivide el partido. Cuando rese\u00f1a al Teniente Alcalde Don Jos\u00e9 Fuentes, del cuartel n\u00b02, se\u00f1ala que: \u201cha prestado servicios personales bajo las \u00f3rdenes del comandante Don Benito Miguens en la 1ra Restauraci\u00f3n y en la 2da con sus intereses, es buen servidor en cumplimiento de su deber\u201d<\/p>\n<p>Manuel Isidro Campos (1796-1854), y Mart\u00edn Teodoro Campos (1798-1878) eran descendientes de una familia que ten\u00eda anclaje desde tiempos virreinales. Su padre Gaspar Jos\u00e9 Campos particip\u00f3 en la defensa de las Invasiones Inglesas y tuvo un rol importante en el poblamiento al sur del R\u00edo Salado, Manuel y Mart\u00edn desempe\u00f1aron tareas militares durante las Guerras de Independencia. Luego se dedicaron a la actividad rural, siendo enfiteutas y propietarios en la Provincia de Buenos Aires. Seg\u00fan J. Gelman , durante el rosismo eran sospechados de unitarios. Adem\u00e1s, eran t\u00edos, por parte de su hermana Hilaria, de Pedro Lacasa (1810-1869) fue escritor y bi\u00f3grafo de Lavalle y cumpli\u00f3 un rol importante en la gesta del Levantamiento. Invit\u00f3 a participar a sus hermanos Pastor y Mariano, tenientes que cumpl\u00edan funciones en el campamento de Tapalqu\u00e9.<\/p>\n<p>Bernab\u00e9 (1800-s\/f), Anselmo (1804-1867) y Francisco (1793-1868) Sa\u00e9nz Valiente eran hermanos. Su madre era Juana Mar\u00eda Pueyrred\u00f3n, hermana de Juan Mart\u00edn, Director Supremo de las Provincias Unidas entre 1816 y 1819. Su padre era Anselmo Sa\u00e9nz Valiente, un espa\u00f1ol arribado a Buenos Aires hacia mediados del siglo XVIII que se dedic\u00f3 al comercio y tuvo funciones en la burocracia virreinal. Ten\u00eda un v\u00ednculo muy estrecho con Mart\u00edn de \u00c1lzaga, otro espa\u00f1ol miembro destacado del Consulado de Comercio de Buenos Aires. Los hermanos S\u00e1enz Valiente que participaron del Levantamiento eran hacendados en la zona sur.<\/p>\n<p>Mart\u00edn Gregorio (1814-1870) y F\u00e9lix Gabino (1815-1877) eran hijos de F\u00e9lix de \u00c1lzaga y nietos de Mart\u00edn de \u00c1lzaga, quien tuvo un rol destacado en la defensa de las Invasiones Inglesas y que finalmente fue fusilado acusado de conspirar contra la Revoluci\u00f3n. F\u00e9lix padre hizo carrera militar durante las Guerras de Independencia y luego detent\u00f3 posiciones p\u00fablicas en la Provincia. Fue muy cercano a Rosas durante su primera gobernaci\u00f3n y luego tom\u00f3 posiciones afines a las de los federales antirrosistas. A pesar de que a\u00fan estaba vivo, no form\u00f3 parte en el Levantamiento de los Libres, aunque s\u00ed lo hicieron sus dos hijos, quienes pose\u00edan gran cantidad de tierras en el sudeste de la Provincia .<\/p>\n<p>Juan Ram\u00f3n (1787-1864) y Valent\u00edn Ezeiza (1805-1871) eran hacendados del sudeste de la Provincia. Nacieron en Gualeguay y heredaron tierras en la zona de la Mar Chiquita. Su padre, Pedro Pablo Ezeiza era propietario en Entre R\u00edos y hab\u00eda obtenido los campos en Buenos Aires mediante donaci\u00f3n del Cabildo de Buenos Aires por sus servicios prestados. Juan Ram\u00f3n y Valent\u00edn se encontraban entre los mayores propietarios de tierras para 1839 . Carranza sostiene que fueron iniciados por Castelli para sumarse al Levantamiento y en su estancia \u201cEl Durazno\u201d tuvieron lugar algunas de las reuniones organizativas . Tambi\u00e9n se vio implicado en el Levantamiento el mayordomo de la estancia de Valent\u00edn, Sebasti\u00e1n Fondevila , que hab\u00eda desempe\u00f1ado durante siete a\u00f1os la funci\u00f3n de Teniente Alcalde del cuartel n\u00b0 5 del partido de Monsalvo.<\/p>\n<p>Eustaquio Antonio D\u00edaz V\u00e9lez naci\u00f3 en Buenos Aires en 1782. Hijo de Francisco Jos\u00e9 D\u00edaz V\u00e9lez, un comerciante espa\u00f1ol muy acaudalado y miembro del Cabildo, y de Mar\u00eda Petrona Ar\u00e1oz S\u00e1nchez de Lamadrid, oriunda del Tucum\u00e1n e hija de una importante familia colonial. Se dedic\u00f3 al comercio familiar y luego realiz\u00f3 una carrera militar muy destacada durante la Revoluci\u00f3n y las Guerras de Independencia. Pose\u00eda tierras en la zona del R\u00edo Salado y durante las d\u00e9cadas del veinte y del treinta adquiri\u00f3 a\u00fan m\u00e1s en forma de enfiteusis. Tambi\u00e9n se desempe\u00f1\u00f3 como Juez de Paz. Se convirti\u00f3 en el mayor propietario individual de campos en la provincia de Buenos Aires. Con las ventas de la d\u00e9cada de 1830 adquiri\u00f3 50.220 hect\u00e1reas y fue el 6\u00b0 contribuyente de la campa\u00f1a en 1839 . No particip\u00f3 de la batalla de Chascom\u00fas, pero s\u00ed lider\u00f3 las fuerzas rebeldes en la zona de Tandil durante el Levantamiento.<\/p>\n<p><strong><u>El ala militar<\/u><\/strong><\/p>\n<p><strong>La sublevaci\u00f3n de Los Libres fue, adem\u00e1s de un acto ideol\u00f3gico y pol\u00edtico, una acci\u00f3n militar. Por ello, una de las preocupaciones principales de los gestores era conseguir la adhesi\u00f3n de militares activos.<\/strong> Ya vimos que Pedro Lacasa sum\u00f3 a sus hermanos que estaban destinados en el Regimiento de Tapalqu\u00e9. Tambi\u00e9n sabemos que muchos de los que participaron ten\u00edan trayectoria militar que se remontaba a los tiempos de las Guerras de Independencia. Veamos ahora qui\u00e9nes fueron los hombres de armas que adhirieron al movimiento sedicioso con el fin de conducir las acciones de enfrentamiento militar.<\/p>\n<p>En primer lugar, se encuentra Manuel Leoncio Rico (1798-1841). Pertenec\u00eda a una familia de recursos modestos, por lo que se dedic\u00f3 al trabajo rural en la zona norte de Buenos Aires. Se interes\u00f3 por la carrera castrense y form\u00f3 parte de la expedici\u00f3n al sur de los a\u00f1os 1833 y 1834. A partir de all\u00ed combin\u00f3 las dos actividades, rural y militar. Era el segundo a cargo del Regimiento de Campa\u00f1a n\u00b0 5, con sede en Dolores, en donde era vecino y ejerc\u00eda tareas campestres. Carranza evoca una situaci\u00f3n de descontento entre Rico y Rosas, y luego entre Rico y Narciso del Valle, que fue aprovechada por los Libres para ganar su adhesi\u00f3n . Rico se convirti\u00f3 en el l\u00edder militar de la sublevaci\u00f3n y se encarg\u00f3 de sumar a sus subordinados. De su pu\u00f1o son la mayor\u00eda de las cartas producidas por los sublevados al momento del Levantamiento. Zacar\u00edas M\u00e1rquez era Capit\u00e1n y se desempe\u00f1aba como teniente de milicias de Dolores. Era natural de Santa Fe, pero llevaba a\u00f1os avecindado en Dolores. Se pleg\u00f3 a la sublevaci\u00f3n junto con Rico, que era su superior y el Capit\u00e1n Crisp\u00edn Peralta. M\u00e1rquez es el principal interlocutor de las misivas de Rico durante el Levantamiento .<\/p>\n<p>Otros militares que tuvieron una participaci\u00f3n destacada liderando las fuerzas rebeldes fueron Francisco Olmos (1800-1867) y Jos\u00e9 Mendiola. Mendiola estaba designado en Chascom\u00fas como Comandante de milicias y fue quien encabez\u00f3 el pronunciamiento de dicho pueblo junto con Villarino y Posse. Fue el Comandante de la vanguardia durante la batalla de Chascom\u00fas. Olmos, al igual que Rico, proven\u00eda de una familia modesta y se dedic\u00f3 a la actividad rural como pe\u00f3n. Desde muy joven integr\u00f3 el cuerpo de blandengues y form\u00f3 parte de las avanzadas del gobierno de Mart\u00edn Rodr\u00edguez en la frontera sur bajo las \u00f3rdenes del Capit\u00e1n Benito Miguens. En 1835 fue investido Comandante de milicias de Chascom\u00fas y para 1839 ya era sargento mayor de l\u00ednea graduado de teniente coronel y comandante del 5\u00b0 escuadr\u00f3n del regimiento N\u00b0 6 de milicias de caballer\u00eda de campa\u00f1a encargado del cant\u00f3n de la boca del Salado. Pose\u00eda un peque\u00f1o establecimiento en el paraje denominado la Limpia.<\/p>\n<p><strong><u>La articulaci\u00f3n del levantamiento : Jueces, alcaldes y funcionarios<\/u><\/strong><\/p>\n<p>La capacidad de movilizaci\u00f3n de los sublevados radic\u00f3 en la notoriedad que muchos de ellos ten\u00edan en las zonas en que se avecindaban. Notoriedad que en muchos casos estaba dada por su participaci\u00f3n en los Juzgados de Paz, es decir, en la propia red institucional de gobierno. Entre estos personajes podemos mencionar a Jos\u00e9 Otamendi, que era Juez de Paz de Monsalvo al momento del Levantamiento y hab\u00eda sido Teniente Alcalde del Cuartel n\u00b0 5 del mismo partido, en donde ten\u00eda una estancia. Tambi\u00e9n particip\u00f3 de la sublevaci\u00f3n su hermano Fernando, que era hacendado en la zona.<\/p>\n<p>Leonardo Domingo de la G\u00e1ndara naci\u00f3 en Buenos Aires en 1785. Se uni\u00f3 a las fuerzas revolucionarias y fue teniente de milicias. Ocup\u00f3 varios cargos en la funci\u00f3n p\u00fablica: fue Juez de Paz de Mor\u00f3n en 1822 y de Chascom\u00fas en 1828. Tambi\u00e9n detent\u00f3 el puesto de diputado en la Legislatura porte\u00f1a y de vicepresidente de la Administraci\u00f3n del Cr\u00e9dito P\u00fablico. En 1829 fue presidente de la Comisi\u00f3n de Abastos y provisiones y en 1831 capit\u00e1n de milicias, inspector del puerto y form\u00f3 parte de la Comisi\u00f3n de Hacendados. Ten\u00eda una estancia en la Laguna Vitel, en la costa de Samboromb\u00f3m, que era lindante con los campos de Jos\u00e9 Ferrari . Ferrari fue un hacendado nacido en Buenos Aires que dedic\u00f3 a las tareas rurales, alcanzando en pocos a\u00f1os de labor una posici\u00f3n acomodada, que le permiti\u00f3 adquirir tierras sobre las costas del rio Samboromb\u00f3n, all\u00ed fund\u00f3 un importante establecimiento ganadero. Seg\u00fan Gelman, estaba sospechado de filiaci\u00f3n unitaria .<\/p>\n<p>Adem\u00e1s, hubo otros miembros del Juzgado de Paz de Monsalvo que tuvieron participaci\u00f3n en la rebeli\u00f3n. Entre ellos se encuentra Leonardo Piedrabuena, que fue Juez de Paz en 1837 y era propietario de la estancia Espuela Verde, en la que tuvieron lugar reuniones conspirativas. A su vez, Nemesio Barbosa que era Teniente Alcalde del Cuartel n\u00b0 5, Santiago Bello e Isidoro Fulcos quienes ejerc\u00edan como Tenientes Alcaldes del Cuartel n\u00b0 1. Fulcos era propietario en el Rinc\u00f3n de Aj\u00f3 y fue embargado luego del Levantamiento. En el Juzgado de Paz de Dolores se destacan Saturnino Correa, que fue Juez de Paz sustituto a comienzos de 1839 y Tiburcio Lens, que hab\u00eda sido Alcalde y fue nombrado por los sublevados como Juez de Paz una vez comenzada la rebeli\u00f3n .<\/p>\n<p>Por otra parte, en el partido de Chascom\u00fas encontramos tambi\u00e9n personas que desempe\u00f1aron un rol importante en la articulaci\u00f3n del Levantamiento. En primer lugar, Francisco Villarino (1787-1875), propietario en varias zonas de la Provincia de Buenos Aires. Villarino tuvo una participaci\u00f3n activa en los eventos del a\u00f1o \u201828 a favor de los federales dorreguistas. En 1832 fue nombrado Juez de Paz de Chascom\u00fas y particip\u00f3 de la Expedici\u00f3n al Desierto comandada por Rosas entre 1833 y 1834. Su filiaci\u00f3n hacia el federalismo m\u00e1s moderado no le impidi\u00f3 acceder al puesto de Comandante de Infanter\u00eda del Regimiento n\u00b0 5. Cuando sucedi\u00f3 el pronunciamiento de Dolores se encontraba en Chascom\u00fas y fue avisado por Cr\u00e1mer del Levantamiento. Villarino se encarg\u00f3 de hacer llegar la informaci\u00f3n a su sobrino Wenceslao Posse , un joven comerciante del poblado que ten\u00eda v\u00ednculos con Jos\u00e9 Mendiola. Por \u00faltimo, debemos nombrar a Antonio Pillado (1809-1879), gallego de nacimiento, que ofici\u00f3 como secretario de Pedro Castelli durante el Levantamiento, con quien lo un\u00eda la amistad. Era comerciante y habitante del sur de la Provincia. Fue el encargado de elaborar el acta del pronunciamiento de Dolores.<\/p>\n<p>&nbsp;<\/p>\n<p><strong><u>Cr\u00e1mer y su rol en el movimiento<\/u><\/strong><\/p>\n<p>Ambrosio Cr\u00e1mer naci\u00f3 en Francia en 1792, particip\u00f3 de las Guerras Napole\u00f3nicas y luego emigr\u00f3 al R\u00edo de la Plata, en donde se sum\u00f3 a las Guerras de Independencia. En 1822 contrajo nupcias con Mar\u00eda Francisca Capdevila, cuyo t\u00edo, Pedro de Alc\u00e1ntara Capdevila, era propietario de tierras en el sudeste. Al fallecer Pedro Capdevila en 1828 transfiri\u00f3 sus tierras en enfiteusis a Ladislao Mart\u00ednez Castro (hermano de Marcelino). Cr\u00e1mer era miembro accionista de la Sociedad Rural . En el mismo a\u00f1o dirigi\u00f3 el reconocimiento del fuerte del Carmen del R\u00edo Negro y en 1825 form\u00f3 parte de la comisi\u00f3n que comand\u00f3 Juan Manuel de Rosas al sud de la Provincia. De acuerdo con el diario de esta expedici\u00f3n De Angelis, recorrieron mayormente el sudeste. Cr\u00e1mer asisti\u00f3 con el fin de representar los derechos de la Sociedad del Volc\u00e1n y figura como militar reformado y agregado a la Comisi\u00f3n. De acuerdo con el diario, Cr\u00e1mer asisti\u00f3 \u201ccon su dependiente, un capataz, ocho peones, una carretilla toldada, 10 novillos y 60 caballos\u201d ..<\/p>\n<p>Era propietario de la estancia\u00a0<em>La Postrera<\/em>, situada en la margen sur del R\u00edo Salado y correspondiente al Cuartel IV del partido de Dolores, en donde funcionaba una pulper\u00eda. Tambi\u00e9n ten\u00eda otro establecimiento en la zona llamado\u00a0<em>Los Rengos\u00a0<\/em>. En el censo realizado en 1836 figura como due\u00f1o de tres esclavos en Dolores . Fue agrimensor del Departamento Topogr\u00e1fico de Buenos Aires y como tal realiz\u00f3 m\u00e1s de ciento diez mensuras a terrenos de particulares entre 1826 y 1839, la mayor\u00eda de ellas, alrededor de cien, al sur del R\u00edo Salado. Algunas de las personas que solicitaron sus servicios fueron: Pedro Capdevila, F\u00e9lix \u00c1lzaga, Pedro y Bernab\u00e9 S\u00e1enz Valiente, Leonardo Domingo de la G\u00e1ndara, Jos\u00e9 de la Quintana, Eusebio, Felipe y Jos\u00e9 Miguens, Juan Ram\u00f3n Ezeiza, la compa\u00f1\u00eda Zimmerman &amp; C\u00eda (para la que supo trabajar Pedro Castelli) y Eustaquio D\u00edaz V\u00e9lez. Todas ellas, salvo dos mensuras realizadas para Pedro Capdevila en Avellaneda y en Berazategui fueron realizadas en el sud de la provincia, en los partidos de Dolores, Monsalvo, Chascom\u00fas y en la zona del Fuerte Independencia. Adem\u00e1s de realizar mensuras, Cr\u00e1mer dise\u00f1o el trazado del pueblo de Tandil .<\/p>\n<p>La figura de Cr\u00e1mer est\u00e1 asociada con una cuesti\u00f3n central para la sublevaci\u00f3n: el conocimiento del espacio en el que se desarrollan los hechos y la puesta en valor de dichos saberes. Pero, adem\u00e1s, a trav\u00e9s de los registros de las mensuras, sabemos que su oficio de agrimensor le permiti\u00f3 interactuar con muchos de quienes ser\u00edan luego sublevados. Podemos suponer que estas experiencias de encuentro en los terrenos a medir habr\u00edan sido una buena oportunidad para intercambiar ideas y opiniones de los devenires de la Provincia entre hombres que no eran ajenos a la pol\u00edtica y que hab\u00edan tenido participaci\u00f3n en el proceso revolucionario e independentista. En el caso de Cr\u00e1mer, su relaci\u00f3n con la Provincia a trav\u00e9s del Departamento Topogr\u00e1fico y las expediciones, le permiti\u00f3 acceder a un conocimiento privilegiado del entorno de la campa\u00f1a, que se materializ\u00f3 tambi\u00e9n en su acceso a la tierra<strong>. En conclusi\u00f3n, las pr\u00e1cticas de un actor clave establecen los v\u00ednculos de lo local con lo global y permite advertir en esta din\u00e1mica vinculaciones familiares y personales detr\u00e1s de la sublevaci\u00f3n.<\/strong><\/p>\n<p>&nbsp;<\/p>\n<p>&nbsp;<\/p>\n<p><a href=\"https:\/\/www.noticiasradioreflejos.com.ar\/2021\/rebelion-en-la-granja-los-libres-del-sur\/libres-del-sur\/\" rel=\"attachment wp-att-124790\"><img loading=\"lazy\" decoding=\"async\" class=\"aligncenter size-full wp-image-124790\" src=\"https:\/\/www.noticiasradioreflejos.com.ar\/2021\/wp-content\/uploads\/2025\/09\/libres-del-sur.jpg\" alt=\"\" width=\"950\" height=\"738\" srcset=\"https:\/\/www.noticiasradioreflejos.com.ar\/2021\/wp-content\/uploads\/2025\/09\/libres-del-sur.jpg 950w, https:\/\/www.noticiasradioreflejos.com.ar\/2021\/wp-content\/uploads\/2025\/09\/libres-del-sur-300x233.jpg 300w, https:\/\/www.noticiasradioreflejos.com.ar\/2021\/wp-content\/uploads\/2025\/09\/libres-del-sur-768x597.jpg 768w, https:\/\/www.noticiasradioreflejos.com.ar\/2021\/wp-content\/uploads\/2025\/09\/libres-del-sur-750x583.jpg 750w\" sizes=\"auto, (max-width: 950px) 100vw, 950px\" \/><\/a><\/p>\n<p><em>Asesinato de Manuel Vicente Maza por Benjam\u00edn Rawson. Foto: Wikipedia.<\/em><\/p>\n<p>&nbsp;<\/p>\n<p><strong><u>Consideraciones\u00a0 finales<\/u><\/strong><\/p>\n<p>La gran beneficiaria de la pol\u00edtica econ\u00f3mica rosista fue, sin duda, la clase propietaria. En su favor dirigi\u00f3 Rosas su pol\u00edtica econ\u00f3mica durante 20 a\u00f1os. Estancieros fueron los grandes beneficiarios de la ampliaci\u00f3n de tierras del sur de Buenos Aires. Si en medio de las zozobras de una \u00e9poca agitada hubo algunos sectores en expansi\u00f3n, fueron el ganadero y la industria derivada: grasas, sebos, cueros y tasajo y productos de los saladero. Prueba de ello, es la canalizaci\u00f3n de las inversiones de capital brit\u00e1nico hacia ese sector<br \/>\n0 \u00a0Rosas aceler\u00f3 el proceso de privatizaci\u00f3n de tierras fiscales a gran escala, recayendo en manos de militares federales como pago de sus servicios y de los grandes propietarios, \u00e1vidos de adquirir m\u00e1s propiedades.<\/p>\n<p>La revoluci\u00f3n se produjo en tierras donde ya se sab\u00eda desde un a\u00f1o antes (1838) que no se renovar\u00edan los contratos de enfiteusis a los ganaderos de aquella zona, y que adem\u00e1s se aumentaba el importe de los c\u00e1nones que pagaban.<\/p>\n<p>Los decretos de julio 1838 del gobernador Rosas establec\u00edan que se dejaba sin efecto la enfiteusis en las tierras p\u00fablicas cuyos arrendatarios fuesen deudores del fisco. Dichas tierras deber\u00edan venderse y tendr\u00edan preferencia sus poseedores, a quienes se otorgaba un plazo de dos meses para pagar el valor de las tierras.<\/p>\n<p>Adem\u00e1s, se establec\u00eda que dichas tierras no pod\u00edan dividirse sino que se vender\u00edan en bloque para evitar que el poseedor comprase la parte de mayor rendimiento y abandonase las de menor valor.<\/p>\n<p>El \u00faltimo plazo para pagar era febrero 1839, quienes no comprasen las tierras en las que se encontraban deb\u00edan desalojarlas.<\/p>\n<p>Estas medidas intranquilizaron a hacendados y comerciantes de la zona situada al sur del r\u00edo Salado, ya perjudicados por la disminuci\u00f3n de las exportaciones como consecuencia del bloqueo naval de Francia al puerto de Buenos Aires (desde marzo 1838), debido al conflicto con Rosas.<\/p>\n<p>La revoluci\u00f3n de los Libres del Sur fracas\u00f3 debido a la improvisaci\u00f3n, como tambi\u00e9n a la falta de coordinaci\u00f3n con otras personas comprometidas en la oposici\u00f3n contra Rosas: Ram\u00f3n Maza, Lavalle y los emigrados argentinos en Montevideo.<\/p>\n<p><strong>A partir de estos hechos comenzar\u00eda la etapa del terror, la acci\u00f3n de La Mazorca se hizo sentir especialmente en los llamados a\u00f1os del terror rojo: 1840 y 1842, perpetrando actos delictivos de todo orden destinados a eliminar la oposici\u00f3n al r\u00e9gimen. Rosas entrar\u00eda en la historia como uno de los m\u00e1s crueles gobernantes, tanto como uno de los m\u00e1s poderosos.<\/strong><\/p>\n<p>&nbsp;<\/p>\n<p><strong><u>\u00a0<\/u><\/strong><\/p>\n<p><strong><u>Bibliograf\u00eda:<\/u><\/strong><\/p>\n<p>Busaniche, Jos\u00e9 Luis; Rosas visto por sus contempor\u00e1neos.<\/p>\n<p>Carranza, A. (1919).\u00a0<em>La revoluci\u00f3n del 39 en el sud de Buenos Aires<\/em>. Casa Vaccaro.<\/p>\n<p>Dom\u00ednguez Arribas, J. (2003). El enemigo unitario en el discurso rosista (1829-1852).\u00a0<em>Anuario de Estudios Americanos<\/em>, 60 (2), 557-579.<\/p>\n<p>Floria, Carlos y\u00a0 Garc\u00eda Belsunce , C\u00e9sar A. ; Historia de los Argentinos.<\/p>\n<p>Fradkin, R. (2008).\u00a0<em>\u00a1Fusilaron a Dorrego! O c\u00f3mo un alzamiento rural cambi\u00f3 el rumbo de la historia.<\/em>\u00a0Sudamericana.<\/p>\n<p>Gelman, J. (2009).\u00a0<em>Rosas bajo fuego: Los franceses, Lavalle y la rebeli\u00f3n de los estancieros<\/em>. Sudamericana.<\/p>\n<p>Gelman, J. (2010).\u00a0<em>Rosas estanciero: Gobierno y expansi\u00f3n ganadera<\/em>. Capital Intelectual.<\/p>\n<p>Gelman, J. &amp; Schroeder, M. I. (2003). Juan Manuel de Rosas contra los estancieros: Los embargos a los unitarios de la campa\u00f1a de Buenos Aires<\/p>\n<p>Germinario, C. (2020). Pr\u00e1cticas pol\u00edticas durante la crisis del rosismo en espacios de nueva ocupaci\u00f3n: Dolores y Monsalvo (1838-1841), en AA. VV.\u00a0<em>Estudios y proyectos en curso de j\u00f3venes investigadores. IV Jornadas de J\u00f3venes Investigadores del Centro de Estudios Hist\u00f3ricos,\u00a0<\/em>Universidad Nacional de Mar del Plata, pp. 99-116.<\/p>\n<p>Irazusta, Julio , El federalismo de Rosas.<\/p>\n<p>Lacasa, P. (1858).\u00a0<em>Vida militar y pol\u00edtica del general argentino Don Juan Lavalle<\/em>. Imprenta Americana.<\/p>\n<p>Lanteri, M. S. &amp; Pedrotta, V. (2015).\u00a0<em>La frontera sur de Buenos Aires en la larga duraci\u00f3n. Una perspectiva multidisciplinar<\/em>. Asociaci\u00f3n Amigos Archivo Hist\u00f3rico de la Provincia de Buenos Aires.<\/p>\n<p>Levene, R. (1940).\u00a0<em>Historia de la Provincia de Buenos Aires y formaci\u00f3n de sus pueblos<\/em>\u00a0(Vols. 1\u20132). Archivo Hist\u00f3rico de la Provincia de Buenos Aires.<\/p>\n<p>Lynch, John; Juan Manuel de Rosas, Emec\u00e91984.<\/p>\n<p>Moncaut, Carlos Antonio; Biograf\u00eda del R\u00edo Salado de la Provincia de Buenos Aires, La Plata 1966.<\/p>\n<p>Moncaut, Carlos Antonio; Pampas y Estancias, Nuevas Evocaciones de la Vida Pastoril Bonaerense, Editorial El Aljibe.<\/p>\n<p>Molina, E. (2011). Sociabilidad y redes pol\u00edtico-intelectuales: Algunos casos entre 1800 y 1852.\u00a0<em>Cuadernos del CILHA<\/em>, 12 (1), 19-54.<\/p>\n<p>Moutoukias, Z. (1996). Negocios y redes sociales: Modelo interpretativo a partir de un caso rioplatense (Siglo XVIII).\u00a0<em>Caravelle<\/em>, (67), 37-55.<\/p>\n<p>Ratto, S. (2015).\u00a0<em>Redes pol\u00edticas en la frontera bonaerense (1836-1873). Cr\u00f3nica de un final anunciado<\/em>. UNQ.<\/p>\n<p>Reguera, A. (2016). La Comandancia general de Juan Manuel de Rosas de la Divisi\u00f3n Izquierda de la Expedici\u00f3n al Desierto de 1833. Lazos personales, relaciones de mando y subordinaci\u00f3n en el proceso de ocupaci\u00f3n territorial de la pampa bonaerense.\u00a0<em>Revista TEFROS<\/em>, 14 (1), 76-120.<\/p>\n<p>Zinny, Antonio; Historia de los gobernadores de las provincias argentinas.<\/p>\n<p>Repositorio propio.<\/p>\n<p><strong>\u00a0<\/strong><\/p>\n<p>&nbsp;<\/p>\n<p>&nbsp;<\/p>\n<p>&nbsp;<\/p>\n","protected":false},"excerpt":{"rendered":"<p>\u00bfQui\u00e9n era Rosas? Un propietario de tierras.<\/p>\n","protected":false},"author":3,"featured_media":124792,"comment_status":"closed","ping_status":"closed","sticky":false,"template":"","format":"standard","meta":{"footnotes":""},"categories":[35],"tags":[],"class_list":["post-124789","post","type-post","status-publish","format-standard","has-post-thumbnail","hentry","category-cultura"],"yoast_head":"<!-- This site is optimized with the Yoast SEO plugin v25.9 - https:\/\/yoast.com\/wordpress\/plugins\/seo\/ -->\n<title>Rebeli\u00f3n en la Granja: Los Libres del Sur - Noticias Radio Reflejos<\/title>\n<meta name=\"robots\" content=\"index, follow, max-snippet:-1, max-image-preview:large, max-video-preview:-1\" \/>\n<link rel=\"canonical\" href=\"https:\/\/www.noticiasradioreflejos.com.ar\/2021\/rebelion-en-la-granja-los-libres-del-sur\/\" \/>\n<meta property=\"og:locale\" content=\"es_ES\" \/>\n<meta property=\"og:type\" content=\"article\" \/>\n<meta property=\"og:title\" content=\"Rebeli\u00f3n en la Granja: Los Libres del Sur - Noticias Radio Reflejos\" \/>\n<meta property=\"og:description\" content=\"\u00bfQui\u00e9n era Rosas? Un propietario de tierras.\" \/>\n<meta property=\"og:url\" content=\"https:\/\/www.noticiasradioreflejos.com.ar\/2021\/rebelion-en-la-granja-los-libres-del-sur\/\" \/>\n<meta property=\"og:site_name\" content=\"Noticias Radio Reflejos\" \/>\n<meta property=\"article:published_time\" content=\"2025-09-10T10:44:31+00:00\" \/>\n<meta property=\"article:modified_time\" content=\"2025-09-10T13:16:44+00:00\" \/>\n<meta property=\"og:image\" content=\"https:\/\/www.noticiasradioreflejos.com.ar\/2021\/wp-content\/uploads\/2025\/09\/Mazorca-soldado-de-rosas.jpg\" \/>\n\t<meta property=\"og:image:width\" content=\"989\" \/>\n\t<meta property=\"og:image:height\" content=\"702\" \/>\n\t<meta property=\"og:image:type\" content=\"image\/jpeg\" \/>\n<meta name=\"author\" content=\"Arnaldo Botto\" \/>\n<meta name=\"twitter:card\" content=\"summary_large_image\" \/>\n<script type=\"application\/ld+json\" class=\"yoast-schema-graph\">{\"@context\":\"https:\/\/schema.org\",\"@graph\":[{\"@type\":\"WebPage\",\"@id\":\"https:\/\/www.noticiasradioreflejos.com.ar\/2021\/rebelion-en-la-granja-los-libres-del-sur\/\",\"url\":\"https:\/\/www.noticiasradioreflejos.com.ar\/2021\/rebelion-en-la-granja-los-libres-del-sur\/\",\"name\":\"Rebeli\u00f3n en la Granja: Los Libres del Sur - Noticias Radio Reflejos\",\"isPartOf\":{\"@id\":\"https:\/\/www.noticiasradioreflejos.com.ar\/2021\/#website\"},\"primaryImageOfPage\":{\"@id\":\"https:\/\/www.noticiasradioreflejos.com.ar\/2021\/rebelion-en-la-granja-los-libres-del-sur\/#primaryimage\"},\"image\":{\"@id\":\"https:\/\/www.noticiasradioreflejos.com.ar\/2021\/rebelion-en-la-granja-los-libres-del-sur\/#primaryimage\"},\"thumbnailUrl\":\"https:\/\/www.noticiasradioreflejos.com.ar\/2021\/wp-content\/uploads\/2025\/09\/Mazorca-soldado-de-rosas.jpg\",\"datePublished\":\"2025-09-10T10:44:31+00:00\",\"dateModified\":\"2025-09-10T13:16:44+00:00\",\"author\":{\"@id\":\"https:\/\/www.noticiasradioreflejos.com.ar\/2021\/#\/schema\/person\/ad82545263dcc5ec0996818884fd5fb1\"},\"breadcrumb\":{\"@id\":\"https:\/\/www.noticiasradioreflejos.com.ar\/2021\/rebelion-en-la-granja-los-libres-del-sur\/#breadcrumb\"},\"inLanguage\":\"es\",\"potentialAction\":[{\"@type\":\"ReadAction\",\"target\":[\"https:\/\/www.noticiasradioreflejos.com.ar\/2021\/rebelion-en-la-granja-los-libres-del-sur\/\"]}]},{\"@type\":\"ImageObject\",\"inLanguage\":\"es\",\"@id\":\"https:\/\/www.noticiasradioreflejos.com.ar\/2021\/rebelion-en-la-granja-los-libres-del-sur\/#primaryimage\",\"url\":\"https:\/\/www.noticiasradioreflejos.com.ar\/2021\/wp-content\/uploads\/2025\/09\/Mazorca-soldado-de-rosas.jpg\",\"contentUrl\":\"https:\/\/www.noticiasradioreflejos.com.ar\/2021\/wp-content\/uploads\/2025\/09\/Mazorca-soldado-de-rosas.jpg\",\"width\":989,\"height\":702},{\"@type\":\"BreadcrumbList\",\"@id\":\"https:\/\/www.noticiasradioreflejos.com.ar\/2021\/rebelion-en-la-granja-los-libres-del-sur\/#breadcrumb\",\"itemListElement\":[{\"@type\":\"ListItem\",\"position\":1,\"name\":\"Portada\",\"item\":\"https:\/\/www.noticiasradioreflejos.com.ar\/2021\/\"},{\"@type\":\"ListItem\",\"position\":2,\"name\":\"Rebeli\u00f3n en la Granja: Los Libres del Sur\"}]},{\"@type\":\"WebSite\",\"@id\":\"https:\/\/www.noticiasradioreflejos.com.ar\/2021\/#website\",\"url\":\"https:\/\/www.noticiasradioreflejos.com.ar\/2021\/\",\"name\":\"Noticias Radio Reflejos\",\"description\":\"Las noticias de mi comarca\",\"potentialAction\":[{\"@type\":\"SearchAction\",\"target\":{\"@type\":\"EntryPoint\",\"urlTemplate\":\"https:\/\/www.noticiasradioreflejos.com.ar\/2021\/?s={search_term_string}\"},\"query-input\":{\"@type\":\"PropertyValueSpecification\",\"valueRequired\":true,\"valueName\":\"search_term_string\"}}],\"inLanguage\":\"es\"},{\"@type\":\"Person\",\"@id\":\"https:\/\/www.noticiasradioreflejos.com.ar\/2021\/#\/schema\/person\/ad82545263dcc5ec0996818884fd5fb1\",\"name\":\"Arnaldo Botto\",\"image\":{\"@type\":\"ImageObject\",\"inLanguage\":\"es\",\"@id\":\"https:\/\/www.noticiasradioreflejos.com.ar\/2021\/#\/schema\/person\/image\/\",\"url\":\"https:\/\/secure.gravatar.com\/avatar\/55cb5e37c1efa326397366e6974cb338056df65cb50e7d64d1cf314e87504837?s=96&d=mm&r=g\",\"contentUrl\":\"https:\/\/secure.gravatar.com\/avatar\/55cb5e37c1efa326397366e6974cb338056df65cb50e7d64d1cf314e87504837?s=96&d=mm&r=g\",\"caption\":\"Arnaldo Botto\"},\"url\":\"https:\/\/www.noticiasradioreflejos.com.ar\/2021\/author\/arnaldo\/\"}]}<\/script>\n<!-- \/ Yoast SEO plugin. -->","yoast_head_json":{"title":"Rebeli\u00f3n en la Granja: Los Libres del Sur - Noticias Radio Reflejos","robots":{"index":"index","follow":"follow","max-snippet":"max-snippet:-1","max-image-preview":"max-image-preview:large","max-video-preview":"max-video-preview:-1"},"canonical":"https:\/\/www.noticiasradioreflejos.com.ar\/2021\/rebelion-en-la-granja-los-libres-del-sur\/","og_locale":"es_ES","og_type":"article","og_title":"Rebeli\u00f3n en la Granja: Los Libres del Sur - Noticias Radio Reflejos","og_description":"\u00bfQui\u00e9n era Rosas? Un propietario de tierras.","og_url":"https:\/\/www.noticiasradioreflejos.com.ar\/2021\/rebelion-en-la-granja-los-libres-del-sur\/","og_site_name":"Noticias Radio Reflejos","article_published_time":"2025-09-10T10:44:31+00:00","article_modified_time":"2025-09-10T13:16:44+00:00","og_image":[{"width":989,"height":702,"url":"https:\/\/www.noticiasradioreflejos.com.ar\/2021\/wp-content\/uploads\/2025\/09\/Mazorca-soldado-de-rosas.jpg","type":"image\/jpeg"}],"author":"Arnaldo Botto","twitter_card":"summary_large_image","schema":{"@context":"https:\/\/schema.org","@graph":[{"@type":"WebPage","@id":"https:\/\/www.noticiasradioreflejos.com.ar\/2021\/rebelion-en-la-granja-los-libres-del-sur\/","url":"https:\/\/www.noticiasradioreflejos.com.ar\/2021\/rebelion-en-la-granja-los-libres-del-sur\/","name":"Rebeli\u00f3n en la Granja: Los Libres del Sur - Noticias Radio Reflejos","isPartOf":{"@id":"https:\/\/www.noticiasradioreflejos.com.ar\/2021\/#website"},"primaryImageOfPage":{"@id":"https:\/\/www.noticiasradioreflejos.com.ar\/2021\/rebelion-en-la-granja-los-libres-del-sur\/#primaryimage"},"image":{"@id":"https:\/\/www.noticiasradioreflejos.com.ar\/2021\/rebelion-en-la-granja-los-libres-del-sur\/#primaryimage"},"thumbnailUrl":"https:\/\/www.noticiasradioreflejos.com.ar\/2021\/wp-content\/uploads\/2025\/09\/Mazorca-soldado-de-rosas.jpg","datePublished":"2025-09-10T10:44:31+00:00","dateModified":"2025-09-10T13:16:44+00:00","author":{"@id":"https:\/\/www.noticiasradioreflejos.com.ar\/2021\/#\/schema\/person\/ad82545263dcc5ec0996818884fd5fb1"},"breadcrumb":{"@id":"https:\/\/www.noticiasradioreflejos.com.ar\/2021\/rebelion-en-la-granja-los-libres-del-sur\/#breadcrumb"},"inLanguage":"es","potentialAction":[{"@type":"ReadAction","target":["https:\/\/www.noticiasradioreflejos.com.ar\/2021\/rebelion-en-la-granja-los-libres-del-sur\/"]}]},{"@type":"ImageObject","inLanguage":"es","@id":"https:\/\/www.noticiasradioreflejos.com.ar\/2021\/rebelion-en-la-granja-los-libres-del-sur\/#primaryimage","url":"https:\/\/www.noticiasradioreflejos.com.ar\/2021\/wp-content\/uploads\/2025\/09\/Mazorca-soldado-de-rosas.jpg","contentUrl":"https:\/\/www.noticiasradioreflejos.com.ar\/2021\/wp-content\/uploads\/2025\/09\/Mazorca-soldado-de-rosas.jpg","width":989,"height":702},{"@type":"BreadcrumbList","@id":"https:\/\/www.noticiasradioreflejos.com.ar\/2021\/rebelion-en-la-granja-los-libres-del-sur\/#breadcrumb","itemListElement":[{"@type":"ListItem","position":1,"name":"Portada","item":"https:\/\/www.noticiasradioreflejos.com.ar\/2021\/"},{"@type":"ListItem","position":2,"name":"Rebeli\u00f3n en la Granja: Los Libres del Sur"}]},{"@type":"WebSite","@id":"https:\/\/www.noticiasradioreflejos.com.ar\/2021\/#website","url":"https:\/\/www.noticiasradioreflejos.com.ar\/2021\/","name":"Noticias Radio Reflejos","description":"Las noticias de mi comarca","potentialAction":[{"@type":"SearchAction","target":{"@type":"EntryPoint","urlTemplate":"https:\/\/www.noticiasradioreflejos.com.ar\/2021\/?s={search_term_string}"},"query-input":{"@type":"PropertyValueSpecification","valueRequired":true,"valueName":"search_term_string"}}],"inLanguage":"es"},{"@type":"Person","@id":"https:\/\/www.noticiasradioreflejos.com.ar\/2021\/#\/schema\/person\/ad82545263dcc5ec0996818884fd5fb1","name":"Arnaldo Botto","image":{"@type":"ImageObject","inLanguage":"es","@id":"https:\/\/www.noticiasradioreflejos.com.ar\/2021\/#\/schema\/person\/image\/","url":"https:\/\/secure.gravatar.com\/avatar\/55cb5e37c1efa326397366e6974cb338056df65cb50e7d64d1cf314e87504837?s=96&d=mm&r=g","contentUrl":"https:\/\/secure.gravatar.com\/avatar\/55cb5e37c1efa326397366e6974cb338056df65cb50e7d64d1cf314e87504837?s=96&d=mm&r=g","caption":"Arnaldo Botto"},"url":"https:\/\/www.noticiasradioreflejos.com.ar\/2021\/author\/arnaldo\/"}]}},"_links":{"self":[{"href":"https:\/\/www.noticiasradioreflejos.com.ar\/2021\/wp-json\/wp\/v2\/posts\/124789","targetHints":{"allow":["GET"]}}],"collection":[{"href":"https:\/\/www.noticiasradioreflejos.com.ar\/2021\/wp-json\/wp\/v2\/posts"}],"about":[{"href":"https:\/\/www.noticiasradioreflejos.com.ar\/2021\/wp-json\/wp\/v2\/types\/post"}],"author":[{"embeddable":true,"href":"https:\/\/www.noticiasradioreflejos.com.ar\/2021\/wp-json\/wp\/v2\/users\/3"}],"replies":[{"embeddable":true,"href":"https:\/\/www.noticiasradioreflejos.com.ar\/2021\/wp-json\/wp\/v2\/comments?post=124789"}],"version-history":[{"count":4,"href":"https:\/\/www.noticiasradioreflejos.com.ar\/2021\/wp-json\/wp\/v2\/posts\/124789\/revisions"}],"predecessor-version":[{"id":124797,"href":"https:\/\/www.noticiasradioreflejos.com.ar\/2021\/wp-json\/wp\/v2\/posts\/124789\/revisions\/124797"}],"wp:featuredmedia":[{"embeddable":true,"href":"https:\/\/www.noticiasradioreflejos.com.ar\/2021\/wp-json\/wp\/v2\/media\/124792"}],"wp:attachment":[{"href":"https:\/\/www.noticiasradioreflejos.com.ar\/2021\/wp-json\/wp\/v2\/media?parent=124789"}],"wp:term":[{"taxonomy":"category","embeddable":true,"href":"https:\/\/www.noticiasradioreflejos.com.ar\/2021\/wp-json\/wp\/v2\/categories?post=124789"},{"taxonomy":"post_tag","embeddable":true,"href":"https:\/\/www.noticiasradioreflejos.com.ar\/2021\/wp-json\/wp\/v2\/tags?post=124789"}],"curies":[{"name":"wp","href":"https:\/\/api.w.org\/{rel}","templated":true}]}}