{"id":124786,"date":"2025-09-10T07:22:49","date_gmt":"2025-09-10T10:22:49","guid":{"rendered":"https:\/\/www.noticiasradioreflejos.com.ar\/2021\/?p=124786"},"modified":"2025-09-10T07:22:49","modified_gmt":"2025-09-10T10:22:49","slug":"la-comision-libra-cita-a-karina-milei-para-que-comparezca-antes-de-las-elecciones","status":"publish","type":"post","link":"https:\/\/www.noticiasradioreflejos.com.ar\/2021\/la-comision-libra-cita-a-karina-milei-para-que-comparezca-antes-de-las-elecciones\/","title":{"rendered":"La comisi\u00f3n $LIBRA cita a Karina Milei para que comparezca antes de las elecciones"},"content":{"rendered":"<p>La oposici\u00f3n exige que la hermana presidencial se presente el 23 o 30 de septimebre, pero abrieron una puerta para una v\u00eda alternativa: que la comisi\u00f3n vaya a interrogarla a Casa Rosada. La ausencia de dos funcionarios nacionales, Alejandro Melik y Mar\u00eda Florencia Zicavo, prepara el terreno para traerlos por la fuerza.<!--more--><\/p>\n<p>Fue un movimiento doble, jugado a dos tiempos. Empoderada por una mayor\u00eda opositora que se presenta, por estas semanas, imbatible, la comisi\u00f3n investigadora $LIBRA decidi\u00f3 citar finalmente a <strong>Karina Milei<\/strong>. Le dio dos opciones: 23 o 30 de septiembre, como para que pueda elegir. Y, en simult\u00e1neo, elev\u00f3 una advertencia:\u00a0<strong>si los funcionarios se negaban a asistir, la oposici\u00f3n estaba dispuesta a traerlos por la fuerza p\u00fablica<\/strong>. Un mensaje dirigido hacia los funcionarios de Javier Milei que pegaron el faltazo a la reuni\u00f3n del d\u00eda, pero que ten\u00eda otra destinataria final.<\/p>\n<div class=\"content-container col-12 col-lg-8\">\n<div class=\"c-content\">\n<div class=\"partner-wrapper opening\" data-mrf-recirculation=\"Apertura\">\n<div class=\"second-col\">\n<figure class=\"ni-figure\"><picture class=\"news-image\"><source srcset=\"https:\/\/static.eldiario.es\/clip\/9f61c5c0-8e7f-40c4-9b52-c07f20108b01_16-9-discover-aspect-ratio_50p_0.webp\" type=\"image\/webp\" media=\"(max-width: 576px)\" \/><source srcset=\"https:\/\/static.eldiario.es\/clip\/9f61c5c0-8e7f-40c4-9b52-c07f20108b01_16-9-discover-aspect-ratio_50p_0.jpg\" type=\"image\/jpg\" media=\"(max-width: 576px)\" \/><source srcset=\"https:\/\/static.eldiario.es\/clip\/9f61c5c0-8e7f-40c4-9b52-c07f20108b01_16-9-discover-aspect-ratio_75p_0.webp\" type=\"image\/webp\" media=\"(max-width: 767px)\" \/><source srcset=\"https:\/\/static.eldiario.es\/clip\/9f61c5c0-8e7f-40c4-9b52-c07f20108b01_16-9-discover-aspect-ratio_75p_0.jpg\" type=\"image\/jpg\" media=\"(max-width: 767px)\" \/><source srcset=\"https:\/\/static.eldiario.es\/clip\/9f61c5c0-8e7f-40c4-9b52-c07f20108b01_16-9-discover-aspect-ratio_default_0.webp\" type=\"image\/webp\" \/><source srcset=\"https:\/\/static.eldiario.es\/clip\/9f61c5c0-8e7f-40c4-9b52-c07f20108b01_16-9-discover-aspect-ratio_default_0.jpg\" type=\"image\/jpg\" \/><\/picture><\/figure>\n<\/div>\n<\/div>\n<\/div>\n<\/div>\n<div class=\"partner-wrapper article-page__body-row\">\n<div class=\"second-col\">\n<p class=\"article-text\">En el caso de que Karina decida ausentarse, la oposici\u00f3n negoci\u00f3 una alternativa: si la secretaria General de la Presidencia, que es una de las principales apuntadas de la investigaci\u00f3n, se negaba a comparecer,\u00a0<strong>se le ofrecer\u00eda interrogarla en su despacho de Casa Rosada.<\/strong>\u00a0Una solicitud realizada por\u00a0<strong>M\u00f3nica Frade<\/strong>, de la Coalici\u00f3n C\u00edvica, que\u00a0<strong>despert\u00f3 el mal humor del peronismo<\/strong>. Finalmente, sin embargo, terminaron aceptando.<\/p>\n<figure><picture class=\"news-image\"><source srcset=\"https:\/\/static.eldiario.es\/clip\/97237586-a6f9-464e-a0a0-171b62819ffe_16-9-discover-aspect-ratio_50p_0.webp\" type=\"image\/webp\" media=\"(max-width: 576px)\" \/><source srcset=\"https:\/\/static.eldiario.es\/clip\/97237586-a6f9-464e-a0a0-171b62819ffe_16-9-discover-aspect-ratio_50p_0.jpg\" type=\"image\/jpg\" media=\"(max-width: 576px)\" \/><source srcset=\"https:\/\/static.eldiario.es\/clip\/97237586-a6f9-464e-a0a0-171b62819ffe_16-9-discover-aspect-ratio_75p_0.webp\" type=\"image\/webp\" media=\"(max-width: 767px)\" \/><source srcset=\"https:\/\/static.eldiario.es\/clip\/97237586-a6f9-464e-a0a0-171b62819ffe_16-9-discover-aspect-ratio_75p_0.jpg\" type=\"image\/jpg\" media=\"(max-width: 767px)\" \/><source srcset=\"https:\/\/static.eldiario.es\/clip\/97237586-a6f9-464e-a0a0-171b62819ffe_16-9-discover-aspect-ratio_default_0.webp\" type=\"image\/webp\" media=\"(min-width: 768px)\" \/><source srcset=\"https:\/\/static.eldiario.es\/clip\/97237586-a6f9-464e-a0a0-171b62819ffe_16-9-discover-aspect-ratio_default_0.jpg\" type=\"image\/jpg\" media=\"(min-width: 768px)\" \/><source srcset=\"https:\/\/static.eldiario.es\/clip\/97237586-a6f9-464e-a0a0-171b62819ffe_16-9-discover-aspect-ratio_default_0.webp\" type=\"image\/webp\" \/><img decoding=\"async\" class=\"lazy entered loaded\" src=\"https:\/\/static.eldiario.es\/clip\/97237586-a6f9-464e-a0a0-171b62819ffe_16-9-discover-aspect-ratio_default_0.jpg\" alt=\"El presidente de la comisi\u00f3n, Maximiliano Ferraro, junto a Juan Marino, el secretario de la comisi\u00f3n\" data-src=\"https:\/\/static.eldiario.es\/clip\/97237586-a6f9-464e-a0a0-171b62819ffe_16-9-discover-aspect-ratio_default_0.jpg\" data-ll-status=\"loaded\" \/><\/picture><figcaption class=\"image-footer\"><em><span class=\"title\">El presidente de la comisi\u00f3n, Maximiliano Ferraro, junto a Juan Marino, el secretario de la comisi\u00f3n\u00a0<span class=\"author\">HCDN<\/span><\/span><\/em><\/figcaption><\/figure>\n<p>&nbsp;<\/p>\n<p class=\"article-text\">No ten\u00edan otra tampoco. La comisi\u00f3n funciona con la cantidad m\u00ednima de integrantes, ya que el oficialismo y sus aliados se niegan a comparecer. Por lo que cualquier decisi\u00f3n debe tomarse por unanimidad: un desaf\u00edo que pondr\u00e1 a prueba la alianza de peronistas, radicales, pichettistas, lilitos y la izquierda.<\/p>\n<p class=\"article-text\">Se designaron, adem\u00e1s, los integrantes de la subcomisi\u00f3n que visitar\u00e1 el juzgado de Mar\u00eda Servini para informarse del estado de la causa penal que est\u00e1 investigando el criptoesc\u00e1ndalo. La novedad estuvo en uno de los nombres, el de\u00a0<strong>la salte\u00f1a Yolanda Vega<\/strong>, que decidi\u00f3 sumarse a la comitiva integrada por<strong>\u00a0Sabrina Selva<\/strong>\u00a0-la diputada peronista que iba a ocupar, originalmente, la presidencia de la comisi\u00f3n, hasta la intervenci\u00f3n de M\u00e1ximo Kirchner y Sergio Massa-,\u00a0<strong>Oscar Agost Carre\u00f1o<\/strong>,<strong>\u00a0Fernando Carbajal<\/strong>\u00a0y Frade.<\/p>\n<figure><picture class=\"news-image\"><source srcset=\"https:\/\/static.eldiario.es\/clip\/7afdf022-8e8e-4527-94bc-4c8bd1790303_16-9-discover-aspect-ratio_50p_0.webp\" type=\"image\/webp\" media=\"(max-width: 576px)\" \/><source srcset=\"https:\/\/static.eldiario.es\/clip\/7afdf022-8e8e-4527-94bc-4c8bd1790303_16-9-discover-aspect-ratio_50p_0.jpg\" type=\"image\/jpg\" media=\"(max-width: 576px)\" \/><source srcset=\"https:\/\/static.eldiario.es\/clip\/7afdf022-8e8e-4527-94bc-4c8bd1790303_16-9-discover-aspect-ratio_75p_0.webp\" type=\"image\/webp\" media=\"(max-width: 767px)\" \/><source srcset=\"https:\/\/static.eldiario.es\/clip\/7afdf022-8e8e-4527-94bc-4c8bd1790303_16-9-discover-aspect-ratio_75p_0.jpg\" type=\"image\/jpg\" media=\"(max-width: 767px)\" \/><source srcset=\"https:\/\/static.eldiario.es\/clip\/7afdf022-8e8e-4527-94bc-4c8bd1790303_16-9-discover-aspect-ratio_default_0.webp\" type=\"image\/webp\" media=\"(min-width: 768px)\" \/><source srcset=\"https:\/\/static.eldiario.es\/clip\/7afdf022-8e8e-4527-94bc-4c8bd1790303_16-9-discover-aspect-ratio_default_0.jpg\" type=\"image\/jpg\" media=\"(min-width: 768px)\" \/><source srcset=\"https:\/\/static.eldiario.es\/clip\/7afdf022-8e8e-4527-94bc-4c8bd1790303_16-9-discover-aspect-ratio_default_0.webp\" type=\"image\/webp\" \/><img decoding=\"async\" class=\"lazy entered loaded\" src=\"https:\/\/static.eldiario.es\/clip\/7afdf022-8e8e-4527-94bc-4c8bd1790303_16-9-discover-aspect-ratio_default_0.jpg\" alt=\"Yolanda Vega junto al gobernador salte\u00f1o, Gustavo S\u00e1enz\" data-src=\"https:\/\/static.eldiario.es\/clip\/7afdf022-8e8e-4527-94bc-4c8bd1790303_16-9-discover-aspect-ratio_default_0.jpg\" data-ll-status=\"loaded\" \/><\/picture><figcaption class=\"image-footer\"><em><span class=\"title\">Yolanda Vega junto al gobernador salte\u00f1o, Gustavo S\u00e1enz\u00a0<span class=\"author\">TW<\/span><\/span><\/em><\/figcaption><\/figure>\n<p>&nbsp;<\/p>\n<p class=\"article-text\"><strong>El salto de la diputada salte\u00f1a es un golpe duro para el Gobierno<\/strong>, ya que Vega formaba parte del grupo de los 14 oficialistas de la comisi\u00f3n. Los coletazos de la elecci\u00f3n bonaerense comienzan a sentirse en la C\u00e1mara de Diputados, y la p\u00e9rdida de una aliada clave en la comisi\u00f3n dedicada a investigar a los hermanos Milei es solo el comienzo.<\/p>\n<p class=\"article-text\"><strong>Los gobernadores empiezan a preguntarse cu\u00e1l es el negocio de acordar con un Javier Milei que no aporta recursos ni, como se vio el domingo, gana las elecciones<\/strong>. El salte\u00f1o<strong>\u00a0Gustavo S\u00e1enz<\/strong>\u00a0fue uno de los primeros en anticiparlo p\u00fablicamente, acusando al Gobierno de ser \u201cpalomas de iglesia\u201d y anticipando que ser\u00e1 \u201cdif\u00edcil\u201d que los gobernadores vuelvan a acompa\u00f1arlo.\u00a0<strong>Guillermo Francos<\/strong>\u00a0comenz\u00f3 a retomar el di\u00e1logo con los mandatarios tras la derrota bonaerense, pero lo miran con desconfianza.<\/p>\n<p class=\"article-text\">\u201cEsto se va a empezar a poner espeso para el Gobierno. \u00bfQu\u00e9 ganan los gobernadores? No,\u00a0<strong>que se cocinen en su propio jugo<\/strong>\u201d, desliz\u00f3 un dirigente de una provincia mediterr\u00e1nea que dialoga con varios gobernadores aliados de LLA.<\/p>\n<h2 class=\"article-text\">Sobre ausencias y qu\u00e9 hacer si se repiten<\/h2>\n<p class=\"article-text\">Hab\u00eda muchas sillas vac\u00edas en la comisi\u00f3n $LIBRA cuando comenz\u00f3 a la tarde. Los diputados del oficialismo y sus aliados en el PRO y el radicalismo decidieron vaciar la comisi\u00f3n, en un intento de impugnarla. Solo el tucumano\u00a0<strong>Mariano Campero<\/strong>, uno de los l\u00edderes de los \u201cradicales con peluca\u201d, decidi\u00f3 dar qu\u00f3rum, junto a Vega. Otra se\u00f1al hacia el Gobierno.<\/p>\n<p class=\"article-text\">Hab\u00eda otros dos lugares vac\u00edos: los del titular de la Oficina Anticorrupci\u00f3n,\u00a0<strong>Alejandro Melik<\/strong>, y de la titular de la Unidad de Tareas de Investigaci\u00f3n (UTI) del caso $LIBRA,\u00a0<strong>Mar\u00eda Florencia Zicavo<\/strong>. Ambos hab\u00edan sido citados para que brindaran explicaciones sobre el trabajo interno que hab\u00eda hecho el Ejecutivo para investigar si Milei o algunos de sus funcionarios hab\u00edan violado la ley de \u00e9tica p\u00fablica o incumplido sus deberes como funcionarios p\u00fablicos.<\/p>\n<figure class=\"embed-container embed-container--type-twitter \"><\/figure>\n<p class=\"article-text\">Ambos se negaron, alegando que la comisi\u00f3n se estaba \u201csolapando\u201d con una investigaci\u00f3n judicial en curso. Melik, incluso, se neg\u00f3 a recibir la nota que exig\u00eda su comparecencia. El\u00a0<strong>oficial notificador tuvo que pegar la nota en la puerta de su despacho<\/strong>, seg\u00fan afirmaron integrantes de la comisi\u00f3n a\u00a0<strong>elDiarioAR<\/strong>.<\/p>\n<p class=\"article-text\">\u201cSi los funcionarios que estuvieron a cargo de la investigaci\u00f3n se niegan a dar explicaciones que podemos esperar del resto de los funcionarios\u201d, desliz\u00f3, ir\u00f3nica, Selva, una de las diputadas del\u00a0<em>kicillofismo\u00a0<\/em>que todav\u00eda ten\u00eda impresa en el rostro la victoria electoral del domingo.<\/p>\n<p class=\"article-text\">Y desliz\u00f3, en una advertencia que estaba dirigida a los funcionarios, pero tambi\u00e9n a Karina Milei: \u201cLes recuerdo que aprobamos un reglamento que nos permite solicitar auxilio del Poder Judicial si se niegan a comparecer.\u00a0<strong>Ac\u00e1 nadie se arroga facultades del Poder Judicial, a mi y a muchos de los que integramos esta comisi\u00f3n nos encantar\u00eda ir con un patrullero a buscar a la secretaria para que de una vez de la cara.\u00a0<\/strong>Pero no es la facultad que nos estamos arrogando\u201d<strong>.\u00a0<\/strong><\/p>\n<figure><picture class=\"news-image\"><source srcset=\"https:\/\/static.eldiario.es\/clip\/0ca2556e-c11b-42ec-899f-5f09753498bb_16-9-discover-aspect-ratio_50p_0.webp\" type=\"image\/webp\" media=\"(max-width: 576px)\" \/><source srcset=\"https:\/\/static.eldiario.es\/clip\/0ca2556e-c11b-42ec-899f-5f09753498bb_16-9-discover-aspect-ratio_50p_0.jpg\" type=\"image\/jpg\" media=\"(max-width: 576px)\" \/><source srcset=\"https:\/\/static.eldiario.es\/clip\/0ca2556e-c11b-42ec-899f-5f09753498bb_16-9-discover-aspect-ratio_75p_0.webp\" type=\"image\/webp\" media=\"(max-width: 767px)\" \/><source srcset=\"https:\/\/static.eldiario.es\/clip\/0ca2556e-c11b-42ec-899f-5f09753498bb_16-9-discover-aspect-ratio_75p_0.jpg\" type=\"image\/jpg\" media=\"(max-width: 767px)\" \/><source srcset=\"https:\/\/static.eldiario.es\/clip\/0ca2556e-c11b-42ec-899f-5f09753498bb_16-9-discover-aspect-ratio_default_0.webp\" type=\"image\/webp\" media=\"(min-width: 768px)\" \/><source srcset=\"https:\/\/static.eldiario.es\/clip\/0ca2556e-c11b-42ec-899f-5f09753498bb_16-9-discover-aspect-ratio_default_0.jpg\" type=\"image\/jpg\" media=\"(min-width: 768px)\" \/><source srcset=\"https:\/\/static.eldiario.es\/clip\/0ca2556e-c11b-42ec-899f-5f09753498bb_16-9-discover-aspect-ratio_default_0.webp\" type=\"image\/webp\" \/><img decoding=\"async\" class=\"lazy entered loaded\" src=\"https:\/\/static.eldiario.es\/clip\/0ca2556e-c11b-42ec-899f-5f09753498bb_16-9-discover-aspect-ratio_default_0.jpg\" alt=\"Luis Villanueva, ex integrante de la Oficina Anticorrupci\u00f3n\" data-src=\"https:\/\/static.eldiario.es\/clip\/0ca2556e-c11b-42ec-899f-5f09753498bb_16-9-discover-aspect-ratio_default_0.jpg\" data-ll-status=\"loaded\" \/><\/picture><figcaption class=\"image-footer\"><em><span class=\"title\">Luis Villanueva, ex integrante de la Oficina Anticorrupci\u00f3n\u00a0<span class=\"author\">HCDN<\/span><\/span><\/em><\/figcaption><\/figure>\n<p>&nbsp;<\/p>\n<p class=\"article-text\">La comisi\u00f3n resolvi\u00f3 citar a los funcionarios una vez m\u00e1s, pero con una advertencia: si volv\u00edan a ausentarse le pedir\u00edan intervenci\u00f3n a un juez para que los trajera por la fuerza.<strong>\u00a0La oposici\u00f3n mostraba los dientes<\/strong>.<\/p>\n<div id=\"container-after-news-outlook\"><\/div>\n<p class=\"article-text\">Quien s\u00ed asisti\u00f3 fue un ex funcionario de la Oficina Anticorrupci\u00f3n,<strong>\u00a0Luis Francisco Villanueva<\/strong>, quien cuestion\u00f3 el accionar de la OA al determinar que Milei hab\u00eda tuiteado a t\u00edtulo personal y no como funcionario. \u201cHay una violaci\u00f3n a la ley de \u00e9tica p\u00fablica, es vergonzoso. Estamos siempre hablando del presidente.\u00a0<strong>Lo que dice en un set de televisi\u00f3n no puede ser distinto a lo que dice en X<\/strong>\u201d, se\u00f1al\u00f3, y agreg\u00f3: \u201cEs un funcionario p\u00fablico haciendo un acto p\u00fablico a trav\u00e9s de una red social que no se puede hacer\u201d.<\/p>\n<p>&nbsp;<\/p>\n<p class=\"article-text\"><strong>MC &#8211; <a href=\"https:\/\/www.eldiarioar.com\/autores\/maria-cafferata\/\" data-mrf-link=\"https:\/\/www.eldiarioar.com\/autores\/maria-cafferata\/\">Mar\u00eda Cafferata<\/a> &#8211; elDiarioAR<\/strong><\/p>\n<\/div>\n<\/div>\n","protected":false},"excerpt":{"rendered":"<p>La oposici\u00f3n exige que la hermana presidencial se presente el 23 o 30 de septimebre, pero abrieron una puerta para una v\u00eda alternativa: que la comisi\u00f3n vaya a interrogarla a Casa Rosada. La ausencia de dos funcionarios nacionales, Alejandro Melik y Mar\u00eda Florencia Zicavo, prepara el terreno para traerlos por la fuerza.<\/p>\n","protected":false},"author":3,"featured_media":0,"comment_status":"closed","ping_status":"closed","sticky":false,"template":"","format":"standard","meta":{"footnotes":""},"categories":[24],"tags":[],"class_list":["post-124786","post","type-post","status-publish","format-standard","hentry","category-politica"],"yoast_head":"<!-- This site is optimized with the Yoast SEO plugin v25.9 - https:\/\/yoast.com\/wordpress\/plugins\/seo\/ -->\n<title>La comisi\u00f3n $LIBRA cita a Karina Milei para que comparezca antes de las elecciones - Noticias Radio Reflejos<\/title>\n<meta name=\"robots\" content=\"index, follow, max-snippet:-1, max-image-preview:large, max-video-preview:-1\" \/>\n<link rel=\"canonical\" href=\"https:\/\/www.noticiasradioreflejos.com.ar\/2021\/la-comision-libra-cita-a-karina-milei-para-que-comparezca-antes-de-las-elecciones\/\" \/>\n<meta property=\"og:locale\" content=\"es_ES\" \/>\n<meta property=\"og:type\" content=\"article\" \/>\n<meta property=\"og:title\" content=\"La comisi\u00f3n $LIBRA cita a Karina Milei para que comparezca antes de las elecciones - Noticias Radio Reflejos\" \/>\n<meta property=\"og:description\" content=\"La oposici\u00f3n exige que la hermana presidencial se presente el 23 o 30 de septimebre, pero abrieron una puerta para una v\u00eda alternativa: que la comisi\u00f3n vaya a interrogarla a Casa Rosada. La ausencia de dos funcionarios nacionales, Alejandro Melik y Mar\u00eda Florencia Zicavo, prepara el terreno para traerlos por la fuerza.\" \/>\n<meta property=\"og:url\" content=\"https:\/\/www.noticiasradioreflejos.com.ar\/2021\/la-comision-libra-cita-a-karina-milei-para-que-comparezca-antes-de-las-elecciones\/\" \/>\n<meta property=\"og:site_name\" content=\"Noticias Radio Reflejos\" \/>\n<meta property=\"article:published_time\" content=\"2025-09-10T10:22:49+00:00\" \/>\n<meta property=\"og:image\" content=\"https:\/\/www.noticiasradioreflejos.com.ar\/2021\/wp-content\/uploads\/2025\/09\/karina-milei.jpg\" \/>\n\t<meta property=\"og:image:width\" content=\"1200\" \/>\n\t<meta property=\"og:image:height\" content=\"675\" \/>\n\t<meta property=\"og:image:type\" content=\"image\/jpeg\" \/>\n<meta name=\"author\" content=\"Arnaldo Botto\" \/>\n<meta name=\"twitter:card\" content=\"summary_large_image\" \/>\n<script type=\"application\/ld+json\" class=\"yoast-schema-graph\">{\"@context\":\"https:\/\/schema.org\",\"@graph\":[{\"@type\":\"WebPage\",\"@id\":\"https:\/\/www.noticiasradioreflejos.com.ar\/2021\/la-comision-libra-cita-a-karina-milei-para-que-comparezca-antes-de-las-elecciones\/\",\"url\":\"https:\/\/www.noticiasradioreflejos.com.ar\/2021\/la-comision-libra-cita-a-karina-milei-para-que-comparezca-antes-de-las-elecciones\/\",\"name\":\"La comisi\u00f3n $LIBRA cita a Karina Milei para que comparezca antes de las elecciones - Noticias Radio Reflejos\",\"isPartOf\":{\"@id\":\"https:\/\/www.noticiasradioreflejos.com.ar\/2021\/#website\"},\"primaryImageOfPage\":{\"@id\":\"https:\/\/www.noticiasradioreflejos.com.ar\/2021\/la-comision-libra-cita-a-karina-milei-para-que-comparezca-antes-de-las-elecciones\/#primaryimage\"},\"image\":{\"@id\":\"https:\/\/www.noticiasradioreflejos.com.ar\/2021\/la-comision-libra-cita-a-karina-milei-para-que-comparezca-antes-de-las-elecciones\/#primaryimage\"},\"thumbnailUrl\":\"https:\/\/static.eldiario.es\/clip\/97237586-a6f9-464e-a0a0-171b62819ffe_16-9-discover-aspect-ratio_default_0.jpg\",\"datePublished\":\"2025-09-10T10:22:49+00:00\",\"author\":{\"@id\":\"https:\/\/www.noticiasradioreflejos.com.ar\/2021\/#\/schema\/person\/ad82545263dcc5ec0996818884fd5fb1\"},\"breadcrumb\":{\"@id\":\"https:\/\/www.noticiasradioreflejos.com.ar\/2021\/la-comision-libra-cita-a-karina-milei-para-que-comparezca-antes-de-las-elecciones\/#breadcrumb\"},\"inLanguage\":\"es\",\"potentialAction\":[{\"@type\":\"ReadAction\",\"target\":[\"https:\/\/www.noticiasradioreflejos.com.ar\/2021\/la-comision-libra-cita-a-karina-milei-para-que-comparezca-antes-de-las-elecciones\/\"]}]},{\"@type\":\"ImageObject\",\"inLanguage\":\"es\",\"@id\":\"https:\/\/www.noticiasradioreflejos.com.ar\/2021\/la-comision-libra-cita-a-karina-milei-para-que-comparezca-antes-de-las-elecciones\/#primaryimage\",\"url\":\"https:\/\/static.eldiario.es\/clip\/97237586-a6f9-464e-a0a0-171b62819ffe_16-9-discover-aspect-ratio_default_0.jpg\",\"contentUrl\":\"https:\/\/static.eldiario.es\/clip\/97237586-a6f9-464e-a0a0-171b62819ffe_16-9-discover-aspect-ratio_default_0.jpg\"},{\"@type\":\"BreadcrumbList\",\"@id\":\"https:\/\/www.noticiasradioreflejos.com.ar\/2021\/la-comision-libra-cita-a-karina-milei-para-que-comparezca-antes-de-las-elecciones\/#breadcrumb\",\"itemListElement\":[{\"@type\":\"ListItem\",\"position\":1,\"name\":\"Portada\",\"item\":\"https:\/\/www.noticiasradioreflejos.com.ar\/2021\/\"},{\"@type\":\"ListItem\",\"position\":2,\"name\":\"La comisi\u00f3n $LIBRA cita a Karina Milei para que comparezca antes de las elecciones\"}]},{\"@type\":\"WebSite\",\"@id\":\"https:\/\/www.noticiasradioreflejos.com.ar\/2021\/#website\",\"url\":\"https:\/\/www.noticiasradioreflejos.com.ar\/2021\/\",\"name\":\"Noticias Radio Reflejos\",\"description\":\"Las noticias de mi comarca\",\"potentialAction\":[{\"@type\":\"SearchAction\",\"target\":{\"@type\":\"EntryPoint\",\"urlTemplate\":\"https:\/\/www.noticiasradioreflejos.com.ar\/2021\/?s={search_term_string}\"},\"query-input\":{\"@type\":\"PropertyValueSpecification\",\"valueRequired\":true,\"valueName\":\"search_term_string\"}}],\"inLanguage\":\"es\"},{\"@type\":\"Person\",\"@id\":\"https:\/\/www.noticiasradioreflejos.com.ar\/2021\/#\/schema\/person\/ad82545263dcc5ec0996818884fd5fb1\",\"name\":\"Arnaldo Botto\",\"image\":{\"@type\":\"ImageObject\",\"inLanguage\":\"es\",\"@id\":\"https:\/\/www.noticiasradioreflejos.com.ar\/2021\/#\/schema\/person\/image\/\",\"url\":\"https:\/\/secure.gravatar.com\/avatar\/55cb5e37c1efa326397366e6974cb338056df65cb50e7d64d1cf314e87504837?s=96&d=mm&r=g\",\"contentUrl\":\"https:\/\/secure.gravatar.com\/avatar\/55cb5e37c1efa326397366e6974cb338056df65cb50e7d64d1cf314e87504837?s=96&d=mm&r=g\",\"caption\":\"Arnaldo Botto\"},\"url\":\"https:\/\/www.noticiasradioreflejos.com.ar\/2021\/author\/arnaldo\/\"}]}<\/script>\n<!-- \/ Yoast SEO plugin. -->","yoast_head_json":{"title":"La comisi\u00f3n $LIBRA cita a Karina Milei para que comparezca antes de las elecciones - Noticias Radio Reflejos","robots":{"index":"index","follow":"follow","max-snippet":"max-snippet:-1","max-image-preview":"max-image-preview:large","max-video-preview":"max-video-preview:-1"},"canonical":"https:\/\/www.noticiasradioreflejos.com.ar\/2021\/la-comision-libra-cita-a-karina-milei-para-que-comparezca-antes-de-las-elecciones\/","og_locale":"es_ES","og_type":"article","og_title":"La comisi\u00f3n $LIBRA cita a Karina Milei para que comparezca antes de las elecciones - Noticias Radio Reflejos","og_description":"La oposici\u00f3n exige que la hermana presidencial se presente el 23 o 30 de septimebre, pero abrieron una puerta para una v\u00eda alternativa: que la comisi\u00f3n vaya a interrogarla a Casa Rosada. La ausencia de dos funcionarios nacionales, Alejandro Melik y Mar\u00eda Florencia Zicavo, prepara el terreno para traerlos por la fuerza.","og_url":"https:\/\/www.noticiasradioreflejos.com.ar\/2021\/la-comision-libra-cita-a-karina-milei-para-que-comparezca-antes-de-las-elecciones\/","og_site_name":"Noticias Radio Reflejos","article_published_time":"2025-09-10T10:22:49+00:00","og_image":[{"width":1200,"height":675,"url":"https:\/\/www.noticiasradioreflejos.com.ar\/2021\/wp-content\/uploads\/2025\/09\/karina-milei.jpg","type":"image\/jpeg"}],"author":"Arnaldo Botto","twitter_card":"summary_large_image","schema":{"@context":"https:\/\/schema.org","@graph":[{"@type":"WebPage","@id":"https:\/\/www.noticiasradioreflejos.com.ar\/2021\/la-comision-libra-cita-a-karina-milei-para-que-comparezca-antes-de-las-elecciones\/","url":"https:\/\/www.noticiasradioreflejos.com.ar\/2021\/la-comision-libra-cita-a-karina-milei-para-que-comparezca-antes-de-las-elecciones\/","name":"La comisi\u00f3n $LIBRA cita a Karina Milei para que comparezca antes de las elecciones - Noticias Radio Reflejos","isPartOf":{"@id":"https:\/\/www.noticiasradioreflejos.com.ar\/2021\/#website"},"primaryImageOfPage":{"@id":"https:\/\/www.noticiasradioreflejos.com.ar\/2021\/la-comision-libra-cita-a-karina-milei-para-que-comparezca-antes-de-las-elecciones\/#primaryimage"},"image":{"@id":"https:\/\/www.noticiasradioreflejos.com.ar\/2021\/la-comision-libra-cita-a-karina-milei-para-que-comparezca-antes-de-las-elecciones\/#primaryimage"},"thumbnailUrl":"https:\/\/static.eldiario.es\/clip\/97237586-a6f9-464e-a0a0-171b62819ffe_16-9-discover-aspect-ratio_default_0.jpg","datePublished":"2025-09-10T10:22:49+00:00","author":{"@id":"https:\/\/www.noticiasradioreflejos.com.ar\/2021\/#\/schema\/person\/ad82545263dcc5ec0996818884fd5fb1"},"breadcrumb":{"@id":"https:\/\/www.noticiasradioreflejos.com.ar\/2021\/la-comision-libra-cita-a-karina-milei-para-que-comparezca-antes-de-las-elecciones\/#breadcrumb"},"inLanguage":"es","potentialAction":[{"@type":"ReadAction","target":["https:\/\/www.noticiasradioreflejos.com.ar\/2021\/la-comision-libra-cita-a-karina-milei-para-que-comparezca-antes-de-las-elecciones\/"]}]},{"@type":"ImageObject","inLanguage":"es","@id":"https:\/\/www.noticiasradioreflejos.com.ar\/2021\/la-comision-libra-cita-a-karina-milei-para-que-comparezca-antes-de-las-elecciones\/#primaryimage","url":"https:\/\/static.eldiario.es\/clip\/97237586-a6f9-464e-a0a0-171b62819ffe_16-9-discover-aspect-ratio_default_0.jpg","contentUrl":"https:\/\/static.eldiario.es\/clip\/97237586-a6f9-464e-a0a0-171b62819ffe_16-9-discover-aspect-ratio_default_0.jpg"},{"@type":"BreadcrumbList","@id":"https:\/\/www.noticiasradioreflejos.com.ar\/2021\/la-comision-libra-cita-a-karina-milei-para-que-comparezca-antes-de-las-elecciones\/#breadcrumb","itemListElement":[{"@type":"ListItem","position":1,"name":"Portada","item":"https:\/\/www.noticiasradioreflejos.com.ar\/2021\/"},{"@type":"ListItem","position":2,"name":"La comisi\u00f3n $LIBRA cita a Karina Milei para que comparezca antes de las elecciones"}]},{"@type":"WebSite","@id":"https:\/\/www.noticiasradioreflejos.com.ar\/2021\/#website","url":"https:\/\/www.noticiasradioreflejos.com.ar\/2021\/","name":"Noticias Radio Reflejos","description":"Las noticias de mi comarca","potentialAction":[{"@type":"SearchAction","target":{"@type":"EntryPoint","urlTemplate":"https:\/\/www.noticiasradioreflejos.com.ar\/2021\/?s={search_term_string}"},"query-input":{"@type":"PropertyValueSpecification","valueRequired":true,"valueName":"search_term_string"}}],"inLanguage":"es"},{"@type":"Person","@id":"https:\/\/www.noticiasradioreflejos.com.ar\/2021\/#\/schema\/person\/ad82545263dcc5ec0996818884fd5fb1","name":"Arnaldo Botto","image":{"@type":"ImageObject","inLanguage":"es","@id":"https:\/\/www.noticiasradioreflejos.com.ar\/2021\/#\/schema\/person\/image\/","url":"https:\/\/secure.gravatar.com\/avatar\/55cb5e37c1efa326397366e6974cb338056df65cb50e7d64d1cf314e87504837?s=96&d=mm&r=g","contentUrl":"https:\/\/secure.gravatar.com\/avatar\/55cb5e37c1efa326397366e6974cb338056df65cb50e7d64d1cf314e87504837?s=96&d=mm&r=g","caption":"Arnaldo Botto"},"url":"https:\/\/www.noticiasradioreflejos.com.ar\/2021\/author\/arnaldo\/"}]}},"_links":{"self":[{"href":"https:\/\/www.noticiasradioreflejos.com.ar\/2021\/wp-json\/wp\/v2\/posts\/124786","targetHints":{"allow":["GET"]}}],"collection":[{"href":"https:\/\/www.noticiasradioreflejos.com.ar\/2021\/wp-json\/wp\/v2\/posts"}],"about":[{"href":"https:\/\/www.noticiasradioreflejos.com.ar\/2021\/wp-json\/wp\/v2\/types\/post"}],"author":[{"embeddable":true,"href":"https:\/\/www.noticiasradioreflejos.com.ar\/2021\/wp-json\/wp\/v2\/users\/3"}],"replies":[{"embeddable":true,"href":"https:\/\/www.noticiasradioreflejos.com.ar\/2021\/wp-json\/wp\/v2\/comments?post=124786"}],"version-history":[{"count":1,"href":"https:\/\/www.noticiasradioreflejos.com.ar\/2021\/wp-json\/wp\/v2\/posts\/124786\/revisions"}],"predecessor-version":[{"id":124788,"href":"https:\/\/www.noticiasradioreflejos.com.ar\/2021\/wp-json\/wp\/v2\/posts\/124786\/revisions\/124788"}],"wp:attachment":[{"href":"https:\/\/www.noticiasradioreflejos.com.ar\/2021\/wp-json\/wp\/v2\/media?parent=124786"}],"wp:term":[{"taxonomy":"category","embeddable":true,"href":"https:\/\/www.noticiasradioreflejos.com.ar\/2021\/wp-json\/wp\/v2\/categories?post=124786"},{"taxonomy":"post_tag","embeddable":true,"href":"https:\/\/www.noticiasradioreflejos.com.ar\/2021\/wp-json\/wp\/v2\/tags?post=124786"}],"curies":[{"name":"wp","href":"https:\/\/api.w.org\/{rel}","templated":true}]}}