{"id":124783,"date":"2025-09-09T19:08:12","date_gmt":"2025-09-09T22:08:12","guid":{"rendered":"https:\/\/www.noticiasradioreflejos.com.ar\/2021\/?p=124783"},"modified":"2025-09-09T19:08:12","modified_gmt":"2025-09-09T22:08:12","slug":"milei-ratifico-el-rumbo-tras-el-respaldo-del-fmi-no-nos-moveremos-ni-un-milimetro-del-programa-economico","status":"publish","type":"post","link":"https:\/\/www.noticiasradioreflejos.com.ar\/2021\/milei-ratifico-el-rumbo-tras-el-respaldo-del-fmi-no-nos-moveremos-ni-un-milimetro-del-programa-economico\/","title":{"rendered":"Milei ratific\u00f3 el rumbo tras el respaldo del FMI: \u00abNo nos moveremos ni un mil\u00edmetro del programa econ\u00f3mico\u00bb"},"content":{"rendered":"<p>Tras el respaldo del FMI y en medio de la tensi\u00f3n financiera, ratific\u00f3 el rumbo: \u201cNo nos moveremos ni un mil\u00edmetro\u201d, asegur\u00f3, y confirm\u00f3 el ancla fiscal.<!--more--><\/p>\n<div class=\"columns\" data-tadevel-template=\"web\/article-columns\">\n<div class=\"column-main\">\n<div class=\"article-body\" data-tadevel-template=\"web\/article-body\">\n<div class=\"article-body-content\">\n<p>En medio de la fuerte tensi\u00f3n financiera por la derrota electoral y minutos despu\u00e9s de recibir un expl\u00edcito respaldo del FMI, el presidente\u00a0<strong>Javier Milei<\/strong>\u00a0ratific\u00f3 el rumbo de su gesti\u00f3n y asegur\u00f3 que no habr\u00e1 cambios en la pol\u00edtica econ\u00f3mica.\u00a0<strong>\u00abTal como se\u00f1al\u00e9 el d\u00eda domingo, no nos moveremos ni un mil\u00edmetro del programa econ\u00f3mico\u00bb<\/strong>, afirm\u00f3 en un mensaje en sus redes sociales.<\/p>\n<p>El posteo del mandatario, publicado este martes por la tarde, busca reforzar la se\u00f1al de estabilidad enviada m\u00e1s temprano por el ministro Luis Caputo y por la vocera del Fondo Monetario,\u00a0<strong>Julie Kozack<\/strong>, quien hab\u00eda asegurado que el organismo \u00abapoya\u00bb el ancla fiscal y el marco cambiario del Gobierno.\u00a0<strong>Seg\u00fan supo Noticias Argentinas<\/strong>, el Presidente busca as\u00ed contener la incertidumbre de los mercados, que reaccionaron con una fuerte suba del d\u00f3lar y ca\u00edda de los bonos tras el resultado del domingo.<\/p>\n<figure class=\"multimedia\" data-html=\"\" data-tadevel-template=\"web\/multimedia\" data-type=\"rich\" data-url=\"https:\/\/twitter.com\/JMilei\/status\/1965512520720154990\">\n<div class=\"content\"><iframe src=\"https:\/\/alpha-app.tadevel-cdn.com\/hostname\/noticiasargentinas.com\/api\/v1\/sandbox\/PGJsb2NrcXVvdGUgY2xhc3M9InR3aXR0ZXItdHdlZXQiPjxwIGxhbmc9ImVzIiBkaXI9Imx0ciI%2BVGFsIGNvbW8gc2XDsWFsw6kgZWwgZMOtYSBkb21pbmdvLCBubyBub3MgbW92ZXJlbW9zIG5pIHVuIG1pbMOtbWV0cm8gZGVsIHByb2dyYW1hIGVjb27Ds21pY286PGJyPigxKSBlcXVpbGlicmlvIGZpc2NhbDs8YnI%2BKDIpIG1lcmNhZG8gbW9uZXRhcmlvIGFqdXN0YWRvOyB5PGJyPigzKSBlbiBsbyBjYW1iaWFyaW8sIHNlIG1hbnRpZW5lbiBsYXMgYmFuZGFzIGNhbWJpYXJpYXMgcGFjdGFkYXMgY29uIGVsIEZNSS48YnI%2BQWRlbcOhcywgc2VndWlyZW1vcyBkZXNyZWd1bGFuZG8uPGJyPlZMTEMhIDxhIGhyZWY9Imh0dHBzOi8vdC5jby91Q3VPWHBVajNTIj5odHRwczovL3QuY28vdUN1T1hwVWozUzwvYT48L3A%2BJm1kYXNoOyBKYXZpZXIgTWlsZWkgKEBKTWlsZWkpIDxhIGhyZWY9Imh0dHBzOi8vdHdpdHRlci5jb20vSk1pbGVpL3N0YXR1cy8xOTY1NTEyNTIwNzIwMTU0OTkwP3JlZl9zcmM9dHdzcmMlNUV0ZnciPlNlcHRlbWJlciA5LCAyMDI1PC9hPjwvYmxvY2txdW90ZT4KPHNjcmlwdCBhc3luYyBzcmM9Imh0dHBzOi8vcGxhdGZvcm0udHdpdHRlci5jb20vd2lkZ2V0cy5qcyIgY2hhcnNldD0idXRmLTgiPjwvc2NyaXB0PgoK?v=940766a128cc69021e0b21f03ea30e5f&amp;s=3759d4235c6fd145fd35979ca7eba384\" scrolling=\"no\" sandbox=\"allow-scripts allow-forms allow-same-origin allow-popups allow-popups-to-escape-sandbox\" data-mce-fragment=\"1\"><\/iframe><\/div><figcaption class=\"caption\">\n<div class=\"description\">X de Javier Milei<\/div>\n<div class=\"attribution\"><\/div>\n<\/figcaption><\/figure>\n<h3>Los tres pilares de Milei<\/h3>\n<p>En su mensaje, el Presidente enumer\u00f3 los tres pilares de su programa que se mantendr\u00e1n inalterables y cerr\u00f3 con su cl\u00e1sico \u00abVLLC!\u00bb:<\/p>\n<ul>\n<li>(1) Equilibrio fiscal;<\/li>\n<li>(2) Mercado monetario ajustado; y<\/li>\n<li>(3) En lo cambiario, se mantienen las bandas cambiarias pactadas con el FMI.<\/li>\n<li>Adem\u00e1s, seguiremos desregulando.<\/li>\n<\/ul>\n<p>La ratificaci\u00f3n del rumbo llega en simult\u00e1neo a la reconfiguraci\u00f3n pol\u00edtica del oficialismo, que anunci\u00f3 la creaci\u00f3n de una \u00abmesa pol\u00edtica nacional\u00bb y una convocatoria al di\u00e1logo con los gobernadores para intentar contener la crisis desatada por el resultado electoral.<\/p>\n<\/div>\n<\/div>\n<\/div>\n<\/div>\n","protected":false},"excerpt":{"rendered":"<p>Tras el respaldo del FMI y en medio de la tensi\u00f3n financiera, ratific\u00f3 el rumbo: \u201cNo nos moveremos ni un mil\u00edmetro\u201d, asegur\u00f3, y confirm\u00f3 el ancla fiscal.<\/p>\n","protected":false},"author":3,"featured_media":0,"comment_status":"closed","ping_status":"closed","sticky":false,"template":"","format":"standard","meta":{"footnotes":""},"categories":[36,58],"tags":[],"class_list":["post-124783","post","type-post","status-publish","format-standard","hentry","category-economia","category-gobierno"],"yoast_head":"<!-- This site is optimized with the Yoast SEO plugin v25.9 - https:\/\/yoast.com\/wordpress\/plugins\/seo\/ -->\n<title>Milei ratific\u00f3 el rumbo tras el respaldo del FMI: &quot;No nos moveremos ni un mil\u00edmetro del programa econ\u00f3mico&quot; - Noticias Radio Reflejos<\/title>\n<meta name=\"robots\" content=\"index, follow, max-snippet:-1, max-image-preview:large, max-video-preview:-1\" \/>\n<link rel=\"canonical\" href=\"https:\/\/www.noticiasradioreflejos.com.ar\/2021\/milei-ratifico-el-rumbo-tras-el-respaldo-del-fmi-no-nos-moveremos-ni-un-milimetro-del-programa-economico\/\" \/>\n<meta property=\"og:locale\" content=\"es_ES\" \/>\n<meta property=\"og:type\" content=\"article\" \/>\n<meta property=\"og:title\" content=\"Milei ratific\u00f3 el rumbo tras el respaldo del FMI: &quot;No nos moveremos ni un mil\u00edmetro del programa econ\u00f3mico&quot; - Noticias Radio Reflejos\" \/>\n<meta property=\"og:description\" content=\"Tras el respaldo del FMI y en medio de la tensi\u00f3n financiera, ratific\u00f3 el rumbo: \u201cNo nos moveremos ni un mil\u00edmetro\u201d, asegur\u00f3, y confirm\u00f3 el ancla fiscal.\" \/>\n<meta property=\"og:url\" content=\"https:\/\/www.noticiasradioreflejos.com.ar\/2021\/milei-ratifico-el-rumbo-tras-el-respaldo-del-fmi-no-nos-moveremos-ni-un-milimetro-del-programa-economico\/\" \/>\n<meta property=\"og:site_name\" content=\"Noticias Radio Reflejos\" \/>\n<meta property=\"article:published_time\" content=\"2025-09-09T22:08:12+00:00\" \/>\n<meta property=\"og:image\" content=\"https:\/\/www.noticiasradioreflejos.com.ar\/2021\/wp-content\/uploads\/2024\/07\/milei.jpg\" \/>\n\t<meta property=\"og:image:width\" content=\"640\" \/>\n\t<meta property=\"og:image:height\" content=\"357\" \/>\n\t<meta property=\"og:image:type\" content=\"image\/jpeg\" \/>\n<meta name=\"author\" content=\"Arnaldo Botto\" \/>\n<meta name=\"twitter:card\" content=\"summary_large_image\" \/>\n<script type=\"application\/ld+json\" class=\"yoast-schema-graph\">{\"@context\":\"https:\/\/schema.org\",\"@graph\":[{\"@type\":\"WebPage\",\"@id\":\"https:\/\/www.noticiasradioreflejos.com.ar\/2021\/milei-ratifico-el-rumbo-tras-el-respaldo-del-fmi-no-nos-moveremos-ni-un-milimetro-del-programa-economico\/\",\"url\":\"https:\/\/www.noticiasradioreflejos.com.ar\/2021\/milei-ratifico-el-rumbo-tras-el-respaldo-del-fmi-no-nos-moveremos-ni-un-milimetro-del-programa-economico\/\",\"name\":\"Milei ratific\u00f3 el rumbo tras el respaldo del FMI: \\\"No nos moveremos ni un mil\u00edmetro del programa econ\u00f3mico\\\" - Noticias Radio Reflejos\",\"isPartOf\":{\"@id\":\"https:\/\/www.noticiasradioreflejos.com.ar\/2021\/#website\"},\"datePublished\":\"2025-09-09T22:08:12+00:00\",\"author\":{\"@id\":\"https:\/\/www.noticiasradioreflejos.com.ar\/2021\/#\/schema\/person\/ad82545263dcc5ec0996818884fd5fb1\"},\"breadcrumb\":{\"@id\":\"https:\/\/www.noticiasradioreflejos.com.ar\/2021\/milei-ratifico-el-rumbo-tras-el-respaldo-del-fmi-no-nos-moveremos-ni-un-milimetro-del-programa-economico\/#breadcrumb\"},\"inLanguage\":\"es\",\"potentialAction\":[{\"@type\":\"ReadAction\",\"target\":[\"https:\/\/www.noticiasradioreflejos.com.ar\/2021\/milei-ratifico-el-rumbo-tras-el-respaldo-del-fmi-no-nos-moveremos-ni-un-milimetro-del-programa-economico\/\"]}]},{\"@type\":\"BreadcrumbList\",\"@id\":\"https:\/\/www.noticiasradioreflejos.com.ar\/2021\/milei-ratifico-el-rumbo-tras-el-respaldo-del-fmi-no-nos-moveremos-ni-un-milimetro-del-programa-economico\/#breadcrumb\",\"itemListElement\":[{\"@type\":\"ListItem\",\"position\":1,\"name\":\"Portada\",\"item\":\"https:\/\/www.noticiasradioreflejos.com.ar\/2021\/\"},{\"@type\":\"ListItem\",\"position\":2,\"name\":\"Milei ratific\u00f3 el rumbo tras el respaldo del FMI: \u00abNo nos moveremos ni un mil\u00edmetro del programa econ\u00f3mico\u00bb\"}]},{\"@type\":\"WebSite\",\"@id\":\"https:\/\/www.noticiasradioreflejos.com.ar\/2021\/#website\",\"url\":\"https:\/\/www.noticiasradioreflejos.com.ar\/2021\/\",\"name\":\"Noticias Radio Reflejos\",\"description\":\"Las noticias de mi comarca\",\"potentialAction\":[{\"@type\":\"SearchAction\",\"target\":{\"@type\":\"EntryPoint\",\"urlTemplate\":\"https:\/\/www.noticiasradioreflejos.com.ar\/2021\/?s={search_term_string}\"},\"query-input\":{\"@type\":\"PropertyValueSpecification\",\"valueRequired\":true,\"valueName\":\"search_term_string\"}}],\"inLanguage\":\"es\"},{\"@type\":\"Person\",\"@id\":\"https:\/\/www.noticiasradioreflejos.com.ar\/2021\/#\/schema\/person\/ad82545263dcc5ec0996818884fd5fb1\",\"name\":\"Arnaldo Botto\",\"image\":{\"@type\":\"ImageObject\",\"inLanguage\":\"es\",\"@id\":\"https:\/\/www.noticiasradioreflejos.com.ar\/2021\/#\/schema\/person\/image\/\",\"url\":\"https:\/\/secure.gravatar.com\/avatar\/55cb5e37c1efa326397366e6974cb338056df65cb50e7d64d1cf314e87504837?s=96&d=mm&r=g\",\"contentUrl\":\"https:\/\/secure.gravatar.com\/avatar\/55cb5e37c1efa326397366e6974cb338056df65cb50e7d64d1cf314e87504837?s=96&d=mm&r=g\",\"caption\":\"Arnaldo Botto\"},\"url\":\"https:\/\/www.noticiasradioreflejos.com.ar\/2021\/author\/arnaldo\/\"}]}<\/script>\n<!-- \/ Yoast SEO plugin. -->","yoast_head_json":{"title":"Milei ratific\u00f3 el rumbo tras el respaldo del FMI: \"No nos moveremos ni un mil\u00edmetro del programa econ\u00f3mico\" - Noticias Radio Reflejos","robots":{"index":"index","follow":"follow","max-snippet":"max-snippet:-1","max-image-preview":"max-image-preview:large","max-video-preview":"max-video-preview:-1"},"canonical":"https:\/\/www.noticiasradioreflejos.com.ar\/2021\/milei-ratifico-el-rumbo-tras-el-respaldo-del-fmi-no-nos-moveremos-ni-un-milimetro-del-programa-economico\/","og_locale":"es_ES","og_type":"article","og_title":"Milei ratific\u00f3 el rumbo tras el respaldo del FMI: \"No nos moveremos ni un mil\u00edmetro del programa econ\u00f3mico\" - Noticias Radio Reflejos","og_description":"Tras el respaldo del FMI y en medio de la tensi\u00f3n financiera, ratific\u00f3 el rumbo: \u201cNo nos moveremos ni un mil\u00edmetro\u201d, asegur\u00f3, y confirm\u00f3 el ancla fiscal.","og_url":"https:\/\/www.noticiasradioreflejos.com.ar\/2021\/milei-ratifico-el-rumbo-tras-el-respaldo-del-fmi-no-nos-moveremos-ni-un-milimetro-del-programa-economico\/","og_site_name":"Noticias Radio Reflejos","article_published_time":"2025-09-09T22:08:12+00:00","og_image":[{"width":640,"height":357,"url":"https:\/\/www.noticiasradioreflejos.com.ar\/2021\/wp-content\/uploads\/2024\/07\/milei.jpg","type":"image\/jpeg"}],"author":"Arnaldo Botto","twitter_card":"summary_large_image","schema":{"@context":"https:\/\/schema.org","@graph":[{"@type":"WebPage","@id":"https:\/\/www.noticiasradioreflejos.com.ar\/2021\/milei-ratifico-el-rumbo-tras-el-respaldo-del-fmi-no-nos-moveremos-ni-un-milimetro-del-programa-economico\/","url":"https:\/\/www.noticiasradioreflejos.com.ar\/2021\/milei-ratifico-el-rumbo-tras-el-respaldo-del-fmi-no-nos-moveremos-ni-un-milimetro-del-programa-economico\/","name":"Milei ratific\u00f3 el rumbo tras el respaldo del FMI: \"No nos moveremos ni un mil\u00edmetro del programa econ\u00f3mico\" - Noticias Radio Reflejos","isPartOf":{"@id":"https:\/\/www.noticiasradioreflejos.com.ar\/2021\/#website"},"datePublished":"2025-09-09T22:08:12+00:00","author":{"@id":"https:\/\/www.noticiasradioreflejos.com.ar\/2021\/#\/schema\/person\/ad82545263dcc5ec0996818884fd5fb1"},"breadcrumb":{"@id":"https:\/\/www.noticiasradioreflejos.com.ar\/2021\/milei-ratifico-el-rumbo-tras-el-respaldo-del-fmi-no-nos-moveremos-ni-un-milimetro-del-programa-economico\/#breadcrumb"},"inLanguage":"es","potentialAction":[{"@type":"ReadAction","target":["https:\/\/www.noticiasradioreflejos.com.ar\/2021\/milei-ratifico-el-rumbo-tras-el-respaldo-del-fmi-no-nos-moveremos-ni-un-milimetro-del-programa-economico\/"]}]},{"@type":"BreadcrumbList","@id":"https:\/\/www.noticiasradioreflejos.com.ar\/2021\/milei-ratifico-el-rumbo-tras-el-respaldo-del-fmi-no-nos-moveremos-ni-un-milimetro-del-programa-economico\/#breadcrumb","itemListElement":[{"@type":"ListItem","position":1,"name":"Portada","item":"https:\/\/www.noticiasradioreflejos.com.ar\/2021\/"},{"@type":"ListItem","position":2,"name":"Milei ratific\u00f3 el rumbo tras el respaldo del FMI: \u00abNo nos moveremos ni un mil\u00edmetro del programa econ\u00f3mico\u00bb"}]},{"@type":"WebSite","@id":"https:\/\/www.noticiasradioreflejos.com.ar\/2021\/#website","url":"https:\/\/www.noticiasradioreflejos.com.ar\/2021\/","name":"Noticias Radio Reflejos","description":"Las noticias de mi comarca","potentialAction":[{"@type":"SearchAction","target":{"@type":"EntryPoint","urlTemplate":"https:\/\/www.noticiasradioreflejos.com.ar\/2021\/?s={search_term_string}"},"query-input":{"@type":"PropertyValueSpecification","valueRequired":true,"valueName":"search_term_string"}}],"inLanguage":"es"},{"@type":"Person","@id":"https:\/\/www.noticiasradioreflejos.com.ar\/2021\/#\/schema\/person\/ad82545263dcc5ec0996818884fd5fb1","name":"Arnaldo Botto","image":{"@type":"ImageObject","inLanguage":"es","@id":"https:\/\/www.noticiasradioreflejos.com.ar\/2021\/#\/schema\/person\/image\/","url":"https:\/\/secure.gravatar.com\/avatar\/55cb5e37c1efa326397366e6974cb338056df65cb50e7d64d1cf314e87504837?s=96&d=mm&r=g","contentUrl":"https:\/\/secure.gravatar.com\/avatar\/55cb5e37c1efa326397366e6974cb338056df65cb50e7d64d1cf314e87504837?s=96&d=mm&r=g","caption":"Arnaldo Botto"},"url":"https:\/\/www.noticiasradioreflejos.com.ar\/2021\/author\/arnaldo\/"}]}},"_links":{"self":[{"href":"https:\/\/www.noticiasradioreflejos.com.ar\/2021\/wp-json\/wp\/v2\/posts\/124783","targetHints":{"allow":["GET"]}}],"collection":[{"href":"https:\/\/www.noticiasradioreflejos.com.ar\/2021\/wp-json\/wp\/v2\/posts"}],"about":[{"href":"https:\/\/www.noticiasradioreflejos.com.ar\/2021\/wp-json\/wp\/v2\/types\/post"}],"author":[{"embeddable":true,"href":"https:\/\/www.noticiasradioreflejos.com.ar\/2021\/wp-json\/wp\/v2\/users\/3"}],"replies":[{"embeddable":true,"href":"https:\/\/www.noticiasradioreflejos.com.ar\/2021\/wp-json\/wp\/v2\/comments?post=124783"}],"version-history":[{"count":1,"href":"https:\/\/www.noticiasradioreflejos.com.ar\/2021\/wp-json\/wp\/v2\/posts\/124783\/revisions"}],"predecessor-version":[{"id":124784,"href":"https:\/\/www.noticiasradioreflejos.com.ar\/2021\/wp-json\/wp\/v2\/posts\/124783\/revisions\/124784"}],"wp:attachment":[{"href":"https:\/\/www.noticiasradioreflejos.com.ar\/2021\/wp-json\/wp\/v2\/media?parent=124783"}],"wp:term":[{"taxonomy":"category","embeddable":true,"href":"https:\/\/www.noticiasradioreflejos.com.ar\/2021\/wp-json\/wp\/v2\/categories?post=124783"},{"taxonomy":"post_tag","embeddable":true,"href":"https:\/\/www.noticiasradioreflejos.com.ar\/2021\/wp-json\/wp\/v2\/tags?post=124783"}],"curies":[{"name":"wp","href":"https:\/\/api.w.org\/{rel}","templated":true}]}}