{"id":124768,"date":"2025-09-09T16:33:15","date_gmt":"2025-09-09T19:33:15","guid":{"rendered":"https:\/\/www.noticiasradioreflejos.com.ar\/2021\/?p=124768"},"modified":"2025-09-09T16:33:15","modified_gmt":"2025-09-09T19:33:15","slug":"condenan-a-14-anos-y-10-meses-de-prision-a-un-policia-por-abusar-de-una-menor-de-edad","status":"publish","type":"post","link":"https:\/\/www.noticiasradioreflejos.com.ar\/2021\/condenan-a-14-anos-y-10-meses-de-prision-a-un-policia-por-abusar-de-una-menor-de-edad\/","title":{"rendered":"Condenan a 14 a\u00f1os y 10 meses de prisi\u00f3n a un polic\u00eda por abusar de una menor de edad"},"content":{"rendered":"<p>El Tribunal en lo Criminal N.\u00ba 2 conden\u00f3 a un polic\u00eda, a la pena de 14 a\u00f1os y 10 meses de prisi\u00f3n por haber abusado de la hija de su pareja, hecho que fue admitido por el propio el imputado durante el juicio oral y p\u00fablico.<!--more--><\/p>\n<p>Seg\u00fan la causa, investigada por la\u00a0<strong>UFIJ N.\u00ba 14 a cargo del fiscal Marcelo Romero Jard\u00edn<\/strong>, los hechos ocurrieron entre febrero y marzo de 2019 en una vivienda de la localidad de Necochea, cuando la v\u00edctima ten\u00eda 11 a\u00f1os de edad y el hombre- efectivo de la Polic\u00eda de la Provincia de Buenos Aires que prestaba funciones en la DDI- ingres\u00f3 a la habitaci\u00f3n de la ni\u00f1a para tocarla en su partes \u00edntimas.<\/p>\n<p>Adem\u00e1s, ocurrieron otros hechos similares entre marzo y septiembre de ese a\u00f1o, en otras viviendas que la familia ocup\u00f3 en Bah\u00eda Blanca, luego de lo cual el acusado la amenazaba para que no contara nada de los sucedido, porque si lo hac\u00eda le har\u00eda lo mismo a otras integrantes de la familia.<\/p>\n<p>El hombre fue condenado por el delito de abuso sexual simple, en concurso real con abuso sexual simple, reiterado y agravado por el aprovechamiento de la situaci\u00f3n de convivencia preexistente con una menor de 18 a\u00f1os de edad.<\/p>\n<\/article>\n<\/div>\n<\/div>\n<\/div>\n<\/div>\n<\/div>\n","protected":false},"excerpt":{"rendered":"<p>El Tribunal en lo Criminal N.\u00ba 2 conden\u00f3 a un polic\u00eda, a la pena de 14 a\u00f1os y 10 meses de prisi\u00f3n por haber abusado de la hija de su pareja, hecho que fue admitido por el propio el imputado durante el juicio oral y p\u00fablico.<\/p>\n","protected":false},"author":3,"featured_media":124769,"comment_status":"closed","ping_status":"closed","sticky":false,"template":"","format":"standard","meta":{"footnotes":""},"categories":[57],"tags":[],"class_list":["post-124768","post","type-post","status-publish","format-standard","has-post-thumbnail","hentry","category-judiciales"],"yoast_head":"<!-- This site is optimized with the Yoast SEO plugin v25.9 - https:\/\/yoast.com\/wordpress\/plugins\/seo\/ -->\n<title>Condenan a 14 a\u00f1os y 10 meses de prisi\u00f3n a un polic\u00eda por abusar de una menor de edad - Noticias Radio Reflejos<\/title>\n<meta name=\"robots\" content=\"index, follow, max-snippet:-1, max-image-preview:large, max-video-preview:-1\" \/>\n<link rel=\"canonical\" href=\"https:\/\/www.noticiasradioreflejos.com.ar\/2021\/condenan-a-14-anos-y-10-meses-de-prision-a-un-policia-por-abusar-de-una-menor-de-edad\/\" \/>\n<meta property=\"og:locale\" content=\"es_ES\" \/>\n<meta property=\"og:type\" content=\"article\" \/>\n<meta property=\"og:title\" content=\"Condenan a 14 a\u00f1os y 10 meses de prisi\u00f3n a un polic\u00eda por abusar de una menor de edad - Noticias Radio Reflejos\" \/>\n<meta property=\"og:description\" content=\"El Tribunal en lo Criminal N.\u00ba 2 conden\u00f3 a un polic\u00eda, a la pena de 14 a\u00f1os y 10 meses de prisi\u00f3n por haber abusado de la hija de su pareja, hecho que fue admitido por el propio el imputado durante el juicio oral y p\u00fablico.\" \/>\n<meta property=\"og:url\" content=\"https:\/\/www.noticiasradioreflejos.com.ar\/2021\/condenan-a-14-anos-y-10-meses-de-prision-a-un-policia-por-abusar-de-una-menor-de-edad\/\" \/>\n<meta property=\"og:site_name\" content=\"Noticias Radio Reflejos\" \/>\n<meta property=\"article:published_time\" content=\"2025-09-09T19:33:15+00:00\" \/>\n<meta property=\"og:image\" content=\"https:\/\/www.noticiasradioreflejos.com.ar\/2021\/wp-content\/uploads\/2025\/09\/tribunales-24-1200x1200-1.jpg\" \/>\n\t<meta property=\"og:image:width\" content=\"1200\" \/>\n\t<meta property=\"og:image:height\" content=\"1200\" \/>\n\t<meta property=\"og:image:type\" content=\"image\/jpeg\" \/>\n<meta name=\"author\" content=\"Arnaldo Botto\" \/>\n<meta name=\"twitter:card\" content=\"summary_large_image\" \/>\n<script type=\"application\/ld+json\" class=\"yoast-schema-graph\">{\"@context\":\"https:\/\/schema.org\",\"@graph\":[{\"@type\":\"WebPage\",\"@id\":\"https:\/\/www.noticiasradioreflejos.com.ar\/2021\/condenan-a-14-anos-y-10-meses-de-prision-a-un-policia-por-abusar-de-una-menor-de-edad\/\",\"url\":\"https:\/\/www.noticiasradioreflejos.com.ar\/2021\/condenan-a-14-anos-y-10-meses-de-prision-a-un-policia-por-abusar-de-una-menor-de-edad\/\",\"name\":\"Condenan a 14 a\u00f1os y 10 meses de prisi\u00f3n a un polic\u00eda por abusar de una menor de edad - Noticias Radio Reflejos\",\"isPartOf\":{\"@id\":\"https:\/\/www.noticiasradioreflejos.com.ar\/2021\/#website\"},\"primaryImageOfPage\":{\"@id\":\"https:\/\/www.noticiasradioreflejos.com.ar\/2021\/condenan-a-14-anos-y-10-meses-de-prision-a-un-policia-por-abusar-de-una-menor-de-edad\/#primaryimage\"},\"image\":{\"@id\":\"https:\/\/www.noticiasradioreflejos.com.ar\/2021\/condenan-a-14-anos-y-10-meses-de-prision-a-un-policia-por-abusar-de-una-menor-de-edad\/#primaryimage\"},\"thumbnailUrl\":\"https:\/\/www.noticiasradioreflejos.com.ar\/2021\/wp-content\/uploads\/2025\/09\/tribunales-24-1200x1200-1.jpg\",\"datePublished\":\"2025-09-09T19:33:15+00:00\",\"author\":{\"@id\":\"https:\/\/www.noticiasradioreflejos.com.ar\/2021\/#\/schema\/person\/ad82545263dcc5ec0996818884fd5fb1\"},\"breadcrumb\":{\"@id\":\"https:\/\/www.noticiasradioreflejos.com.ar\/2021\/condenan-a-14-anos-y-10-meses-de-prision-a-un-policia-por-abusar-de-una-menor-de-edad\/#breadcrumb\"},\"inLanguage\":\"es\",\"potentialAction\":[{\"@type\":\"ReadAction\",\"target\":[\"https:\/\/www.noticiasradioreflejos.com.ar\/2021\/condenan-a-14-anos-y-10-meses-de-prision-a-un-policia-por-abusar-de-una-menor-de-edad\/\"]}]},{\"@type\":\"ImageObject\",\"inLanguage\":\"es\",\"@id\":\"https:\/\/www.noticiasradioreflejos.com.ar\/2021\/condenan-a-14-anos-y-10-meses-de-prision-a-un-policia-por-abusar-de-una-menor-de-edad\/#primaryimage\",\"url\":\"https:\/\/www.noticiasradioreflejos.com.ar\/2021\/wp-content\/uploads\/2025\/09\/tribunales-24-1200x1200-1.jpg\",\"contentUrl\":\"https:\/\/www.noticiasradioreflejos.com.ar\/2021\/wp-content\/uploads\/2025\/09\/tribunales-24-1200x1200-1.jpg\",\"width\":1200,\"height\":1200},{\"@type\":\"BreadcrumbList\",\"@id\":\"https:\/\/www.noticiasradioreflejos.com.ar\/2021\/condenan-a-14-anos-y-10-meses-de-prision-a-un-policia-por-abusar-de-una-menor-de-edad\/#breadcrumb\",\"itemListElement\":[{\"@type\":\"ListItem\",\"position\":1,\"name\":\"Portada\",\"item\":\"https:\/\/www.noticiasradioreflejos.com.ar\/2021\/\"},{\"@type\":\"ListItem\",\"position\":2,\"name\":\"Condenan a 14 a\u00f1os y 10 meses de prisi\u00f3n a un polic\u00eda por abusar de una menor de edad\"}]},{\"@type\":\"WebSite\",\"@id\":\"https:\/\/www.noticiasradioreflejos.com.ar\/2021\/#website\",\"url\":\"https:\/\/www.noticiasradioreflejos.com.ar\/2021\/\",\"name\":\"Noticias Radio Reflejos\",\"description\":\"Las noticias de mi comarca\",\"potentialAction\":[{\"@type\":\"SearchAction\",\"target\":{\"@type\":\"EntryPoint\",\"urlTemplate\":\"https:\/\/www.noticiasradioreflejos.com.ar\/2021\/?s={search_term_string}\"},\"query-input\":{\"@type\":\"PropertyValueSpecification\",\"valueRequired\":true,\"valueName\":\"search_term_string\"}}],\"inLanguage\":\"es\"},{\"@type\":\"Person\",\"@id\":\"https:\/\/www.noticiasradioreflejos.com.ar\/2021\/#\/schema\/person\/ad82545263dcc5ec0996818884fd5fb1\",\"name\":\"Arnaldo Botto\",\"image\":{\"@type\":\"ImageObject\",\"inLanguage\":\"es\",\"@id\":\"https:\/\/www.noticiasradioreflejos.com.ar\/2021\/#\/schema\/person\/image\/\",\"url\":\"https:\/\/secure.gravatar.com\/avatar\/55cb5e37c1efa326397366e6974cb338056df65cb50e7d64d1cf314e87504837?s=96&d=mm&r=g\",\"contentUrl\":\"https:\/\/secure.gravatar.com\/avatar\/55cb5e37c1efa326397366e6974cb338056df65cb50e7d64d1cf314e87504837?s=96&d=mm&r=g\",\"caption\":\"Arnaldo Botto\"},\"url\":\"https:\/\/www.noticiasradioreflejos.com.ar\/2021\/author\/arnaldo\/\"}]}<\/script>\n<!-- \/ Yoast SEO plugin. -->","yoast_head_json":{"title":"Condenan a 14 a\u00f1os y 10 meses de prisi\u00f3n a un polic\u00eda por abusar de una menor de edad - Noticias Radio Reflejos","robots":{"index":"index","follow":"follow","max-snippet":"max-snippet:-1","max-image-preview":"max-image-preview:large","max-video-preview":"max-video-preview:-1"},"canonical":"https:\/\/www.noticiasradioreflejos.com.ar\/2021\/condenan-a-14-anos-y-10-meses-de-prision-a-un-policia-por-abusar-de-una-menor-de-edad\/","og_locale":"es_ES","og_type":"article","og_title":"Condenan a 14 a\u00f1os y 10 meses de prisi\u00f3n a un polic\u00eda por abusar de una menor de edad - Noticias Radio Reflejos","og_description":"El Tribunal en lo Criminal N.\u00ba 2 conden\u00f3 a un polic\u00eda, a la pena de 14 a\u00f1os y 10 meses de prisi\u00f3n por haber abusado de la hija de su pareja, hecho que fue admitido por el propio el imputado durante el juicio oral y p\u00fablico.","og_url":"https:\/\/www.noticiasradioreflejos.com.ar\/2021\/condenan-a-14-anos-y-10-meses-de-prision-a-un-policia-por-abusar-de-una-menor-de-edad\/","og_site_name":"Noticias Radio Reflejos","article_published_time":"2025-09-09T19:33:15+00:00","og_image":[{"width":1200,"height":1200,"url":"https:\/\/www.noticiasradioreflejos.com.ar\/2021\/wp-content\/uploads\/2025\/09\/tribunales-24-1200x1200-1.jpg","type":"image\/jpeg"}],"author":"Arnaldo Botto","twitter_card":"summary_large_image","schema":{"@context":"https:\/\/schema.org","@graph":[{"@type":"WebPage","@id":"https:\/\/www.noticiasradioreflejos.com.ar\/2021\/condenan-a-14-anos-y-10-meses-de-prision-a-un-policia-por-abusar-de-una-menor-de-edad\/","url":"https:\/\/www.noticiasradioreflejos.com.ar\/2021\/condenan-a-14-anos-y-10-meses-de-prision-a-un-policia-por-abusar-de-una-menor-de-edad\/","name":"Condenan a 14 a\u00f1os y 10 meses de prisi\u00f3n a un polic\u00eda por abusar de una menor de edad - Noticias Radio Reflejos","isPartOf":{"@id":"https:\/\/www.noticiasradioreflejos.com.ar\/2021\/#website"},"primaryImageOfPage":{"@id":"https:\/\/www.noticiasradioreflejos.com.ar\/2021\/condenan-a-14-anos-y-10-meses-de-prision-a-un-policia-por-abusar-de-una-menor-de-edad\/#primaryimage"},"image":{"@id":"https:\/\/www.noticiasradioreflejos.com.ar\/2021\/condenan-a-14-anos-y-10-meses-de-prision-a-un-policia-por-abusar-de-una-menor-de-edad\/#primaryimage"},"thumbnailUrl":"https:\/\/www.noticiasradioreflejos.com.ar\/2021\/wp-content\/uploads\/2025\/09\/tribunales-24-1200x1200-1.jpg","datePublished":"2025-09-09T19:33:15+00:00","author":{"@id":"https:\/\/www.noticiasradioreflejos.com.ar\/2021\/#\/schema\/person\/ad82545263dcc5ec0996818884fd5fb1"},"breadcrumb":{"@id":"https:\/\/www.noticiasradioreflejos.com.ar\/2021\/condenan-a-14-anos-y-10-meses-de-prision-a-un-policia-por-abusar-de-una-menor-de-edad\/#breadcrumb"},"inLanguage":"es","potentialAction":[{"@type":"ReadAction","target":["https:\/\/www.noticiasradioreflejos.com.ar\/2021\/condenan-a-14-anos-y-10-meses-de-prision-a-un-policia-por-abusar-de-una-menor-de-edad\/"]}]},{"@type":"ImageObject","inLanguage":"es","@id":"https:\/\/www.noticiasradioreflejos.com.ar\/2021\/condenan-a-14-anos-y-10-meses-de-prision-a-un-policia-por-abusar-de-una-menor-de-edad\/#primaryimage","url":"https:\/\/www.noticiasradioreflejos.com.ar\/2021\/wp-content\/uploads\/2025\/09\/tribunales-24-1200x1200-1.jpg","contentUrl":"https:\/\/www.noticiasradioreflejos.com.ar\/2021\/wp-content\/uploads\/2025\/09\/tribunales-24-1200x1200-1.jpg","width":1200,"height":1200},{"@type":"BreadcrumbList","@id":"https:\/\/www.noticiasradioreflejos.com.ar\/2021\/condenan-a-14-anos-y-10-meses-de-prision-a-un-policia-por-abusar-de-una-menor-de-edad\/#breadcrumb","itemListElement":[{"@type":"ListItem","position":1,"name":"Portada","item":"https:\/\/www.noticiasradioreflejos.com.ar\/2021\/"},{"@type":"ListItem","position":2,"name":"Condenan a 14 a\u00f1os y 10 meses de prisi\u00f3n a un polic\u00eda por abusar de una menor de edad"}]},{"@type":"WebSite","@id":"https:\/\/www.noticiasradioreflejos.com.ar\/2021\/#website","url":"https:\/\/www.noticiasradioreflejos.com.ar\/2021\/","name":"Noticias Radio Reflejos","description":"Las noticias de mi comarca","potentialAction":[{"@type":"SearchAction","target":{"@type":"EntryPoint","urlTemplate":"https:\/\/www.noticiasradioreflejos.com.ar\/2021\/?s={search_term_string}"},"query-input":{"@type":"PropertyValueSpecification","valueRequired":true,"valueName":"search_term_string"}}],"inLanguage":"es"},{"@type":"Person","@id":"https:\/\/www.noticiasradioreflejos.com.ar\/2021\/#\/schema\/person\/ad82545263dcc5ec0996818884fd5fb1","name":"Arnaldo Botto","image":{"@type":"ImageObject","inLanguage":"es","@id":"https:\/\/www.noticiasradioreflejos.com.ar\/2021\/#\/schema\/person\/image\/","url":"https:\/\/secure.gravatar.com\/avatar\/55cb5e37c1efa326397366e6974cb338056df65cb50e7d64d1cf314e87504837?s=96&d=mm&r=g","contentUrl":"https:\/\/secure.gravatar.com\/avatar\/55cb5e37c1efa326397366e6974cb338056df65cb50e7d64d1cf314e87504837?s=96&d=mm&r=g","caption":"Arnaldo Botto"},"url":"https:\/\/www.noticiasradioreflejos.com.ar\/2021\/author\/arnaldo\/"}]}},"_links":{"self":[{"href":"https:\/\/www.noticiasradioreflejos.com.ar\/2021\/wp-json\/wp\/v2\/posts\/124768","targetHints":{"allow":["GET"]}}],"collection":[{"href":"https:\/\/www.noticiasradioreflejos.com.ar\/2021\/wp-json\/wp\/v2\/posts"}],"about":[{"href":"https:\/\/www.noticiasradioreflejos.com.ar\/2021\/wp-json\/wp\/v2\/types\/post"}],"author":[{"embeddable":true,"href":"https:\/\/www.noticiasradioreflejos.com.ar\/2021\/wp-json\/wp\/v2\/users\/3"}],"replies":[{"embeddable":true,"href":"https:\/\/www.noticiasradioreflejos.com.ar\/2021\/wp-json\/wp\/v2\/comments?post=124768"}],"version-history":[{"count":1,"href":"https:\/\/www.noticiasradioreflejos.com.ar\/2021\/wp-json\/wp\/v2\/posts\/124768\/revisions"}],"predecessor-version":[{"id":124770,"href":"https:\/\/www.noticiasradioreflejos.com.ar\/2021\/wp-json\/wp\/v2\/posts\/124768\/revisions\/124770"}],"wp:featuredmedia":[{"embeddable":true,"href":"https:\/\/www.noticiasradioreflejos.com.ar\/2021\/wp-json\/wp\/v2\/media\/124769"}],"wp:attachment":[{"href":"https:\/\/www.noticiasradioreflejos.com.ar\/2021\/wp-json\/wp\/v2\/media?parent=124768"}],"wp:term":[{"taxonomy":"category","embeddable":true,"href":"https:\/\/www.noticiasradioreflejos.com.ar\/2021\/wp-json\/wp\/v2\/categories?post=124768"},{"taxonomy":"post_tag","embeddable":true,"href":"https:\/\/www.noticiasradioreflejos.com.ar\/2021\/wp-json\/wp\/v2\/tags?post=124768"}],"curies":[{"name":"wp","href":"https:\/\/api.w.org\/{rel}","templated":true}]}}