{"id":124766,"date":"2025-09-09T16:28:54","date_gmt":"2025-09-09T19:28:54","guid":{"rendered":"https:\/\/www.noticiasradioreflejos.com.ar\/2021\/?p=124766"},"modified":"2025-09-09T16:28:54","modified_gmt":"2025-09-09T19:28:54","slug":"ordenan-realizar-camara-gesell-a-las-menores-involucradas-por-abuso-en-saldungaray","status":"publish","type":"post","link":"https:\/\/www.noticiasradioreflejos.com.ar\/2021\/ordenan-realizar-camara-gesell-a-las-menores-involucradas-por-abuso-en-saldungaray\/","title":{"rendered":"Ordenan realizar C\u00e1mara Gesell a las menores involucradas por abuso en Saldungaray."},"content":{"rendered":"<header id=\"mvp-post-head\" class=\"left relative\">\n<div class=\"zox-post-info-wrap\">\n<div class=\"zox-post-byline-wrap\">\n<div class=\"mvp-author-info-text left relative\">\n<div class=\"mvp-author-info-date left relative\">El fiscal Marcelo Romero Jard\u00edn, a cargo de la investigaci\u00f3n sobre el accionar del exconcejal de Tornquist,<strong><a href=\"https:\/\/www.noticiasradioreflejos.com.ar\/2021\/renuncio-el-concejal-matias-rojas-en-medio-de-denuncias-en-su-contra-por-abuso-sexual\/\"> Mat\u00edas \u00abCayu\u00bb Rojas<\/a><\/strong>, dispuso la realizaci\u00f3n de una C\u00e1mara Gesell para cuatro de las menores involucradas en las denuncias por abuso sexual. El funcionario judicial busca que los dichos aportados por las madres sean ratificados por las propias v\u00edctimas.<\/div>\n<\/div>\n<\/div>\n<\/div>\n<\/header>\n<p><!--more--><\/p>\n<div class=\"mvp-post-main-out left relative\">\n<div class=\"mvp-post-main-in\">\n<div id=\"mvp-post-content\" class=\"left relative\">\n<div id=\"mvp-content-wrap\" class=\"left relative\">\n<div class=\"mvp-post-soc-out right relative\">\n<div class=\"mvp-post-soc-in\">\n<div id=\"mvp-content-body\" class=\"left relative\">\n<div id=\"mvp-content-body-top\" class=\"left relative\">\n<div id=\"mvp-content-main\" class=\"left relative\">\n<p>Al tratarse de menores de edad, la declaraci\u00f3n debe producirse mediante este mecanismo, que funciona en una sala especializada dividida por un vidrio de visi\u00f3n unilateral. De un lado, un profesional dialoga con el ni\u00f1o o adolescente; del otro, jueces, abogados y familiares observan sin ser vistos, evitando as\u00ed una exposici\u00f3n directa.<\/p>\n<p>El procedimiento tiene como objetivo central proteger a las v\u00edctimas de situaciones de revictimizaci\u00f3n, impidiendo que deban repetir su testimonio en m\u00faltiples instancias y garantizando un entorno m\u00e1s seguro y emp\u00e1tico para que puedan expresarse.<\/p>\n<p>Tal como inform\u00f3\u00a0<strong>La Br\u00fajula 24<\/strong>, el propio Rojas\u00a0<a href=\"https:\/\/www.labrujula24.com\/notas\/2025\/09\/08\/tornquist-bordoni-le-pidio-la-renuncia-al-concejal-involucrado-n456380\/\" data-type=\"link\" data-id=\"https:\/\/www.labrujula24.com\/notas\/2025\/09\/08\/tornquist-bordoni-le-pidio-la-renuncia-al-concejal-involucrado-n456380\/\">present\u00f3 su renuncia al Concejo Deliberante<\/a>, banca que ocupaba por Uni\u00f3n por la Patria, luego de que el intendente Sergio Bordoni se lo solicitara de manera formal. Esta tarde, el resto de los ediles se reunir\u00e1 para definir si acepta o no esa dimisi\u00f3n.<\/p>\n<p>Mientras tanto, la situaci\u00f3n en el pueblo sigue siendo tensa. Vecinos expresaron preocupaci\u00f3n ante posibles incidentes, lo que motiv\u00f3 un refuerzo en la custodia policial sobre la vivienda de Rojas, quien, seg\u00fan trascendi\u00f3, se habr\u00eda retirado de la localidad tras conocerse las acusaciones en su contra.<\/p>\n<\/div>\n<\/div>\n<\/div>\n<\/div>\n<\/div>\n<\/div>\n<\/div>\n<\/div>\n<\/div>\n","protected":false},"excerpt":{"rendered":"<p>El fiscal Marcelo Romero Jard\u00edn, a cargo de la investigaci\u00f3n sobre el accionar del exconcejal de Tornquist, Mat\u00edas \u00abCayu\u00bb Rojas, dispuso la realizaci\u00f3n de una C\u00e1mara Gesell para cuatro de las menores involucradas en las denuncias por abuso sexual. El funcionario judicial busca que los dichos aportados por las madres sean ratificados por las propias [&hellip;]<\/p>\n","protected":false},"author":3,"featured_media":106703,"comment_status":"closed","ping_status":"closed","sticky":false,"template":"","format":"standard","meta":{"footnotes":""},"categories":[57],"tags":[48],"class_list":["post-124766","post","type-post","status-publish","format-standard","has-post-thumbnail","hentry","category-judiciales","tag-destacada"],"yoast_head":"<!-- This site is optimized with the Yoast SEO plugin v25.9 - https:\/\/yoast.com\/wordpress\/plugins\/seo\/ -->\n<title>Ordenan realizar C\u00e1mara Gesell a las menores involucradas por abuso en Saldungaray. - Noticias Radio Reflejos<\/title>\n<meta name=\"robots\" content=\"index, follow, max-snippet:-1, max-image-preview:large, max-video-preview:-1\" \/>\n<link rel=\"canonical\" href=\"https:\/\/www.noticiasradioreflejos.com.ar\/2021\/ordenan-realizar-camara-gesell-a-las-menores-involucradas-por-abuso-en-saldungaray\/\" \/>\n<meta property=\"og:locale\" content=\"es_ES\" \/>\n<meta property=\"og:type\" content=\"article\" \/>\n<meta property=\"og:title\" content=\"Ordenan realizar C\u00e1mara Gesell a las menores involucradas por abuso en Saldungaray. - Noticias Radio Reflejos\" \/>\n<meta property=\"og:description\" content=\"El fiscal Marcelo Romero Jard\u00edn, a cargo de la investigaci\u00f3n sobre el accionar del exconcejal de Tornquist, Mat\u00edas \u00abCayu\u00bb Rojas, dispuso la realizaci\u00f3n de una C\u00e1mara Gesell para cuatro de las menores involucradas en las denuncias por abuso sexual. El funcionario judicial busca que los dichos aportados por las madres sean ratificados por las propias [&hellip;]\" \/>\n<meta property=\"og:url\" content=\"https:\/\/www.noticiasradioreflejos.com.ar\/2021\/ordenan-realizar-camara-gesell-a-las-menores-involucradas-por-abuso-en-saldungaray\/\" \/>\n<meta property=\"og:site_name\" content=\"Noticias Radio Reflejos\" \/>\n<meta property=\"article:published_time\" content=\"2025-09-09T19:28:54+00:00\" \/>\n<meta property=\"og:image\" content=\"https:\/\/www.noticiasradioreflejos.com.ar\/2021\/wp-content\/uploads\/2024\/08\/Saldungaray.jpeg\" \/>\n\t<meta property=\"og:image:width\" content=\"1600\" \/>\n\t<meta property=\"og:image:height\" content=\"888\" \/>\n\t<meta property=\"og:image:type\" content=\"image\/jpeg\" \/>\n<meta name=\"author\" content=\"Arnaldo Botto\" \/>\n<meta name=\"twitter:card\" content=\"summary_large_image\" \/>\n<script type=\"application\/ld+json\" class=\"yoast-schema-graph\">{\"@context\":\"https:\/\/schema.org\",\"@graph\":[{\"@type\":\"WebPage\",\"@id\":\"https:\/\/www.noticiasradioreflejos.com.ar\/2021\/ordenan-realizar-camara-gesell-a-las-menores-involucradas-por-abuso-en-saldungaray\/\",\"url\":\"https:\/\/www.noticiasradioreflejos.com.ar\/2021\/ordenan-realizar-camara-gesell-a-las-menores-involucradas-por-abuso-en-saldungaray\/\",\"name\":\"Ordenan realizar C\u00e1mara Gesell a las menores involucradas por abuso en Saldungaray. - Noticias Radio Reflejos\",\"isPartOf\":{\"@id\":\"https:\/\/www.noticiasradioreflejos.com.ar\/2021\/#website\"},\"primaryImageOfPage\":{\"@id\":\"https:\/\/www.noticiasradioreflejos.com.ar\/2021\/ordenan-realizar-camara-gesell-a-las-menores-involucradas-por-abuso-en-saldungaray\/#primaryimage\"},\"image\":{\"@id\":\"https:\/\/www.noticiasradioreflejos.com.ar\/2021\/ordenan-realizar-camara-gesell-a-las-menores-involucradas-por-abuso-en-saldungaray\/#primaryimage\"},\"thumbnailUrl\":\"https:\/\/www.noticiasradioreflejos.com.ar\/2021\/wp-content\/uploads\/2024\/08\/Saldungaray.jpeg\",\"datePublished\":\"2025-09-09T19:28:54+00:00\",\"author\":{\"@id\":\"https:\/\/www.noticiasradioreflejos.com.ar\/2021\/#\/schema\/person\/ad82545263dcc5ec0996818884fd5fb1\"},\"breadcrumb\":{\"@id\":\"https:\/\/www.noticiasradioreflejos.com.ar\/2021\/ordenan-realizar-camara-gesell-a-las-menores-involucradas-por-abuso-en-saldungaray\/#breadcrumb\"},\"inLanguage\":\"es\",\"potentialAction\":[{\"@type\":\"ReadAction\",\"target\":[\"https:\/\/www.noticiasradioreflejos.com.ar\/2021\/ordenan-realizar-camara-gesell-a-las-menores-involucradas-por-abuso-en-saldungaray\/\"]}]},{\"@type\":\"ImageObject\",\"inLanguage\":\"es\",\"@id\":\"https:\/\/www.noticiasradioreflejos.com.ar\/2021\/ordenan-realizar-camara-gesell-a-las-menores-involucradas-por-abuso-en-saldungaray\/#primaryimage\",\"url\":\"https:\/\/www.noticiasradioreflejos.com.ar\/2021\/wp-content\/uploads\/2024\/08\/Saldungaray.jpeg\",\"contentUrl\":\"https:\/\/www.noticiasradioreflejos.com.ar\/2021\/wp-content\/uploads\/2024\/08\/Saldungaray.jpeg\",\"width\":1600,\"height\":888},{\"@type\":\"BreadcrumbList\",\"@id\":\"https:\/\/www.noticiasradioreflejos.com.ar\/2021\/ordenan-realizar-camara-gesell-a-las-menores-involucradas-por-abuso-en-saldungaray\/#breadcrumb\",\"itemListElement\":[{\"@type\":\"ListItem\",\"position\":1,\"name\":\"Portada\",\"item\":\"https:\/\/www.noticiasradioreflejos.com.ar\/2021\/\"},{\"@type\":\"ListItem\",\"position\":2,\"name\":\"Ordenan realizar C\u00e1mara Gesell a las menores involucradas por abuso en Saldungaray.\"}]},{\"@type\":\"WebSite\",\"@id\":\"https:\/\/www.noticiasradioreflejos.com.ar\/2021\/#website\",\"url\":\"https:\/\/www.noticiasradioreflejos.com.ar\/2021\/\",\"name\":\"Noticias Radio Reflejos\",\"description\":\"Las noticias de mi comarca\",\"potentialAction\":[{\"@type\":\"SearchAction\",\"target\":{\"@type\":\"EntryPoint\",\"urlTemplate\":\"https:\/\/www.noticiasradioreflejos.com.ar\/2021\/?s={search_term_string}\"},\"query-input\":{\"@type\":\"PropertyValueSpecification\",\"valueRequired\":true,\"valueName\":\"search_term_string\"}}],\"inLanguage\":\"es\"},{\"@type\":\"Person\",\"@id\":\"https:\/\/www.noticiasradioreflejos.com.ar\/2021\/#\/schema\/person\/ad82545263dcc5ec0996818884fd5fb1\",\"name\":\"Arnaldo Botto\",\"image\":{\"@type\":\"ImageObject\",\"inLanguage\":\"es\",\"@id\":\"https:\/\/www.noticiasradioreflejos.com.ar\/2021\/#\/schema\/person\/image\/\",\"url\":\"https:\/\/secure.gravatar.com\/avatar\/55cb5e37c1efa326397366e6974cb338056df65cb50e7d64d1cf314e87504837?s=96&d=mm&r=g\",\"contentUrl\":\"https:\/\/secure.gravatar.com\/avatar\/55cb5e37c1efa326397366e6974cb338056df65cb50e7d64d1cf314e87504837?s=96&d=mm&r=g\",\"caption\":\"Arnaldo Botto\"},\"url\":\"https:\/\/www.noticiasradioreflejos.com.ar\/2021\/author\/arnaldo\/\"}]}<\/script>\n<!-- \/ Yoast SEO plugin. -->","yoast_head_json":{"title":"Ordenan realizar C\u00e1mara Gesell a las menores involucradas por abuso en Saldungaray. - Noticias Radio Reflejos","robots":{"index":"index","follow":"follow","max-snippet":"max-snippet:-1","max-image-preview":"max-image-preview:large","max-video-preview":"max-video-preview:-1"},"canonical":"https:\/\/www.noticiasradioreflejos.com.ar\/2021\/ordenan-realizar-camara-gesell-a-las-menores-involucradas-por-abuso-en-saldungaray\/","og_locale":"es_ES","og_type":"article","og_title":"Ordenan realizar C\u00e1mara Gesell a las menores involucradas por abuso en Saldungaray. - Noticias Radio Reflejos","og_description":"El fiscal Marcelo Romero Jard\u00edn, a cargo de la investigaci\u00f3n sobre el accionar del exconcejal de Tornquist, Mat\u00edas \u00abCayu\u00bb Rojas, dispuso la realizaci\u00f3n de una C\u00e1mara Gesell para cuatro de las menores involucradas en las denuncias por abuso sexual. El funcionario judicial busca que los dichos aportados por las madres sean ratificados por las propias [&hellip;]","og_url":"https:\/\/www.noticiasradioreflejos.com.ar\/2021\/ordenan-realizar-camara-gesell-a-las-menores-involucradas-por-abuso-en-saldungaray\/","og_site_name":"Noticias Radio Reflejos","article_published_time":"2025-09-09T19:28:54+00:00","og_image":[{"width":1600,"height":888,"url":"https:\/\/www.noticiasradioreflejos.com.ar\/2021\/wp-content\/uploads\/2024\/08\/Saldungaray.jpeg","type":"image\/jpeg"}],"author":"Arnaldo Botto","twitter_card":"summary_large_image","schema":{"@context":"https:\/\/schema.org","@graph":[{"@type":"WebPage","@id":"https:\/\/www.noticiasradioreflejos.com.ar\/2021\/ordenan-realizar-camara-gesell-a-las-menores-involucradas-por-abuso-en-saldungaray\/","url":"https:\/\/www.noticiasradioreflejos.com.ar\/2021\/ordenan-realizar-camara-gesell-a-las-menores-involucradas-por-abuso-en-saldungaray\/","name":"Ordenan realizar C\u00e1mara Gesell a las menores involucradas por abuso en Saldungaray. - Noticias Radio Reflejos","isPartOf":{"@id":"https:\/\/www.noticiasradioreflejos.com.ar\/2021\/#website"},"primaryImageOfPage":{"@id":"https:\/\/www.noticiasradioreflejos.com.ar\/2021\/ordenan-realizar-camara-gesell-a-las-menores-involucradas-por-abuso-en-saldungaray\/#primaryimage"},"image":{"@id":"https:\/\/www.noticiasradioreflejos.com.ar\/2021\/ordenan-realizar-camara-gesell-a-las-menores-involucradas-por-abuso-en-saldungaray\/#primaryimage"},"thumbnailUrl":"https:\/\/www.noticiasradioreflejos.com.ar\/2021\/wp-content\/uploads\/2024\/08\/Saldungaray.jpeg","datePublished":"2025-09-09T19:28:54+00:00","author":{"@id":"https:\/\/www.noticiasradioreflejos.com.ar\/2021\/#\/schema\/person\/ad82545263dcc5ec0996818884fd5fb1"},"breadcrumb":{"@id":"https:\/\/www.noticiasradioreflejos.com.ar\/2021\/ordenan-realizar-camara-gesell-a-las-menores-involucradas-por-abuso-en-saldungaray\/#breadcrumb"},"inLanguage":"es","potentialAction":[{"@type":"ReadAction","target":["https:\/\/www.noticiasradioreflejos.com.ar\/2021\/ordenan-realizar-camara-gesell-a-las-menores-involucradas-por-abuso-en-saldungaray\/"]}]},{"@type":"ImageObject","inLanguage":"es","@id":"https:\/\/www.noticiasradioreflejos.com.ar\/2021\/ordenan-realizar-camara-gesell-a-las-menores-involucradas-por-abuso-en-saldungaray\/#primaryimage","url":"https:\/\/www.noticiasradioreflejos.com.ar\/2021\/wp-content\/uploads\/2024\/08\/Saldungaray.jpeg","contentUrl":"https:\/\/www.noticiasradioreflejos.com.ar\/2021\/wp-content\/uploads\/2024\/08\/Saldungaray.jpeg","width":1600,"height":888},{"@type":"BreadcrumbList","@id":"https:\/\/www.noticiasradioreflejos.com.ar\/2021\/ordenan-realizar-camara-gesell-a-las-menores-involucradas-por-abuso-en-saldungaray\/#breadcrumb","itemListElement":[{"@type":"ListItem","position":1,"name":"Portada","item":"https:\/\/www.noticiasradioreflejos.com.ar\/2021\/"},{"@type":"ListItem","position":2,"name":"Ordenan realizar C\u00e1mara Gesell a las menores involucradas por abuso en Saldungaray."}]},{"@type":"WebSite","@id":"https:\/\/www.noticiasradioreflejos.com.ar\/2021\/#website","url":"https:\/\/www.noticiasradioreflejos.com.ar\/2021\/","name":"Noticias Radio Reflejos","description":"Las noticias de mi comarca","potentialAction":[{"@type":"SearchAction","target":{"@type":"EntryPoint","urlTemplate":"https:\/\/www.noticiasradioreflejos.com.ar\/2021\/?s={search_term_string}"},"query-input":{"@type":"PropertyValueSpecification","valueRequired":true,"valueName":"search_term_string"}}],"inLanguage":"es"},{"@type":"Person","@id":"https:\/\/www.noticiasradioreflejos.com.ar\/2021\/#\/schema\/person\/ad82545263dcc5ec0996818884fd5fb1","name":"Arnaldo Botto","image":{"@type":"ImageObject","inLanguage":"es","@id":"https:\/\/www.noticiasradioreflejos.com.ar\/2021\/#\/schema\/person\/image\/","url":"https:\/\/secure.gravatar.com\/avatar\/55cb5e37c1efa326397366e6974cb338056df65cb50e7d64d1cf314e87504837?s=96&d=mm&r=g","contentUrl":"https:\/\/secure.gravatar.com\/avatar\/55cb5e37c1efa326397366e6974cb338056df65cb50e7d64d1cf314e87504837?s=96&d=mm&r=g","caption":"Arnaldo Botto"},"url":"https:\/\/www.noticiasradioreflejos.com.ar\/2021\/author\/arnaldo\/"}]}},"_links":{"self":[{"href":"https:\/\/www.noticiasradioreflejos.com.ar\/2021\/wp-json\/wp\/v2\/posts\/124766","targetHints":{"allow":["GET"]}}],"collection":[{"href":"https:\/\/www.noticiasradioreflejos.com.ar\/2021\/wp-json\/wp\/v2\/posts"}],"about":[{"href":"https:\/\/www.noticiasradioreflejos.com.ar\/2021\/wp-json\/wp\/v2\/types\/post"}],"author":[{"embeddable":true,"href":"https:\/\/www.noticiasradioreflejos.com.ar\/2021\/wp-json\/wp\/v2\/users\/3"}],"replies":[{"embeddable":true,"href":"https:\/\/www.noticiasradioreflejos.com.ar\/2021\/wp-json\/wp\/v2\/comments?post=124766"}],"version-history":[{"count":1,"href":"https:\/\/www.noticiasradioreflejos.com.ar\/2021\/wp-json\/wp\/v2\/posts\/124766\/revisions"}],"predecessor-version":[{"id":124767,"href":"https:\/\/www.noticiasradioreflejos.com.ar\/2021\/wp-json\/wp\/v2\/posts\/124766\/revisions\/124767"}],"wp:featuredmedia":[{"embeddable":true,"href":"https:\/\/www.noticiasradioreflejos.com.ar\/2021\/wp-json\/wp\/v2\/media\/106703"}],"wp:attachment":[{"href":"https:\/\/www.noticiasradioreflejos.com.ar\/2021\/wp-json\/wp\/v2\/media?parent=124766"}],"wp:term":[{"taxonomy":"category","embeddable":true,"href":"https:\/\/www.noticiasradioreflejos.com.ar\/2021\/wp-json\/wp\/v2\/categories?post=124766"},{"taxonomy":"post_tag","embeddable":true,"href":"https:\/\/www.noticiasradioreflejos.com.ar\/2021\/wp-json\/wp\/v2\/tags?post=124766"}],"curies":[{"name":"wp","href":"https:\/\/api.w.org\/{rel}","templated":true}]}}