{"id":124751,"date":"2025-09-09T17:21:43","date_gmt":"2025-09-09T20:21:43","guid":{"rendered":"https:\/\/www.noticiasradioreflejos.com.ar\/2021\/?p=124751"},"modified":"2025-09-09T17:21:43","modified_gmt":"2025-09-09T20:21:43","slug":"ojala-esto-sirva-para-destapar-los-millones-de-casos-de-abuso-que-hay-en-saldungaray","status":"publish","type":"post","link":"https:\/\/www.noticiasradioreflejos.com.ar\/2021\/ojala-esto-sirva-para-destapar-los-millones-de-casos-de-abuso-que-hay-en-saldungaray\/","title":{"rendered":"\u00abOjal\u00e1 esto sirva para destapar los millones de casos de abuso que hay en Saldungaray\u00bb"},"content":{"rendered":"<p>La ex candidata a concejal, docente y vecina de Saldungaray expres\u00f3 su punto de vista sobre las elecciones y realiz\u00f3 un an\u00e1lisis parcial del resultado durante una nota radial en FM Reflejos. Asimismo particip\u00f3 abiertamente opinando sobre la situaci\u00f3n que se vive en la localidad serrana ante las denuncias de abuso a menores por parte del ex concejal <a href=\"https:\/\/www.noticiasradioreflejos.com.ar\/2021\/renuncio-el-concejal-matias-rojas-en-medio-de-denuncias-en-su-contra-por-abuso-sexual\/\"><strong>Mat\u00edas \u00abCayu\u00bb Rojas.<\/strong><\/a><\/p>\n<p><strong>Elecciones legislativas<\/strong><\/p>\n<p>\u00abUno analiza varios factores. En mi caso particular, la primera vez que integraba una lista y los resultados, en realidad, cre\u00ed que nos iba a ir un poco mejor pero creo que hay que analizar todo a nivel nacional, provincial y local\u00bb comparta Laura su an\u00e1lisis de los resultados de la jornada eleccionaria del pasado domingo. \u00abNosotros, la verdad, que desde el plano local hemos sido cr\u00edticos con nuestro espacio y somos conscientes de que no tenemos una estructura provincial y nacional. Era kirchnerismo o libertad. La gente eligi\u00f3 eso. Creo que el perdedor de esta elecci\u00f3n fue Milei, o es un llamado de atenci\u00f3n; cambia algunas cosas porque perd\u00e9s\u00bb.<\/p>\n<p>\u00abCon las caracter\u00edsticas de Saldungaray, que es un pueblo peronista, eligieron m\u00e1s a otras fuerzas que al oficialismo. LLA sac\u00f3 287 votos, Somos 278. Era pelear contra dos gigantes con un alfiler. 9 votos de diferencia con LLA &#8211; que hablamos de oficialismo nacional &#8211; y con el oficialismo local. La oposici\u00f3n estaba dividida, y fue superior al oficialismo. Sumado a que muchas personas votaron en blanco\u00bb contin\u00faa desarrollando su an\u00e1lisis. \u00abHay falta de informaci\u00f3n con respecto a las elecciones, mucho ausentismo, la gente tampoco se compromete y muestra el descontento hacia los pol\u00edticos, eso es algo que nos tenemos que replantear los partidos pol\u00edticos\u00bb.<\/p>\n<p>Cuando se le consulta sobre qu\u00e9 posibles fallas pod\u00eda registrar ella dentro de su espacio pol\u00edtico, Laura responde: \u00abTe voy a dar mi opini\u00f3n con respecto a mi. La interna es un tema de toda la vida de los radicales. En mi caso, soy anti interna porque quedan resquemores. No creo que eso haya afectado los resultados de la elecci\u00f3n, lo considero as\u00ed. Para mi los radicales votaron a LLA y algunos peronistas descontentos con el kirchnerismo tambi\u00e9n. A los argentinos nos pasa que votamos por odio. Hay gente que va a entrar al Concejo Deliberante que jam\u00e1s se preocup\u00f3 por las instituciones del pueblo, entonces no se est\u00e1n votando candidatos, se est\u00e1n votando espacios. Hoy no estamos representando los intereses del pueblo\u00bb.<\/p>\n<p>&nbsp;<\/p>\n<p><strong>Denuncias por abuso a ex concejal<\/strong><\/p>\n<p>\u00abLo que nos pasa a la mayor\u00eda de las personas de Saldungaray es que estamos todos muy mal. Siempre digo que las vulneraciones tienen nombre y apellido, porque es una localidad chiquita. Es muy duro para nosotros, nos hemos criado todos juntos ac\u00e1. La familia la est\u00e1 pasando realmente mal sin tener nada que ver. Y vamos a hablar de presunci\u00f3n, porque todav\u00eda no hay nada probado. Ac\u00e1 la verdad es muy triste, est\u00e1 el pueblo dividido. Que la justicia determine si es culpable o no\u00bb se manifiesta Laura ante los hechos de p\u00fablico conocimiento.<\/p>\n<p>\u00abAhora por favor que abran un Servicio Local serio, con psic\u00f3logos serios, de trayectoria. Que se construya una red de contenci\u00f3n para las v\u00edctimas. La v\u00edctima te dice que siente verg\u00fcenza, y vos no podes poner a cualquiera a trabajar en un Servicio Local.\u00a0 Es su obligaci\u00f3n contener a la ciudadan\u00eda, y m\u00e1s con un concejal\u00bb apunta ante el Ejecutivo Municipal.<\/p>\n<p>\u00abHay que hacer un estudio sociol\u00f3gico y ojal\u00e1 esto sirva para destapar los millones de casos de abuso que hay en Saldungaray. Hay una persona de Fuerza Patria que me acus\u00f3 a mi personalmente de haberle pagado a las v\u00edctimas para ensuciar la campa\u00f1a. Lo voy a denunciar en la Justicia, porque es muy grave lo que est\u00e1 diciendo. Se cree con el poder que el Intendente le dio de meterse en las casas de las personas, y eso no se puede permitir. A los Saldungarenses les digo: no permitan que nadie se meta en sus casas. Como ocurri\u00f3 con el concejal. Cuid\u00e9monos entre todos\u00bb expone la entrevistada. \u00abVa a tener que dar explicaciones, todo el pueblo sabe qui\u00e9n es y creo que el Intendente tambi\u00e9n. Cuando sale lo de &#8216;Cayu&#8217;, todos dijeron que el pr\u00f3ximo es este tipo. Yo no voy a dejar que me ensucie este tipo, cuando yo soy la primera que levanta la bandera de la vulneraci\u00f3n de derechos\u00bb.<\/p>\n<p>\u00abNo estoy juzgando a los trabajadores, que esto quede claro. Falta de un Estado presente de verdad. Repartir una salamandra no es Desarrollo Social. No tenemos prevenci\u00f3n en sexualidad, no tenemos nada. La contenci\u00f3n no est\u00e1\u00bb comparte cr\u00edticamente. \u00abAc\u00e1 no importa si sos radical o si sos peronista. Tenemos que trabajar en conjunto con esto porque la ni\u00f1ez se la arruinaron a estas pibas, hay miles de casos y puede haber otros miles\u00bb.<\/p>\n<p>\u00abLa v\u00edctima es juzgada por la sociedad y a veces no denuncian porque no pueden denunciar, porque le arrebataron su integridad. Las v\u00edctimas de violencia de g\u00e9nero tambi\u00e9n, sin llegar a un abuso. Que denuncien cuando puedan\u00bb declara finalmente sobre la consciencia social ante estos casos. \u00abOjal\u00e1 esto se termine, porque es un problema de salud mental. La cuesti\u00f3n social compleja de Saldungaray lo dije toda la vida, desde que estaba en Bah\u00eda. Yo cuestiono y soy cr\u00edtica con la gesti\u00f3n de algunos funcionarios, no de todos. Lo que es materia salud mental y cuesti\u00f3n social, est\u00e1n ac\u00e9falos totalmente\u00bb.<\/p>\n<audio class=\"wp-audio-shortcode\" id=\"audio-124751-1\" preload=\"none\" style=\"width: 100%;\" controls=\"controls\"><source type=\"audio\/mpeg\" src=\"https:\/\/www.noticiasradioreflejos.com.ar\/2021\/wp-content\/uploads\/2025\/09\/Laura-Olgiati-09-09.mp3?_=1\" \/><a href=\"https:\/\/www.noticiasradioreflejos.com.ar\/2021\/wp-content\/uploads\/2025\/09\/Laura-Olgiati-09-09.mp3\">https:\/\/www.noticiasradioreflejos.com.ar\/2021\/wp-content\/uploads\/2025\/09\/Laura-Olgiati-09-09.mp3<\/a><\/audio>\n","protected":false},"excerpt":{"rendered":"<p>La ex candidata a concejal, docente y vecina de Saldungaray expres\u00f3 su punto de vista sobre las elecciones y realiz\u00f3 un an\u00e1lisis parcial del resultado durante una nota radial en FM Reflejos. Asimismo particip\u00f3 abiertamente opinando sobre la situaci\u00f3n que se vive en la localidad serrana ante las denuncias de abuso a menores por parte [&hellip;]<\/p>\n","protected":false},"author":3,"featured_media":124781,"comment_status":"closed","ping_status":"closed","sticky":false,"template":"","format":"standard","meta":{"footnotes":""},"categories":[24],"tags":[48],"class_list":["post-124751","post","type-post","status-publish","format-standard","has-post-thumbnail","hentry","category-politica","tag-destacada"],"yoast_head":"<!-- This site is optimized with the Yoast SEO plugin v25.9 - https:\/\/yoast.com\/wordpress\/plugins\/seo\/ -->\n<title>&quot;Ojal\u00e1 esto sirva para destapar los millones de casos de abuso que hay en Saldungaray&quot; - Noticias Radio Reflejos<\/title>\n<meta name=\"robots\" content=\"index, follow, max-snippet:-1, max-image-preview:large, max-video-preview:-1\" \/>\n<link rel=\"canonical\" href=\"https:\/\/www.noticiasradioreflejos.com.ar\/2021\/ojala-esto-sirva-para-destapar-los-millones-de-casos-de-abuso-que-hay-en-saldungaray\/\" \/>\n<meta property=\"og:locale\" content=\"es_ES\" \/>\n<meta property=\"og:type\" content=\"article\" \/>\n<meta property=\"og:title\" content=\"&quot;Ojal\u00e1 esto sirva para destapar los millones de casos de abuso que hay en Saldungaray&quot; - Noticias Radio Reflejos\" \/>\n<meta property=\"og:description\" content=\"La ex candidata a concejal, docente y vecina de Saldungaray expres\u00f3 su punto de vista sobre las elecciones y realiz\u00f3 un an\u00e1lisis parcial del resultado durante una nota radial en FM Reflejos. Asimismo particip\u00f3 abiertamente opinando sobre la situaci\u00f3n que se vive en la localidad serrana ante las denuncias de abuso a menores por parte [&hellip;]\" \/>\n<meta property=\"og:url\" content=\"https:\/\/www.noticiasradioreflejos.com.ar\/2021\/ojala-esto-sirva-para-destapar-los-millones-de-casos-de-abuso-que-hay-en-saldungaray\/\" \/>\n<meta property=\"og:site_name\" content=\"Noticias Radio Reflejos\" \/>\n<meta property=\"article:published_time\" content=\"2025-09-09T20:21:43+00:00\" \/>\n<meta property=\"og:image\" content=\"https:\/\/www.noticiasradioreflejos.com.ar\/2021\/wp-content\/uploads\/2025\/09\/olgiati.jpg_1600.jpg\" \/>\n\t<meta property=\"og:image:width\" content=\"1600\" \/>\n\t<meta property=\"og:image:height\" content=\"1067\" \/>\n\t<meta property=\"og:image:type\" content=\"image\/jpeg\" \/>\n<meta name=\"author\" content=\"Arnaldo Botto\" \/>\n<meta name=\"twitter:card\" content=\"summary_large_image\" \/>\n<script type=\"application\/ld+json\" class=\"yoast-schema-graph\">{\"@context\":\"https:\/\/schema.org\",\"@graph\":[{\"@type\":\"WebPage\",\"@id\":\"https:\/\/www.noticiasradioreflejos.com.ar\/2021\/ojala-esto-sirva-para-destapar-los-millones-de-casos-de-abuso-que-hay-en-saldungaray\/\",\"url\":\"https:\/\/www.noticiasradioreflejos.com.ar\/2021\/ojala-esto-sirva-para-destapar-los-millones-de-casos-de-abuso-que-hay-en-saldungaray\/\",\"name\":\"\\\"Ojal\u00e1 esto sirva para destapar los millones de casos de abuso que hay en Saldungaray\\\" - Noticias Radio Reflejos\",\"isPartOf\":{\"@id\":\"https:\/\/www.noticiasradioreflejos.com.ar\/2021\/#website\"},\"primaryImageOfPage\":{\"@id\":\"https:\/\/www.noticiasradioreflejos.com.ar\/2021\/ojala-esto-sirva-para-destapar-los-millones-de-casos-de-abuso-que-hay-en-saldungaray\/#primaryimage\"},\"image\":{\"@id\":\"https:\/\/www.noticiasradioreflejos.com.ar\/2021\/ojala-esto-sirva-para-destapar-los-millones-de-casos-de-abuso-que-hay-en-saldungaray\/#primaryimage\"},\"thumbnailUrl\":\"https:\/\/www.noticiasradioreflejos.com.ar\/2021\/wp-content\/uploads\/2025\/09\/olgiati.jpg_1600.jpg\",\"datePublished\":\"2025-09-09T20:21:43+00:00\",\"author\":{\"@id\":\"https:\/\/www.noticiasradioreflejos.com.ar\/2021\/#\/schema\/person\/ad82545263dcc5ec0996818884fd5fb1\"},\"breadcrumb\":{\"@id\":\"https:\/\/www.noticiasradioreflejos.com.ar\/2021\/ojala-esto-sirva-para-destapar-los-millones-de-casos-de-abuso-que-hay-en-saldungaray\/#breadcrumb\"},\"inLanguage\":\"es\",\"potentialAction\":[{\"@type\":\"ReadAction\",\"target\":[\"https:\/\/www.noticiasradioreflejos.com.ar\/2021\/ojala-esto-sirva-para-destapar-los-millones-de-casos-de-abuso-que-hay-en-saldungaray\/\"]}]},{\"@type\":\"ImageObject\",\"inLanguage\":\"es\",\"@id\":\"https:\/\/www.noticiasradioreflejos.com.ar\/2021\/ojala-esto-sirva-para-destapar-los-millones-de-casos-de-abuso-que-hay-en-saldungaray\/#primaryimage\",\"url\":\"https:\/\/www.noticiasradioreflejos.com.ar\/2021\/wp-content\/uploads\/2025\/09\/olgiati.jpg_1600.jpg\",\"contentUrl\":\"https:\/\/www.noticiasradioreflejos.com.ar\/2021\/wp-content\/uploads\/2025\/09\/olgiati.jpg_1600.jpg\",\"width\":1600,\"height\":1067},{\"@type\":\"BreadcrumbList\",\"@id\":\"https:\/\/www.noticiasradioreflejos.com.ar\/2021\/ojala-esto-sirva-para-destapar-los-millones-de-casos-de-abuso-que-hay-en-saldungaray\/#breadcrumb\",\"itemListElement\":[{\"@type\":\"ListItem\",\"position\":1,\"name\":\"Portada\",\"item\":\"https:\/\/www.noticiasradioreflejos.com.ar\/2021\/\"},{\"@type\":\"ListItem\",\"position\":2,\"name\":\"\u00abOjal\u00e1 esto sirva para destapar los millones de casos de abuso que hay en Saldungaray\u00bb\"}]},{\"@type\":\"WebSite\",\"@id\":\"https:\/\/www.noticiasradioreflejos.com.ar\/2021\/#website\",\"url\":\"https:\/\/www.noticiasradioreflejos.com.ar\/2021\/\",\"name\":\"Noticias Radio Reflejos\",\"description\":\"Las noticias de mi comarca\",\"potentialAction\":[{\"@type\":\"SearchAction\",\"target\":{\"@type\":\"EntryPoint\",\"urlTemplate\":\"https:\/\/www.noticiasradioreflejos.com.ar\/2021\/?s={search_term_string}\"},\"query-input\":{\"@type\":\"PropertyValueSpecification\",\"valueRequired\":true,\"valueName\":\"search_term_string\"}}],\"inLanguage\":\"es\"},{\"@type\":\"Person\",\"@id\":\"https:\/\/www.noticiasradioreflejos.com.ar\/2021\/#\/schema\/person\/ad82545263dcc5ec0996818884fd5fb1\",\"name\":\"Arnaldo Botto\",\"image\":{\"@type\":\"ImageObject\",\"inLanguage\":\"es\",\"@id\":\"https:\/\/www.noticiasradioreflejos.com.ar\/2021\/#\/schema\/person\/image\/\",\"url\":\"https:\/\/secure.gravatar.com\/avatar\/55cb5e37c1efa326397366e6974cb338056df65cb50e7d64d1cf314e87504837?s=96&d=mm&r=g\",\"contentUrl\":\"https:\/\/secure.gravatar.com\/avatar\/55cb5e37c1efa326397366e6974cb338056df65cb50e7d64d1cf314e87504837?s=96&d=mm&r=g\",\"caption\":\"Arnaldo Botto\"},\"url\":\"https:\/\/www.noticiasradioreflejos.com.ar\/2021\/author\/arnaldo\/\"}]}<\/script>\n<!-- \/ Yoast SEO plugin. -->","yoast_head_json":{"title":"\"Ojal\u00e1 esto sirva para destapar los millones de casos de abuso que hay en Saldungaray\" - Noticias Radio Reflejos","robots":{"index":"index","follow":"follow","max-snippet":"max-snippet:-1","max-image-preview":"max-image-preview:large","max-video-preview":"max-video-preview:-1"},"canonical":"https:\/\/www.noticiasradioreflejos.com.ar\/2021\/ojala-esto-sirva-para-destapar-los-millones-de-casos-de-abuso-que-hay-en-saldungaray\/","og_locale":"es_ES","og_type":"article","og_title":"\"Ojal\u00e1 esto sirva para destapar los millones de casos de abuso que hay en Saldungaray\" - Noticias Radio Reflejos","og_description":"La ex candidata a concejal, docente y vecina de Saldungaray expres\u00f3 su punto de vista sobre las elecciones y realiz\u00f3 un an\u00e1lisis parcial del resultado durante una nota radial en FM Reflejos. Asimismo particip\u00f3 abiertamente opinando sobre la situaci\u00f3n que se vive en la localidad serrana ante las denuncias de abuso a menores por parte [&hellip;]","og_url":"https:\/\/www.noticiasradioreflejos.com.ar\/2021\/ojala-esto-sirva-para-destapar-los-millones-de-casos-de-abuso-que-hay-en-saldungaray\/","og_site_name":"Noticias Radio Reflejos","article_published_time":"2025-09-09T20:21:43+00:00","og_image":[{"width":1600,"height":1067,"url":"https:\/\/www.noticiasradioreflejos.com.ar\/2021\/wp-content\/uploads\/2025\/09\/olgiati.jpg_1600.jpg","type":"image\/jpeg"}],"author":"Arnaldo Botto","twitter_card":"summary_large_image","schema":{"@context":"https:\/\/schema.org","@graph":[{"@type":"WebPage","@id":"https:\/\/www.noticiasradioreflejos.com.ar\/2021\/ojala-esto-sirva-para-destapar-los-millones-de-casos-de-abuso-que-hay-en-saldungaray\/","url":"https:\/\/www.noticiasradioreflejos.com.ar\/2021\/ojala-esto-sirva-para-destapar-los-millones-de-casos-de-abuso-que-hay-en-saldungaray\/","name":"\"Ojal\u00e1 esto sirva para destapar los millones de casos de abuso que hay en Saldungaray\" - Noticias Radio Reflejos","isPartOf":{"@id":"https:\/\/www.noticiasradioreflejos.com.ar\/2021\/#website"},"primaryImageOfPage":{"@id":"https:\/\/www.noticiasradioreflejos.com.ar\/2021\/ojala-esto-sirva-para-destapar-los-millones-de-casos-de-abuso-que-hay-en-saldungaray\/#primaryimage"},"image":{"@id":"https:\/\/www.noticiasradioreflejos.com.ar\/2021\/ojala-esto-sirva-para-destapar-los-millones-de-casos-de-abuso-que-hay-en-saldungaray\/#primaryimage"},"thumbnailUrl":"https:\/\/www.noticiasradioreflejos.com.ar\/2021\/wp-content\/uploads\/2025\/09\/olgiati.jpg_1600.jpg","datePublished":"2025-09-09T20:21:43+00:00","author":{"@id":"https:\/\/www.noticiasradioreflejos.com.ar\/2021\/#\/schema\/person\/ad82545263dcc5ec0996818884fd5fb1"},"breadcrumb":{"@id":"https:\/\/www.noticiasradioreflejos.com.ar\/2021\/ojala-esto-sirva-para-destapar-los-millones-de-casos-de-abuso-que-hay-en-saldungaray\/#breadcrumb"},"inLanguage":"es","potentialAction":[{"@type":"ReadAction","target":["https:\/\/www.noticiasradioreflejos.com.ar\/2021\/ojala-esto-sirva-para-destapar-los-millones-de-casos-de-abuso-que-hay-en-saldungaray\/"]}]},{"@type":"ImageObject","inLanguage":"es","@id":"https:\/\/www.noticiasradioreflejos.com.ar\/2021\/ojala-esto-sirva-para-destapar-los-millones-de-casos-de-abuso-que-hay-en-saldungaray\/#primaryimage","url":"https:\/\/www.noticiasradioreflejos.com.ar\/2021\/wp-content\/uploads\/2025\/09\/olgiati.jpg_1600.jpg","contentUrl":"https:\/\/www.noticiasradioreflejos.com.ar\/2021\/wp-content\/uploads\/2025\/09\/olgiati.jpg_1600.jpg","width":1600,"height":1067},{"@type":"BreadcrumbList","@id":"https:\/\/www.noticiasradioreflejos.com.ar\/2021\/ojala-esto-sirva-para-destapar-los-millones-de-casos-de-abuso-que-hay-en-saldungaray\/#breadcrumb","itemListElement":[{"@type":"ListItem","position":1,"name":"Portada","item":"https:\/\/www.noticiasradioreflejos.com.ar\/2021\/"},{"@type":"ListItem","position":2,"name":"\u00abOjal\u00e1 esto sirva para destapar los millones de casos de abuso que hay en Saldungaray\u00bb"}]},{"@type":"WebSite","@id":"https:\/\/www.noticiasradioreflejos.com.ar\/2021\/#website","url":"https:\/\/www.noticiasradioreflejos.com.ar\/2021\/","name":"Noticias Radio Reflejos","description":"Las noticias de mi comarca","potentialAction":[{"@type":"SearchAction","target":{"@type":"EntryPoint","urlTemplate":"https:\/\/www.noticiasradioreflejos.com.ar\/2021\/?s={search_term_string}"},"query-input":{"@type":"PropertyValueSpecification","valueRequired":true,"valueName":"search_term_string"}}],"inLanguage":"es"},{"@type":"Person","@id":"https:\/\/www.noticiasradioreflejos.com.ar\/2021\/#\/schema\/person\/ad82545263dcc5ec0996818884fd5fb1","name":"Arnaldo Botto","image":{"@type":"ImageObject","inLanguage":"es","@id":"https:\/\/www.noticiasradioreflejos.com.ar\/2021\/#\/schema\/person\/image\/","url":"https:\/\/secure.gravatar.com\/avatar\/55cb5e37c1efa326397366e6974cb338056df65cb50e7d64d1cf314e87504837?s=96&d=mm&r=g","contentUrl":"https:\/\/secure.gravatar.com\/avatar\/55cb5e37c1efa326397366e6974cb338056df65cb50e7d64d1cf314e87504837?s=96&d=mm&r=g","caption":"Arnaldo Botto"},"url":"https:\/\/www.noticiasradioreflejos.com.ar\/2021\/author\/arnaldo\/"}]}},"_links":{"self":[{"href":"https:\/\/www.noticiasradioreflejos.com.ar\/2021\/wp-json\/wp\/v2\/posts\/124751","targetHints":{"allow":["GET"]}}],"collection":[{"href":"https:\/\/www.noticiasradioreflejos.com.ar\/2021\/wp-json\/wp\/v2\/posts"}],"about":[{"href":"https:\/\/www.noticiasradioreflejos.com.ar\/2021\/wp-json\/wp\/v2\/types\/post"}],"author":[{"embeddable":true,"href":"https:\/\/www.noticiasradioreflejos.com.ar\/2021\/wp-json\/wp\/v2\/users\/3"}],"replies":[{"embeddable":true,"href":"https:\/\/www.noticiasradioreflejos.com.ar\/2021\/wp-json\/wp\/v2\/comments?post=124751"}],"version-history":[{"count":4,"href":"https:\/\/www.noticiasradioreflejos.com.ar\/2021\/wp-json\/wp\/v2\/posts\/124751\/revisions"}],"predecessor-version":[{"id":124782,"href":"https:\/\/www.noticiasradioreflejos.com.ar\/2021\/wp-json\/wp\/v2\/posts\/124751\/revisions\/124782"}],"wp:featuredmedia":[{"embeddable":true,"href":"https:\/\/www.noticiasradioreflejos.com.ar\/2021\/wp-json\/wp\/v2\/media\/124781"}],"wp:attachment":[{"href":"https:\/\/www.noticiasradioreflejos.com.ar\/2021\/wp-json\/wp\/v2\/media?parent=124751"}],"wp:term":[{"taxonomy":"category","embeddable":true,"href":"https:\/\/www.noticiasradioreflejos.com.ar\/2021\/wp-json\/wp\/v2\/categories?post=124751"},{"taxonomy":"post_tag","embeddable":true,"href":"https:\/\/www.noticiasradioreflejos.com.ar\/2021\/wp-json\/wp\/v2\/tags?post=124751"}],"curies":[{"name":"wp","href":"https:\/\/api.w.org\/{rel}","templated":true}]}}