{"id":124683,"date":"2025-09-08T07:39:06","date_gmt":"2025-09-08T10:39:06","guid":{"rendered":"https:\/\/www.noticiasradioreflejos.com.ar\/2021\/?p=124683"},"modified":"2025-09-08T07:39:06","modified_gmt":"2025-09-08T10:39:06","slug":"una-eleccion-historica-una-victoria-aplastante","status":"publish","type":"post","link":"https:\/\/www.noticiasradioreflejos.com.ar\/2021\/una-eleccion-historica-una-victoria-aplastante\/","title":{"rendered":"\u00abUna elecci\u00f3n hist\u00f3rica, una victoria aplastante\u00bb"},"content":{"rendered":"<p>El gobernador bonaerense, Axel Kicillof, encabez\u00f3 los festejos del triunfo peronista en la provincia de Buenos Aires. Cr\u00f3nica de una tarde de alegr\u00eda en el centro de la capital bonaerense.<!--more--><\/p>\n<div class=\"col 2-col\">\n<div class=\"article-main-media-image__container\">\n<div class=\"image-wrapper\">\n<figure><picture><source srcset=\"https:\/\/images.pagina12.com.ar\/styles\/focal_3_2_700x467\/public\/2025-09\/970049-5-a-4.jpg?h=ada05aa9&amp;itok=eEeC6q5R\" media=\"(width &gt; 768px)\" \/><source srcset=\"https:\/\/images.pagina12.com.ar\/styles\/focal_3_2_470x313\/public\/2025-09\/970049-5-a-4.jpg?h=ada05aa9&amp;itok=6PgkXetT\" media=\"(width &lt;= 768px)\" \/><\/picture><\/figure>\n<\/div>\n<\/div>\n<\/div>\n<div class=\"section-2-col article-main-content\">\n<div class=\"col 1-col cxense-articles\">En La Plata, los d\u00edas importantes se viven en el centro exacto de la ciudad. El b\u00fanker de Fuerza Patria fue el escenario principal del contundente triunfo del peronismo en las elecciones bonaerenses. Desde all\u00ed, el gobernador bonaerense, Axel Kicillof, festej\u00f3 el triunfo arrasador sobre La Libertad Avanza y habl\u00f3 del desprecio del Presidente a una provincia que le devolvi\u00f3 ese rencor con votos en las urnas. \u00abEn las urnas qued\u00f3 claro que no se le puede quitar el presupuesto a una provincia, y hoy lo reclam\u00f3\u00bb, sentenci\u00f3 y dej\u00f3 una suerte de definici\u00f3n hacia adelante: \u00abDemocracia, paz y peronismo\u00bb.<b>\u00a0\u00abFue una elecci\u00f3n hist\u00f3rica y una victoria aplastante\u00bb<\/b>, celebr\u00f3.<\/div>\n<div class=\"col 2-col\">\n<div class=\"article-main-content article-text \">\n<p>\u00abVamos a seguir sumando fuerzas\u00bb, agreg\u00f3 enseguida frente a la multitud que hab\u00eda llenado el Hotel Grand Brizo. A esa hora, los n\u00fameros mostraban una victoria aplastante: 47,27 por ciento para el peronismo, 33,71 por ciento La Libertad Avanza a nivel provincial. En algunas secciones electorales, como la tercera, la diferencia era abrumadora. En ese marco, le exigi\u00f3 a Milei que lo llame \u00abpara reunirse a trabajar y ponerse de acuerdo\u00bb y que escuche \u00abel mensaje de las urnas\u00bb.<\/p>\n<div class=\"slot-available\"><\/div>\n<p>Antes de subirse al escenario, Axel se abraz\u00f3 a las Madres de Plaza de Mayo, mientras de fondo sonaba la canci\u00f3n de Divididos \u00abCajita Musical\u00bb. En el escenario todo eran festejos. \u00abA los intendentes e intendentas del peronismo que desde los municipios defendieron los votos y lucharon en esta elecci\u00f3n. \u00a1Muchas gracias!\u00bb, dijo el gobernador, que comenz\u00f3 haciendo especial \u00e9nfasis en saludar a los protagonistas de la unidad para que Fuerza Patria alcance el triunfo en la noche de domingo. \u00abGracias Sergio, gracias Cristina, injustamente condenada, que tendr\u00eda que estar en este escenario\u00bb.<\/p>\n<p>Adem\u00e1s, le agradeci\u00f3 los dirigentes nacionales y sindicales que nos acompa\u00f1an, y a los compa\u00f1eros que son candidatos en las elecciones de octubre. Al costado del escenario, Cecilia Moreau toma mate y sonr\u00ede. \u00abFue un triunfo enorme. Ganamos en municipios como Junin, Tigre, La Plata, Pergamino\u00bb. Sobre las razones de la derrota libertaria, Moreau reflexiona: \u00abcreo que pensaron que pod\u00edan hacer cualquier cosa, y creo que no saben gestionar, y ac\u00e1 est\u00e1 la respuesta de la gente\u00bb.<\/p>\n<div class=\"slot-available\"><\/div>\n<p>\u00abMe parece que lleg\u00f3 un audio, \u00bflo quieren escuchar?\u00bb, pregunt\u00f3 la presentadora del acto. En el b\u00fanker, enseguida, son\u00f3 la voz de Cristina. \u00abSaludo al pueblo que mi querida provincia de buenos Aires por esta jornada realmente hist\u00f3rica\u00bb, arranc\u00f3 CFK y luego remarc\u00f3 que los bonaerenses le marcaron un \u00abl\u00edmite a un presidente que no parece comprender que debe gobernar para todos\u00bb. \u00abEspero que este pronunciamiento popular le permita comprender que no se puede ejercer la primera magistratura en la forma en que lo hace. Tiene la responsabilidad de escuchar al pueblo de la provincia, que representa casi al 40 por ciento del electorado nacional. Es lo que esperamos todos los argentinos esta noche\u00bb, agreg\u00f3 la exmandataria.<\/p>\n<p>Cristina Kirchner tambi\u00e9n les agradeci\u00f3 a fiscales, candidatos y militantes y a Kicillof, Sergio Massa, Juan Grabois y a M\u00e1ximo Kirchner, quien la acompa\u00f1\u00f3 en el departamento de San Jos\u00e9 1111. \u00abEs un triunfo que nos llena de orgullo pero tambi\u00e9n de una inmensa responsabilidad por los destinos de esta patria que tanto amamos\u00bb, cerr\u00f3 su mensaje la expresidenta.<\/p>\n<div class=\"slot-available\"><\/div>\n<h2>Un domingo peronista<\/h2>\n<p>Sin saberlo, pasadas las cuatro de la tarde los protagonistas de la noche comenzaron a llegar al hotel Brizo, a pocas cuadras de Plaza Moreno. Iban a vivir una jornada electoral que ni en sus mejores sue\u00f1os imaginaron. Fuerza Patria convoc\u00f3 a los candidatos, funcionarios, prensa y militantes. Se mont\u00f3 un escenario principal con cord\u00f3n de banners hasta la puerta del hotel, donde una suerte de pasillo qued\u00f3 habilitado s\u00f3lo para las personas acreditadas al ingreso. El lobby del hotel qued\u00f3 solo para los funcionarios, en las salas con c\u00e1tering y bebidas se ubicaron los periodistas. Un piso m\u00e1s abajo, se mont\u00f3 la sala de conferencia. \u00abChe, parece que en la tercera la rompimos\u00bb, le dice un militante al otro. Repasan datos no oficiales, se r\u00eden y agregan: \u00abOjal\u00e1 sea as\u00ed\u00bb.<\/p>\n<div class=\"slot-available\"><\/div>\n<p>De a poco, t\u00edmidamente, el b\u00fanker fue tomando ritmo. Primero asom\u00f3 la gente, despu\u00e9s lleg\u00f3 la prensa y finalmente los candidatos y funcionarios. El Gobernador de la provincia de Buenos Aires, Axel Kicillof, vivi\u00f3 el cierre de la votaci\u00f3n y el inicio del escrutinio provisorio desde su casa. En el b\u00fanker, los ministros provinciales comenzaron a llegar. El ministro de trabajo, Walter Correa, la Jefa de Asesores del Gobernador de la provincia Cristina \u00c1lvarez Rodriguez, Nicol\u00e1s Kreplak, entre otros, llegaron temprano. Tambi\u00e9n fueron ingresando integrantes de La C\u00e1mpora como la intendenta de Quilmes Mayra Mendoza, Wado de Pedro, y\u00a0Facundo Tignanelli.\u00a0<b>Pasadas las seis de la tarde, el ministro de Gobierno, Carlos Bianco, anunci\u00f3 desde el Centro de C\u00f3mputos que la elecci\u00f3n hab\u00eda sucedido en perfecto orden, y la participaci\u00f3n electoral hab\u00eda sido mejor de la estimada. \u00abHoy es un d\u00eda hist\u00f3rico\u00bb, afirm\u00f3.<\/b><\/p>\n<div class=\"slot-available\"><\/div>\n<p>Lo que sucedi\u00f3 despu\u00e9s fue un aluvi\u00f3n de mesas testigo que tra\u00edan sorpresas entre la prensa y los propios funcionarios. Que en Avellaneda ganaba Fuerza Patria, que en La Plata pod\u00eda sorprender, que se peleaba en la cuarta secci\u00f3n electoral tambi\u00e9n. Fuerza Patria iba a ganar en seis de las ocho secciones y en 99 municipios de los 135 existentes frente a La Libertad Avanza, pero a esa hora todo era rumor, todo era un universo de conjetura y deseo. Afuera, la radio abierta comenz\u00f3 a calentar el lugar. La canci\u00f3n \u00abGuantanamera\u00bb sonaba fuerte y la gente empez\u00f3 a cantar en alusi\u00f3n a la hermana del Presidente, Karina Milei. Cuando la informaci\u00f3n de resultados favorables para el peronismo circul\u00f3 con m\u00e1s potencia y Fuerza Patria comenz\u00f3 a permitirse la ilusi\u00f3n, Sebasti\u00e1n Galmarini tom\u00f3 el micr\u00f3fono en la sala de conferencias y cerca de las 20.30 lo dijo: \u00abPodemos afirmar que es un triunfo de Fuerza Patria, y queremos saludar y felicitar a todos los que trabajaron para esta elecci\u00f3n\u00bb. Entonces, la sala enmudeci\u00f3. La premura en esta elecci\u00f3n, frente a experiencias pasadas donde se celebr\u00f3 antes de tiempo, fue el dato de color diferencial. Incluso en las calles, los militantes, festejaban con timidez.<\/p>\n<div class=\"slot-available\"><\/div>\n<p>\u00ab\u00bfSer\u00e1 que ganamos, che? Dice una se\u00f1ora a su hijo en la esquina de calle 10 y 51. Desde entonces, el lobby del hotel comenz\u00f3 a llenarse. En la sala de conferencias tomaron el micr\u00f3fono la diputada nacional Cecilia Moreau y el ministro de Salud de la provincia, Nicol\u00e1s Kreplak: \u00abLa democracia se construy\u00f3 con much\u00edsimo trabajo y se defiende en las urnas. Hay que agradecer a todos los que fueron autoridades de mesa y fiscales, como siempre en la democracia de nuestra provincia que no tuvo dudas\u00bb. Por su parte, Moreau nombr\u00f3 a los l\u00edderes de Fuerza Patria, y salud\u00f3 especialmente a Cristina Fern\u00e1ndez de Kirchner. Cerca de las 21 llegaron los funcionarios provinciales que faltaban y algunos candidatos de Fuerza Patria para las elecciones de octubre, como Jorge Taiana y Juan Grabois. El intendente de La Plata, Julio Alak, con festejo en su b\u00fanker, se acerc\u00f3 despu\u00e9s.<\/p>\n<div class=\"slot-available\"><\/div>\n<p>Dos minutos antes de que Carlos Bianco anuncie con el 30% del escrutinio provisorio el contundente triunfo, desde la sala de prensa se empez\u00f3 a sentir la vibraci\u00f3n de los c\u00e1nticos que llegaban desde el hall central. La marcha peronista comenz\u00f3 a escucharse en todas partes, gritos, palmas, abrazos. En La Plata soltaron el festejo contenido: el triunfo era un hecho. \u00abBorombombon, borombombon para Axel, la conducci\u00f3n\u00bb, y \u00abMadres de la Plaza, el pueblo las abraza\u00bb son\u00f3 tambi\u00e9n. Pasadas las 21, Bianco lo confirm\u00f3: \u00abLos resultados fueron contundentes para nuestra fuerza pol\u00edtica\u00bb. Las inmediaciones del hotel estallaron. Los festejos se escucharon a lo largo y ancho de calle 51. La gente se abrazaba mientras miraba de reojo los resultados en cada secci\u00f3n electoral.<\/p>\n<p>\u00abEsta muy contento. Muy\u00bb, aseguraron desde gobernaci\u00f3n sobre la primera reacci\u00f3n de Kicillof. Mientras tanto, desde San Jos\u00e9 1111, Cristina Fern\u00e1ndez de Kircher public\u00f3 en su cuenta de X una primera reflexi\u00f3n electoral. \u00abBanalizar y vandalizar el \u201cNunca M\u00e1s\u201d, que representa el per\u00edodo m\u00e1s negro y tr\u00e1gico de la historia argentina, no es gratis. Re\u00edrte de la muerte y el dolor de tus oponentes, tampoco\u00bb. Mientras, en el escenario, la locutora anunci\u00f3 que en instantes hablar\u00e1 el gobernador, mientras salud\u00f3 a las Madres y Abuelas de Plaza de Mayo. El gabinete provincial se subi\u00f3 al escenario, los papelitos y bombas de estruendo se apoderaron de la escena. Kicillof, se hizo presente en el escenario donde comenz\u00f3 a abrazar a todos los presentes. La gente cant\u00f3, salt\u00f3, festej\u00f3 enardecidamente. La marea de banderitas argentinas flame\u00f3 junto con los papelitos que inundaron el aire.<\/p>\n<div class=\"slot-available\"><\/div>\n<p>\u00abFueron casi dos a\u00f1os de agresi\u00f3n, de retroceso, y se abre un nuevo escenario pol\u00edtico, para que Fuerza Patria consolide la unidad tambi\u00e9n. Hay que cuidar a la sociedad, fueron dos a\u00f1os muy dif\u00edciles\u00bb, reflexiona el exministro de Educaci\u00f3n Nicol\u00e1s Trotta para\u00a0<b>P\u00e1gina\/12<\/b>\u00a0y a metro del escenario. La gente se mira y sonr\u00ede, conversan acaloradamente, se respira\u00a0alivio. La carrera a octubre cambi\u00f3 de color para los militantes del peronismo y para Fuerza Patria, que ahora s\u00ed, sinti\u00f3 nuevamente apoyo en las urnas.<\/p>\n<\/div>\n<\/div>\n<\/div>\n","protected":false},"excerpt":{"rendered":"<p>El gobernador bonaerense, Axel Kicillof, encabez\u00f3 los festejos del triunfo peronista en la provincia de Buenos Aires. Cr\u00f3nica de una tarde de alegr\u00eda en el centro de la capital bonaerense.<\/p>\n","protected":false},"author":3,"featured_media":124684,"comment_status":"closed","ping_status":"closed","sticky":false,"template":"","format":"standard","meta":{"footnotes":""},"categories":[24],"tags":[48],"class_list":["post-124683","post","type-post","status-publish","format-standard","has-post-thumbnail","hentry","category-politica","tag-destacada"],"yoast_head":"<!-- This site is optimized with the Yoast SEO plugin v25.9 - https:\/\/yoast.com\/wordpress\/plugins\/seo\/ -->\n<title>&quot;Una elecci\u00f3n hist\u00f3rica, una victoria aplastante&quot; - Noticias Radio Reflejos<\/title>\n<meta name=\"robots\" content=\"index, follow, max-snippet:-1, max-image-preview:large, max-video-preview:-1\" \/>\n<link rel=\"canonical\" href=\"https:\/\/www.noticiasradioreflejos.com.ar\/2021\/una-eleccion-historica-una-victoria-aplastante\/\" \/>\n<meta property=\"og:locale\" content=\"es_ES\" \/>\n<meta property=\"og:type\" content=\"article\" \/>\n<meta property=\"og:title\" content=\"&quot;Una elecci\u00f3n hist\u00f3rica, una victoria aplastante&quot; - Noticias Radio Reflejos\" \/>\n<meta property=\"og:description\" content=\"El gobernador bonaerense, Axel Kicillof, encabez\u00f3 los festejos del triunfo peronista en la provincia de Buenos Aires. Cr\u00f3nica de una tarde de alegr\u00eda en el centro de la capital bonaerense.\" \/>\n<meta property=\"og:url\" content=\"https:\/\/www.noticiasradioreflejos.com.ar\/2021\/una-eleccion-historica-una-victoria-aplastante\/\" \/>\n<meta property=\"og:site_name\" content=\"Noticias Radio Reflejos\" \/>\n<meta property=\"article:published_time\" content=\"2025-09-08T10:39:06+00:00\" \/>\n<meta property=\"og:image\" content=\"https:\/\/www.noticiasradioreflejos.com.ar\/2021\/wp-content\/uploads\/2025\/09\/ganamos.jpg\" \/>\n\t<meta property=\"og:image:width\" content=\"700\" \/>\n\t<meta property=\"og:image:height\" content=\"467\" \/>\n\t<meta property=\"og:image:type\" content=\"image\/jpeg\" \/>\n<meta name=\"author\" content=\"Arnaldo Botto\" \/>\n<meta name=\"twitter:card\" content=\"summary_large_image\" \/>\n<script type=\"application\/ld+json\" class=\"yoast-schema-graph\">{\"@context\":\"https:\/\/schema.org\",\"@graph\":[{\"@type\":\"WebPage\",\"@id\":\"https:\/\/www.noticiasradioreflejos.com.ar\/2021\/una-eleccion-historica-una-victoria-aplastante\/\",\"url\":\"https:\/\/www.noticiasradioreflejos.com.ar\/2021\/una-eleccion-historica-una-victoria-aplastante\/\",\"name\":\"\\\"Una elecci\u00f3n hist\u00f3rica, una victoria aplastante\\\" - Noticias Radio Reflejos\",\"isPartOf\":{\"@id\":\"https:\/\/www.noticiasradioreflejos.com.ar\/2021\/#website\"},\"primaryImageOfPage\":{\"@id\":\"https:\/\/www.noticiasradioreflejos.com.ar\/2021\/una-eleccion-historica-una-victoria-aplastante\/#primaryimage\"},\"image\":{\"@id\":\"https:\/\/www.noticiasradioreflejos.com.ar\/2021\/una-eleccion-historica-una-victoria-aplastante\/#primaryimage\"},\"thumbnailUrl\":\"https:\/\/www.noticiasradioreflejos.com.ar\/2021\/wp-content\/uploads\/2025\/09\/ganamos.jpg\",\"datePublished\":\"2025-09-08T10:39:06+00:00\",\"author\":{\"@id\":\"https:\/\/www.noticiasradioreflejos.com.ar\/2021\/#\/schema\/person\/ad82545263dcc5ec0996818884fd5fb1\"},\"breadcrumb\":{\"@id\":\"https:\/\/www.noticiasradioreflejos.com.ar\/2021\/una-eleccion-historica-una-victoria-aplastante\/#breadcrumb\"},\"inLanguage\":\"es\",\"potentialAction\":[{\"@type\":\"ReadAction\",\"target\":[\"https:\/\/www.noticiasradioreflejos.com.ar\/2021\/una-eleccion-historica-una-victoria-aplastante\/\"]}]},{\"@type\":\"ImageObject\",\"inLanguage\":\"es\",\"@id\":\"https:\/\/www.noticiasradioreflejos.com.ar\/2021\/una-eleccion-historica-una-victoria-aplastante\/#primaryimage\",\"url\":\"https:\/\/www.noticiasradioreflejos.com.ar\/2021\/wp-content\/uploads\/2025\/09\/ganamos.jpg\",\"contentUrl\":\"https:\/\/www.noticiasradioreflejos.com.ar\/2021\/wp-content\/uploads\/2025\/09\/ganamos.jpg\",\"width\":700,\"height\":467},{\"@type\":\"BreadcrumbList\",\"@id\":\"https:\/\/www.noticiasradioreflejos.com.ar\/2021\/una-eleccion-historica-una-victoria-aplastante\/#breadcrumb\",\"itemListElement\":[{\"@type\":\"ListItem\",\"position\":1,\"name\":\"Portada\",\"item\":\"https:\/\/www.noticiasradioreflejos.com.ar\/2021\/\"},{\"@type\":\"ListItem\",\"position\":2,\"name\":\"\u00abUna elecci\u00f3n hist\u00f3rica, una victoria aplastante\u00bb\"}]},{\"@type\":\"WebSite\",\"@id\":\"https:\/\/www.noticiasradioreflejos.com.ar\/2021\/#website\",\"url\":\"https:\/\/www.noticiasradioreflejos.com.ar\/2021\/\",\"name\":\"Noticias Radio Reflejos\",\"description\":\"Las noticias de mi comarca\",\"potentialAction\":[{\"@type\":\"SearchAction\",\"target\":{\"@type\":\"EntryPoint\",\"urlTemplate\":\"https:\/\/www.noticiasradioreflejos.com.ar\/2021\/?s={search_term_string}\"},\"query-input\":{\"@type\":\"PropertyValueSpecification\",\"valueRequired\":true,\"valueName\":\"search_term_string\"}}],\"inLanguage\":\"es\"},{\"@type\":\"Person\",\"@id\":\"https:\/\/www.noticiasradioreflejos.com.ar\/2021\/#\/schema\/person\/ad82545263dcc5ec0996818884fd5fb1\",\"name\":\"Arnaldo Botto\",\"image\":{\"@type\":\"ImageObject\",\"inLanguage\":\"es\",\"@id\":\"https:\/\/www.noticiasradioreflejos.com.ar\/2021\/#\/schema\/person\/image\/\",\"url\":\"https:\/\/secure.gravatar.com\/avatar\/55cb5e37c1efa326397366e6974cb338056df65cb50e7d64d1cf314e87504837?s=96&d=mm&r=g\",\"contentUrl\":\"https:\/\/secure.gravatar.com\/avatar\/55cb5e37c1efa326397366e6974cb338056df65cb50e7d64d1cf314e87504837?s=96&d=mm&r=g\",\"caption\":\"Arnaldo Botto\"},\"url\":\"https:\/\/www.noticiasradioreflejos.com.ar\/2021\/author\/arnaldo\/\"}]}<\/script>\n<!-- \/ Yoast SEO plugin. -->","yoast_head_json":{"title":"\"Una elecci\u00f3n hist\u00f3rica, una victoria aplastante\" - Noticias Radio Reflejos","robots":{"index":"index","follow":"follow","max-snippet":"max-snippet:-1","max-image-preview":"max-image-preview:large","max-video-preview":"max-video-preview:-1"},"canonical":"https:\/\/www.noticiasradioreflejos.com.ar\/2021\/una-eleccion-historica-una-victoria-aplastante\/","og_locale":"es_ES","og_type":"article","og_title":"\"Una elecci\u00f3n hist\u00f3rica, una victoria aplastante\" - Noticias Radio Reflejos","og_description":"El gobernador bonaerense, Axel Kicillof, encabez\u00f3 los festejos del triunfo peronista en la provincia de Buenos Aires. Cr\u00f3nica de una tarde de alegr\u00eda en el centro de la capital bonaerense.","og_url":"https:\/\/www.noticiasradioreflejos.com.ar\/2021\/una-eleccion-historica-una-victoria-aplastante\/","og_site_name":"Noticias Radio Reflejos","article_published_time":"2025-09-08T10:39:06+00:00","og_image":[{"width":700,"height":467,"url":"https:\/\/www.noticiasradioreflejos.com.ar\/2021\/wp-content\/uploads\/2025\/09\/ganamos.jpg","type":"image\/jpeg"}],"author":"Arnaldo Botto","twitter_card":"summary_large_image","schema":{"@context":"https:\/\/schema.org","@graph":[{"@type":"WebPage","@id":"https:\/\/www.noticiasradioreflejos.com.ar\/2021\/una-eleccion-historica-una-victoria-aplastante\/","url":"https:\/\/www.noticiasradioreflejos.com.ar\/2021\/una-eleccion-historica-una-victoria-aplastante\/","name":"\"Una elecci\u00f3n hist\u00f3rica, una victoria aplastante\" - Noticias Radio Reflejos","isPartOf":{"@id":"https:\/\/www.noticiasradioreflejos.com.ar\/2021\/#website"},"primaryImageOfPage":{"@id":"https:\/\/www.noticiasradioreflejos.com.ar\/2021\/una-eleccion-historica-una-victoria-aplastante\/#primaryimage"},"image":{"@id":"https:\/\/www.noticiasradioreflejos.com.ar\/2021\/una-eleccion-historica-una-victoria-aplastante\/#primaryimage"},"thumbnailUrl":"https:\/\/www.noticiasradioreflejos.com.ar\/2021\/wp-content\/uploads\/2025\/09\/ganamos.jpg","datePublished":"2025-09-08T10:39:06+00:00","author":{"@id":"https:\/\/www.noticiasradioreflejos.com.ar\/2021\/#\/schema\/person\/ad82545263dcc5ec0996818884fd5fb1"},"breadcrumb":{"@id":"https:\/\/www.noticiasradioreflejos.com.ar\/2021\/una-eleccion-historica-una-victoria-aplastante\/#breadcrumb"},"inLanguage":"es","potentialAction":[{"@type":"ReadAction","target":["https:\/\/www.noticiasradioreflejos.com.ar\/2021\/una-eleccion-historica-una-victoria-aplastante\/"]}]},{"@type":"ImageObject","inLanguage":"es","@id":"https:\/\/www.noticiasradioreflejos.com.ar\/2021\/una-eleccion-historica-una-victoria-aplastante\/#primaryimage","url":"https:\/\/www.noticiasradioreflejos.com.ar\/2021\/wp-content\/uploads\/2025\/09\/ganamos.jpg","contentUrl":"https:\/\/www.noticiasradioreflejos.com.ar\/2021\/wp-content\/uploads\/2025\/09\/ganamos.jpg","width":700,"height":467},{"@type":"BreadcrumbList","@id":"https:\/\/www.noticiasradioreflejos.com.ar\/2021\/una-eleccion-historica-una-victoria-aplastante\/#breadcrumb","itemListElement":[{"@type":"ListItem","position":1,"name":"Portada","item":"https:\/\/www.noticiasradioreflejos.com.ar\/2021\/"},{"@type":"ListItem","position":2,"name":"\u00abUna elecci\u00f3n hist\u00f3rica, una victoria aplastante\u00bb"}]},{"@type":"WebSite","@id":"https:\/\/www.noticiasradioreflejos.com.ar\/2021\/#website","url":"https:\/\/www.noticiasradioreflejos.com.ar\/2021\/","name":"Noticias Radio Reflejos","description":"Las noticias de mi comarca","potentialAction":[{"@type":"SearchAction","target":{"@type":"EntryPoint","urlTemplate":"https:\/\/www.noticiasradioreflejos.com.ar\/2021\/?s={search_term_string}"},"query-input":{"@type":"PropertyValueSpecification","valueRequired":true,"valueName":"search_term_string"}}],"inLanguage":"es"},{"@type":"Person","@id":"https:\/\/www.noticiasradioreflejos.com.ar\/2021\/#\/schema\/person\/ad82545263dcc5ec0996818884fd5fb1","name":"Arnaldo Botto","image":{"@type":"ImageObject","inLanguage":"es","@id":"https:\/\/www.noticiasradioreflejos.com.ar\/2021\/#\/schema\/person\/image\/","url":"https:\/\/secure.gravatar.com\/avatar\/55cb5e37c1efa326397366e6974cb338056df65cb50e7d64d1cf314e87504837?s=96&d=mm&r=g","contentUrl":"https:\/\/secure.gravatar.com\/avatar\/55cb5e37c1efa326397366e6974cb338056df65cb50e7d64d1cf314e87504837?s=96&d=mm&r=g","caption":"Arnaldo Botto"},"url":"https:\/\/www.noticiasradioreflejos.com.ar\/2021\/author\/arnaldo\/"}]}},"_links":{"self":[{"href":"https:\/\/www.noticiasradioreflejos.com.ar\/2021\/wp-json\/wp\/v2\/posts\/124683","targetHints":{"allow":["GET"]}}],"collection":[{"href":"https:\/\/www.noticiasradioreflejos.com.ar\/2021\/wp-json\/wp\/v2\/posts"}],"about":[{"href":"https:\/\/www.noticiasradioreflejos.com.ar\/2021\/wp-json\/wp\/v2\/types\/post"}],"author":[{"embeddable":true,"href":"https:\/\/www.noticiasradioreflejos.com.ar\/2021\/wp-json\/wp\/v2\/users\/3"}],"replies":[{"embeddable":true,"href":"https:\/\/www.noticiasradioreflejos.com.ar\/2021\/wp-json\/wp\/v2\/comments?post=124683"}],"version-history":[{"count":1,"href":"https:\/\/www.noticiasradioreflejos.com.ar\/2021\/wp-json\/wp\/v2\/posts\/124683\/revisions"}],"predecessor-version":[{"id":124685,"href":"https:\/\/www.noticiasradioreflejos.com.ar\/2021\/wp-json\/wp\/v2\/posts\/124683\/revisions\/124685"}],"wp:featuredmedia":[{"embeddable":true,"href":"https:\/\/www.noticiasradioreflejos.com.ar\/2021\/wp-json\/wp\/v2\/media\/124684"}],"wp:attachment":[{"href":"https:\/\/www.noticiasradioreflejos.com.ar\/2021\/wp-json\/wp\/v2\/media?parent=124683"}],"wp:term":[{"taxonomy":"category","embeddable":true,"href":"https:\/\/www.noticiasradioreflejos.com.ar\/2021\/wp-json\/wp\/v2\/categories?post=124683"},{"taxonomy":"post_tag","embeddable":true,"href":"https:\/\/www.noticiasradioreflejos.com.ar\/2021\/wp-json\/wp\/v2\/tags?post=124683"}],"curies":[{"name":"wp","href":"https:\/\/api.w.org\/{rel}","templated":true}]}}