{"id":124676,"date":"2025-09-08T07:32:36","date_gmt":"2025-09-08T10:32:36","guid":{"rendered":"https:\/\/www.noticiasradioreflejos.com.ar\/2021\/?p=124676"},"modified":"2025-09-08T07:35:33","modified_gmt":"2025-09-08T10:35:33","slug":"fuerza-patria-se-quedo-con-la-mayoria-de-los-distritos-en-la-sexta","status":"publish","type":"post","link":"https:\/\/www.noticiasradioreflejos.com.ar\/2021\/fuerza-patria-se-quedo-con-la-mayoria-de-los-distritos-en-la-sexta\/","title":{"rendered":"Fuerza Patria se qued\u00f3 con la mayor\u00eda de los distritos en la Sexta"},"content":{"rendered":"<p>El justicialismo obtuvo victorias en diez de los 22 distritos de la Sexta. Cu\u00e1les fueron los resultados en el resto de los partidos.<!--more--><\/p>\n<div class=\"articulo__media\">\n<p>&nbsp;<\/p>\n<\/div>\n<div class=\"articulo__cuerpo\">\n<div id=\"autor-opn\" class=\"articulo__opinologo contenedor-gral\">\n<p>M\u00e1s all\u00e1 del triunfo a nivel seccional por parte de La Libertad Avanza, Fuerza Patria se erigi\u00f3 como el ganador a nivel municipal en la Sexta Secci\u00f3n Electoral.<\/p>\n<\/div>\n<p>El justicialismo gan\u00f3 en diez de los 22 distritos del Sudoeste Bonaerense.<\/p>\n<p>En segundo lugar qued\u00f3 LLA, con triunfos en siete partidos. Luego se ubic\u00f3 Somos Buenos Aires, al ganar en dos municipios. Por su parte, Alianza Buenos Aires, Acci\u00f3n por Villarino y Movimiento para la Victoria ganaron en un distrito.<\/p>\n<\/div>\n<p>&nbsp;<\/p>\n<p><a href=\"https:\/\/www.noticiasradioreflejos.com.ar\/2021\/fuerza-patria-se-quedo-con-la-mayoria-de-los-distritos-en-la-sexta\/elecciones-en-la-6ta-2\/\" rel=\"attachment wp-att-124678\"><img loading=\"lazy\" decoding=\"async\" class=\"aligncenter size-full wp-image-124678\" src=\"https:\/\/www.noticiasradioreflejos.com.ar\/2021\/wp-content\/uploads\/2025\/09\/elecciones-en-la-6ta-1.jpg\" alt=\"\" width=\"758\" height=\"553\" srcset=\"https:\/\/www.noticiasradioreflejos.com.ar\/2021\/wp-content\/uploads\/2025\/09\/elecciones-en-la-6ta-1.jpg 758w, https:\/\/www.noticiasradioreflejos.com.ar\/2021\/wp-content\/uploads\/2025\/09\/elecciones-en-la-6ta-1-300x219.jpg 300w, https:\/\/www.noticiasradioreflejos.com.ar\/2021\/wp-content\/uploads\/2025\/09\/elecciones-en-la-6ta-1-750x547.jpg 750w\" sizes=\"auto, (max-width: 758px) 100vw, 758px\" \/><\/a><\/p>\n<div class=\"articulo__cuerpo\">\n<h4>Estos son los resultados en el resto de los distritos:<\/h4>\n<p><strong>En Adolfo Alsina<\/strong><\/p>\n<p>La Libertad Avanza y su principal candidato, Alejandro Holzmann, se quedaron con el triunfo en Adolfo Alsina, con 3.073 votos (41,09%).<\/p>\n<p>En segundo lugar qued\u00f3 con Fuerza Patria, con Eduardo L\u00f3pez (2.411 votos y 32,24%); tercero, Somos Buenos Aires y Anabela Inchauspe (1.682 y 22,49%), mientras que en cuarto lugar quedaron \u00a0Uni\u00f3n y Libertad y C\u00e9sar Finoia (312 y 4,17%).<\/p>\n<p><strong>Adolfo Gonzales Chaves<\/strong><\/p>\n<p>En Gonzales Chaves, la lista encabezada por Guillermina Atlea, de Alianza \u00a0Buenos Aires, se impuso con el 43%, totalizando 2574 votos, en tanto que el segundo lugar fue para Sandra Zoppo, de Fuerza Patria, con el 40% (2439 votos).<\/p>\n<p>Asimismo, el tercer lugar fue para la Libertad Avanza, encabezada por Ethel Diez, quien obtuvo el 17%, con un total de 1.029 sufragios.<\/p>\n<p>Con estos resultados, ABB obtiene 3 concejales, FP (2) y LLA (1).<\/p>\n<p><strong>Benito Ju\u00e1rez<\/strong><\/p>\n<p>Con resultados oficiales se impuso Fabi\u00e1n C\u00e9sar Marini, de Fuerza Patria, se impuso con el 52,68 % (4803 votos), mientras que el segundo lugar fue Mariana Gisele Almir\u00f3n, de La Libertad Avanza con el 32,02 (2919 votos). Asimismo, Pablo Gabriel Del Giorgio, de Somos Buenos Aires, qued\u00f3 en tercer puesto con el 10,15% (926 votos).<\/p>\n<p><strong>Laprida<\/strong><\/p>\n<p>En Laprida, Fuerza Patria se qued\u00f3 con la elecci\u00f3n al obtener 2.798 votos. La lista encabezada por Omar Silvio obtuvo el 45,81% de los sufragios.<\/p>\n<p>La Libertad Avanza, que postulaba a Sebasti\u00e1n Aristegui al CD, consigui\u00f3 el segundo lugar, con 2.080 (34,05%); en tercer lugar qued\u00f3 Somos Buenos Aires, con Mariana Pirozzolo, consigui\u00f3 1.100 sufragios (18,01%), y Alianza Potencia, con Carlos Aguilera, recibi\u00f3 129 votos (2,11%)<\/p>\n<p><strong>Guamin\u00ed<\/strong><\/p>\n<p>El justicialismo volvi\u00f3 a obtener el triunfo en Guamin\u00ed, distrito donde gobierna desde el a\u00f1o 2011, primero con N\u00e9stor \u00c1lvarez (actual subsecretario provincial de Recursos H\u00eddricos) y actualmente con Jos\u00e9 Nobre Ferreira.<\/p>\n<p>Fuerza Patria se qued\u00f3 con el 45,1% de los sufragios (2.681), relegando al segundo lugar a La Libertad Avanza con el 26,7% (1.585) y, en el tercero, a Somos Buenos Aires, con el 19,4% (1.154).<\/p>\n<p><strong>General La Madrid<\/strong><\/p>\n<p>La Alianza Somos se qued\u00f3 con el triunfo en General La Madrid, con el 39,62%. La lista encabezada por Daniel Horn, obtuvo 2.151 votos.<\/p>\n<p>Por su parte, Fuerza Patria, con Dardo Nu\u00f1ez, consigui\u00f3 1.936 sufragios (35,66%). Mientras que Eliana Sabadini, de La Libertad Avanza, recibi\u00f3 1.342 votos (24,72%).<\/p>\n<p><strong>Daireaux<\/strong><\/p>\n<p>En Daireaux, Fuerza Patria obtuvo un contudente triunfo, al obtener 4.045 votos. La lista encabezada por Juan Manuel Coito se qued\u00f3 con el 46,82% de los sufragios.<\/p>\n<p>En segundo lugar qued\u00f3 Federico Mogni, de La Libertad Avanza, con 2.297 votos (26,61%). Despu\u00e9s qued\u00f3 Ignacio Cereijo, de Somos, con 1.459 sufragios (16,89%). En tanto, C\u00e9sar Sanchez, de Alianza Potencia, obtuvo 836 votos (9,68%).<\/p>\n<p><strong>En Salliquel\u00f3<\/strong><\/p>\n<p>Con el 52,3% de los votos, Fuerza Patria se impuso por amplia mayor\u00eda en el distrito de Salliquel\u00f3.<\/p>\n<p>El candidato Fernando Gayoso se impuso con 2.472 votos, superando a Gabriel Lavella, de Somos (1.348, 28,5%) y Mariano Marin, de LLA (903, 19,1%).<\/p>\n<p><strong>Tres Lomas<\/strong><\/p>\n<p>En Tres Lomas, el justicialismo se declar\u00f3 vencedor, con el 42,1% (1.797) de los votos obtenidos por el candidato Roberto Alvarez.<\/p>\n<p>En segundo lugar qued\u00f3 Jorgelina Orlando, de Somos, con 1.626 sufragios (38,1%), y tercero fue Juan Carlos Ballesteros, de LLA, con 844 votos (19,7%).<\/p>\n<p><strong>Pellegrini<\/strong><\/p>\n<p>En el distrito del norte de la secci\u00f3n, el oficialismo -Somos Buenos Aires- se qued\u00f3 con una ajustada victoria, ya que aventaj\u00f3 por apenas 48 votos a la lista de Fuerza Patria.<\/p>\n<p>La lista de la intendenta Sof\u00eda Gambier obtuvo 1.362 votos (39,53%), contra 1.314 (38,14%) de Fuerza Patria y 769 (22,32%) de La Libertad Avanza.<\/p>\n<\/div>\n","protected":false},"excerpt":{"rendered":"<p>El justicialismo obtuvo victorias en diez de los 22 distritos de la Sexta. Cu\u00e1les fueron los resultados en el resto de los partidos.<\/p>\n","protected":false},"author":3,"featured_media":124682,"comment_status":"closed","ping_status":"closed","sticky":false,"template":"","format":"standard","meta":{"footnotes":""},"categories":[24],"tags":[48],"class_list":["post-124676","post","type-post","status-publish","format-standard","has-post-thumbnail","hentry","category-politica","tag-destacada"],"yoast_head":"<!-- This site is optimized with the Yoast SEO plugin v25.9 - https:\/\/yoast.com\/wordpress\/plugins\/seo\/ -->\n<title>Fuerza Patria se qued\u00f3 con la mayor\u00eda de los distritos en la Sexta - Noticias Radio Reflejos<\/title>\n<meta name=\"robots\" content=\"index, follow, max-snippet:-1, max-image-preview:large, max-video-preview:-1\" \/>\n<link rel=\"canonical\" href=\"https:\/\/www.noticiasradioreflejos.com.ar\/2021\/fuerza-patria-se-quedo-con-la-mayoria-de-los-distritos-en-la-sexta\/\" \/>\n<meta property=\"og:locale\" content=\"es_ES\" \/>\n<meta property=\"og:type\" content=\"article\" \/>\n<meta property=\"og:title\" content=\"Fuerza Patria se qued\u00f3 con la mayor\u00eda de los distritos en la Sexta - Noticias Radio Reflejos\" \/>\n<meta property=\"og:description\" content=\"El justicialismo obtuvo victorias en diez de los 22 distritos de la Sexta. Cu\u00e1les fueron los resultados en el resto de los partidos.\" \/>\n<meta property=\"og:url\" content=\"https:\/\/www.noticiasradioreflejos.com.ar\/2021\/fuerza-patria-se-quedo-con-la-mayoria-de-los-distritos-en-la-sexta\/\" \/>\n<meta property=\"og:site_name\" content=\"Noticias Radio Reflejos\" \/>\n<meta property=\"article:published_time\" content=\"2025-09-08T10:32:36+00:00\" \/>\n<meta property=\"article:modified_time\" content=\"2025-09-08T10:35:33+00:00\" \/>\n<meta property=\"og:image\" content=\"https:\/\/www.noticiasradioreflejos.com.ar\/2021\/wp-content\/uploads\/2025\/09\/peliizaaaa.jpg_720.jpg\" \/>\n\t<meta property=\"og:image:width\" content=\"720\" \/>\n\t<meta property=\"og:image:height\" content=\"556\" \/>\n\t<meta property=\"og:image:type\" content=\"image\/jpeg\" \/>\n<meta name=\"author\" content=\"Arnaldo Botto\" \/>\n<meta name=\"twitter:card\" content=\"summary_large_image\" \/>\n<script type=\"application\/ld+json\" class=\"yoast-schema-graph\">{\"@context\":\"https:\/\/schema.org\",\"@graph\":[{\"@type\":\"WebPage\",\"@id\":\"https:\/\/www.noticiasradioreflejos.com.ar\/2021\/fuerza-patria-se-quedo-con-la-mayoria-de-los-distritos-en-la-sexta\/\",\"url\":\"https:\/\/www.noticiasradioreflejos.com.ar\/2021\/fuerza-patria-se-quedo-con-la-mayoria-de-los-distritos-en-la-sexta\/\",\"name\":\"Fuerza Patria se qued\u00f3 con la mayor\u00eda de los distritos en la Sexta - Noticias Radio Reflejos\",\"isPartOf\":{\"@id\":\"https:\/\/www.noticiasradioreflejos.com.ar\/2021\/#website\"},\"primaryImageOfPage\":{\"@id\":\"https:\/\/www.noticiasradioreflejos.com.ar\/2021\/fuerza-patria-se-quedo-con-la-mayoria-de-los-distritos-en-la-sexta\/#primaryimage\"},\"image\":{\"@id\":\"https:\/\/www.noticiasradioreflejos.com.ar\/2021\/fuerza-patria-se-quedo-con-la-mayoria-de-los-distritos-en-la-sexta\/#primaryimage\"},\"thumbnailUrl\":\"https:\/\/www.noticiasradioreflejos.com.ar\/2021\/wp-content\/uploads\/2025\/09\/peliizaaaa.jpg_720.jpg\",\"datePublished\":\"2025-09-08T10:32:36+00:00\",\"dateModified\":\"2025-09-08T10:35:33+00:00\",\"author\":{\"@id\":\"https:\/\/www.noticiasradioreflejos.com.ar\/2021\/#\/schema\/person\/ad82545263dcc5ec0996818884fd5fb1\"},\"breadcrumb\":{\"@id\":\"https:\/\/www.noticiasradioreflejos.com.ar\/2021\/fuerza-patria-se-quedo-con-la-mayoria-de-los-distritos-en-la-sexta\/#breadcrumb\"},\"inLanguage\":\"es\",\"potentialAction\":[{\"@type\":\"ReadAction\",\"target\":[\"https:\/\/www.noticiasradioreflejos.com.ar\/2021\/fuerza-patria-se-quedo-con-la-mayoria-de-los-distritos-en-la-sexta\/\"]}]},{\"@type\":\"ImageObject\",\"inLanguage\":\"es\",\"@id\":\"https:\/\/www.noticiasradioreflejos.com.ar\/2021\/fuerza-patria-se-quedo-con-la-mayoria-de-los-distritos-en-la-sexta\/#primaryimage\",\"url\":\"https:\/\/www.noticiasradioreflejos.com.ar\/2021\/wp-content\/uploads\/2025\/09\/peliizaaaa.jpg_720.jpg\",\"contentUrl\":\"https:\/\/www.noticiasradioreflejos.com.ar\/2021\/wp-content\/uploads\/2025\/09\/peliizaaaa.jpg_720.jpg\",\"width\":720,\"height\":556},{\"@type\":\"BreadcrumbList\",\"@id\":\"https:\/\/www.noticiasradioreflejos.com.ar\/2021\/fuerza-patria-se-quedo-con-la-mayoria-de-los-distritos-en-la-sexta\/#breadcrumb\",\"itemListElement\":[{\"@type\":\"ListItem\",\"position\":1,\"name\":\"Portada\",\"item\":\"https:\/\/www.noticiasradioreflejos.com.ar\/2021\/\"},{\"@type\":\"ListItem\",\"position\":2,\"name\":\"Fuerza Patria se qued\u00f3 con la mayor\u00eda de los distritos en la Sexta\"}]},{\"@type\":\"WebSite\",\"@id\":\"https:\/\/www.noticiasradioreflejos.com.ar\/2021\/#website\",\"url\":\"https:\/\/www.noticiasradioreflejos.com.ar\/2021\/\",\"name\":\"Noticias Radio Reflejos\",\"description\":\"Las noticias de mi comarca\",\"potentialAction\":[{\"@type\":\"SearchAction\",\"target\":{\"@type\":\"EntryPoint\",\"urlTemplate\":\"https:\/\/www.noticiasradioreflejos.com.ar\/2021\/?s={search_term_string}\"},\"query-input\":{\"@type\":\"PropertyValueSpecification\",\"valueRequired\":true,\"valueName\":\"search_term_string\"}}],\"inLanguage\":\"es\"},{\"@type\":\"Person\",\"@id\":\"https:\/\/www.noticiasradioreflejos.com.ar\/2021\/#\/schema\/person\/ad82545263dcc5ec0996818884fd5fb1\",\"name\":\"Arnaldo Botto\",\"image\":{\"@type\":\"ImageObject\",\"inLanguage\":\"es\",\"@id\":\"https:\/\/www.noticiasradioreflejos.com.ar\/2021\/#\/schema\/person\/image\/\",\"url\":\"https:\/\/secure.gravatar.com\/avatar\/55cb5e37c1efa326397366e6974cb338056df65cb50e7d64d1cf314e87504837?s=96&d=mm&r=g\",\"contentUrl\":\"https:\/\/secure.gravatar.com\/avatar\/55cb5e37c1efa326397366e6974cb338056df65cb50e7d64d1cf314e87504837?s=96&d=mm&r=g\",\"caption\":\"Arnaldo Botto\"},\"url\":\"https:\/\/www.noticiasradioreflejos.com.ar\/2021\/author\/arnaldo\/\"}]}<\/script>\n<!-- \/ Yoast SEO plugin. -->","yoast_head_json":{"title":"Fuerza Patria se qued\u00f3 con la mayor\u00eda de los distritos en la Sexta - Noticias Radio Reflejos","robots":{"index":"index","follow":"follow","max-snippet":"max-snippet:-1","max-image-preview":"max-image-preview:large","max-video-preview":"max-video-preview:-1"},"canonical":"https:\/\/www.noticiasradioreflejos.com.ar\/2021\/fuerza-patria-se-quedo-con-la-mayoria-de-los-distritos-en-la-sexta\/","og_locale":"es_ES","og_type":"article","og_title":"Fuerza Patria se qued\u00f3 con la mayor\u00eda de los distritos en la Sexta - Noticias Radio Reflejos","og_description":"El justicialismo obtuvo victorias en diez de los 22 distritos de la Sexta. Cu\u00e1les fueron los resultados en el resto de los partidos.","og_url":"https:\/\/www.noticiasradioreflejos.com.ar\/2021\/fuerza-patria-se-quedo-con-la-mayoria-de-los-distritos-en-la-sexta\/","og_site_name":"Noticias Radio Reflejos","article_published_time":"2025-09-08T10:32:36+00:00","article_modified_time":"2025-09-08T10:35:33+00:00","og_image":[{"width":720,"height":556,"url":"https:\/\/www.noticiasradioreflejos.com.ar\/2021\/wp-content\/uploads\/2025\/09\/peliizaaaa.jpg_720.jpg","type":"image\/jpeg"}],"author":"Arnaldo Botto","twitter_card":"summary_large_image","schema":{"@context":"https:\/\/schema.org","@graph":[{"@type":"WebPage","@id":"https:\/\/www.noticiasradioreflejos.com.ar\/2021\/fuerza-patria-se-quedo-con-la-mayoria-de-los-distritos-en-la-sexta\/","url":"https:\/\/www.noticiasradioreflejos.com.ar\/2021\/fuerza-patria-se-quedo-con-la-mayoria-de-los-distritos-en-la-sexta\/","name":"Fuerza Patria se qued\u00f3 con la mayor\u00eda de los distritos en la Sexta - Noticias Radio Reflejos","isPartOf":{"@id":"https:\/\/www.noticiasradioreflejos.com.ar\/2021\/#website"},"primaryImageOfPage":{"@id":"https:\/\/www.noticiasradioreflejos.com.ar\/2021\/fuerza-patria-se-quedo-con-la-mayoria-de-los-distritos-en-la-sexta\/#primaryimage"},"image":{"@id":"https:\/\/www.noticiasradioreflejos.com.ar\/2021\/fuerza-patria-se-quedo-con-la-mayoria-de-los-distritos-en-la-sexta\/#primaryimage"},"thumbnailUrl":"https:\/\/www.noticiasradioreflejos.com.ar\/2021\/wp-content\/uploads\/2025\/09\/peliizaaaa.jpg_720.jpg","datePublished":"2025-09-08T10:32:36+00:00","dateModified":"2025-09-08T10:35:33+00:00","author":{"@id":"https:\/\/www.noticiasradioreflejos.com.ar\/2021\/#\/schema\/person\/ad82545263dcc5ec0996818884fd5fb1"},"breadcrumb":{"@id":"https:\/\/www.noticiasradioreflejos.com.ar\/2021\/fuerza-patria-se-quedo-con-la-mayoria-de-los-distritos-en-la-sexta\/#breadcrumb"},"inLanguage":"es","potentialAction":[{"@type":"ReadAction","target":["https:\/\/www.noticiasradioreflejos.com.ar\/2021\/fuerza-patria-se-quedo-con-la-mayoria-de-los-distritos-en-la-sexta\/"]}]},{"@type":"ImageObject","inLanguage":"es","@id":"https:\/\/www.noticiasradioreflejos.com.ar\/2021\/fuerza-patria-se-quedo-con-la-mayoria-de-los-distritos-en-la-sexta\/#primaryimage","url":"https:\/\/www.noticiasradioreflejos.com.ar\/2021\/wp-content\/uploads\/2025\/09\/peliizaaaa.jpg_720.jpg","contentUrl":"https:\/\/www.noticiasradioreflejos.com.ar\/2021\/wp-content\/uploads\/2025\/09\/peliizaaaa.jpg_720.jpg","width":720,"height":556},{"@type":"BreadcrumbList","@id":"https:\/\/www.noticiasradioreflejos.com.ar\/2021\/fuerza-patria-se-quedo-con-la-mayoria-de-los-distritos-en-la-sexta\/#breadcrumb","itemListElement":[{"@type":"ListItem","position":1,"name":"Portada","item":"https:\/\/www.noticiasradioreflejos.com.ar\/2021\/"},{"@type":"ListItem","position":2,"name":"Fuerza Patria se qued\u00f3 con la mayor\u00eda de los distritos en la Sexta"}]},{"@type":"WebSite","@id":"https:\/\/www.noticiasradioreflejos.com.ar\/2021\/#website","url":"https:\/\/www.noticiasradioreflejos.com.ar\/2021\/","name":"Noticias Radio Reflejos","description":"Las noticias de mi comarca","potentialAction":[{"@type":"SearchAction","target":{"@type":"EntryPoint","urlTemplate":"https:\/\/www.noticiasradioreflejos.com.ar\/2021\/?s={search_term_string}"},"query-input":{"@type":"PropertyValueSpecification","valueRequired":true,"valueName":"search_term_string"}}],"inLanguage":"es"},{"@type":"Person","@id":"https:\/\/www.noticiasradioreflejos.com.ar\/2021\/#\/schema\/person\/ad82545263dcc5ec0996818884fd5fb1","name":"Arnaldo Botto","image":{"@type":"ImageObject","inLanguage":"es","@id":"https:\/\/www.noticiasradioreflejos.com.ar\/2021\/#\/schema\/person\/image\/","url":"https:\/\/secure.gravatar.com\/avatar\/55cb5e37c1efa326397366e6974cb338056df65cb50e7d64d1cf314e87504837?s=96&d=mm&r=g","contentUrl":"https:\/\/secure.gravatar.com\/avatar\/55cb5e37c1efa326397366e6974cb338056df65cb50e7d64d1cf314e87504837?s=96&d=mm&r=g","caption":"Arnaldo Botto"},"url":"https:\/\/www.noticiasradioreflejos.com.ar\/2021\/author\/arnaldo\/"}]}},"_links":{"self":[{"href":"https:\/\/www.noticiasradioreflejos.com.ar\/2021\/wp-json\/wp\/v2\/posts\/124676","targetHints":{"allow":["GET"]}}],"collection":[{"href":"https:\/\/www.noticiasradioreflejos.com.ar\/2021\/wp-json\/wp\/v2\/posts"}],"about":[{"href":"https:\/\/www.noticiasradioreflejos.com.ar\/2021\/wp-json\/wp\/v2\/types\/post"}],"author":[{"embeddable":true,"href":"https:\/\/www.noticiasradioreflejos.com.ar\/2021\/wp-json\/wp\/v2\/users\/3"}],"replies":[{"embeddable":true,"href":"https:\/\/www.noticiasradioreflejos.com.ar\/2021\/wp-json\/wp\/v2\/comments?post=124676"}],"version-history":[{"count":2,"href":"https:\/\/www.noticiasradioreflejos.com.ar\/2021\/wp-json\/wp\/v2\/posts\/124676\/revisions"}],"predecessor-version":[{"id":124681,"href":"https:\/\/www.noticiasradioreflejos.com.ar\/2021\/wp-json\/wp\/v2\/posts\/124676\/revisions\/124681"}],"wp:featuredmedia":[{"embeddable":true,"href":"https:\/\/www.noticiasradioreflejos.com.ar\/2021\/wp-json\/wp\/v2\/media\/124682"}],"wp:attachment":[{"href":"https:\/\/www.noticiasradioreflejos.com.ar\/2021\/wp-json\/wp\/v2\/media?parent=124676"}],"wp:term":[{"taxonomy":"category","embeddable":true,"href":"https:\/\/www.noticiasradioreflejos.com.ar\/2021\/wp-json\/wp\/v2\/categories?post=124676"},{"taxonomy":"post_tag","embeddable":true,"href":"https:\/\/www.noticiasradioreflejos.com.ar\/2021\/wp-json\/wp\/v2\/tags?post=124676"}],"curies":[{"name":"wp","href":"https:\/\/api.w.org\/{rel}","templated":true}]}}