{"id":124673,"date":"2025-09-08T07:20:08","date_gmt":"2025-09-08T10:20:08","guid":{"rendered":"https:\/\/www.noticiasradioreflejos.com.ar\/2021\/?p=124673"},"modified":"2025-09-08T07:20:08","modified_gmt":"2025-09-08T10:20:08","slug":"dia-internacional-de-la-alfabetizacion-por-que-se-celebra-el-8-de-septiembre","status":"publish","type":"post","link":"https:\/\/www.noticiasradioreflejos.com.ar\/2021\/dia-internacional-de-la-alfabetizacion-por-que-se-celebra-el-8-de-septiembre\/","title":{"rendered":"D\u00eda Internacional de la Alfabetizaci\u00f3n: \u00bfpor qu\u00e9 se celebra el 8 de septiembre?"},"content":{"rendered":"<p>Una fecha para reflexionar cr\u00edticamente sobre lo que significa hoy la alfabetizaci\u00f3n y c\u00f3mo se dise\u00f1an, gestionan y eval\u00faan los programas, las pol\u00edticas y la ense\u00f1anza de la alfabetizaci\u00f3n en esta era digital.<!--more--><\/p>\n<p>El 8 de septiembre se celebra a nivel mundial el D\u00eda Internacional de la Alfabetizaci\u00f3n,\u00a0fecha que viene ganando importancia desde que la ONU aprobara su conmemoraci\u00f3n en el a\u00f1o 1965.<\/p>\n<p>El objetivo de este d\u00eda, es evaluar c\u00f3mo ha mejorado la tasa de alfabetizaci\u00f3n de los pa\u00edses miembros, para el logro de la\u00a0Agenda 2030 y sus Objetivos de Desarrollo Sostenible.<\/p>\n<p>Aunque en un principio en este d\u00eda solo se evaluaba la cantidad de personas que sab\u00edan leer y escribir, dentro del territorio nacional de cada pa\u00eds,\u00a0a partir del a\u00f1o 2017, tambi\u00e9n se sum\u00f3\u00a0la alfabetizaci\u00f3n digital,\u00a0que no es otra cosa que la capacidad que tienen las personas para entender y usar de forma provechosa las nuevas tecnolog\u00edas comunicacionales, como internet y la inteligencia digital.<\/p>\n<p>&nbsp;<\/p>\n<p>Este a\u00f1o, el D\u00eda Internacional de la Alfabetizaci\u00f3n se celebra bajo el tema:\u00a0\u201cPromover la alfabetizaci\u00f3n en la era digital\u201d.<\/p>\n<p>La digitalizaci\u00f3n est\u00e1 transformando la forma en que aprendemos, vivimos, trabajamos y socializamos, con efectos tanto positivos como negativos, dependiendo de c\u00f3mo nos relacionamos con ella. Si bien las herramientas digitales pueden ampliar las oportunidades de aprendizaje para los grupos marginados (incluidos los 739 millones de j\u00f3venes y adultos que carecen de competencias b\u00e1sicas de alfabetizaci\u00f3n), este cambio digital tambi\u00e9n conlleva el riesgo de una doble marginaci\u00f3n: exclusi\u00f3n tanto del aprendizaje tradicional como de los beneficios de la era digital.\u00a0La digitalizaci\u00f3n tambi\u00e9n plantea otras preocupaciones, como cuestiones de privacidad, vigilancia digital, sesgos reforzados, \u00e9tica, consumo pasivo y efectos sobre el medio ambiente.<\/p>\n<p>La alfabetizaci\u00f3n es clave para que estas transformaciones sean inclusivas, pertinentes y significativas. M\u00e1s all\u00e1 de leer y escribir en papel, la alfabetizaci\u00f3n en la era digital permite a las personas acceder, comprender, evaluar, crear, comunicar y participar en contenidos digitales de forma segura y adecuada. Tambi\u00e9n es fundamental para fomentar el pensamiento cr\u00edtico, identificar informaci\u00f3n confiable y desenvolverse en entornos informativos complejos.<\/p>\n<p>Adem\u00e1s, el D\u00eda Internacional de la Alfabetizaci\u00f3n busca destacar pol\u00edticas e intervenciones eficaces que promueven la alfabetizaci\u00f3n como un bien com\u00fan y un derecho humano, as\u00ed como una herramienta para el empoderamiento y la transformaci\u00f3n hacia sociedades m\u00e1s inclusivas, justas y sostenibles.<\/p>\n<p>La mejor forma para celebrar el\u00a0D\u00eda Internacional de la Alfabetizaci\u00f3n, es ayudando a otros a adquirir una nueva habilidad.\u00a0Puede ser algo tan simple como ense\u00f1ar a un ni\u00f1o las vocales, leer un cuento en la biblioteca de tu ciudad o subir un tutorial sobre alg\u00fan programa que sepas usar muy bien a alguna plataforma popular para compartir lo que sab\u00e9s.<\/p>\n<p>&nbsp;<\/p>\n<p>MP<\/p>\n<div class=\"content-container col-12 col-lg-8\">\n<div class=\"c-content\">\n<div class=\"partner-wrapper opening\" data-mrf-recirculation=\"Apertura\">\n<div class=\"second-col\"><\/div>\n<\/div>\n<\/div>\n<\/div>\n<p>&nbsp;<\/p>\n<div class=\"news-info\" data-mrf-recirculation=\"firma\">\n<div class=\"info-wrapper\">\n<p class=\"authors\">elDiarioAR<\/p>\n<div class=\"date-comments-wrapper\">\n<p>&nbsp;<\/p>\n<\/div>\n<\/div>\n<\/div>\n<div class=\"partner-wrapper article-page__body-row\">\n<div class=\"second-col\">\n<p class=\"article-text\">\n<\/div>\n<\/div>\n","protected":false},"excerpt":{"rendered":"<p>Una fecha para reflexionar cr\u00edticamente sobre lo que significa hoy la alfabetizaci\u00f3n y c\u00f3mo se dise\u00f1an, gestionan y eval\u00faan los programas, las pol\u00edticas y la ense\u00f1anza de la alfabetizaci\u00f3n en esta era digital.<\/p>\n","protected":false},"author":3,"featured_media":0,"comment_status":"closed","ping_status":"closed","sticky":false,"template":"","format":"standard","meta":{"footnotes":""},"categories":[36,26],"tags":[],"class_list":["post-124673","post","type-post","status-publish","format-standard","hentry","category-economia","category-sociedad"],"yoast_head":"<!-- This site is optimized with the Yoast SEO plugin v25.9 - https:\/\/yoast.com\/wordpress\/plugins\/seo\/ -->\n<title>D\u00eda Internacional de la Alfabetizaci\u00f3n: \u00bfpor qu\u00e9 se celebra el 8 de septiembre? - Noticias Radio Reflejos<\/title>\n<meta name=\"robots\" content=\"index, follow, max-snippet:-1, max-image-preview:large, max-video-preview:-1\" \/>\n<link rel=\"canonical\" href=\"https:\/\/www.noticiasradioreflejos.com.ar\/2021\/dia-internacional-de-la-alfabetizacion-por-que-se-celebra-el-8-de-septiembre\/\" \/>\n<meta property=\"og:locale\" content=\"es_ES\" \/>\n<meta property=\"og:type\" content=\"article\" \/>\n<meta property=\"og:title\" content=\"D\u00eda Internacional de la Alfabetizaci\u00f3n: \u00bfpor qu\u00e9 se celebra el 8 de septiembre? - Noticias Radio Reflejos\" \/>\n<meta property=\"og:description\" content=\"Una fecha para reflexionar cr\u00edticamente sobre lo que significa hoy la alfabetizaci\u00f3n y c\u00f3mo se dise\u00f1an, gestionan y eval\u00faan los programas, las pol\u00edticas y la ense\u00f1anza de la alfabetizaci\u00f3n en esta era digital.\" \/>\n<meta property=\"og:url\" content=\"https:\/\/www.noticiasradioreflejos.com.ar\/2021\/dia-internacional-de-la-alfabetizacion-por-que-se-celebra-el-8-de-septiembre\/\" \/>\n<meta property=\"og:site_name\" content=\"Noticias Radio Reflejos\" \/>\n<meta property=\"article:published_time\" content=\"2025-09-08T10:20:08+00:00\" \/>\n<meta property=\"og:image\" content=\"https:\/\/www.noticiasradioreflejos.com.ar\/2021\/wp-content\/uploads\/2025\/09\/alfabetizacion.jpg\" \/>\n\t<meta property=\"og:image:width\" content=\"1197\" \/>\n\t<meta property=\"og:image:height\" content=\"675\" \/>\n\t<meta property=\"og:image:type\" content=\"image\/jpeg\" \/>\n<meta name=\"author\" content=\"Arnaldo Botto\" \/>\n<meta name=\"twitter:card\" content=\"summary_large_image\" \/>\n<script type=\"application\/ld+json\" class=\"yoast-schema-graph\">{\"@context\":\"https:\/\/schema.org\",\"@graph\":[{\"@type\":\"WebPage\",\"@id\":\"https:\/\/www.noticiasradioreflejos.com.ar\/2021\/dia-internacional-de-la-alfabetizacion-por-que-se-celebra-el-8-de-septiembre\/\",\"url\":\"https:\/\/www.noticiasradioreflejos.com.ar\/2021\/dia-internacional-de-la-alfabetizacion-por-que-se-celebra-el-8-de-septiembre\/\",\"name\":\"D\u00eda Internacional de la Alfabetizaci\u00f3n: \u00bfpor qu\u00e9 se celebra el 8 de septiembre? - Noticias Radio Reflejos\",\"isPartOf\":{\"@id\":\"https:\/\/www.noticiasradioreflejos.com.ar\/2021\/#website\"},\"datePublished\":\"2025-09-08T10:20:08+00:00\",\"author\":{\"@id\":\"https:\/\/www.noticiasradioreflejos.com.ar\/2021\/#\/schema\/person\/ad82545263dcc5ec0996818884fd5fb1\"},\"breadcrumb\":{\"@id\":\"https:\/\/www.noticiasradioreflejos.com.ar\/2021\/dia-internacional-de-la-alfabetizacion-por-que-se-celebra-el-8-de-septiembre\/#breadcrumb\"},\"inLanguage\":\"es\",\"potentialAction\":[{\"@type\":\"ReadAction\",\"target\":[\"https:\/\/www.noticiasradioreflejos.com.ar\/2021\/dia-internacional-de-la-alfabetizacion-por-que-se-celebra-el-8-de-septiembre\/\"]}]},{\"@type\":\"BreadcrumbList\",\"@id\":\"https:\/\/www.noticiasradioreflejos.com.ar\/2021\/dia-internacional-de-la-alfabetizacion-por-que-se-celebra-el-8-de-septiembre\/#breadcrumb\",\"itemListElement\":[{\"@type\":\"ListItem\",\"position\":1,\"name\":\"Portada\",\"item\":\"https:\/\/www.noticiasradioreflejos.com.ar\/2021\/\"},{\"@type\":\"ListItem\",\"position\":2,\"name\":\"D\u00eda Internacional de la Alfabetizaci\u00f3n: \u00bfpor qu\u00e9 se celebra el 8 de septiembre?\"}]},{\"@type\":\"WebSite\",\"@id\":\"https:\/\/www.noticiasradioreflejos.com.ar\/2021\/#website\",\"url\":\"https:\/\/www.noticiasradioreflejos.com.ar\/2021\/\",\"name\":\"Noticias Radio Reflejos\",\"description\":\"Las noticias de mi comarca\",\"potentialAction\":[{\"@type\":\"SearchAction\",\"target\":{\"@type\":\"EntryPoint\",\"urlTemplate\":\"https:\/\/www.noticiasradioreflejos.com.ar\/2021\/?s={search_term_string}\"},\"query-input\":{\"@type\":\"PropertyValueSpecification\",\"valueRequired\":true,\"valueName\":\"search_term_string\"}}],\"inLanguage\":\"es\"},{\"@type\":\"Person\",\"@id\":\"https:\/\/www.noticiasradioreflejos.com.ar\/2021\/#\/schema\/person\/ad82545263dcc5ec0996818884fd5fb1\",\"name\":\"Arnaldo Botto\",\"image\":{\"@type\":\"ImageObject\",\"inLanguage\":\"es\",\"@id\":\"https:\/\/www.noticiasradioreflejos.com.ar\/2021\/#\/schema\/person\/image\/\",\"url\":\"https:\/\/secure.gravatar.com\/avatar\/55cb5e37c1efa326397366e6974cb338056df65cb50e7d64d1cf314e87504837?s=96&d=mm&r=g\",\"contentUrl\":\"https:\/\/secure.gravatar.com\/avatar\/55cb5e37c1efa326397366e6974cb338056df65cb50e7d64d1cf314e87504837?s=96&d=mm&r=g\",\"caption\":\"Arnaldo Botto\"},\"url\":\"https:\/\/www.noticiasradioreflejos.com.ar\/2021\/author\/arnaldo\/\"}]}<\/script>\n<!-- \/ Yoast SEO plugin. -->","yoast_head_json":{"title":"D\u00eda Internacional de la Alfabetizaci\u00f3n: \u00bfpor qu\u00e9 se celebra el 8 de septiembre? - Noticias Radio Reflejos","robots":{"index":"index","follow":"follow","max-snippet":"max-snippet:-1","max-image-preview":"max-image-preview:large","max-video-preview":"max-video-preview:-1"},"canonical":"https:\/\/www.noticiasradioreflejos.com.ar\/2021\/dia-internacional-de-la-alfabetizacion-por-que-se-celebra-el-8-de-septiembre\/","og_locale":"es_ES","og_type":"article","og_title":"D\u00eda Internacional de la Alfabetizaci\u00f3n: \u00bfpor qu\u00e9 se celebra el 8 de septiembre? - Noticias Radio Reflejos","og_description":"Una fecha para reflexionar cr\u00edticamente sobre lo que significa hoy la alfabetizaci\u00f3n y c\u00f3mo se dise\u00f1an, gestionan y eval\u00faan los programas, las pol\u00edticas y la ense\u00f1anza de la alfabetizaci\u00f3n en esta era digital.","og_url":"https:\/\/www.noticiasradioreflejos.com.ar\/2021\/dia-internacional-de-la-alfabetizacion-por-que-se-celebra-el-8-de-septiembre\/","og_site_name":"Noticias Radio Reflejos","article_published_time":"2025-09-08T10:20:08+00:00","og_image":[{"width":1197,"height":675,"url":"https:\/\/www.noticiasradioreflejos.com.ar\/2021\/wp-content\/uploads\/2025\/09\/alfabetizacion.jpg","type":"image\/jpeg"}],"author":"Arnaldo Botto","twitter_card":"summary_large_image","schema":{"@context":"https:\/\/schema.org","@graph":[{"@type":"WebPage","@id":"https:\/\/www.noticiasradioreflejos.com.ar\/2021\/dia-internacional-de-la-alfabetizacion-por-que-se-celebra-el-8-de-septiembre\/","url":"https:\/\/www.noticiasradioreflejos.com.ar\/2021\/dia-internacional-de-la-alfabetizacion-por-que-se-celebra-el-8-de-septiembre\/","name":"D\u00eda Internacional de la Alfabetizaci\u00f3n: \u00bfpor qu\u00e9 se celebra el 8 de septiembre? - Noticias Radio Reflejos","isPartOf":{"@id":"https:\/\/www.noticiasradioreflejos.com.ar\/2021\/#website"},"datePublished":"2025-09-08T10:20:08+00:00","author":{"@id":"https:\/\/www.noticiasradioreflejos.com.ar\/2021\/#\/schema\/person\/ad82545263dcc5ec0996818884fd5fb1"},"breadcrumb":{"@id":"https:\/\/www.noticiasradioreflejos.com.ar\/2021\/dia-internacional-de-la-alfabetizacion-por-que-se-celebra-el-8-de-septiembre\/#breadcrumb"},"inLanguage":"es","potentialAction":[{"@type":"ReadAction","target":["https:\/\/www.noticiasradioreflejos.com.ar\/2021\/dia-internacional-de-la-alfabetizacion-por-que-se-celebra-el-8-de-septiembre\/"]}]},{"@type":"BreadcrumbList","@id":"https:\/\/www.noticiasradioreflejos.com.ar\/2021\/dia-internacional-de-la-alfabetizacion-por-que-se-celebra-el-8-de-septiembre\/#breadcrumb","itemListElement":[{"@type":"ListItem","position":1,"name":"Portada","item":"https:\/\/www.noticiasradioreflejos.com.ar\/2021\/"},{"@type":"ListItem","position":2,"name":"D\u00eda Internacional de la Alfabetizaci\u00f3n: \u00bfpor qu\u00e9 se celebra el 8 de septiembre?"}]},{"@type":"WebSite","@id":"https:\/\/www.noticiasradioreflejos.com.ar\/2021\/#website","url":"https:\/\/www.noticiasradioreflejos.com.ar\/2021\/","name":"Noticias Radio Reflejos","description":"Las noticias de mi comarca","potentialAction":[{"@type":"SearchAction","target":{"@type":"EntryPoint","urlTemplate":"https:\/\/www.noticiasradioreflejos.com.ar\/2021\/?s={search_term_string}"},"query-input":{"@type":"PropertyValueSpecification","valueRequired":true,"valueName":"search_term_string"}}],"inLanguage":"es"},{"@type":"Person","@id":"https:\/\/www.noticiasradioreflejos.com.ar\/2021\/#\/schema\/person\/ad82545263dcc5ec0996818884fd5fb1","name":"Arnaldo Botto","image":{"@type":"ImageObject","inLanguage":"es","@id":"https:\/\/www.noticiasradioreflejos.com.ar\/2021\/#\/schema\/person\/image\/","url":"https:\/\/secure.gravatar.com\/avatar\/55cb5e37c1efa326397366e6974cb338056df65cb50e7d64d1cf314e87504837?s=96&d=mm&r=g","contentUrl":"https:\/\/secure.gravatar.com\/avatar\/55cb5e37c1efa326397366e6974cb338056df65cb50e7d64d1cf314e87504837?s=96&d=mm&r=g","caption":"Arnaldo Botto"},"url":"https:\/\/www.noticiasradioreflejos.com.ar\/2021\/author\/arnaldo\/"}]}},"_links":{"self":[{"href":"https:\/\/www.noticiasradioreflejos.com.ar\/2021\/wp-json\/wp\/v2\/posts\/124673","targetHints":{"allow":["GET"]}}],"collection":[{"href":"https:\/\/www.noticiasradioreflejos.com.ar\/2021\/wp-json\/wp\/v2\/posts"}],"about":[{"href":"https:\/\/www.noticiasradioreflejos.com.ar\/2021\/wp-json\/wp\/v2\/types\/post"}],"author":[{"embeddable":true,"href":"https:\/\/www.noticiasradioreflejos.com.ar\/2021\/wp-json\/wp\/v2\/users\/3"}],"replies":[{"embeddable":true,"href":"https:\/\/www.noticiasradioreflejos.com.ar\/2021\/wp-json\/wp\/v2\/comments?post=124673"}],"version-history":[{"count":1,"href":"https:\/\/www.noticiasradioreflejos.com.ar\/2021\/wp-json\/wp\/v2\/posts\/124673\/revisions"}],"predecessor-version":[{"id":124675,"href":"https:\/\/www.noticiasradioreflejos.com.ar\/2021\/wp-json\/wp\/v2\/posts\/124673\/revisions\/124675"}],"wp:attachment":[{"href":"https:\/\/www.noticiasradioreflejos.com.ar\/2021\/wp-json\/wp\/v2\/media?parent=124673"}],"wp:term":[{"taxonomy":"category","embeddable":true,"href":"https:\/\/www.noticiasradioreflejos.com.ar\/2021\/wp-json\/wp\/v2\/categories?post=124673"},{"taxonomy":"post_tag","embeddable":true,"href":"https:\/\/www.noticiasradioreflejos.com.ar\/2021\/wp-json\/wp\/v2\/tags?post=124673"}],"curies":[{"name":"wp","href":"https:\/\/api.w.org\/{rel}","templated":true}]}}