{"id":124566,"date":"2025-09-05T08:17:24","date_gmt":"2025-09-05T11:17:24","guid":{"rendered":"https:\/\/www.noticiasradioreflejos.com.ar\/2021\/?p=124566"},"modified":"2025-09-05T08:17:54","modified_gmt":"2025-09-05T11:17:54","slug":"accidente-en-ruta-72-joven-de-saldungaray-resulta-herido","status":"publish","type":"post","link":"https:\/\/www.noticiasradioreflejos.com.ar\/2021\/accidente-en-ruta-72-joven-de-saldungaray-resulta-herido\/","title":{"rendered":"Accidente en Ruta 72: Joven de Saldungaray resulta herido"},"content":{"rendered":"<p>Un accidente de tr\u00e1nsito ocurri\u00f3 en la ruta 72, a unos 600 mts del portal de ingreso oeste de Saldungaray\u00a0 El joven Taiel Alexis Palladino, de 24 a\u00f1os, result\u00f3 herido con fractura de h\u00famero.\u00bb<\/p>\n<p><!--more--><\/p>\n<p>En la madrugada de hoy, personal de tr\u00e1nsito se hizo presente en la ruta 72, a la altura de una concesionaria\u00a0 de autos, entre Saldungaray y Sierra de la Ventana, para brindar apoyo a polic\u00eda y bomberos de la localidad.<\/p>\n<p><a href=\"https:\/\/www.noticiasradioreflejos.com.ar\/2021\/accidente-en-ruta-72-joven-de-saldungaray-resulta-herido\/vuelco-en-saldungaray-2\/\" rel=\"attachment wp-att-124568\"><img loading=\"lazy\" decoding=\"async\" class=\"aligncenter size-full wp-image-124568\" src=\"https:\/\/www.noticiasradioreflejos.com.ar\/2021\/wp-content\/uploads\/2025\/09\/vuelco-en-Saldungaray.jpg\" alt=\"\" width=\"1280\" height=\"558\" \/><\/a><\/p>\n<p>Seg\u00fan inform\u00f3 el sub ayudante de bomberos voluntarios de Saldungaray, Salas, el accidente ocurri\u00f3 cuando el veh\u00edculo Fiat Palio, dominio GCD 212, conducido por Taiel Alexis Palladino, de 24 a\u00f1os, se accident\u00f3 en la ruta 72.<\/p>\n<p>Palladino, quien es de la ciudad de Saldungaray, viajaba solo en el veh\u00edculo y result\u00f3 herido con fractura de h\u00famero. Personal de salud de Saldungaray se hizo presente en el lugar y traslad\u00f3 al joven al Hospital municipal de Tornquist.<\/p>\n<p>El veh\u00edculo qued\u00f3 en la banquina de la ruta 72, a cargo de la polic\u00eda. La causa del accidente a\u00fan se est\u00e1 investigando.<\/p>\n<p>Se recomienda a los conductores tener precauci\u00f3n al circular por la ruta 72 y respetar las normas de tr\u00e1nsito para evitar accidentes.<\/p>\n<p>&nbsp;<\/p>\n<p><a href=\"https:\/\/www.noticiasradioreflejos.com.ar\/2021\/accidente-en-ruta-72-joven-de-saldungaray-resulta-herido\/vuelco-en-saldungaray-2-2\/\" rel=\"attachment wp-att-124569\"><img loading=\"lazy\" decoding=\"async\" class=\"aligncenter size-full wp-image-124569\" src=\"https:\/\/www.noticiasradioreflejos.com.ar\/2021\/wp-content\/uploads\/2025\/09\/vuelco-en-Saldungaray-2.jpg\" alt=\"\" width=\"1280\" height=\"558\" srcset=\"https:\/\/www.noticiasradioreflejos.com.ar\/2021\/wp-content\/uploads\/2025\/09\/vuelco-en-Saldungaray-2.jpg 1280w, https:\/\/www.noticiasradioreflejos.com.ar\/2021\/wp-content\/uploads\/2025\/09\/vuelco-en-Saldungaray-2-300x131.jpg 300w, https:\/\/www.noticiasradioreflejos.com.ar\/2021\/wp-content\/uploads\/2025\/09\/vuelco-en-Saldungaray-2-1024x446.jpg 1024w, https:\/\/www.noticiasradioreflejos.com.ar\/2021\/wp-content\/uploads\/2025\/09\/vuelco-en-Saldungaray-2-768x335.jpg 768w, https:\/\/www.noticiasradioreflejos.com.ar\/2021\/wp-content\/uploads\/2025\/09\/vuelco-en-Saldungaray-2-750x327.jpg 750w, https:\/\/www.noticiasradioreflejos.com.ar\/2021\/wp-content\/uploads\/2025\/09\/vuelco-en-Saldungaray-2-1140x497.jpg 1140w\" sizes=\"auto, (max-width: 1280px) 100vw, 1280px\" \/><\/a><\/p>\n","protected":false},"excerpt":{"rendered":"<p>Un accidente de tr\u00e1nsito ocurri\u00f3 en la ruta 72, a unos 600 mts del portal de ingreso oeste de Saldungaray\u00a0 El joven Taiel Alexis Palladino, de 24 a\u00f1os, result\u00f3 herido con fractura de h\u00famero.\u00bb<\/p>\n","protected":false},"author":3,"featured_media":0,"comment_status":"closed","ping_status":"closed","sticky":false,"template":"","format":"standard","meta":{"footnotes":""},"categories":[29],"tags":[48],"class_list":["post-124566","post","type-post","status-publish","format-standard","hentry","category-policiales","tag-destacada"],"yoast_head":"<!-- This site is optimized with the Yoast SEO plugin v25.9 - https:\/\/yoast.com\/wordpress\/plugins\/seo\/ -->\n<title>Accidente en Ruta 72: Joven de Saldungaray resulta herido - Noticias Radio Reflejos<\/title>\n<meta name=\"robots\" content=\"index, follow, max-snippet:-1, max-image-preview:large, max-video-preview:-1\" \/>\n<link rel=\"canonical\" href=\"https:\/\/www.noticiasradioreflejos.com.ar\/2021\/accidente-en-ruta-72-joven-de-saldungaray-resulta-herido\/\" \/>\n<meta property=\"og:locale\" content=\"es_ES\" \/>\n<meta property=\"og:type\" content=\"article\" \/>\n<meta property=\"og:title\" content=\"Accidente en Ruta 72: Joven de Saldungaray resulta herido - Noticias Radio Reflejos\" \/>\n<meta property=\"og:description\" content=\"Un accidente de tr\u00e1nsito ocurri\u00f3 en la ruta 72, a unos 600 mts del portal de ingreso oeste de Saldungaray\u00a0 El joven Taiel Alexis Palladino, de 24 a\u00f1os, result\u00f3 herido con fractura de h\u00famero.\u00bb\" \/>\n<meta property=\"og:url\" content=\"https:\/\/www.noticiasradioreflejos.com.ar\/2021\/accidente-en-ruta-72-joven-de-saldungaray-resulta-herido\/\" \/>\n<meta property=\"og:site_name\" content=\"Noticias Radio Reflejos\" \/>\n<meta property=\"article:published_time\" content=\"2025-09-05T11:17:24+00:00\" \/>\n<meta property=\"article:modified_time\" content=\"2025-09-05T11:17:54+00:00\" \/>\n<meta property=\"og:image\" content=\"https:\/\/www.noticiasradioreflejos.com.ar\/2021\/wp-content\/uploads\/2025\/09\/vuelco-en-Saldungaray-1.jpg\" \/>\n\t<meta property=\"og:image:width\" content=\"1280\" \/>\n\t<meta property=\"og:image:height\" content=\"558\" \/>\n\t<meta property=\"og:image:type\" content=\"image\/jpeg\" \/>\n<meta name=\"author\" content=\"Arnaldo Botto\" \/>\n<meta name=\"twitter:card\" content=\"summary_large_image\" \/>\n<script type=\"application\/ld+json\" class=\"yoast-schema-graph\">{\"@context\":\"https:\/\/schema.org\",\"@graph\":[{\"@type\":\"WebPage\",\"@id\":\"https:\/\/www.noticiasradioreflejos.com.ar\/2021\/accidente-en-ruta-72-joven-de-saldungaray-resulta-herido\/\",\"url\":\"https:\/\/www.noticiasradioreflejos.com.ar\/2021\/accidente-en-ruta-72-joven-de-saldungaray-resulta-herido\/\",\"name\":\"Accidente en Ruta 72: Joven de Saldungaray resulta herido - Noticias Radio Reflejos\",\"isPartOf\":{\"@id\":\"https:\/\/www.noticiasradioreflejos.com.ar\/2021\/#website\"},\"primaryImageOfPage\":{\"@id\":\"https:\/\/www.noticiasradioreflejos.com.ar\/2021\/accidente-en-ruta-72-joven-de-saldungaray-resulta-herido\/#primaryimage\"},\"image\":{\"@id\":\"https:\/\/www.noticiasradioreflejos.com.ar\/2021\/accidente-en-ruta-72-joven-de-saldungaray-resulta-herido\/#primaryimage\"},\"thumbnailUrl\":\"https:\/\/www.noticiasradioreflejos.com.ar\/2021\/wp-content\/uploads\/2025\/09\/vuelco-en-Saldungaray.jpg\",\"datePublished\":\"2025-09-05T11:17:24+00:00\",\"dateModified\":\"2025-09-05T11:17:54+00:00\",\"author\":{\"@id\":\"https:\/\/www.noticiasradioreflejos.com.ar\/2021\/#\/schema\/person\/ad82545263dcc5ec0996818884fd5fb1\"},\"breadcrumb\":{\"@id\":\"https:\/\/www.noticiasradioreflejos.com.ar\/2021\/accidente-en-ruta-72-joven-de-saldungaray-resulta-herido\/#breadcrumb\"},\"inLanguage\":\"es\",\"potentialAction\":[{\"@type\":\"ReadAction\",\"target\":[\"https:\/\/www.noticiasradioreflejos.com.ar\/2021\/accidente-en-ruta-72-joven-de-saldungaray-resulta-herido\/\"]}]},{\"@type\":\"ImageObject\",\"inLanguage\":\"es\",\"@id\":\"https:\/\/www.noticiasradioreflejos.com.ar\/2021\/accidente-en-ruta-72-joven-de-saldungaray-resulta-herido\/#primaryimage\",\"url\":\"\",\"contentUrl\":\"\"},{\"@type\":\"BreadcrumbList\",\"@id\":\"https:\/\/www.noticiasradioreflejos.com.ar\/2021\/accidente-en-ruta-72-joven-de-saldungaray-resulta-herido\/#breadcrumb\",\"itemListElement\":[{\"@type\":\"ListItem\",\"position\":1,\"name\":\"Portada\",\"item\":\"https:\/\/www.noticiasradioreflejos.com.ar\/2021\/\"},{\"@type\":\"ListItem\",\"position\":2,\"name\":\"Accidente en Ruta 72: Joven de Saldungaray resulta herido\"}]},{\"@type\":\"WebSite\",\"@id\":\"https:\/\/www.noticiasradioreflejos.com.ar\/2021\/#website\",\"url\":\"https:\/\/www.noticiasradioreflejos.com.ar\/2021\/\",\"name\":\"Noticias Radio Reflejos\",\"description\":\"Las noticias de mi comarca\",\"potentialAction\":[{\"@type\":\"SearchAction\",\"target\":{\"@type\":\"EntryPoint\",\"urlTemplate\":\"https:\/\/www.noticiasradioreflejos.com.ar\/2021\/?s={search_term_string}\"},\"query-input\":{\"@type\":\"PropertyValueSpecification\",\"valueRequired\":true,\"valueName\":\"search_term_string\"}}],\"inLanguage\":\"es\"},{\"@type\":\"Person\",\"@id\":\"https:\/\/www.noticiasradioreflejos.com.ar\/2021\/#\/schema\/person\/ad82545263dcc5ec0996818884fd5fb1\",\"name\":\"Arnaldo Botto\",\"image\":{\"@type\":\"ImageObject\",\"inLanguage\":\"es\",\"@id\":\"https:\/\/www.noticiasradioreflejos.com.ar\/2021\/#\/schema\/person\/image\/\",\"url\":\"https:\/\/secure.gravatar.com\/avatar\/55cb5e37c1efa326397366e6974cb338056df65cb50e7d64d1cf314e87504837?s=96&d=mm&r=g\",\"contentUrl\":\"https:\/\/secure.gravatar.com\/avatar\/55cb5e37c1efa326397366e6974cb338056df65cb50e7d64d1cf314e87504837?s=96&d=mm&r=g\",\"caption\":\"Arnaldo Botto\"},\"url\":\"https:\/\/www.noticiasradioreflejos.com.ar\/2021\/author\/arnaldo\/\"}]}<\/script>\n<!-- \/ Yoast SEO plugin. -->","yoast_head_json":{"title":"Accidente en Ruta 72: Joven de Saldungaray resulta herido - Noticias Radio Reflejos","robots":{"index":"index","follow":"follow","max-snippet":"max-snippet:-1","max-image-preview":"max-image-preview:large","max-video-preview":"max-video-preview:-1"},"canonical":"https:\/\/www.noticiasradioreflejos.com.ar\/2021\/accidente-en-ruta-72-joven-de-saldungaray-resulta-herido\/","og_locale":"es_ES","og_type":"article","og_title":"Accidente en Ruta 72: Joven de Saldungaray resulta herido - Noticias Radio Reflejos","og_description":"Un accidente de tr\u00e1nsito ocurri\u00f3 en la ruta 72, a unos 600 mts del portal de ingreso oeste de Saldungaray\u00a0 El joven Taiel Alexis Palladino, de 24 a\u00f1os, result\u00f3 herido con fractura de h\u00famero.\u00bb","og_url":"https:\/\/www.noticiasradioreflejos.com.ar\/2021\/accidente-en-ruta-72-joven-de-saldungaray-resulta-herido\/","og_site_name":"Noticias Radio Reflejos","article_published_time":"2025-09-05T11:17:24+00:00","article_modified_time":"2025-09-05T11:17:54+00:00","og_image":[{"width":1280,"height":558,"url":"https:\/\/www.noticiasradioreflejos.com.ar\/2021\/wp-content\/uploads\/2025\/09\/vuelco-en-Saldungaray-1.jpg","type":"image\/jpeg"}],"author":"Arnaldo Botto","twitter_card":"summary_large_image","schema":{"@context":"https:\/\/schema.org","@graph":[{"@type":"WebPage","@id":"https:\/\/www.noticiasradioreflejos.com.ar\/2021\/accidente-en-ruta-72-joven-de-saldungaray-resulta-herido\/","url":"https:\/\/www.noticiasradioreflejos.com.ar\/2021\/accidente-en-ruta-72-joven-de-saldungaray-resulta-herido\/","name":"Accidente en Ruta 72: Joven de Saldungaray resulta herido - Noticias Radio Reflejos","isPartOf":{"@id":"https:\/\/www.noticiasradioreflejos.com.ar\/2021\/#website"},"primaryImageOfPage":{"@id":"https:\/\/www.noticiasradioreflejos.com.ar\/2021\/accidente-en-ruta-72-joven-de-saldungaray-resulta-herido\/#primaryimage"},"image":{"@id":"https:\/\/www.noticiasradioreflejos.com.ar\/2021\/accidente-en-ruta-72-joven-de-saldungaray-resulta-herido\/#primaryimage"},"thumbnailUrl":"https:\/\/www.noticiasradioreflejos.com.ar\/2021\/wp-content\/uploads\/2025\/09\/vuelco-en-Saldungaray.jpg","datePublished":"2025-09-05T11:17:24+00:00","dateModified":"2025-09-05T11:17:54+00:00","author":{"@id":"https:\/\/www.noticiasradioreflejos.com.ar\/2021\/#\/schema\/person\/ad82545263dcc5ec0996818884fd5fb1"},"breadcrumb":{"@id":"https:\/\/www.noticiasradioreflejos.com.ar\/2021\/accidente-en-ruta-72-joven-de-saldungaray-resulta-herido\/#breadcrumb"},"inLanguage":"es","potentialAction":[{"@type":"ReadAction","target":["https:\/\/www.noticiasradioreflejos.com.ar\/2021\/accidente-en-ruta-72-joven-de-saldungaray-resulta-herido\/"]}]},{"@type":"ImageObject","inLanguage":"es","@id":"https:\/\/www.noticiasradioreflejos.com.ar\/2021\/accidente-en-ruta-72-joven-de-saldungaray-resulta-herido\/#primaryimage","url":"","contentUrl":""},{"@type":"BreadcrumbList","@id":"https:\/\/www.noticiasradioreflejos.com.ar\/2021\/accidente-en-ruta-72-joven-de-saldungaray-resulta-herido\/#breadcrumb","itemListElement":[{"@type":"ListItem","position":1,"name":"Portada","item":"https:\/\/www.noticiasradioreflejos.com.ar\/2021\/"},{"@type":"ListItem","position":2,"name":"Accidente en Ruta 72: Joven de Saldungaray resulta herido"}]},{"@type":"WebSite","@id":"https:\/\/www.noticiasradioreflejos.com.ar\/2021\/#website","url":"https:\/\/www.noticiasradioreflejos.com.ar\/2021\/","name":"Noticias Radio Reflejos","description":"Las noticias de mi comarca","potentialAction":[{"@type":"SearchAction","target":{"@type":"EntryPoint","urlTemplate":"https:\/\/www.noticiasradioreflejos.com.ar\/2021\/?s={search_term_string}"},"query-input":{"@type":"PropertyValueSpecification","valueRequired":true,"valueName":"search_term_string"}}],"inLanguage":"es"},{"@type":"Person","@id":"https:\/\/www.noticiasradioreflejos.com.ar\/2021\/#\/schema\/person\/ad82545263dcc5ec0996818884fd5fb1","name":"Arnaldo Botto","image":{"@type":"ImageObject","inLanguage":"es","@id":"https:\/\/www.noticiasradioreflejos.com.ar\/2021\/#\/schema\/person\/image\/","url":"https:\/\/secure.gravatar.com\/avatar\/55cb5e37c1efa326397366e6974cb338056df65cb50e7d64d1cf314e87504837?s=96&d=mm&r=g","contentUrl":"https:\/\/secure.gravatar.com\/avatar\/55cb5e37c1efa326397366e6974cb338056df65cb50e7d64d1cf314e87504837?s=96&d=mm&r=g","caption":"Arnaldo Botto"},"url":"https:\/\/www.noticiasradioreflejos.com.ar\/2021\/author\/arnaldo\/"}]}},"_links":{"self":[{"href":"https:\/\/www.noticiasradioreflejos.com.ar\/2021\/wp-json\/wp\/v2\/posts\/124566","targetHints":{"allow":["GET"]}}],"collection":[{"href":"https:\/\/www.noticiasradioreflejos.com.ar\/2021\/wp-json\/wp\/v2\/posts"}],"about":[{"href":"https:\/\/www.noticiasradioreflejos.com.ar\/2021\/wp-json\/wp\/v2\/types\/post"}],"author":[{"embeddable":true,"href":"https:\/\/www.noticiasradioreflejos.com.ar\/2021\/wp-json\/wp\/v2\/users\/3"}],"replies":[{"embeddable":true,"href":"https:\/\/www.noticiasradioreflejos.com.ar\/2021\/wp-json\/wp\/v2\/comments?post=124566"}],"version-history":[{"count":3,"href":"https:\/\/www.noticiasradioreflejos.com.ar\/2021\/wp-json\/wp\/v2\/posts\/124566\/revisions"}],"predecessor-version":[{"id":124572,"href":"https:\/\/www.noticiasradioreflejos.com.ar\/2021\/wp-json\/wp\/v2\/posts\/124566\/revisions\/124572"}],"wp:attachment":[{"href":"https:\/\/www.noticiasradioreflejos.com.ar\/2021\/wp-json\/wp\/v2\/media?parent=124566"}],"wp:term":[{"taxonomy":"category","embeddable":true,"href":"https:\/\/www.noticiasradioreflejos.com.ar\/2021\/wp-json\/wp\/v2\/categories?post=124566"},{"taxonomy":"post_tag","embeddable":true,"href":"https:\/\/www.noticiasradioreflejos.com.ar\/2021\/wp-json\/wp\/v2\/tags?post=124566"}],"curies":[{"name":"wp","href":"https:\/\/api.w.org\/{rel}","templated":true}]}}