{"id":124560,"date":"2025-09-05T07:33:34","date_gmt":"2025-09-05T10:33:34","guid":{"rendered":"https:\/\/www.noticiasradioreflejos.com.ar\/2021\/?p=124560"},"modified":"2025-09-05T07:33:34","modified_gmt":"2025-09-05T10:33:34","slug":"dia-mundial-del-hermano-por-que-se-celebra-el-5-de-septiembre","status":"publish","type":"post","link":"https:\/\/www.noticiasradioreflejos.com.ar\/2021\/dia-mundial-del-hermano-por-que-se-celebra-el-5-de-septiembre\/","title":{"rendered":"D\u00eda Mundial del Hermano: \u00bfpor qu\u00e9 se celebra el 5 de septiembre?"},"content":{"rendered":"<p>El D\u00eda Mundial del Hermano se conmemora el 5 de septiembre como un homenaje a la Madre Teresa de Calcuta, s\u00edmbolo de amor fraternal y solidaridad, quien falleci\u00f3 en esa fecha en 1997. En Argentina se celebra el 4 de marzo, y en otras partes del mundo, como en Estados Unidos y Europa, existen otras fechas para honrar este v\u00ednculo de hermandad.<!--more--><\/p>\n<p>El <strong>5 de septiembre\u00a0<\/strong>se celebra en muchos pa\u00edses del mundo el\u00a0<strong>D\u00eda Mundial del Hermano\u00a0<\/strong>para rendir homenaje a uno de nuestros familiares m\u00e1s cercanos, con los que crecemos, compartimos techo e incluso, en algunos casos habitaci\u00f3n, ropa, y confidencias.<strong> En Argentina, el D\u00eda del Hermano se celebra cada 4 de marzo.<\/strong><\/p>\n<div class=\"partner-wrapper article-page__body-row\">\n<div class=\"second-col\">\n<p class=\"article-text\">Aunque no es una festividad oficial en todos los pa\u00edses, cada vez m\u00e1s personas alrededor del mundo aprovechan esta ocasi\u00f3n para celebrarlo con sus hermanos y hermanas, recordando la importancia de los lazos familiares y la influencia que estos tienen en nuestro desarrollo y bienestar emocional.<\/p>\n<p class=\"article-text\">Al igual que existe el\u00a0D\u00eda de la Madre,\u00a0D\u00eda del Padre\u00a0o\u00a0D\u00eda de los Abuelos, los hermanos tambi\u00e9n merecen su propia jornada.<\/p>\n<p class=\"article-text\">Esta efem\u00e9ride no solo hace referencia a los hermanos por afinidad consangu\u00ednea, sino aquellas relaciones fraternales que demuestran solidaridad, uni\u00f3n, afecto e incondicionalidad.<\/p>\n<figure><picture class=\"news-image\"><source srcset=\"https:\/\/static.eldiario.es\/clip\/5edd7dd7-f6da-401b-bfe3-de64121dfe14_source-aspect-ratio_50p_1125137.webp\" type=\"image\/webp\" media=\"(max-width: 576px)\" \/><source srcset=\"https:\/\/static.eldiario.es\/clip\/5edd7dd7-f6da-401b-bfe3-de64121dfe14_source-aspect-ratio_50p_1125137.jpg\" type=\"image\/jpg\" media=\"(max-width: 576px)\" \/><source srcset=\"https:\/\/static.eldiario.es\/clip\/5edd7dd7-f6da-401b-bfe3-de64121dfe14_source-aspect-ratio_75p_1125137.webp\" type=\"image\/webp\" media=\"(max-width: 767px)\" \/><source srcset=\"https:\/\/static.eldiario.es\/clip\/5edd7dd7-f6da-401b-bfe3-de64121dfe14_source-aspect-ratio_75p_1125137.jpg\" type=\"image\/jpg\" media=\"(max-width: 767px)\" \/><source srcset=\"https:\/\/static.eldiario.es\/clip\/5edd7dd7-f6da-401b-bfe3-de64121dfe14_source-aspect-ratio_default_1125137.webp\" type=\"image\/webp\" media=\"(min-width: 768px)\" \/><source srcset=\"https:\/\/static.eldiario.es\/clip\/5edd7dd7-f6da-401b-bfe3-de64121dfe14_source-aspect-ratio_default_1125137.jpg\" type=\"image\/jpg\" media=\"(min-width: 768px)\" \/><source srcset=\"https:\/\/static.eldiario.es\/clip\/5edd7dd7-f6da-401b-bfe3-de64121dfe14_source-aspect-ratio_default_1125137.webp\" type=\"image\/webp\" \/><img decoding=\"async\" class=\"lazy entered loaded\" src=\"https:\/\/static.eldiario.es\/clip\/5edd7dd7-f6da-401b-bfe3-de64121dfe14_source-aspect-ratio_default_1125137.jpg\" alt=\"\" data-src=\"https:\/\/static.eldiario.es\/clip\/5edd7dd7-f6da-401b-bfe3-de64121dfe14_source-aspect-ratio_default_1125137.jpg\" data-ll-status=\"loaded\" \/><\/picture><\/figure>\n<h2 class=\"article-text\">Significado de la palabra hermano<\/h2>\n<p class=\"article-text\">La palabra hermano se origina del lat\u00edn\u00a0\u201cgermanus\u201d (germen), que a su vez proviene de la palabra\u00a0gigno, que significa verdadero y exacto.<\/p>\n<p class=\"article-text\">Un hermano o hermana se refiere a dos o m\u00e1s personas que est\u00e1n gen\u00e9ticamente emparentadas por v\u00ednculos consangu\u00edneos o de afinidad, que comparten uno o ambos padres. Es una de las relaciones de parentesco m\u00e1s importantes, definida por una fuerte conexi\u00f3n emocional.<\/p>\n<p class=\"article-text\">En la mayor parte de las culturas del mundo los hermanos crecen en convivencia en las etapas de la infancia, la adolescencia y la juventud, recibiendo la misma educaci\u00f3n y formaci\u00f3n.<\/p>\n<p class=\"article-text\">Por otra parte, se consideran hermanos a aquellas personas que no tienen v\u00ednculos consangu\u00edneos entre s\u00ed, manteniendo una relaci\u00f3n cercana y afectuosa. Asimismo, algunas religiones denominan hermanos a las personas que la integran.<\/p>\n<h2 class=\"article-text\">\u00bfPor qu\u00e9 se celebra el D\u00eda del Hermano?<\/h2>\n<p class=\"article-text\">La elecci\u00f3n de este d\u00eda se debe a la fecha de fallecimiento de la\u00a0Madre Teresa de Calcuta, quien dedic\u00f3 su vida a realizar varias obras sociales por todo el planeta.<\/p>\n<p class=\"article-text\">Esta mujer de origen alban\u00e9s y posteriormente nacionalizada india, fue la fundadora de la congregaci\u00f3n de las\u00a0Misioneras de la Caridad en Calcuta, en el a\u00f1o 1950. Junto a sus hermanas religiosas llev\u00f3 paz y sosiego a muchas personas necesitadas y desamparadas en el mundo.<\/p>\n<figure><picture class=\"news-image\"><source srcset=\"https:\/\/static.eldiario.es\/clip\/257e6139-790f-4dbe-ae86-1a3d022da935_16-9-discover-aspect-ratio_50p_0.webp\" type=\"image\/webp\" media=\"(max-width: 576px)\" \/><source srcset=\"https:\/\/static.eldiario.es\/clip\/257e6139-790f-4dbe-ae86-1a3d022da935_16-9-discover-aspect-ratio_50p_0.jpg\" type=\"image\/jpg\" media=\"(max-width: 576px)\" \/><source srcset=\"https:\/\/static.eldiario.es\/clip\/257e6139-790f-4dbe-ae86-1a3d022da935_16-9-discover-aspect-ratio_75p_0.webp\" type=\"image\/webp\" media=\"(max-width: 767px)\" \/><source srcset=\"https:\/\/static.eldiario.es\/clip\/257e6139-790f-4dbe-ae86-1a3d022da935_16-9-discover-aspect-ratio_75p_0.jpg\" type=\"image\/jpg\" media=\"(max-width: 767px)\" \/><source srcset=\"https:\/\/static.eldiario.es\/clip\/257e6139-790f-4dbe-ae86-1a3d022da935_16-9-discover-aspect-ratio_default_0.webp\" type=\"image\/webp\" media=\"(min-width: 768px)\" \/><source srcset=\"https:\/\/static.eldiario.es\/clip\/257e6139-790f-4dbe-ae86-1a3d022da935_16-9-discover-aspect-ratio_default_0.jpg\" type=\"image\/jpg\" media=\"(min-width: 768px)\" \/><source srcset=\"https:\/\/static.eldiario.es\/clip\/257e6139-790f-4dbe-ae86-1a3d022da935_16-9-discover-aspect-ratio_default_0.webp\" type=\"image\/webp\" \/><img decoding=\"async\" class=\"lazy entered loaded\" src=\"https:\/\/static.eldiario.es\/clip\/257e6139-790f-4dbe-ae86-1a3d022da935_16-9-discover-aspect-ratio_default_0.jpg\" alt=\"Hermanos\" data-src=\"https:\/\/static.eldiario.es\/clip\/257e6139-790f-4dbe-ae86-1a3d022da935_16-9-discover-aspect-ratio_default_0.jpg\" data-ll-status=\"loaded\" \/><\/picture><\/figure>\n<\/div>\n<\/div>\n<p><span class=\"title\">Hermanos<\/span><\/p>\n<h2 class=\"article-text\">Hermanos de sangre y hermanos de esp\u00edritu o coraz\u00f3n<\/h2>\n<p class=\"article-text\">Aunque en la mayor\u00eda de los pa\u00edses se utiliza la fecha para\u00a0celebrar junto a los hermanos de sangre o de crianza, esta fecha tambi\u00e9n se refiere a la\u00a0hermandad espiritual, los hermanos religiosos con los que se comparte la misma creencia o fe.<\/p>\n<p class=\"article-text\">En varios lugares del mundo, la celebraci\u00f3n de esta efem\u00e9ride se extiende hacia otras personas que no son nuestros hermanos de sangre, porque al fin y al cabo, tomos somos hermanos fraternales.<\/p>\n<p class=\"article-text\">Argentina celebra este d\u00eda el 4 de marzo, referido expresamente al hermano de crianza o consangu\u00edneo.<\/p>\n<div id=\"container-after-news-outlook\"><\/div>\n<h2 class=\"article-text\">Frases de hermanos<\/h2>\n<p class=\"article-text\">Presentamos algunas frases emotivas acerca del real significado de los hermanos, para reflexionar y compartir:<\/p>\n<div class=\"list\">\n<ul>\n<li>\u201cUn hermano comparte los recuerdos de la infancia y los sue\u00f1os de adultos\u201d.<\/li>\n<li>\u201cSer hermano no tiene que ver con la carne o la sangre, basta con tener un coraz\u00f3n dispuesto\u201d.<\/li>\n<li>\u201cLos hermanos y las hermanas est\u00e1n tan cerca como las manos y los pies\u201d (proverbio vietnamita).<\/li>\n<li>\u201cLos hermanos no dejan que vagues solo en la oscuridad\u201d (Jalene Perry).<\/li>\n<li>\u201c\u00bfQue es la buena noticia si no tienes un hermano para compartirla?<\/li>\n<li>\u201cLos amigos son hermanos que se eligen, los hermanos son amigos que se quieren\u201d.<\/li>\n<li>\u201cEntre hermanos, si la prueba se gana o se pierde, da lo mismo\u201d (Proverbio chino).<\/li>\n<li>\u201cUn hermano es un amigo dado por la naturaleza\u201d.<\/li>\n<\/ul>\n<\/div>\n<p class=\"article-text\"><em>NB<\/em><\/p>\n","protected":false},"excerpt":{"rendered":"<p>El D\u00eda Mundial del Hermano se conmemora el 5 de septiembre como un homenaje a la Madre Teresa de Calcuta, s\u00edmbolo de amor fraternal y solidaridad, quien falleci\u00f3 en esa fecha en 1997. En Argentina se celebra el 4 de marzo, y en otras partes del mundo, como en Estados Unidos y Europa, existen otras [&hellip;]<\/p>\n","protected":false},"author":3,"featured_media":113415,"comment_status":"closed","ping_status":"closed","sticky":false,"template":"","format":"standard","meta":{"footnotes":""},"categories":[26],"tags":[],"class_list":["post-124560","post","type-post","status-publish","format-standard","has-post-thumbnail","hentry","category-sociedad"],"yoast_head":"<!-- This site is optimized with the Yoast SEO plugin v25.9 - https:\/\/yoast.com\/wordpress\/plugins\/seo\/ -->\n<title>D\u00eda Mundial del Hermano: \u00bfpor qu\u00e9 se celebra el 5 de septiembre? - Noticias Radio Reflejos<\/title>\n<meta name=\"robots\" content=\"index, follow, max-snippet:-1, max-image-preview:large, max-video-preview:-1\" \/>\n<link rel=\"canonical\" href=\"https:\/\/www.noticiasradioreflejos.com.ar\/2021\/dia-mundial-del-hermano-por-que-se-celebra-el-5-de-septiembre\/\" \/>\n<meta property=\"og:locale\" content=\"es_ES\" \/>\n<meta property=\"og:type\" content=\"article\" \/>\n<meta property=\"og:title\" content=\"D\u00eda Mundial del Hermano: \u00bfpor qu\u00e9 se celebra el 5 de septiembre? - Noticias Radio Reflejos\" \/>\n<meta property=\"og:description\" content=\"El D\u00eda Mundial del Hermano se conmemora el 5 de septiembre como un homenaje a la Madre Teresa de Calcuta, s\u00edmbolo de amor fraternal y solidaridad, quien falleci\u00f3 en esa fecha en 1997. En Argentina se celebra el 4 de marzo, y en otras partes del mundo, como en Estados Unidos y Europa, existen otras [&hellip;]\" \/>\n<meta property=\"og:url\" content=\"https:\/\/www.noticiasradioreflejos.com.ar\/2021\/dia-mundial-del-hermano-por-que-se-celebra-el-5-de-septiembre\/\" \/>\n<meta property=\"og:site_name\" content=\"Noticias Radio Reflejos\" \/>\n<meta property=\"article:published_time\" content=\"2025-09-05T10:33:34+00:00\" \/>\n<meta property=\"og:image\" content=\"https:\/\/www.noticiasradioreflejos.com.ar\/2021\/wp-content\/uploads\/2025\/03\/Hermanos.jpg\" \/>\n\t<meta property=\"og:image:width\" content=\"1082\" \/>\n\t<meta property=\"og:image:height\" content=\"720\" \/>\n\t<meta property=\"og:image:type\" content=\"image\/jpeg\" \/>\n<meta name=\"author\" content=\"Arnaldo Botto\" \/>\n<meta name=\"twitter:card\" content=\"summary_large_image\" \/>\n<script type=\"application\/ld+json\" class=\"yoast-schema-graph\">{\"@context\":\"https:\/\/schema.org\",\"@graph\":[{\"@type\":\"WebPage\",\"@id\":\"https:\/\/www.noticiasradioreflejos.com.ar\/2021\/dia-mundial-del-hermano-por-que-se-celebra-el-5-de-septiembre\/\",\"url\":\"https:\/\/www.noticiasradioreflejos.com.ar\/2021\/dia-mundial-del-hermano-por-que-se-celebra-el-5-de-septiembre\/\",\"name\":\"D\u00eda Mundial del Hermano: \u00bfpor qu\u00e9 se celebra el 5 de septiembre? - Noticias Radio Reflejos\",\"isPartOf\":{\"@id\":\"https:\/\/www.noticiasradioreflejos.com.ar\/2021\/#website\"},\"primaryImageOfPage\":{\"@id\":\"https:\/\/www.noticiasradioreflejos.com.ar\/2021\/dia-mundial-del-hermano-por-que-se-celebra-el-5-de-septiembre\/#primaryimage\"},\"image\":{\"@id\":\"https:\/\/www.noticiasradioreflejos.com.ar\/2021\/dia-mundial-del-hermano-por-que-se-celebra-el-5-de-septiembre\/#primaryimage\"},\"thumbnailUrl\":\"https:\/\/www.noticiasradioreflejos.com.ar\/2021\/wp-content\/uploads\/2025\/03\/Hermanos.jpg\",\"datePublished\":\"2025-09-05T10:33:34+00:00\",\"author\":{\"@id\":\"https:\/\/www.noticiasradioreflejos.com.ar\/2021\/#\/schema\/person\/ad82545263dcc5ec0996818884fd5fb1\"},\"breadcrumb\":{\"@id\":\"https:\/\/www.noticiasradioreflejos.com.ar\/2021\/dia-mundial-del-hermano-por-que-se-celebra-el-5-de-septiembre\/#breadcrumb\"},\"inLanguage\":\"es\",\"potentialAction\":[{\"@type\":\"ReadAction\",\"target\":[\"https:\/\/www.noticiasradioreflejos.com.ar\/2021\/dia-mundial-del-hermano-por-que-se-celebra-el-5-de-septiembre\/\"]}]},{\"@type\":\"ImageObject\",\"inLanguage\":\"es\",\"@id\":\"https:\/\/www.noticiasradioreflejos.com.ar\/2021\/dia-mundial-del-hermano-por-que-se-celebra-el-5-de-septiembre\/#primaryimage\",\"url\":\"https:\/\/www.noticiasradioreflejos.com.ar\/2021\/wp-content\/uploads\/2025\/03\/Hermanos.jpg\",\"contentUrl\":\"https:\/\/www.noticiasradioreflejos.com.ar\/2021\/wp-content\/uploads\/2025\/03\/Hermanos.jpg\",\"width\":1082,\"height\":720},{\"@type\":\"BreadcrumbList\",\"@id\":\"https:\/\/www.noticiasradioreflejos.com.ar\/2021\/dia-mundial-del-hermano-por-que-se-celebra-el-5-de-septiembre\/#breadcrumb\",\"itemListElement\":[{\"@type\":\"ListItem\",\"position\":1,\"name\":\"Portada\",\"item\":\"https:\/\/www.noticiasradioreflejos.com.ar\/2021\/\"},{\"@type\":\"ListItem\",\"position\":2,\"name\":\"D\u00eda Mundial del Hermano: \u00bfpor qu\u00e9 se celebra el 5 de septiembre?\"}]},{\"@type\":\"WebSite\",\"@id\":\"https:\/\/www.noticiasradioreflejos.com.ar\/2021\/#website\",\"url\":\"https:\/\/www.noticiasradioreflejos.com.ar\/2021\/\",\"name\":\"Noticias Radio Reflejos\",\"description\":\"Las noticias de mi comarca\",\"potentialAction\":[{\"@type\":\"SearchAction\",\"target\":{\"@type\":\"EntryPoint\",\"urlTemplate\":\"https:\/\/www.noticiasradioreflejos.com.ar\/2021\/?s={search_term_string}\"},\"query-input\":{\"@type\":\"PropertyValueSpecification\",\"valueRequired\":true,\"valueName\":\"search_term_string\"}}],\"inLanguage\":\"es\"},{\"@type\":\"Person\",\"@id\":\"https:\/\/www.noticiasradioreflejos.com.ar\/2021\/#\/schema\/person\/ad82545263dcc5ec0996818884fd5fb1\",\"name\":\"Arnaldo Botto\",\"image\":{\"@type\":\"ImageObject\",\"inLanguage\":\"es\",\"@id\":\"https:\/\/www.noticiasradioreflejos.com.ar\/2021\/#\/schema\/person\/image\/\",\"url\":\"https:\/\/secure.gravatar.com\/avatar\/55cb5e37c1efa326397366e6974cb338056df65cb50e7d64d1cf314e87504837?s=96&d=mm&r=g\",\"contentUrl\":\"https:\/\/secure.gravatar.com\/avatar\/55cb5e37c1efa326397366e6974cb338056df65cb50e7d64d1cf314e87504837?s=96&d=mm&r=g\",\"caption\":\"Arnaldo Botto\"},\"url\":\"https:\/\/www.noticiasradioreflejos.com.ar\/2021\/author\/arnaldo\/\"}]}<\/script>\n<!-- \/ Yoast SEO plugin. -->","yoast_head_json":{"title":"D\u00eda Mundial del Hermano: \u00bfpor qu\u00e9 se celebra el 5 de septiembre? - Noticias Radio Reflejos","robots":{"index":"index","follow":"follow","max-snippet":"max-snippet:-1","max-image-preview":"max-image-preview:large","max-video-preview":"max-video-preview:-1"},"canonical":"https:\/\/www.noticiasradioreflejos.com.ar\/2021\/dia-mundial-del-hermano-por-que-se-celebra-el-5-de-septiembre\/","og_locale":"es_ES","og_type":"article","og_title":"D\u00eda Mundial del Hermano: \u00bfpor qu\u00e9 se celebra el 5 de septiembre? - Noticias Radio Reflejos","og_description":"El D\u00eda Mundial del Hermano se conmemora el 5 de septiembre como un homenaje a la Madre Teresa de Calcuta, s\u00edmbolo de amor fraternal y solidaridad, quien falleci\u00f3 en esa fecha en 1997. En Argentina se celebra el 4 de marzo, y en otras partes del mundo, como en Estados Unidos y Europa, existen otras [&hellip;]","og_url":"https:\/\/www.noticiasradioreflejos.com.ar\/2021\/dia-mundial-del-hermano-por-que-se-celebra-el-5-de-septiembre\/","og_site_name":"Noticias Radio Reflejos","article_published_time":"2025-09-05T10:33:34+00:00","og_image":[{"width":1082,"height":720,"url":"https:\/\/www.noticiasradioreflejos.com.ar\/2021\/wp-content\/uploads\/2025\/03\/Hermanos.jpg","type":"image\/jpeg"}],"author":"Arnaldo Botto","twitter_card":"summary_large_image","schema":{"@context":"https:\/\/schema.org","@graph":[{"@type":"WebPage","@id":"https:\/\/www.noticiasradioreflejos.com.ar\/2021\/dia-mundial-del-hermano-por-que-se-celebra-el-5-de-septiembre\/","url":"https:\/\/www.noticiasradioreflejos.com.ar\/2021\/dia-mundial-del-hermano-por-que-se-celebra-el-5-de-septiembre\/","name":"D\u00eda Mundial del Hermano: \u00bfpor qu\u00e9 se celebra el 5 de septiembre? - Noticias Radio Reflejos","isPartOf":{"@id":"https:\/\/www.noticiasradioreflejos.com.ar\/2021\/#website"},"primaryImageOfPage":{"@id":"https:\/\/www.noticiasradioreflejos.com.ar\/2021\/dia-mundial-del-hermano-por-que-se-celebra-el-5-de-septiembre\/#primaryimage"},"image":{"@id":"https:\/\/www.noticiasradioreflejos.com.ar\/2021\/dia-mundial-del-hermano-por-que-se-celebra-el-5-de-septiembre\/#primaryimage"},"thumbnailUrl":"https:\/\/www.noticiasradioreflejos.com.ar\/2021\/wp-content\/uploads\/2025\/03\/Hermanos.jpg","datePublished":"2025-09-05T10:33:34+00:00","author":{"@id":"https:\/\/www.noticiasradioreflejos.com.ar\/2021\/#\/schema\/person\/ad82545263dcc5ec0996818884fd5fb1"},"breadcrumb":{"@id":"https:\/\/www.noticiasradioreflejos.com.ar\/2021\/dia-mundial-del-hermano-por-que-se-celebra-el-5-de-septiembre\/#breadcrumb"},"inLanguage":"es","potentialAction":[{"@type":"ReadAction","target":["https:\/\/www.noticiasradioreflejos.com.ar\/2021\/dia-mundial-del-hermano-por-que-se-celebra-el-5-de-septiembre\/"]}]},{"@type":"ImageObject","inLanguage":"es","@id":"https:\/\/www.noticiasradioreflejos.com.ar\/2021\/dia-mundial-del-hermano-por-que-se-celebra-el-5-de-septiembre\/#primaryimage","url":"https:\/\/www.noticiasradioreflejos.com.ar\/2021\/wp-content\/uploads\/2025\/03\/Hermanos.jpg","contentUrl":"https:\/\/www.noticiasradioreflejos.com.ar\/2021\/wp-content\/uploads\/2025\/03\/Hermanos.jpg","width":1082,"height":720},{"@type":"BreadcrumbList","@id":"https:\/\/www.noticiasradioreflejos.com.ar\/2021\/dia-mundial-del-hermano-por-que-se-celebra-el-5-de-septiembre\/#breadcrumb","itemListElement":[{"@type":"ListItem","position":1,"name":"Portada","item":"https:\/\/www.noticiasradioreflejos.com.ar\/2021\/"},{"@type":"ListItem","position":2,"name":"D\u00eda Mundial del Hermano: \u00bfpor qu\u00e9 se celebra el 5 de septiembre?"}]},{"@type":"WebSite","@id":"https:\/\/www.noticiasradioreflejos.com.ar\/2021\/#website","url":"https:\/\/www.noticiasradioreflejos.com.ar\/2021\/","name":"Noticias Radio Reflejos","description":"Las noticias de mi comarca","potentialAction":[{"@type":"SearchAction","target":{"@type":"EntryPoint","urlTemplate":"https:\/\/www.noticiasradioreflejos.com.ar\/2021\/?s={search_term_string}"},"query-input":{"@type":"PropertyValueSpecification","valueRequired":true,"valueName":"search_term_string"}}],"inLanguage":"es"},{"@type":"Person","@id":"https:\/\/www.noticiasradioreflejos.com.ar\/2021\/#\/schema\/person\/ad82545263dcc5ec0996818884fd5fb1","name":"Arnaldo Botto","image":{"@type":"ImageObject","inLanguage":"es","@id":"https:\/\/www.noticiasradioreflejos.com.ar\/2021\/#\/schema\/person\/image\/","url":"https:\/\/secure.gravatar.com\/avatar\/55cb5e37c1efa326397366e6974cb338056df65cb50e7d64d1cf314e87504837?s=96&d=mm&r=g","contentUrl":"https:\/\/secure.gravatar.com\/avatar\/55cb5e37c1efa326397366e6974cb338056df65cb50e7d64d1cf314e87504837?s=96&d=mm&r=g","caption":"Arnaldo Botto"},"url":"https:\/\/www.noticiasradioreflejos.com.ar\/2021\/author\/arnaldo\/"}]}},"_links":{"self":[{"href":"https:\/\/www.noticiasradioreflejos.com.ar\/2021\/wp-json\/wp\/v2\/posts\/124560","targetHints":{"allow":["GET"]}}],"collection":[{"href":"https:\/\/www.noticiasradioreflejos.com.ar\/2021\/wp-json\/wp\/v2\/posts"}],"about":[{"href":"https:\/\/www.noticiasradioreflejos.com.ar\/2021\/wp-json\/wp\/v2\/types\/post"}],"author":[{"embeddable":true,"href":"https:\/\/www.noticiasradioreflejos.com.ar\/2021\/wp-json\/wp\/v2\/users\/3"}],"replies":[{"embeddable":true,"href":"https:\/\/www.noticiasradioreflejos.com.ar\/2021\/wp-json\/wp\/v2\/comments?post=124560"}],"version-history":[{"count":1,"href":"https:\/\/www.noticiasradioreflejos.com.ar\/2021\/wp-json\/wp\/v2\/posts\/124560\/revisions"}],"predecessor-version":[{"id":124561,"href":"https:\/\/www.noticiasradioreflejos.com.ar\/2021\/wp-json\/wp\/v2\/posts\/124560\/revisions\/124561"}],"wp:featuredmedia":[{"embeddable":true,"href":"https:\/\/www.noticiasradioreflejos.com.ar\/2021\/wp-json\/wp\/v2\/media\/113415"}],"wp:attachment":[{"href":"https:\/\/www.noticiasradioreflejos.com.ar\/2021\/wp-json\/wp\/v2\/media?parent=124560"}],"wp:term":[{"taxonomy":"category","embeddable":true,"href":"https:\/\/www.noticiasradioreflejos.com.ar\/2021\/wp-json\/wp\/v2\/categories?post=124560"},{"taxonomy":"post_tag","embeddable":true,"href":"https:\/\/www.noticiasradioreflejos.com.ar\/2021\/wp-json\/wp\/v2\/tags?post=124560"}],"curies":[{"name":"wp","href":"https:\/\/api.w.org\/{rel}","templated":true}]}}