{"id":124557,"date":"2025-09-05T07:19:59","date_gmt":"2025-09-05T10:19:59","guid":{"rendered":"https:\/\/www.noticiasradioreflejos.com.ar\/2021\/?p=124557"},"modified":"2025-09-05T07:19:59","modified_gmt":"2025-09-05T10:19:59","slug":"veda-electoral-en-buenos-aires-a-que-hora-empieza-y-que-actividades-estan-prohibidas-hasta-el-domingo","status":"publish","type":"post","link":"https:\/\/www.noticiasradioreflejos.com.ar\/2021\/veda-electoral-en-buenos-aires-a-que-hora-empieza-y-que-actividades-estan-prohibidas-hasta-el-domingo\/","title":{"rendered":"Veda electoral en Buenos Aires: a qu\u00e9 hora empieza y qu\u00e9 actividades est\u00e1n prohibidas hasta el domingo"},"content":{"rendered":"<p>Comienza este viernes a las 8 de la ma\u00f1ana y se extiende hasta el domingo a las 21. No se podr\u00e1n realizar actos, vender alcohol ni difundir encuestas.<!--more--><\/p>\n<p>De cara a las elecciones legislativas que se celebrar\u00e1n este domingo 7 de septiembre en la provincia de Buenos Aires, este viernes a las 8 de la ma\u00f1ana comienza a regir la veda electoral, un per\u00edodo en el que se restringen una serie de actividades p\u00fablicas y pol\u00edticas para garantizar un clima de reflexi\u00f3n en la antesala de la votaci\u00f3n.<\/p>\n<div class=\"columns\" data-tadevel-template=\"web\/article-columns\">\n<div class=\"column-main\">\n<div class=\"article-body\" data-tadevel-template=\"web\/article-body\">\n<div class=\"article-body-content\">\n<p>Seg\u00fan supo Noticias Argentinas, la veda se extender\u00e1 durante todo el fin de semana, finalizando 48 horas despu\u00e9s de su inicio.<\/p>\n<h3>\u00bfCu\u00e1ndo empieza y cu\u00e1ndo termina la veda?<\/h3>\n<ul>\n<li>Inicio: Viernes 5 de septiembre a las 8:00 hs.<\/li>\n<li>Fin: Domingo 7 de septiembre a las 21:00 hs, tres horas despu\u00e9s del cierre de los comicios.<\/li>\n<\/ul>\n<h3>Qu\u00e9 no se puede hacer: las prohibiciones principales<\/h3>\n<p>Durante el per\u00edodo de veda, quedan prohibidas las siguientes actividades:<\/p>\n<ul>\n<li>Actos y propaganda: Realizar actos p\u00fablicos de campa\u00f1a, hacer proselitismo, repartir boletas, abrir locales partidarios y publicar avisos en medios.<\/li>\n<li>Redes sociales: Postear en redes sociales o realizar cualquier actividad online con el fin de promover el voto por un candidato en particular.<\/li>\n<li>Encuestas: Publicar o difundir los resultados de sondeos y encuestas preelectorales.<\/li>\n<li>Venta de alcohol: Se proh\u00edbe la venta de bebidas alcoh\u00f3licas desde las 20:00 hs del s\u00e1bado y hasta el cierre de la veda.<\/li>\n<li>Espect\u00e1culos: Realizar espect\u00e1culos masivos al aire libre o en recintos cerrados, como fiestas, eventos deportivos o funciones teatrales.<\/li>\n<li>Portaci\u00f3n de armas: Est\u00e1 prohibida para los ciudadanos durante todo el per\u00edodo de veda.<\/li>\n<\/ul>\n<h3>\u00bfHasta qu\u00e9 hora no se pueden difundir los resultados?<\/h3>\n<p>La legislaci\u00f3n electoral establece que los resultados de los comicios, ya sean de boca de urna o del escrutinio provisorio, solo pueden comenzar a difundirse\u00a0<strong>a partir de las 21:00 hs del domingo<\/strong>, una vez cumplidas las tres horas desde el cierre de la votaci\u00f3n.<\/p>\n<\/div>\n<\/div>\n<\/div>\n<\/div>\n","protected":false},"excerpt":{"rendered":"<p>Comienza este viernes a las 8 de la ma\u00f1ana y se extiende hasta el domingo a las 21. No se podr\u00e1n realizar actos, vender alcohol ni difundir encuestas.<\/p>\n","protected":false},"author":3,"featured_media":124558,"comment_status":"closed","ping_status":"closed","sticky":false,"template":"","format":"standard","meta":{"footnotes":""},"categories":[24],"tags":[48],"class_list":["post-124557","post","type-post","status-publish","format-standard","has-post-thumbnail","hentry","category-politica","tag-destacada"],"yoast_head":"<!-- This site is optimized with the Yoast SEO plugin v25.9 - https:\/\/yoast.com\/wordpress\/plugins\/seo\/ -->\n<title>Veda electoral en Buenos Aires: a qu\u00e9 hora empieza y qu\u00e9 actividades est\u00e1n prohibidas hasta el domingo - Noticias Radio Reflejos<\/title>\n<meta name=\"robots\" content=\"index, follow, max-snippet:-1, max-image-preview:large, max-video-preview:-1\" \/>\n<link rel=\"canonical\" href=\"https:\/\/www.noticiasradioreflejos.com.ar\/2021\/veda-electoral-en-buenos-aires-a-que-hora-empieza-y-que-actividades-estan-prohibidas-hasta-el-domingo\/\" \/>\n<meta property=\"og:locale\" content=\"es_ES\" \/>\n<meta property=\"og:type\" content=\"article\" \/>\n<meta property=\"og:title\" content=\"Veda electoral en Buenos Aires: a qu\u00e9 hora empieza y qu\u00e9 actividades est\u00e1n prohibidas hasta el domingo - Noticias Radio Reflejos\" \/>\n<meta property=\"og:description\" content=\"Comienza este viernes a las 8 de la ma\u00f1ana y se extiende hasta el domingo a las 21. No se podr\u00e1n realizar actos, vender alcohol ni difundir encuestas.\" \/>\n<meta property=\"og:url\" content=\"https:\/\/www.noticiasradioreflejos.com.ar\/2021\/veda-electoral-en-buenos-aires-a-que-hora-empieza-y-que-actividades-estan-prohibidas-hasta-el-domingo\/\" \/>\n<meta property=\"og:site_name\" content=\"Noticias Radio Reflejos\" \/>\n<meta property=\"article:published_time\" content=\"2025-09-05T10:19:59+00:00\" \/>\n<meta property=\"og:image\" content=\"https:\/\/www.noticiasradioreflejos.com.ar\/2021\/wp-content\/uploads\/2025\/09\/image.jpg\" \/>\n\t<meta property=\"og:image:width\" content=\"1024\" \/>\n\t<meta property=\"og:image:height\" content=\"683\" \/>\n\t<meta property=\"og:image:type\" content=\"image\/jpeg\" \/>\n<meta name=\"author\" content=\"Arnaldo Botto\" \/>\n<meta name=\"twitter:card\" content=\"summary_large_image\" \/>\n<script type=\"application\/ld+json\" class=\"yoast-schema-graph\">{\"@context\":\"https:\/\/schema.org\",\"@graph\":[{\"@type\":\"WebPage\",\"@id\":\"https:\/\/www.noticiasradioreflejos.com.ar\/2021\/veda-electoral-en-buenos-aires-a-que-hora-empieza-y-que-actividades-estan-prohibidas-hasta-el-domingo\/\",\"url\":\"https:\/\/www.noticiasradioreflejos.com.ar\/2021\/veda-electoral-en-buenos-aires-a-que-hora-empieza-y-que-actividades-estan-prohibidas-hasta-el-domingo\/\",\"name\":\"Veda electoral en Buenos Aires: a qu\u00e9 hora empieza y qu\u00e9 actividades est\u00e1n prohibidas hasta el domingo - Noticias Radio Reflejos\",\"isPartOf\":{\"@id\":\"https:\/\/www.noticiasradioreflejos.com.ar\/2021\/#website\"},\"primaryImageOfPage\":{\"@id\":\"https:\/\/www.noticiasradioreflejos.com.ar\/2021\/veda-electoral-en-buenos-aires-a-que-hora-empieza-y-que-actividades-estan-prohibidas-hasta-el-domingo\/#primaryimage\"},\"image\":{\"@id\":\"https:\/\/www.noticiasradioreflejos.com.ar\/2021\/veda-electoral-en-buenos-aires-a-que-hora-empieza-y-que-actividades-estan-prohibidas-hasta-el-domingo\/#primaryimage\"},\"thumbnailUrl\":\"https:\/\/www.noticiasradioreflejos.com.ar\/2021\/wp-content\/uploads\/2025\/09\/image.jpg\",\"datePublished\":\"2025-09-05T10:19:59+00:00\",\"author\":{\"@id\":\"https:\/\/www.noticiasradioreflejos.com.ar\/2021\/#\/schema\/person\/ad82545263dcc5ec0996818884fd5fb1\"},\"breadcrumb\":{\"@id\":\"https:\/\/www.noticiasradioreflejos.com.ar\/2021\/veda-electoral-en-buenos-aires-a-que-hora-empieza-y-que-actividades-estan-prohibidas-hasta-el-domingo\/#breadcrumb\"},\"inLanguage\":\"es\",\"potentialAction\":[{\"@type\":\"ReadAction\",\"target\":[\"https:\/\/www.noticiasradioreflejos.com.ar\/2021\/veda-electoral-en-buenos-aires-a-que-hora-empieza-y-que-actividades-estan-prohibidas-hasta-el-domingo\/\"]}]},{\"@type\":\"ImageObject\",\"inLanguage\":\"es\",\"@id\":\"https:\/\/www.noticiasradioreflejos.com.ar\/2021\/veda-electoral-en-buenos-aires-a-que-hora-empieza-y-que-actividades-estan-prohibidas-hasta-el-domingo\/#primaryimage\",\"url\":\"https:\/\/www.noticiasradioreflejos.com.ar\/2021\/wp-content\/uploads\/2025\/09\/image.jpg\",\"contentUrl\":\"https:\/\/www.noticiasradioreflejos.com.ar\/2021\/wp-content\/uploads\/2025\/09\/image.jpg\",\"width\":1024,\"height\":683},{\"@type\":\"BreadcrumbList\",\"@id\":\"https:\/\/www.noticiasradioreflejos.com.ar\/2021\/veda-electoral-en-buenos-aires-a-que-hora-empieza-y-que-actividades-estan-prohibidas-hasta-el-domingo\/#breadcrumb\",\"itemListElement\":[{\"@type\":\"ListItem\",\"position\":1,\"name\":\"Portada\",\"item\":\"https:\/\/www.noticiasradioreflejos.com.ar\/2021\/\"},{\"@type\":\"ListItem\",\"position\":2,\"name\":\"Veda electoral en Buenos Aires: a qu\u00e9 hora empieza y qu\u00e9 actividades est\u00e1n prohibidas hasta el domingo\"}]},{\"@type\":\"WebSite\",\"@id\":\"https:\/\/www.noticiasradioreflejos.com.ar\/2021\/#website\",\"url\":\"https:\/\/www.noticiasradioreflejos.com.ar\/2021\/\",\"name\":\"Noticias Radio Reflejos\",\"description\":\"Las noticias de mi comarca\",\"potentialAction\":[{\"@type\":\"SearchAction\",\"target\":{\"@type\":\"EntryPoint\",\"urlTemplate\":\"https:\/\/www.noticiasradioreflejos.com.ar\/2021\/?s={search_term_string}\"},\"query-input\":{\"@type\":\"PropertyValueSpecification\",\"valueRequired\":true,\"valueName\":\"search_term_string\"}}],\"inLanguage\":\"es\"},{\"@type\":\"Person\",\"@id\":\"https:\/\/www.noticiasradioreflejos.com.ar\/2021\/#\/schema\/person\/ad82545263dcc5ec0996818884fd5fb1\",\"name\":\"Arnaldo Botto\",\"image\":{\"@type\":\"ImageObject\",\"inLanguage\":\"es\",\"@id\":\"https:\/\/www.noticiasradioreflejos.com.ar\/2021\/#\/schema\/person\/image\/\",\"url\":\"https:\/\/secure.gravatar.com\/avatar\/55cb5e37c1efa326397366e6974cb338056df65cb50e7d64d1cf314e87504837?s=96&d=mm&r=g\",\"contentUrl\":\"https:\/\/secure.gravatar.com\/avatar\/55cb5e37c1efa326397366e6974cb338056df65cb50e7d64d1cf314e87504837?s=96&d=mm&r=g\",\"caption\":\"Arnaldo Botto\"},\"url\":\"https:\/\/www.noticiasradioreflejos.com.ar\/2021\/author\/arnaldo\/\"}]}<\/script>\n<!-- \/ Yoast SEO plugin. -->","yoast_head_json":{"title":"Veda electoral en Buenos Aires: a qu\u00e9 hora empieza y qu\u00e9 actividades est\u00e1n prohibidas hasta el domingo - Noticias Radio Reflejos","robots":{"index":"index","follow":"follow","max-snippet":"max-snippet:-1","max-image-preview":"max-image-preview:large","max-video-preview":"max-video-preview:-1"},"canonical":"https:\/\/www.noticiasradioreflejos.com.ar\/2021\/veda-electoral-en-buenos-aires-a-que-hora-empieza-y-que-actividades-estan-prohibidas-hasta-el-domingo\/","og_locale":"es_ES","og_type":"article","og_title":"Veda electoral en Buenos Aires: a qu\u00e9 hora empieza y qu\u00e9 actividades est\u00e1n prohibidas hasta el domingo - Noticias Radio Reflejos","og_description":"Comienza este viernes a las 8 de la ma\u00f1ana y se extiende hasta el domingo a las 21. No se podr\u00e1n realizar actos, vender alcohol ni difundir encuestas.","og_url":"https:\/\/www.noticiasradioreflejos.com.ar\/2021\/veda-electoral-en-buenos-aires-a-que-hora-empieza-y-que-actividades-estan-prohibidas-hasta-el-domingo\/","og_site_name":"Noticias Radio Reflejos","article_published_time":"2025-09-05T10:19:59+00:00","og_image":[{"width":1024,"height":683,"url":"https:\/\/www.noticiasradioreflejos.com.ar\/2021\/wp-content\/uploads\/2025\/09\/image.jpg","type":"image\/jpeg"}],"author":"Arnaldo Botto","twitter_card":"summary_large_image","schema":{"@context":"https:\/\/schema.org","@graph":[{"@type":"WebPage","@id":"https:\/\/www.noticiasradioreflejos.com.ar\/2021\/veda-electoral-en-buenos-aires-a-que-hora-empieza-y-que-actividades-estan-prohibidas-hasta-el-domingo\/","url":"https:\/\/www.noticiasradioreflejos.com.ar\/2021\/veda-electoral-en-buenos-aires-a-que-hora-empieza-y-que-actividades-estan-prohibidas-hasta-el-domingo\/","name":"Veda electoral en Buenos Aires: a qu\u00e9 hora empieza y qu\u00e9 actividades est\u00e1n prohibidas hasta el domingo - Noticias Radio Reflejos","isPartOf":{"@id":"https:\/\/www.noticiasradioreflejos.com.ar\/2021\/#website"},"primaryImageOfPage":{"@id":"https:\/\/www.noticiasradioreflejos.com.ar\/2021\/veda-electoral-en-buenos-aires-a-que-hora-empieza-y-que-actividades-estan-prohibidas-hasta-el-domingo\/#primaryimage"},"image":{"@id":"https:\/\/www.noticiasradioreflejos.com.ar\/2021\/veda-electoral-en-buenos-aires-a-que-hora-empieza-y-que-actividades-estan-prohibidas-hasta-el-domingo\/#primaryimage"},"thumbnailUrl":"https:\/\/www.noticiasradioreflejos.com.ar\/2021\/wp-content\/uploads\/2025\/09\/image.jpg","datePublished":"2025-09-05T10:19:59+00:00","author":{"@id":"https:\/\/www.noticiasradioreflejos.com.ar\/2021\/#\/schema\/person\/ad82545263dcc5ec0996818884fd5fb1"},"breadcrumb":{"@id":"https:\/\/www.noticiasradioreflejos.com.ar\/2021\/veda-electoral-en-buenos-aires-a-que-hora-empieza-y-que-actividades-estan-prohibidas-hasta-el-domingo\/#breadcrumb"},"inLanguage":"es","potentialAction":[{"@type":"ReadAction","target":["https:\/\/www.noticiasradioreflejos.com.ar\/2021\/veda-electoral-en-buenos-aires-a-que-hora-empieza-y-que-actividades-estan-prohibidas-hasta-el-domingo\/"]}]},{"@type":"ImageObject","inLanguage":"es","@id":"https:\/\/www.noticiasradioreflejos.com.ar\/2021\/veda-electoral-en-buenos-aires-a-que-hora-empieza-y-que-actividades-estan-prohibidas-hasta-el-domingo\/#primaryimage","url":"https:\/\/www.noticiasradioreflejos.com.ar\/2021\/wp-content\/uploads\/2025\/09\/image.jpg","contentUrl":"https:\/\/www.noticiasradioreflejos.com.ar\/2021\/wp-content\/uploads\/2025\/09\/image.jpg","width":1024,"height":683},{"@type":"BreadcrumbList","@id":"https:\/\/www.noticiasradioreflejos.com.ar\/2021\/veda-electoral-en-buenos-aires-a-que-hora-empieza-y-que-actividades-estan-prohibidas-hasta-el-domingo\/#breadcrumb","itemListElement":[{"@type":"ListItem","position":1,"name":"Portada","item":"https:\/\/www.noticiasradioreflejos.com.ar\/2021\/"},{"@type":"ListItem","position":2,"name":"Veda electoral en Buenos Aires: a qu\u00e9 hora empieza y qu\u00e9 actividades est\u00e1n prohibidas hasta el domingo"}]},{"@type":"WebSite","@id":"https:\/\/www.noticiasradioreflejos.com.ar\/2021\/#website","url":"https:\/\/www.noticiasradioreflejos.com.ar\/2021\/","name":"Noticias Radio Reflejos","description":"Las noticias de mi comarca","potentialAction":[{"@type":"SearchAction","target":{"@type":"EntryPoint","urlTemplate":"https:\/\/www.noticiasradioreflejos.com.ar\/2021\/?s={search_term_string}"},"query-input":{"@type":"PropertyValueSpecification","valueRequired":true,"valueName":"search_term_string"}}],"inLanguage":"es"},{"@type":"Person","@id":"https:\/\/www.noticiasradioreflejos.com.ar\/2021\/#\/schema\/person\/ad82545263dcc5ec0996818884fd5fb1","name":"Arnaldo Botto","image":{"@type":"ImageObject","inLanguage":"es","@id":"https:\/\/www.noticiasradioreflejos.com.ar\/2021\/#\/schema\/person\/image\/","url":"https:\/\/secure.gravatar.com\/avatar\/55cb5e37c1efa326397366e6974cb338056df65cb50e7d64d1cf314e87504837?s=96&d=mm&r=g","contentUrl":"https:\/\/secure.gravatar.com\/avatar\/55cb5e37c1efa326397366e6974cb338056df65cb50e7d64d1cf314e87504837?s=96&d=mm&r=g","caption":"Arnaldo Botto"},"url":"https:\/\/www.noticiasradioreflejos.com.ar\/2021\/author\/arnaldo\/"}]}},"_links":{"self":[{"href":"https:\/\/www.noticiasradioreflejos.com.ar\/2021\/wp-json\/wp\/v2\/posts\/124557","targetHints":{"allow":["GET"]}}],"collection":[{"href":"https:\/\/www.noticiasradioreflejos.com.ar\/2021\/wp-json\/wp\/v2\/posts"}],"about":[{"href":"https:\/\/www.noticiasradioreflejos.com.ar\/2021\/wp-json\/wp\/v2\/types\/post"}],"author":[{"embeddable":true,"href":"https:\/\/www.noticiasradioreflejos.com.ar\/2021\/wp-json\/wp\/v2\/users\/3"}],"replies":[{"embeddable":true,"href":"https:\/\/www.noticiasradioreflejos.com.ar\/2021\/wp-json\/wp\/v2\/comments?post=124557"}],"version-history":[{"count":1,"href":"https:\/\/www.noticiasradioreflejos.com.ar\/2021\/wp-json\/wp\/v2\/posts\/124557\/revisions"}],"predecessor-version":[{"id":124559,"href":"https:\/\/www.noticiasradioreflejos.com.ar\/2021\/wp-json\/wp\/v2\/posts\/124557\/revisions\/124559"}],"wp:featuredmedia":[{"embeddable":true,"href":"https:\/\/www.noticiasradioreflejos.com.ar\/2021\/wp-json\/wp\/v2\/media\/124558"}],"wp:attachment":[{"href":"https:\/\/www.noticiasradioreflejos.com.ar\/2021\/wp-json\/wp\/v2\/media?parent=124557"}],"wp:term":[{"taxonomy":"category","embeddable":true,"href":"https:\/\/www.noticiasradioreflejos.com.ar\/2021\/wp-json\/wp\/v2\/categories?post=124557"},{"taxonomy":"post_tag","embeddable":true,"href":"https:\/\/www.noticiasradioreflejos.com.ar\/2021\/wp-json\/wp\/v2\/tags?post=124557"}],"curies":[{"name":"wp","href":"https:\/\/api.w.org\/{rel}","templated":true}]}}