{"id":124550,"date":"2025-09-04T18:03:59","date_gmt":"2025-09-04T21:03:59","guid":{"rendered":"https:\/\/www.noticiasradioreflejos.com.ar\/2021\/?p=124550"},"modified":"2025-09-04T18:05:06","modified_gmt":"2025-09-04T21:05:06","slug":"el-senado-convirtio-en-ley-la-emergencia-en-discapacidad-se-cayo-el-veto-de-milei","status":"publish","type":"post","link":"https:\/\/www.noticiasradioreflejos.com.ar\/2021\/el-senado-convirtio-en-ley-la-emergencia-en-discapacidad-se-cayo-el-veto-de-milei\/","title":{"rendered":"El Senado convirti\u00f3 en ley la Emergencia en Discapacidad: se cay\u00f3 el veto de Milei"},"content":{"rendered":"<p>Fue una derrota devastadora del Gobierno, que no tuvo defensores en el recinto. Solo la cordobesa del PRO, Carmen \u00c1lvarez Rivero, y el formose\u00f1o Francisco Paoltroni respaldaron al oficialismo porque el resto de LLA guard\u00f3 silencio. La insistencia fue de 63 votos a favor y 7 en contra.<!--more--><\/p>\n<p>Fue una victoria anunciada, pero contundente. Devastadora. Con 63 votos a favor y 7 en contra, el Senado le puso fin al boicot del Gobierno y convirti\u00f3 finalmente en ley la iniciativa que declara la emergencia en Discapacidad hasta 2026. Despu\u00e9s de tres meses de idas de vueltas, de sanciones y medias sanciones, de vetos e insistencias de vetos,<strong>\u00a0la oposici\u00f3n le torci\u00f3 el brazo a Javier Milei\u00a0<\/strong>y lo obligar\u00e1, por primera vez, a transferir recursos hacia uno de los sectores m\u00e1s vulnerables de la sociedad.<\/p>\n<div class=\"partner-wrapper article-page__body-row\">\n<div class=\"second-col\">\n<aside class=\"know-more know-more--with-image\">\u00a0<\/aside>\n<p class=\"article-text\">El presidente,<a class=\"link\" href=\"https:\/\/www.eldiarioar.com\/politica\/fantasma-primer-veto-caido-acecha-milei-gobierno-aventuran-judializacion_1_12579399.html\" data-mrf-recirculation=\"links-noticia\" data-mrf-link=\"https:\/\/www.eldiarioar.com\/politica\/fantasma-primer-veto-caido-acecha-milei-gobierno-aventuran-judializacion_1_12579399.html\">\u00a0que andaba de gira por Estados Unidos cuando la oposici\u00f3n le asest\u00f3 una nueva derrota en el Senado<\/a>,\u00a0<strong>se qued\u00f3 solo: ninguno de sus senadores de La Libertad Avanza se animaron a defender el veto en el recinto.\u00a0<\/strong>Solo la cordobesa del PRO,\u00a0<strong>Carmen \u00c1lvarez Rivero<\/strong>, y el excomulgado\u00a0<strong>Francisco Paoltroni<\/strong>\u00a0atinaron a brindar un discurso en contra de la insistencia de la ley. Fueron los \u00fanicos aliados, a su vez, que votaron en contra de la ley, junto al resto de LLA.<\/p>\n<p class=\"article-text\">El resto de los aliados en el PRO y la UCR, en cambio, le soltaron la mano. En medio del esc\u00e1ndalo de las coimas de la Agencia Nacional de Discapacidad (ANDIS), que tiene a<strong>\u00a0Karina Milei\u00a0<\/strong>en el ojo de la tormenta, no hab\u00eda senadores que quisieran aparecer votando en contra de los discapacitados. Las familias de personas con discapacidad se hab\u00edan encargado de llamar por tel\u00e9fono a cada uno de los senadores y, frente a una derrota anunciada, ninguno de los aliados del oficialismo quer\u00eda exponerse a un escrache p\u00fablico.<\/p>\n<figure><picture class=\"news-image\"><source srcset=\"https:\/\/static.eldiario.es\/clip\/93292e94-c3c1-478f-a858-4798e8998830_16-9-discover-aspect-ratio_50p_0.webp\" type=\"image\/webp\" media=\"(max-width: 576px)\" \/><source srcset=\"https:\/\/static.eldiario.es\/clip\/93292e94-c3c1-478f-a858-4798e8998830_16-9-discover-aspect-ratio_50p_0.jpg\" type=\"image\/jpg\" media=\"(max-width: 576px)\" \/><source srcset=\"https:\/\/static.eldiario.es\/clip\/93292e94-c3c1-478f-a858-4798e8998830_16-9-discover-aspect-ratio_75p_0.webp\" type=\"image\/webp\" media=\"(max-width: 767px)\" \/><source srcset=\"https:\/\/static.eldiario.es\/clip\/93292e94-c3c1-478f-a858-4798e8998830_16-9-discover-aspect-ratio_75p_0.jpg\" type=\"image\/jpg\" media=\"(max-width: 767px)\" \/><source srcset=\"https:\/\/static.eldiario.es\/clip\/93292e94-c3c1-478f-a858-4798e8998830_16-9-discover-aspect-ratio_default_0.webp\" type=\"image\/webp\" media=\"(min-width: 768px)\" \/><source srcset=\"https:\/\/static.eldiario.es\/clip\/93292e94-c3c1-478f-a858-4798e8998830_16-9-discover-aspect-ratio_default_0.jpg\" type=\"image\/jpg\" media=\"(min-width: 768px)\" \/><source srcset=\"https:\/\/static.eldiario.es\/clip\/93292e94-c3c1-478f-a858-4798e8998830_16-9-discover-aspect-ratio_default_0.webp\" type=\"image\/webp\" \/><img decoding=\"async\" class=\"lazy entered loaded\" src=\"https:\/\/static.eldiario.es\/clip\/93292e94-c3c1-478f-a858-4798e8998830_16-9-discover-aspect-ratio_default_0.jpg\" alt=\"Los senadores del peronismo Jos\u00e9 Mayans y Anabel Fern\u00e1ndez Sagasti\" data-src=\"https:\/\/static.eldiario.es\/clip\/93292e94-c3c1-478f-a858-4798e8998830_16-9-discover-aspect-ratio_default_0.jpg\" data-ll-status=\"loaded\" \/><\/picture><\/figure>\n<\/div>\n<\/div>\n<p><em><span class=\"title\">Los senadores del peronismo Jos\u00e9 Mayans y Anabel Fern\u00e1ndez Sagasti<\/span><\/em><\/p>\n<p>&nbsp;<\/p>\n<p class=\"article-text\">El jefe de bloque libertario,\u00a0<strong>Ezequiel Atauche<\/strong>, iba a ser el responsable de cerrar el debate. Estaba anotado en el listado de oradores, pero, cuando lleg\u00f3 el momento, decidi\u00f3 no hablar. La senadora cornejista,\u00a0<strong>Mariana Juri<\/strong>, lo mir\u00f3, inquisitiva, cuando\u00a0<strong>Bartolom\u00e9 Abdala<\/strong>, que estaba oficiando de presidente del Senado mientras Victoria Villarruel estaba al frente del Ejecutivo, decidi\u00f3 pasar a la votaci\u00f3n.\u00a0<strong>Atauche neg\u00f3 brevemente con la cabeza, dando a entender que daba la batalla por perdida<\/strong>.<\/p>\n<p class=\"article-text\">La oposici\u00f3n, mientras tanto, cerr\u00f3 filas en torno a la defensa de la ley. Votaron a favor peronistas, radicales de todos los colores -incluso los mendocinos, que responden a Alfredo Cornejo, votaron a favor de la ley-, macristas y fuerzas provinciales. Y, en todo los casos, los senadores que tomaron la palabra\u00a0<strong>elevaron la misma recriminaci\u00f3n al Gobierno: la plata que le faltaba a los discapacitados la ten\u00edan los funcionarios que hab\u00edan cobrado las coimas de la ANDIS<\/strong>.<\/p>\n<figure><picture class=\"news-image\"><source srcset=\"https:\/\/static.eldiario.es\/clip\/25f365fa-2f45-4e90-8e63-f8827210f844_16-9-discover-aspect-ratio_50p_0.webp\" type=\"image\/webp\" media=\"(max-width: 576px)\" \/><source srcset=\"https:\/\/static.eldiario.es\/clip\/25f365fa-2f45-4e90-8e63-f8827210f844_16-9-discover-aspect-ratio_50p_0.jpg\" type=\"image\/jpg\" media=\"(max-width: 576px)\" \/><source srcset=\"https:\/\/static.eldiario.es\/clip\/25f365fa-2f45-4e90-8e63-f8827210f844_16-9-discover-aspect-ratio_75p_0.webp\" type=\"image\/webp\" media=\"(max-width: 767px)\" \/><source srcset=\"https:\/\/static.eldiario.es\/clip\/25f365fa-2f45-4e90-8e63-f8827210f844_16-9-discover-aspect-ratio_75p_0.jpg\" type=\"image\/jpg\" media=\"(max-width: 767px)\" \/><source srcset=\"https:\/\/static.eldiario.es\/clip\/25f365fa-2f45-4e90-8e63-f8827210f844_16-9-discover-aspect-ratio_default_0.webp\" type=\"image\/webp\" media=\"(min-width: 768px)\" \/><source srcset=\"https:\/\/static.eldiario.es\/clip\/25f365fa-2f45-4e90-8e63-f8827210f844_16-9-discover-aspect-ratio_default_0.jpg\" type=\"image\/jpg\" media=\"(min-width: 768px)\" \/><source srcset=\"https:\/\/static.eldiario.es\/clip\/25f365fa-2f45-4e90-8e63-f8827210f844_16-9-discover-aspect-ratio_default_0.webp\" type=\"image\/webp\" \/><img decoding=\"async\" class=\"lazy entered loaded\" src=\"https:\/\/static.eldiario.es\/clip\/25f365fa-2f45-4e90-8e63-f8827210f844_16-9-discover-aspect-ratio_default_0.jpg\" alt=\"El jefe de la bancada oficialista, Ezequiel Atauche\" data-src=\"https:\/\/static.eldiario.es\/clip\/25f365fa-2f45-4e90-8e63-f8827210f844_16-9-discover-aspect-ratio_default_0.jpg\" data-ll-status=\"loaded\" \/><\/picture><figcaption class=\"image-footer\"><em><span class=\"title\">El jefe de la bancada oficialista, Ezequiel Atauche\u00a0<span class=\"author\">NA<\/span><\/span><\/em><\/figcaption><\/figure>\n<p>&nbsp;<\/p>\n<p class=\"article-text\">\u201cPareciera que la motosierra no era para hacer eficiente el gasto, era para que la coima quedara adentro del Presupuesto y del equilibrio fiscal.\u00a0<strong>La motosierra fue para la gente, no para la coima<\/strong>\u201d, dispar\u00f3 la larretista<strong>\u00a0Guadalupe Tagliaferri\u00a0<\/strong>(PRO), y apunt\u00f3 los ca\u00f1ones contra el aparato comunicacional del Gobierno: \u201cCuando salga a tuitear de donde va a salir la plata para financiar esta ley, es simple: la plata para financiar esta ley sale del sobreprecio y la coima, as\u00ed que no insistan\u201d.<\/p>\n<p class=\"article-text\">\u201cEl famoso ahorro es una gran mentira, porque con ese ahorro no hay m\u00e1s plata para los jubilados, las universidades, las personas con discapacidad, la obra p\u00fablica. \u00bfCu\u00e1l es el sentido de este ahorro que nos quiere vender el presidente? En Argentina hay 5 millones de personas con discapacidad, un 10% de la poblaci\u00f3n.\u00a0<strong>Si el Estado, para ahorrar, necesita maltratar a los ciudadanos, no est\u00e1 ahorrando, los est\u00e1 abandonando<\/strong>\u201d, sum\u00f3 el peronista<strong>\u00a0Daniel Bensus\u00e1<\/strong>n, quien no perdi\u00f3 la oportunidad para hacer un comentario jocoso sobre el supuesto 3% que, seg\u00fan los audios de Spagnuolo, se habr\u00eda llevado Karina Milei: un cl\u00e1sico de la jornada.<\/p>\n<p class=\"article-text\">La \u00fanica, junto a Paoltroni, que se anim\u00f3 a defender al Gobierno fue \u00c1lvarez Rivero, que\u00a0<strong>opt\u00f3 por acusar al kirchnerismo de querer \u201cdesestabilizar\u201d a Milei<\/strong>. \u201cEl Gobierno kirchnerista dej\u00f3 un caos en la ANDIS. Y sin dudas hicieron caja\u201d, se\u00f1al\u00f3 la cordobesa bullrichista, que no hizo comentario alguno sobre los audios de Spagnuolo.<\/p>\n<figure><picture class=\"news-image\"><source srcset=\"https:\/\/static.eldiario.es\/clip\/71c2f2dc-4e3f-4e76-84f8-39ee2b83d0e7_16-9-discover-aspect-ratio_50p_0.webp\" type=\"image\/webp\" media=\"(max-width: 576px)\" \/><source srcset=\"https:\/\/static.eldiario.es\/clip\/71c2f2dc-4e3f-4e76-84f8-39ee2b83d0e7_16-9-discover-aspect-ratio_50p_0.jpg\" type=\"image\/jpg\" media=\"(max-width: 576px)\" \/><source srcset=\"https:\/\/static.eldiario.es\/clip\/71c2f2dc-4e3f-4e76-84f8-39ee2b83d0e7_16-9-discover-aspect-ratio_75p_0.webp\" type=\"image\/webp\" media=\"(max-width: 767px)\" \/><source srcset=\"https:\/\/static.eldiario.es\/clip\/71c2f2dc-4e3f-4e76-84f8-39ee2b83d0e7_16-9-discover-aspect-ratio_75p_0.jpg\" type=\"image\/jpg\" media=\"(max-width: 767px)\" \/><source srcset=\"https:\/\/static.eldiario.es\/clip\/71c2f2dc-4e3f-4e76-84f8-39ee2b83d0e7_16-9-discover-aspect-ratio_default_0.webp\" type=\"image\/webp\" media=\"(min-width: 768px)\" \/><source srcset=\"https:\/\/static.eldiario.es\/clip\/71c2f2dc-4e3f-4e76-84f8-39ee2b83d0e7_16-9-discover-aspect-ratio_default_0.jpg\" type=\"image\/jpg\" media=\"(min-width: 768px)\" \/><source srcset=\"https:\/\/static.eldiario.es\/clip\/71c2f2dc-4e3f-4e76-84f8-39ee2b83d0e7_16-9-discover-aspect-ratio_default_0.webp\" type=\"image\/webp\" \/><img decoding=\"async\" class=\"lazy entered loaded\" src=\"https:\/\/static.eldiario.es\/clip\/71c2f2dc-4e3f-4e76-84f8-39ee2b83d0e7_16-9-discover-aspect-ratio_default_0.jpg\" alt=\"La senadora cordobesa Carmen \u00c1lvarez Rivero\" data-src=\"https:\/\/static.eldiario.es\/clip\/71c2f2dc-4e3f-4e76-84f8-39ee2b83d0e7_16-9-discover-aspect-ratio_default_0.jpg\" data-ll-status=\"loaded\" \/><\/picture><figcaption class=\"image-footer\"><em><span class=\"title\">La senadora cordobesa Carmen \u00c1lvarez Rivero\u00a0<span class=\"author\">NA<\/span><\/span><\/em><\/figcaption><\/figure>\n<p>&nbsp;<\/p>\n<p class=\"article-text\">\u201cEl verdadero desaf\u00edo es solucionar los problemas. No es que tengamos que tomar todas las pelotas desde el Senado. Esta ley no hace falta, lo que se necesita es gesti\u00f3n pol\u00edtica\u201d, insisti\u00f3 la senadora del PRO,\u00a0<strong>buscando un salvavidas que el Gobierno nunca conceder\u00eda: la promesa de actualizar las prestaciones<\/strong>, que est\u00e1n congeladas desde el a\u00f1o pasado y que todos los sectores pol\u00edticos -incluso los oficialistas- coinciden en que tendr\u00edan que haberse actualizado.<\/p>\n<p class=\"article-text\">La ley, adem\u00e1s de actualizar las prestaciones, fija una revisi\u00f3n de las pensiones no contributivas por invalidez laboral y establece la creaci\u00f3n de otras nuevas: un mensaje a la auditor\u00eda trunca del Gobierno que dej\u00f3 en stand by, desde el a\u00f1o pasado, un total de 500 mil pensiones.<\/p>\n<p class=\"article-text\">\u201cQuieren establecer un estado de sospecha para todos los discapacitados. Si una es trucha, entonces todos los discapacitados y discapacitadas son truchos.Todas las pensiones son truchas. Es un plan siniestro. Hicieron que todos, no solo los discapacitados sino tambi\u00e9n sus familias, sean sospechosos\u201d, denunci\u00f3 la peronista\u00a0<strong>Juliana Di Tullio<\/strong>.<\/p>\n<figure><picture class=\"news-image\"><source srcset=\"https:\/\/static.eldiario.es\/clip\/4ef61a4b-91a9-4fcf-9a73-96e83c31e90a_16-9-discover-aspect-ratio_50p_0.webp\" type=\"image\/webp\" media=\"(max-width: 576px)\" \/><source srcset=\"https:\/\/static.eldiario.es\/clip\/4ef61a4b-91a9-4fcf-9a73-96e83c31e90a_16-9-discover-aspect-ratio_50p_0.jpg\" type=\"image\/jpg\" media=\"(max-width: 576px)\" \/><source srcset=\"https:\/\/static.eldiario.es\/clip\/4ef61a4b-91a9-4fcf-9a73-96e83c31e90a_16-9-discover-aspect-ratio_75p_0.webp\" type=\"image\/webp\" media=\"(max-width: 767px)\" \/><source srcset=\"https:\/\/static.eldiario.es\/clip\/4ef61a4b-91a9-4fcf-9a73-96e83c31e90a_16-9-discover-aspect-ratio_75p_0.jpg\" type=\"image\/jpg\" media=\"(max-width: 767px)\" \/><source srcset=\"https:\/\/static.eldiario.es\/clip\/4ef61a4b-91a9-4fcf-9a73-96e83c31e90a_16-9-discover-aspect-ratio_default_0.webp\" type=\"image\/webp\" media=\"(min-width: 768px)\" \/><source srcset=\"https:\/\/static.eldiario.es\/clip\/4ef61a4b-91a9-4fcf-9a73-96e83c31e90a_16-9-discover-aspect-ratio_default_0.jpg\" type=\"image\/jpg\" media=\"(min-width: 768px)\" \/><source srcset=\"https:\/\/static.eldiario.es\/clip\/4ef61a4b-91a9-4fcf-9a73-96e83c31e90a_16-9-discover-aspect-ratio_default_0.webp\" type=\"image\/webp\" \/><img decoding=\"async\" class=\"lazy entered loaded\" src=\"https:\/\/static.eldiario.es\/clip\/4ef61a4b-91a9-4fcf-9a73-96e83c31e90a_16-9-discover-aspect-ratio_default_0.jpg\" alt=\"Guadalupe Tagliaferri y Mart\u00edn Lousteau votaron a favor de la ley\" data-src=\"https:\/\/static.eldiario.es\/clip\/4ef61a4b-91a9-4fcf-9a73-96e83c31e90a_16-9-discover-aspect-ratio_default_0.jpg\" data-ll-status=\"loaded\" \/><\/picture><figcaption class=\"image-footer\"><em><span class=\"title\">Guadalupe Tagliaferri y Mart\u00edn Lousteau votaron a favor de la ley\u00a0<span class=\"author\">NA<\/span><\/span><\/em><\/figcaption><\/figure>\n<p>&nbsp;<\/p>\n<p class=\"article-text\">El encargado de cerrar el debate fue<strong>\u00a0Jos\u00e9 Mayans<\/strong>, que ya desde temprano se mov\u00eda con confianza en el Senado, sabedor que contaba con m\u00e1s de 60 votos a favor de la ley. El clima en el Palacio giraba entre la calma y el \u00e9xtasis:\u00a0<strong>la derrota del Gobierno era inevitable y funcionaba como un anticipo, una premonici\u00f3n, de las derrotas del futuro.\u00a0<\/strong>\u201cEl Gobierno est\u00e1 implosionando\u201d, desliz\u00f3 una senadora cristinista, previo a que se conociera la votaci\u00f3n.<\/p>\n<p class=\"article-text\">Mayans opt\u00f3 por apuntar contra la corrupci\u00f3n en la gesti\u00f3n libertaria, cit\u00f3 frases de la Biblia &#8211; \u201cNo hay nada que est\u00e9 oculto que no sea descubierto\u201d- y acus\u00f3 con dureza a las diputadas del PRO, como\u00a0<strong>Mar\u00eda Eugenia Vidal<\/strong>, que hab\u00edan \u201checho campa\u00f1a en defensa de los discapacitados y jubilados y, despu\u00e9s, a la hora de la votaci\u00f3n se abstienen\u201d. Paoltroni intent\u00f3 interrumpirlo, pero Mayans lo cort\u00f3 en seco: \u201cCallese, maleducado.\u00a0<strong>Hijo de Milei\u201d<\/strong>.<\/p>\n<figure><picture class=\"news-image\"><source srcset=\"https:\/\/static.eldiario.es\/clip\/77835dee-bec8-4eaf-8e70-bbec099e3c49_16-9-discover-aspect-ratio_50p_0.webp\" type=\"image\/webp\" media=\"(max-width: 576px)\" \/><source srcset=\"https:\/\/static.eldiario.es\/clip\/77835dee-bec8-4eaf-8e70-bbec099e3c49_16-9-discover-aspect-ratio_50p_0.jpg\" type=\"image\/jpg\" media=\"(max-width: 576px)\" \/><source srcset=\"https:\/\/static.eldiario.es\/clip\/77835dee-bec8-4eaf-8e70-bbec099e3c49_16-9-discover-aspect-ratio_75p_0.webp\" type=\"image\/webp\" media=\"(max-width: 767px)\" \/><source srcset=\"https:\/\/static.eldiario.es\/clip\/77835dee-bec8-4eaf-8e70-bbec099e3c49_16-9-discover-aspect-ratio_75p_0.jpg\" type=\"image\/jpg\" media=\"(max-width: 767px)\" \/><source srcset=\"https:\/\/static.eldiario.es\/clip\/77835dee-bec8-4eaf-8e70-bbec099e3c49_16-9-discover-aspect-ratio_default_0.webp\" type=\"image\/webp\" media=\"(min-width: 768px)\" \/><source srcset=\"https:\/\/static.eldiario.es\/clip\/77835dee-bec8-4eaf-8e70-bbec099e3c49_16-9-discover-aspect-ratio_default_0.jpg\" type=\"image\/jpg\" media=\"(min-width: 768px)\" \/><source srcset=\"https:\/\/static.eldiario.es\/clip\/77835dee-bec8-4eaf-8e70-bbec099e3c49_16-9-discover-aspect-ratio_default_0.webp\" type=\"image\/webp\" \/><img decoding=\"async\" class=\"lazy entered loaded\" src=\"https:\/\/static.eldiario.es\/clip\/77835dee-bec8-4eaf-8e70-bbec099e3c49_16-9-discover-aspect-ratio_default_0.jpg\" alt=\"La silla de ruedas inflable y los carteles, s\u00edmbolo de la lucha de las personas con discapacidad este jueves frente al Congreso.\" data-src=\"https:\/\/static.eldiario.es\/clip\/77835dee-bec8-4eaf-8e70-bbec099e3c49_16-9-discover-aspect-ratio_default_0.jpg\" data-ll-status=\"loaded\" \/><\/picture><figcaption class=\"image-footer\"><em><span class=\"title\">La silla de ruedas inflable y los carteles, s\u00edmbolo de la lucha de las personas con discapacidad este jueves frente al Congreso.\u00a0<span class=\"author\">NA<\/span><\/span><\/em><\/figcaption><\/figure>\n<p>&nbsp;<\/p>\n<p class=\"article-text\">Cuando lleg\u00f3 el momento de votar, el recinto estall\u00f3 en aplausos (una novedad para la C\u00e1mara alta, m\u00e1s comedida). Afuera, en las calles, las organizaciones que hab\u00edan movilizado tambi\u00e9n celebraron. Ahora, es tiempo de esperar a que Milei ejecute la ley, aunque ya hay senadores que, como\u00a0<strong>el santacurce\u00f1o Jos\u00e9 Carambia, advirtieron que iniciar\u00e1n un juicio pol\u00edtico contra el presidente si no la cumple.\u00a0<\/strong><\/p>\n<div id=\"container-after-news-outlook\"><\/div>\n<p class=\"article-text\">En el peronismo est\u00e1n molestos, pero confiados. Sospechan que Milei la judicializar\u00e1 pero que, tarde o temprano, tendr\u00e1 que ejecutarla.\u00a0<strong>Y que, a cada d\u00eda que pasa, el presidente se queda m\u00e1s solo<\/strong>. \u201c<strong>Hasta Villarruel es nuestra ahora<\/strong>\u201d, ironiz\u00f3, a la salida un senador peronista.<\/p>\n<p class=\"article-text\"><em>MC &#8211; <a href=\"https:\/\/www.eldiarioar.com\/autores\/maria-cafferata\/\" data-mrf-link=\"https:\/\/www.eldiarioar.com\/autores\/maria-cafferata\/\">Mar\u00eda Cafferata<\/a><\/em><\/p>\n","protected":false},"excerpt":{"rendered":"<p>Fue una derrota devastadora del Gobierno, que no tuvo defensores en el recinto. Solo la cordobesa del PRO, Carmen \u00c1lvarez Rivero, y el formose\u00f1o Francisco Paoltroni respaldaron al oficialismo porque el resto de LLA guard\u00f3 silencio. La insistencia fue de 63 votos a favor y 7 en contra.<\/p>\n","protected":false},"author":3,"featured_media":124551,"comment_status":"closed","ping_status":"closed","sticky":false,"template":"","format":"standard","meta":{"footnotes":""},"categories":[24],"tags":[48],"class_list":["post-124550","post","type-post","status-publish","format-standard","has-post-thumbnail","hentry","category-politica","tag-destacada"],"yoast_head":"<!-- This site is optimized with the Yoast SEO plugin v25.9 - https:\/\/yoast.com\/wordpress\/plugins\/seo\/ -->\n<title>El Senado convirti\u00f3 en ley la Emergencia en Discapacidad: se cay\u00f3 el veto de Milei - Noticias Radio Reflejos<\/title>\n<meta name=\"robots\" content=\"index, follow, max-snippet:-1, max-image-preview:large, max-video-preview:-1\" \/>\n<link rel=\"canonical\" href=\"https:\/\/www.noticiasradioreflejos.com.ar\/2021\/el-senado-convirtio-en-ley-la-emergencia-en-discapacidad-se-cayo-el-veto-de-milei\/\" \/>\n<meta property=\"og:locale\" content=\"es_ES\" \/>\n<meta property=\"og:type\" content=\"article\" \/>\n<meta property=\"og:title\" content=\"El Senado convirti\u00f3 en ley la Emergencia en Discapacidad: se cay\u00f3 el veto de Milei - Noticias Radio Reflejos\" \/>\n<meta property=\"og:description\" content=\"Fue una derrota devastadora del Gobierno, que no tuvo defensores en el recinto. Solo la cordobesa del PRO, Carmen \u00c1lvarez Rivero, y el formose\u00f1o Francisco Paoltroni respaldaron al oficialismo porque el resto de LLA guard\u00f3 silencio. La insistencia fue de 63 votos a favor y 7 en contra.\" \/>\n<meta property=\"og:url\" content=\"https:\/\/www.noticiasradioreflejos.com.ar\/2021\/el-senado-convirtio-en-ley-la-emergencia-en-discapacidad-se-cayo-el-veto-de-milei\/\" \/>\n<meta property=\"og:site_name\" content=\"Noticias Radio Reflejos\" \/>\n<meta property=\"article:published_time\" content=\"2025-09-04T21:03:59+00:00\" \/>\n<meta property=\"article:modified_time\" content=\"2025-09-04T21:05:06+00:00\" \/>\n<meta property=\"og:image\" content=\"https:\/\/www.noticiasradioreflejos.com.ar\/2021\/wp-content\/uploads\/2025\/09\/discapacidad.jpg\" \/>\n\t<meta property=\"og:image:width\" content=\"1194\" \/>\n\t<meta property=\"og:image:height\" content=\"668\" \/>\n\t<meta property=\"og:image:type\" content=\"image\/jpeg\" \/>\n<meta name=\"author\" content=\"Arnaldo Botto\" \/>\n<meta name=\"twitter:card\" content=\"summary_large_image\" \/>\n<script type=\"application\/ld+json\" class=\"yoast-schema-graph\">{\"@context\":\"https:\/\/schema.org\",\"@graph\":[{\"@type\":\"WebPage\",\"@id\":\"https:\/\/www.noticiasradioreflejos.com.ar\/2021\/el-senado-convirtio-en-ley-la-emergencia-en-discapacidad-se-cayo-el-veto-de-milei\/\",\"url\":\"https:\/\/www.noticiasradioreflejos.com.ar\/2021\/el-senado-convirtio-en-ley-la-emergencia-en-discapacidad-se-cayo-el-veto-de-milei\/\",\"name\":\"El Senado convirti\u00f3 en ley la Emergencia en Discapacidad: se cay\u00f3 el veto de Milei - Noticias Radio Reflejos\",\"isPartOf\":{\"@id\":\"https:\/\/www.noticiasradioreflejos.com.ar\/2021\/#website\"},\"primaryImageOfPage\":{\"@id\":\"https:\/\/www.noticiasradioreflejos.com.ar\/2021\/el-senado-convirtio-en-ley-la-emergencia-en-discapacidad-se-cayo-el-veto-de-milei\/#primaryimage\"},\"image\":{\"@id\":\"https:\/\/www.noticiasradioreflejos.com.ar\/2021\/el-senado-convirtio-en-ley-la-emergencia-en-discapacidad-se-cayo-el-veto-de-milei\/#primaryimage\"},\"thumbnailUrl\":\"https:\/\/www.noticiasradioreflejos.com.ar\/2021\/wp-content\/uploads\/2025\/09\/discapacidad.jpg\",\"datePublished\":\"2025-09-04T21:03:59+00:00\",\"dateModified\":\"2025-09-04T21:05:06+00:00\",\"author\":{\"@id\":\"https:\/\/www.noticiasradioreflejos.com.ar\/2021\/#\/schema\/person\/ad82545263dcc5ec0996818884fd5fb1\"},\"breadcrumb\":{\"@id\":\"https:\/\/www.noticiasradioreflejos.com.ar\/2021\/el-senado-convirtio-en-ley-la-emergencia-en-discapacidad-se-cayo-el-veto-de-milei\/#breadcrumb\"},\"inLanguage\":\"es\",\"potentialAction\":[{\"@type\":\"ReadAction\",\"target\":[\"https:\/\/www.noticiasradioreflejos.com.ar\/2021\/el-senado-convirtio-en-ley-la-emergencia-en-discapacidad-se-cayo-el-veto-de-milei\/\"]}]},{\"@type\":\"ImageObject\",\"inLanguage\":\"es\",\"@id\":\"https:\/\/www.noticiasradioreflejos.com.ar\/2021\/el-senado-convirtio-en-ley-la-emergencia-en-discapacidad-se-cayo-el-veto-de-milei\/#primaryimage\",\"url\":\"https:\/\/www.noticiasradioreflejos.com.ar\/2021\/wp-content\/uploads\/2025\/09\/discapacidad.jpg\",\"contentUrl\":\"https:\/\/www.noticiasradioreflejos.com.ar\/2021\/wp-content\/uploads\/2025\/09\/discapacidad.jpg\",\"width\":1194,\"height\":668},{\"@type\":\"BreadcrumbList\",\"@id\":\"https:\/\/www.noticiasradioreflejos.com.ar\/2021\/el-senado-convirtio-en-ley-la-emergencia-en-discapacidad-se-cayo-el-veto-de-milei\/#breadcrumb\",\"itemListElement\":[{\"@type\":\"ListItem\",\"position\":1,\"name\":\"Portada\",\"item\":\"https:\/\/www.noticiasradioreflejos.com.ar\/2021\/\"},{\"@type\":\"ListItem\",\"position\":2,\"name\":\"El Senado convirti\u00f3 en ley la Emergencia en Discapacidad: se cay\u00f3 el veto de Milei\"}]},{\"@type\":\"WebSite\",\"@id\":\"https:\/\/www.noticiasradioreflejos.com.ar\/2021\/#website\",\"url\":\"https:\/\/www.noticiasradioreflejos.com.ar\/2021\/\",\"name\":\"Noticias Radio Reflejos\",\"description\":\"Las noticias de mi comarca\",\"potentialAction\":[{\"@type\":\"SearchAction\",\"target\":{\"@type\":\"EntryPoint\",\"urlTemplate\":\"https:\/\/www.noticiasradioreflejos.com.ar\/2021\/?s={search_term_string}\"},\"query-input\":{\"@type\":\"PropertyValueSpecification\",\"valueRequired\":true,\"valueName\":\"search_term_string\"}}],\"inLanguage\":\"es\"},{\"@type\":\"Person\",\"@id\":\"https:\/\/www.noticiasradioreflejos.com.ar\/2021\/#\/schema\/person\/ad82545263dcc5ec0996818884fd5fb1\",\"name\":\"Arnaldo Botto\",\"image\":{\"@type\":\"ImageObject\",\"inLanguage\":\"es\",\"@id\":\"https:\/\/www.noticiasradioreflejos.com.ar\/2021\/#\/schema\/person\/image\/\",\"url\":\"https:\/\/secure.gravatar.com\/avatar\/55cb5e37c1efa326397366e6974cb338056df65cb50e7d64d1cf314e87504837?s=96&d=mm&r=g\",\"contentUrl\":\"https:\/\/secure.gravatar.com\/avatar\/55cb5e37c1efa326397366e6974cb338056df65cb50e7d64d1cf314e87504837?s=96&d=mm&r=g\",\"caption\":\"Arnaldo Botto\"},\"url\":\"https:\/\/www.noticiasradioreflejos.com.ar\/2021\/author\/arnaldo\/\"}]}<\/script>\n<!-- \/ Yoast SEO plugin. -->","yoast_head_json":{"title":"El Senado convirti\u00f3 en ley la Emergencia en Discapacidad: se cay\u00f3 el veto de Milei - Noticias Radio Reflejos","robots":{"index":"index","follow":"follow","max-snippet":"max-snippet:-1","max-image-preview":"max-image-preview:large","max-video-preview":"max-video-preview:-1"},"canonical":"https:\/\/www.noticiasradioreflejos.com.ar\/2021\/el-senado-convirtio-en-ley-la-emergencia-en-discapacidad-se-cayo-el-veto-de-milei\/","og_locale":"es_ES","og_type":"article","og_title":"El Senado convirti\u00f3 en ley la Emergencia en Discapacidad: se cay\u00f3 el veto de Milei - Noticias Radio Reflejos","og_description":"Fue una derrota devastadora del Gobierno, que no tuvo defensores en el recinto. Solo la cordobesa del PRO, Carmen \u00c1lvarez Rivero, y el formose\u00f1o Francisco Paoltroni respaldaron al oficialismo porque el resto de LLA guard\u00f3 silencio. La insistencia fue de 63 votos a favor y 7 en contra.","og_url":"https:\/\/www.noticiasradioreflejos.com.ar\/2021\/el-senado-convirtio-en-ley-la-emergencia-en-discapacidad-se-cayo-el-veto-de-milei\/","og_site_name":"Noticias Radio Reflejos","article_published_time":"2025-09-04T21:03:59+00:00","article_modified_time":"2025-09-04T21:05:06+00:00","og_image":[{"width":1194,"height":668,"url":"https:\/\/www.noticiasradioreflejos.com.ar\/2021\/wp-content\/uploads\/2025\/09\/discapacidad.jpg","type":"image\/jpeg"}],"author":"Arnaldo Botto","twitter_card":"summary_large_image","schema":{"@context":"https:\/\/schema.org","@graph":[{"@type":"WebPage","@id":"https:\/\/www.noticiasradioreflejos.com.ar\/2021\/el-senado-convirtio-en-ley-la-emergencia-en-discapacidad-se-cayo-el-veto-de-milei\/","url":"https:\/\/www.noticiasradioreflejos.com.ar\/2021\/el-senado-convirtio-en-ley-la-emergencia-en-discapacidad-se-cayo-el-veto-de-milei\/","name":"El Senado convirti\u00f3 en ley la Emergencia en Discapacidad: se cay\u00f3 el veto de Milei - Noticias Radio Reflejos","isPartOf":{"@id":"https:\/\/www.noticiasradioreflejos.com.ar\/2021\/#website"},"primaryImageOfPage":{"@id":"https:\/\/www.noticiasradioreflejos.com.ar\/2021\/el-senado-convirtio-en-ley-la-emergencia-en-discapacidad-se-cayo-el-veto-de-milei\/#primaryimage"},"image":{"@id":"https:\/\/www.noticiasradioreflejos.com.ar\/2021\/el-senado-convirtio-en-ley-la-emergencia-en-discapacidad-se-cayo-el-veto-de-milei\/#primaryimage"},"thumbnailUrl":"https:\/\/www.noticiasradioreflejos.com.ar\/2021\/wp-content\/uploads\/2025\/09\/discapacidad.jpg","datePublished":"2025-09-04T21:03:59+00:00","dateModified":"2025-09-04T21:05:06+00:00","author":{"@id":"https:\/\/www.noticiasradioreflejos.com.ar\/2021\/#\/schema\/person\/ad82545263dcc5ec0996818884fd5fb1"},"breadcrumb":{"@id":"https:\/\/www.noticiasradioreflejos.com.ar\/2021\/el-senado-convirtio-en-ley-la-emergencia-en-discapacidad-se-cayo-el-veto-de-milei\/#breadcrumb"},"inLanguage":"es","potentialAction":[{"@type":"ReadAction","target":["https:\/\/www.noticiasradioreflejos.com.ar\/2021\/el-senado-convirtio-en-ley-la-emergencia-en-discapacidad-se-cayo-el-veto-de-milei\/"]}]},{"@type":"ImageObject","inLanguage":"es","@id":"https:\/\/www.noticiasradioreflejos.com.ar\/2021\/el-senado-convirtio-en-ley-la-emergencia-en-discapacidad-se-cayo-el-veto-de-milei\/#primaryimage","url":"https:\/\/www.noticiasradioreflejos.com.ar\/2021\/wp-content\/uploads\/2025\/09\/discapacidad.jpg","contentUrl":"https:\/\/www.noticiasradioreflejos.com.ar\/2021\/wp-content\/uploads\/2025\/09\/discapacidad.jpg","width":1194,"height":668},{"@type":"BreadcrumbList","@id":"https:\/\/www.noticiasradioreflejos.com.ar\/2021\/el-senado-convirtio-en-ley-la-emergencia-en-discapacidad-se-cayo-el-veto-de-milei\/#breadcrumb","itemListElement":[{"@type":"ListItem","position":1,"name":"Portada","item":"https:\/\/www.noticiasradioreflejos.com.ar\/2021\/"},{"@type":"ListItem","position":2,"name":"El Senado convirti\u00f3 en ley la Emergencia en Discapacidad: se cay\u00f3 el veto de Milei"}]},{"@type":"WebSite","@id":"https:\/\/www.noticiasradioreflejos.com.ar\/2021\/#website","url":"https:\/\/www.noticiasradioreflejos.com.ar\/2021\/","name":"Noticias Radio Reflejos","description":"Las noticias de mi comarca","potentialAction":[{"@type":"SearchAction","target":{"@type":"EntryPoint","urlTemplate":"https:\/\/www.noticiasradioreflejos.com.ar\/2021\/?s={search_term_string}"},"query-input":{"@type":"PropertyValueSpecification","valueRequired":true,"valueName":"search_term_string"}}],"inLanguage":"es"},{"@type":"Person","@id":"https:\/\/www.noticiasradioreflejos.com.ar\/2021\/#\/schema\/person\/ad82545263dcc5ec0996818884fd5fb1","name":"Arnaldo Botto","image":{"@type":"ImageObject","inLanguage":"es","@id":"https:\/\/www.noticiasradioreflejos.com.ar\/2021\/#\/schema\/person\/image\/","url":"https:\/\/secure.gravatar.com\/avatar\/55cb5e37c1efa326397366e6974cb338056df65cb50e7d64d1cf314e87504837?s=96&d=mm&r=g","contentUrl":"https:\/\/secure.gravatar.com\/avatar\/55cb5e37c1efa326397366e6974cb338056df65cb50e7d64d1cf314e87504837?s=96&d=mm&r=g","caption":"Arnaldo Botto"},"url":"https:\/\/www.noticiasradioreflejos.com.ar\/2021\/author\/arnaldo\/"}]}},"_links":{"self":[{"href":"https:\/\/www.noticiasradioreflejos.com.ar\/2021\/wp-json\/wp\/v2\/posts\/124550","targetHints":{"allow":["GET"]}}],"collection":[{"href":"https:\/\/www.noticiasradioreflejos.com.ar\/2021\/wp-json\/wp\/v2\/posts"}],"about":[{"href":"https:\/\/www.noticiasradioreflejos.com.ar\/2021\/wp-json\/wp\/v2\/types\/post"}],"author":[{"embeddable":true,"href":"https:\/\/www.noticiasradioreflejos.com.ar\/2021\/wp-json\/wp\/v2\/users\/3"}],"replies":[{"embeddable":true,"href":"https:\/\/www.noticiasradioreflejos.com.ar\/2021\/wp-json\/wp\/v2\/comments?post=124550"}],"version-history":[{"count":2,"href":"https:\/\/www.noticiasradioreflejos.com.ar\/2021\/wp-json\/wp\/v2\/posts\/124550\/revisions"}],"predecessor-version":[{"id":124553,"href":"https:\/\/www.noticiasradioreflejos.com.ar\/2021\/wp-json\/wp\/v2\/posts\/124550\/revisions\/124553"}],"wp:featuredmedia":[{"embeddable":true,"href":"https:\/\/www.noticiasradioreflejos.com.ar\/2021\/wp-json\/wp\/v2\/media\/124551"}],"wp:attachment":[{"href":"https:\/\/www.noticiasradioreflejos.com.ar\/2021\/wp-json\/wp\/v2\/media?parent=124550"}],"wp:term":[{"taxonomy":"category","embeddable":true,"href":"https:\/\/www.noticiasradioreflejos.com.ar\/2021\/wp-json\/wp\/v2\/categories?post=124550"},{"taxonomy":"post_tag","embeddable":true,"href":"https:\/\/www.noticiasradioreflejos.com.ar\/2021\/wp-json\/wp\/v2\/tags?post=124550"}],"curies":[{"name":"wp","href":"https:\/\/api.w.org\/{rel}","templated":true}]}}