{"id":124545,"date":"2025-09-04T14:46:15","date_gmt":"2025-09-04T17:46:15","guid":{"rendered":"https:\/\/www.noticiasradioreflejos.com.ar\/2021\/?p=124545"},"modified":"2025-09-04T14:46:15","modified_gmt":"2025-09-04T17:46:15","slug":"femeba-y-el-ministerio-de-salud-lanzaron-una-mesa-de-trabajo-en-hipertension-y-riesgo-cardiovascular","status":"publish","type":"post","link":"https:\/\/www.noticiasradioreflejos.com.ar\/2021\/femeba-y-el-ministerio-de-salud-lanzaron-una-mesa-de-trabajo-en-hipertension-y-riesgo-cardiovascular\/","title":{"rendered":"FEMEBA y el Ministerio de Salud lanzaron una Mesa de Trabajo en Hipertensi\u00f3n y Riesgo Cardiovascular"},"content":{"rendered":"<p style=\"font-weight: 400;\">\n<p>Autoridades y equipos t\u00e9cnicos de la Federaci\u00f3n M\u00e9dica de la provincia de Buenos Aires (FEMEBA), del Ministerio de Salud bonaerense, del Instituto de Obra M\u00e9dica Asistencial (IOMA) y del Ministerio de Infraestructura y Servicios P\u00fablicos, participaron en el lanzamiento de una mesa de trabajo para la implementaci\u00f3n de Gu\u00edas de Pr\u00e1ctica Cl\u00ednica en Hipertensi\u00f3n Arterial y Riesgo Cardiovascular.<\/p>\n<p>Sandro Scafati, a cargo de la presidencia de FEMEBA, destac\u00f3 \u201cla importancia del trabajo en conjunto de las instituciones que representan a la salud p\u00fablica y privada, en bien com\u00fan de profesionales y pacientes\u201d.<\/p>\n<p>Scafati dijo adem\u00e1s que es una \u201cpuesta al d\u00eda e implementaci\u00f3n de gu\u00edas de pr\u00e1ctica cl\u00ednica para las patolog\u00edas m\u00e1s frecuentes\u00bb. El objetivo es la capacitaci\u00f3n profesional que alcance a todos los profesionales bonaerenses en los \u00e1mbitos privados, de la seguridad social y p\u00fablicos\u201d.<\/p>\n<p>Entre los t\u00f3picos m\u00e1s salientes de la Mesa de Trabajo, vale destacar las directrices para realizar las gu\u00edas de pr\u00e1ctica cl\u00ednica, el proyecto de capacitaci\u00f3n conjunta y la presentaci\u00f3n de pol\u00edticas de medicamentos de IOMA.<\/p>\n<p>Por FEMEBA asistieron Sandro Scafati (vicepresidente a cargo de la Presidencia) Vanesa Etcheverry (Secretar\u00eda de Actividades Cient\u00edficas, Culturales y Deportivas), Ignacio Elliff (Secretario de Acci\u00f3n Social y Derechos Humanos), Mart\u00edn Urtasun, (Asesor Farmacol\u00f3gico) y Mar\u00eda Alejandra Ratti por la Fundaci\u00f3n Altos Estudios (Fundaci\u00f3n FEMEBA).<\/p>\n<p>En tanto que por el Ministerio de Salud estuvieron presentes el ministro Nicol\u00e1s Kreplak, Nadia Daciuk (Directora Provincial de Prestaciones de IOMA), Jonatan Konfino (Subsecretario de Pol\u00edticas de Cuidados de Salud), Marcos Coco (Director Provincial de Pol\u00edticas de Medicamentos), Mat\u00edas Duca (Director de Prevenci\u00f3n de Enfermedades No Transmisibles) y Carolina Begue (referente en ENT).<\/p>\n","protected":false},"excerpt":{"rendered":"<p>Autoridades y equipos t\u00e9cnicos de la Federaci\u00f3n M\u00e9dica de la provincia de Buenos Aires (FEMEBA), del Ministerio de Salud bonaerense, del Instituto de Obra M\u00e9dica Asistencial (IOMA) y del Ministerio de Infraestructura y Servicios P\u00fablicos, participaron en el lanzamiento de una mesa de trabajo para la implementaci\u00f3n de Gu\u00edas de Pr\u00e1ctica Cl\u00ednica en Hipertensi\u00f3n Arterial [&hellip;]<\/p>\n","protected":false},"author":3,"featured_media":115086,"comment_status":"closed","ping_status":"closed","sticky":false,"template":"","format":"standard","meta":{"footnotes":""},"categories":[24,30],"tags":[],"class_list":["post-124545","post","type-post","status-publish","format-standard","has-post-thumbnail","hentry","category-politica","category-salud"],"yoast_head":"<!-- This site is optimized with the Yoast SEO plugin v25.9 - https:\/\/yoast.com\/wordpress\/plugins\/seo\/ -->\n<title>FEMEBA y el Ministerio de Salud lanzaron una Mesa de Trabajo en Hipertensi\u00f3n y Riesgo Cardiovascular - Noticias Radio Reflejos<\/title>\n<meta name=\"robots\" content=\"index, follow, max-snippet:-1, max-image-preview:large, max-video-preview:-1\" \/>\n<link rel=\"canonical\" href=\"https:\/\/www.noticiasradioreflejos.com.ar\/2021\/femeba-y-el-ministerio-de-salud-lanzaron-una-mesa-de-trabajo-en-hipertension-y-riesgo-cardiovascular\/\" \/>\n<meta property=\"og:locale\" content=\"es_ES\" \/>\n<meta property=\"og:type\" content=\"article\" \/>\n<meta property=\"og:title\" content=\"FEMEBA y el Ministerio de Salud lanzaron una Mesa de Trabajo en Hipertensi\u00f3n y Riesgo Cardiovascular - Noticias Radio Reflejos\" \/>\n<meta property=\"og:description\" content=\"Autoridades y equipos t\u00e9cnicos de la Federaci\u00f3n M\u00e9dica de la provincia de Buenos Aires (FEMEBA), del Ministerio de Salud bonaerense, del Instituto de Obra M\u00e9dica Asistencial (IOMA) y del Ministerio de Infraestructura y Servicios P\u00fablicos, participaron en el lanzamiento de una mesa de trabajo para la implementaci\u00f3n de Gu\u00edas de Pr\u00e1ctica Cl\u00ednica en Hipertensi\u00f3n Arterial [&hellip;]\" \/>\n<meta property=\"og:url\" content=\"https:\/\/www.noticiasradioreflejos.com.ar\/2021\/femeba-y-el-ministerio-de-salud-lanzaron-una-mesa-de-trabajo-en-hipertension-y-riesgo-cardiovascular\/\" \/>\n<meta property=\"og:site_name\" content=\"Noticias Radio Reflejos\" \/>\n<meta property=\"article:published_time\" content=\"2025-09-04T17:46:15+00:00\" \/>\n<meta property=\"og:image\" content=\"https:\/\/www.noticiasradioreflejos.com.ar\/2021\/wp-content\/uploads\/2025\/04\/infarto-cardio-corazon.jpg\" \/>\n\t<meta property=\"og:image:width\" content=\"1024\" \/>\n\t<meta property=\"og:image:height\" content=\"768\" \/>\n\t<meta property=\"og:image:type\" content=\"image\/jpeg\" \/>\n<meta name=\"author\" content=\"Arnaldo Botto\" \/>\n<meta name=\"twitter:card\" content=\"summary_large_image\" \/>\n<script type=\"application\/ld+json\" class=\"yoast-schema-graph\">{\"@context\":\"https:\/\/schema.org\",\"@graph\":[{\"@type\":\"WebPage\",\"@id\":\"https:\/\/www.noticiasradioreflejos.com.ar\/2021\/femeba-y-el-ministerio-de-salud-lanzaron-una-mesa-de-trabajo-en-hipertension-y-riesgo-cardiovascular\/\",\"url\":\"https:\/\/www.noticiasradioreflejos.com.ar\/2021\/femeba-y-el-ministerio-de-salud-lanzaron-una-mesa-de-trabajo-en-hipertension-y-riesgo-cardiovascular\/\",\"name\":\"FEMEBA y el Ministerio de Salud lanzaron una Mesa de Trabajo en Hipertensi\u00f3n y Riesgo Cardiovascular - Noticias Radio Reflejos\",\"isPartOf\":{\"@id\":\"https:\/\/www.noticiasradioreflejos.com.ar\/2021\/#website\"},\"primaryImageOfPage\":{\"@id\":\"https:\/\/www.noticiasradioreflejos.com.ar\/2021\/femeba-y-el-ministerio-de-salud-lanzaron-una-mesa-de-trabajo-en-hipertension-y-riesgo-cardiovascular\/#primaryimage\"},\"image\":{\"@id\":\"https:\/\/www.noticiasradioreflejos.com.ar\/2021\/femeba-y-el-ministerio-de-salud-lanzaron-una-mesa-de-trabajo-en-hipertension-y-riesgo-cardiovascular\/#primaryimage\"},\"thumbnailUrl\":\"https:\/\/www.noticiasradioreflejos.com.ar\/2021\/wp-content\/uploads\/2025\/04\/infarto-cardio-corazon.jpg\",\"datePublished\":\"2025-09-04T17:46:15+00:00\",\"author\":{\"@id\":\"https:\/\/www.noticiasradioreflejos.com.ar\/2021\/#\/schema\/person\/ad82545263dcc5ec0996818884fd5fb1\"},\"breadcrumb\":{\"@id\":\"https:\/\/www.noticiasradioreflejos.com.ar\/2021\/femeba-y-el-ministerio-de-salud-lanzaron-una-mesa-de-trabajo-en-hipertension-y-riesgo-cardiovascular\/#breadcrumb\"},\"inLanguage\":\"es\",\"potentialAction\":[{\"@type\":\"ReadAction\",\"target\":[\"https:\/\/www.noticiasradioreflejos.com.ar\/2021\/femeba-y-el-ministerio-de-salud-lanzaron-una-mesa-de-trabajo-en-hipertension-y-riesgo-cardiovascular\/\"]}]},{\"@type\":\"ImageObject\",\"inLanguage\":\"es\",\"@id\":\"https:\/\/www.noticiasradioreflejos.com.ar\/2021\/femeba-y-el-ministerio-de-salud-lanzaron-una-mesa-de-trabajo-en-hipertension-y-riesgo-cardiovascular\/#primaryimage\",\"url\":\"https:\/\/www.noticiasradioreflejos.com.ar\/2021\/wp-content\/uploads\/2025\/04\/infarto-cardio-corazon.jpg\",\"contentUrl\":\"https:\/\/www.noticiasradioreflejos.com.ar\/2021\/wp-content\/uploads\/2025\/04\/infarto-cardio-corazon.jpg\",\"width\":1024,\"height\":768},{\"@type\":\"BreadcrumbList\",\"@id\":\"https:\/\/www.noticiasradioreflejos.com.ar\/2021\/femeba-y-el-ministerio-de-salud-lanzaron-una-mesa-de-trabajo-en-hipertension-y-riesgo-cardiovascular\/#breadcrumb\",\"itemListElement\":[{\"@type\":\"ListItem\",\"position\":1,\"name\":\"Portada\",\"item\":\"https:\/\/www.noticiasradioreflejos.com.ar\/2021\/\"},{\"@type\":\"ListItem\",\"position\":2,\"name\":\"FEMEBA y el Ministerio de Salud lanzaron una Mesa de Trabajo en Hipertensi\u00f3n y Riesgo Cardiovascular\"}]},{\"@type\":\"WebSite\",\"@id\":\"https:\/\/www.noticiasradioreflejos.com.ar\/2021\/#website\",\"url\":\"https:\/\/www.noticiasradioreflejos.com.ar\/2021\/\",\"name\":\"Noticias Radio Reflejos\",\"description\":\"Las noticias de mi comarca\",\"potentialAction\":[{\"@type\":\"SearchAction\",\"target\":{\"@type\":\"EntryPoint\",\"urlTemplate\":\"https:\/\/www.noticiasradioreflejos.com.ar\/2021\/?s={search_term_string}\"},\"query-input\":{\"@type\":\"PropertyValueSpecification\",\"valueRequired\":true,\"valueName\":\"search_term_string\"}}],\"inLanguage\":\"es\"},{\"@type\":\"Person\",\"@id\":\"https:\/\/www.noticiasradioreflejos.com.ar\/2021\/#\/schema\/person\/ad82545263dcc5ec0996818884fd5fb1\",\"name\":\"Arnaldo Botto\",\"image\":{\"@type\":\"ImageObject\",\"inLanguage\":\"es\",\"@id\":\"https:\/\/www.noticiasradioreflejos.com.ar\/2021\/#\/schema\/person\/image\/\",\"url\":\"https:\/\/secure.gravatar.com\/avatar\/55cb5e37c1efa326397366e6974cb338056df65cb50e7d64d1cf314e87504837?s=96&d=mm&r=g\",\"contentUrl\":\"https:\/\/secure.gravatar.com\/avatar\/55cb5e37c1efa326397366e6974cb338056df65cb50e7d64d1cf314e87504837?s=96&d=mm&r=g\",\"caption\":\"Arnaldo Botto\"},\"url\":\"https:\/\/www.noticiasradioreflejos.com.ar\/2021\/author\/arnaldo\/\"}]}<\/script>\n<!-- \/ Yoast SEO plugin. -->","yoast_head_json":{"title":"FEMEBA y el Ministerio de Salud lanzaron una Mesa de Trabajo en Hipertensi\u00f3n y Riesgo Cardiovascular - Noticias Radio Reflejos","robots":{"index":"index","follow":"follow","max-snippet":"max-snippet:-1","max-image-preview":"max-image-preview:large","max-video-preview":"max-video-preview:-1"},"canonical":"https:\/\/www.noticiasradioreflejos.com.ar\/2021\/femeba-y-el-ministerio-de-salud-lanzaron-una-mesa-de-trabajo-en-hipertension-y-riesgo-cardiovascular\/","og_locale":"es_ES","og_type":"article","og_title":"FEMEBA y el Ministerio de Salud lanzaron una Mesa de Trabajo en Hipertensi\u00f3n y Riesgo Cardiovascular - Noticias Radio Reflejos","og_description":"Autoridades y equipos t\u00e9cnicos de la Federaci\u00f3n M\u00e9dica de la provincia de Buenos Aires (FEMEBA), del Ministerio de Salud bonaerense, del Instituto de Obra M\u00e9dica Asistencial (IOMA) y del Ministerio de Infraestructura y Servicios P\u00fablicos, participaron en el lanzamiento de una mesa de trabajo para la implementaci\u00f3n de Gu\u00edas de Pr\u00e1ctica Cl\u00ednica en Hipertensi\u00f3n Arterial [&hellip;]","og_url":"https:\/\/www.noticiasradioreflejos.com.ar\/2021\/femeba-y-el-ministerio-de-salud-lanzaron-una-mesa-de-trabajo-en-hipertension-y-riesgo-cardiovascular\/","og_site_name":"Noticias Radio Reflejos","article_published_time":"2025-09-04T17:46:15+00:00","og_image":[{"width":1024,"height":768,"url":"https:\/\/www.noticiasradioreflejos.com.ar\/2021\/wp-content\/uploads\/2025\/04\/infarto-cardio-corazon.jpg","type":"image\/jpeg"}],"author":"Arnaldo Botto","twitter_card":"summary_large_image","schema":{"@context":"https:\/\/schema.org","@graph":[{"@type":"WebPage","@id":"https:\/\/www.noticiasradioreflejos.com.ar\/2021\/femeba-y-el-ministerio-de-salud-lanzaron-una-mesa-de-trabajo-en-hipertension-y-riesgo-cardiovascular\/","url":"https:\/\/www.noticiasradioreflejos.com.ar\/2021\/femeba-y-el-ministerio-de-salud-lanzaron-una-mesa-de-trabajo-en-hipertension-y-riesgo-cardiovascular\/","name":"FEMEBA y el Ministerio de Salud lanzaron una Mesa de Trabajo en Hipertensi\u00f3n y Riesgo Cardiovascular - Noticias Radio Reflejos","isPartOf":{"@id":"https:\/\/www.noticiasradioreflejos.com.ar\/2021\/#website"},"primaryImageOfPage":{"@id":"https:\/\/www.noticiasradioreflejos.com.ar\/2021\/femeba-y-el-ministerio-de-salud-lanzaron-una-mesa-de-trabajo-en-hipertension-y-riesgo-cardiovascular\/#primaryimage"},"image":{"@id":"https:\/\/www.noticiasradioreflejos.com.ar\/2021\/femeba-y-el-ministerio-de-salud-lanzaron-una-mesa-de-trabajo-en-hipertension-y-riesgo-cardiovascular\/#primaryimage"},"thumbnailUrl":"https:\/\/www.noticiasradioreflejos.com.ar\/2021\/wp-content\/uploads\/2025\/04\/infarto-cardio-corazon.jpg","datePublished":"2025-09-04T17:46:15+00:00","author":{"@id":"https:\/\/www.noticiasradioreflejos.com.ar\/2021\/#\/schema\/person\/ad82545263dcc5ec0996818884fd5fb1"},"breadcrumb":{"@id":"https:\/\/www.noticiasradioreflejos.com.ar\/2021\/femeba-y-el-ministerio-de-salud-lanzaron-una-mesa-de-trabajo-en-hipertension-y-riesgo-cardiovascular\/#breadcrumb"},"inLanguage":"es","potentialAction":[{"@type":"ReadAction","target":["https:\/\/www.noticiasradioreflejos.com.ar\/2021\/femeba-y-el-ministerio-de-salud-lanzaron-una-mesa-de-trabajo-en-hipertension-y-riesgo-cardiovascular\/"]}]},{"@type":"ImageObject","inLanguage":"es","@id":"https:\/\/www.noticiasradioreflejos.com.ar\/2021\/femeba-y-el-ministerio-de-salud-lanzaron-una-mesa-de-trabajo-en-hipertension-y-riesgo-cardiovascular\/#primaryimage","url":"https:\/\/www.noticiasradioreflejos.com.ar\/2021\/wp-content\/uploads\/2025\/04\/infarto-cardio-corazon.jpg","contentUrl":"https:\/\/www.noticiasradioreflejos.com.ar\/2021\/wp-content\/uploads\/2025\/04\/infarto-cardio-corazon.jpg","width":1024,"height":768},{"@type":"BreadcrumbList","@id":"https:\/\/www.noticiasradioreflejos.com.ar\/2021\/femeba-y-el-ministerio-de-salud-lanzaron-una-mesa-de-trabajo-en-hipertension-y-riesgo-cardiovascular\/#breadcrumb","itemListElement":[{"@type":"ListItem","position":1,"name":"Portada","item":"https:\/\/www.noticiasradioreflejos.com.ar\/2021\/"},{"@type":"ListItem","position":2,"name":"FEMEBA y el Ministerio de Salud lanzaron una Mesa de Trabajo en Hipertensi\u00f3n y Riesgo Cardiovascular"}]},{"@type":"WebSite","@id":"https:\/\/www.noticiasradioreflejos.com.ar\/2021\/#website","url":"https:\/\/www.noticiasradioreflejos.com.ar\/2021\/","name":"Noticias Radio Reflejos","description":"Las noticias de mi comarca","potentialAction":[{"@type":"SearchAction","target":{"@type":"EntryPoint","urlTemplate":"https:\/\/www.noticiasradioreflejos.com.ar\/2021\/?s={search_term_string}"},"query-input":{"@type":"PropertyValueSpecification","valueRequired":true,"valueName":"search_term_string"}}],"inLanguage":"es"},{"@type":"Person","@id":"https:\/\/www.noticiasradioreflejos.com.ar\/2021\/#\/schema\/person\/ad82545263dcc5ec0996818884fd5fb1","name":"Arnaldo Botto","image":{"@type":"ImageObject","inLanguage":"es","@id":"https:\/\/www.noticiasradioreflejos.com.ar\/2021\/#\/schema\/person\/image\/","url":"https:\/\/secure.gravatar.com\/avatar\/55cb5e37c1efa326397366e6974cb338056df65cb50e7d64d1cf314e87504837?s=96&d=mm&r=g","contentUrl":"https:\/\/secure.gravatar.com\/avatar\/55cb5e37c1efa326397366e6974cb338056df65cb50e7d64d1cf314e87504837?s=96&d=mm&r=g","caption":"Arnaldo Botto"},"url":"https:\/\/www.noticiasradioreflejos.com.ar\/2021\/author\/arnaldo\/"}]}},"_links":{"self":[{"href":"https:\/\/www.noticiasradioreflejos.com.ar\/2021\/wp-json\/wp\/v2\/posts\/124545","targetHints":{"allow":["GET"]}}],"collection":[{"href":"https:\/\/www.noticiasradioreflejos.com.ar\/2021\/wp-json\/wp\/v2\/posts"}],"about":[{"href":"https:\/\/www.noticiasradioreflejos.com.ar\/2021\/wp-json\/wp\/v2\/types\/post"}],"author":[{"embeddable":true,"href":"https:\/\/www.noticiasradioreflejos.com.ar\/2021\/wp-json\/wp\/v2\/users\/3"}],"replies":[{"embeddable":true,"href":"https:\/\/www.noticiasradioreflejos.com.ar\/2021\/wp-json\/wp\/v2\/comments?post=124545"}],"version-history":[{"count":1,"href":"https:\/\/www.noticiasradioreflejos.com.ar\/2021\/wp-json\/wp\/v2\/posts\/124545\/revisions"}],"predecessor-version":[{"id":124546,"href":"https:\/\/www.noticiasradioreflejos.com.ar\/2021\/wp-json\/wp\/v2\/posts\/124545\/revisions\/124546"}],"wp:featuredmedia":[{"embeddable":true,"href":"https:\/\/www.noticiasradioreflejos.com.ar\/2021\/wp-json\/wp\/v2\/media\/115086"}],"wp:attachment":[{"href":"https:\/\/www.noticiasradioreflejos.com.ar\/2021\/wp-json\/wp\/v2\/media?parent=124545"}],"wp:term":[{"taxonomy":"category","embeddable":true,"href":"https:\/\/www.noticiasradioreflejos.com.ar\/2021\/wp-json\/wp\/v2\/categories?post=124545"},{"taxonomy":"post_tag","embeddable":true,"href":"https:\/\/www.noticiasradioreflejos.com.ar\/2021\/wp-json\/wp\/v2\/tags?post=124545"}],"curies":[{"name":"wp","href":"https:\/\/api.w.org\/{rel}","templated":true}]}}