{"id":124533,"date":"2025-09-04T14:59:40","date_gmt":"2025-09-04T17:59:40","guid":{"rendered":"https:\/\/www.noticiasradioreflejos.com.ar\/2021\/?p=124533"},"modified":"2025-09-04T14:59:40","modified_gmt":"2025-09-04T17:59:40","slug":"no-votamos-al-mejor-votamos-al-que-mejor-esta-posicionado-para-ganarle-a-los-peronistas-y-eso-lleva-a-fracaso-tras-fracaso","status":"publish","type":"post","link":"https:\/\/www.noticiasradioreflejos.com.ar\/2021\/no-votamos-al-mejor-votamos-al-que-mejor-esta-posicionado-para-ganarle-a-los-peronistas-y-eso-lleva-a-fracaso-tras-fracaso\/","title":{"rendered":"\u00abNo votamos al mejor, votamos al que mejor est\u00e1 posicionado para ganarle a los peronistas y eso lleva a fracaso tras fracaso\u00bb"},"content":{"rendered":"<p><strong>El Intendente Municipal, Sergio Bordoni<\/strong> particip\u00f3 de una entrevista en la ma\u00f1ana de FM Reflejos; dej\u00f3 datos relevantes sobre la dram\u00e1tica situaci\u00f3n que viven los trabajadores de la papelera y de todo el distrito frente al modelo econ\u00f3mico que impone el gobierno nacional.\u00a0 Habl\u00f3 de incremento de la morosidad en la recaudaci\u00f3n municipal y asegura seguir avanzando en el cuidado ambiental mediante un manejo adecuado de los residuos y su tratamiento. <!--more--><\/p>\n<p>\u00abEstamos ayudando a gente con muchos problemas. Estamos todo el a\u00f1o atendiendo problemas de salud, problemas econ\u00f3micos. No s\u00e9 qu\u00e9 ha pasado este mes con la energ\u00eda, pero han venido tarifas de energ\u00eda alt\u00edsimas.\u00bb comparte el Intendente la situaci\u00f3n actual del distrito.<\/p>\n<p>Con respecto a la grave situaci\u00f3n que se encuentra atravesando la Papelera del Sur actualmente, menciona: \u00abNos preocupa porque est\u00e1n cobrando al 70 % y han habido casi 50 despidos. Es preocupante porque no hay trabajo que sobre. Me prometieron que la f\u00e1brica no se va a cerrar, pero obviamente que no solamente la gente quedar\u00eda sin trabajo sino tambi\u00e9n que los comercios ser\u00edan perjudicados. S\u00e9 lo que est\u00e1 pasando, para mi est\u00e1n importando, porque es m\u00e1s barato importar que consumir en nuestro pa\u00eds con estas pol\u00edticas de gobierno, pero el que paga los platos rotos es el que labura. Esperemos que esto mejore, necesito que mejore Papelera por el bien de Tornquist\u00bb.<\/p>\n<p>\u00abEs cualquier cosa lo que est\u00e1 pasando en Argentina. Disculpame, pero somos nosotros tambi\u00e9n. No nos puede gobernar un demente como Milei. Quieren tapar el sol con la mano y los culpables somos nosotros mal, el gobierno peronista tambi\u00e9n. Para que la gente no nos quiera y termine votando a Milei, hemos hecho mal\u00bb comparte su visi\u00f3n sobre la actualidad del pa\u00eds. \u00abDe qu\u00e9 me hablan, de que se termin\u00f3 la casta, de que se termin\u00f3 la joda. Trabajen en serio\u00bb comenta.<\/p>\n<p>\u00abEn todos los gobiernos ha habido Obra P\u00fablica. El estado que tenemos en la (ruta) 33 es desastroso. Entonces, \u00bfQu\u00e9 vamos a hacer?. En mi distrito, el trabajo lo hace Vialidad (Provincial) pero el combustible lo pagamos nosotros, el Estado Municipal de Tornquist est\u00e1 presente. Todo ese tipo de cosas me preocupan, tiene que haber un Estado presente. Ahora no s\u00f3lo que no va a haber generaci\u00f3n de empleo genuino, sino que lo est\u00e1n destruyendo totalmente. La gente tiene que entender que no hay que votar con bronca, porque sino nos pasa eso. No votamos al mejor, votamos al que mejor est\u00e1 posicionado para ganarle a los peronistas y eso lleva a fracaso tras fracaso\u00bb apela a la escucha de la audiencia. \u00abDej\u00e9monos de joder con pensar que esta gente va a sacar al pa\u00eds, es mentira. Seamos parejos para todos. Hoy votar a Milei es votar la destrucci\u00f3n total del pa\u00eds, aunque al kirchnerismo no lo quieran\u00bb.<\/p>\n<p>\u00abEsto no es suerte, esto es mucho trabajo. Se sigue laburando y se va a mejorar, se va a comprar m\u00e1s maquinaria. Hay cosas que la gente no la ve, cuando se entierran ca\u00f1os, cuando se mejoran servicios, pero no importa. Hablan de las veredas, \u00bfpero el proyecto definitivo cu\u00e1l es? dicen que la gente va a contribuir, pero tenemos el 47 % de la cobrabilidad de los impuestos, es la m\u00e1s baja desde que estoy de Intendente\u00bb responde ante la pregunta por propuestas de proyectos durante la campa\u00f1a. \u00abEl a\u00f1o pasado gastamos 46 millones de pesos en cartas documento\u00bb hace referencia a laos reclamos del municipio, intimando a los contribuyentes a pagar sus impuestos. \u00abSon cosas que los que van de concejales, algunos no las saben y otros se hacen los tontos\u00bb comenta.<\/p>\n<p>\u00abEl municipio colabora, le da de comer a la gente que viene a trabajar el fin de semana. No organizamos nada, eso lo organiza la Provincia de Buenos Aires. El resto somos uno m\u00e1s. Colaboramos porque sino \u00bfQu\u00e9 hacen?\u00bb responde ante la consulta sobre la organizaci\u00f3n log\u00edstica de la jornada eleccionaria de este domingo.<\/p>\n<p>\u00abEstamos cumpliendo, es un ante y un despu\u00e9s. Villa Ventana vamos a erradicar y mandar todo lo que es ramas al basurero de Tornquist. Que vengan a filmar c\u00f3mo est\u00e1 el basurero de Tornquist para ver c\u00f3mo lo tenemos. Pueden venir a filmar cuando quieran para ver c\u00f3mo nos estamos manejando. El relleno sanitario se va a hacer, porque estoy convencido de que si gana Kicillof, la Provincia va a seguir creciendo\u00bb menciona en relaci\u00f3n a todas las cr\u00edticas recibidas por el trabajo post cierre del basural a cielo abierto entre Saldungaray y Sierra de la Ventana.<\/p>\n<p>\u00abTodos los pol\u00edticos tenemos que replantearnos qu\u00e9 hicimos, todos los pol\u00edticos y me incluyo. Hoy voy a acompa\u00f1ar a mi candidato, voy a estar ah\u00ed para asesorarlo. Estamos muy en contacto con Claudio, pero me gusta estar ah\u00ed para acompa\u00f1arlo porque soy el responsable del armado de la lista junto al Ejecutivo municipal\u00bb cierra la nota.<\/p>\n<audio class=\"wp-audio-shortcode\" id=\"audio-124533-1\" preload=\"none\" style=\"width: 100%;\" controls=\"controls\"><source type=\"audio\/mpeg\" src=\"https:\/\/www.noticiasradioreflejos.com.ar\/2021\/wp-content\/uploads\/2025\/09\/sergio-bordoni-04-09.mp3?_=1\" \/><a href=\"https:\/\/www.noticiasradioreflejos.com.ar\/2021\/wp-content\/uploads\/2025\/09\/sergio-bordoni-04-09.mp3\">https:\/\/www.noticiasradioreflejos.com.ar\/2021\/wp-content\/uploads\/2025\/09\/sergio-bordoni-04-09.mp3<\/a><\/audio>\n","protected":false},"excerpt":{"rendered":"<p>El Intendente Municipal, Sergio Bordoni particip\u00f3 de una entrevista en la ma\u00f1ana de FM Reflejos; dej\u00f3 datos relevantes sobre la dram\u00e1tica situaci\u00f3n que viven los trabajadores de la papelera y de todo el distrito frente al modelo econ\u00f3mico que impone el gobierno nacional.\u00a0 Habl\u00f3 de incremento de la morosidad en la recaudaci\u00f3n municipal y asegura [&hellip;]<\/p>\n","protected":false},"author":3,"featured_media":0,"comment_status":"closed","ping_status":"closed","sticky":false,"template":"","format":"standard","meta":{"footnotes":""},"categories":[24],"tags":[48],"class_list":["post-124533","post","type-post","status-publish","format-standard","hentry","category-politica","tag-destacada"],"yoast_head":"<!-- This site is optimized with the Yoast SEO plugin v25.9 - https:\/\/yoast.com\/wordpress\/plugins\/seo\/ -->\n<title>&quot;No votamos al mejor, votamos al que mejor est\u00e1 posicionado para ganarle a los peronistas y eso lleva a fracaso tras fracaso&quot; - Noticias Radio Reflejos<\/title>\n<meta name=\"robots\" content=\"index, follow, max-snippet:-1, max-image-preview:large, max-video-preview:-1\" \/>\n<link rel=\"canonical\" href=\"https:\/\/www.noticiasradioreflejos.com.ar\/2021\/no-votamos-al-mejor-votamos-al-que-mejor-esta-posicionado-para-ganarle-a-los-peronistas-y-eso-lleva-a-fracaso-tras-fracaso\/\" \/>\n<meta property=\"og:locale\" content=\"es_ES\" \/>\n<meta property=\"og:type\" content=\"article\" \/>\n<meta property=\"og:title\" content=\"&quot;No votamos al mejor, votamos al que mejor est\u00e1 posicionado para ganarle a los peronistas y eso lleva a fracaso tras fracaso&quot; - Noticias Radio Reflejos\" \/>\n<meta property=\"og:description\" content=\"El Intendente Municipal, Sergio Bordoni particip\u00f3 de una entrevista en la ma\u00f1ana de FM Reflejos; dej\u00f3 datos relevantes sobre la dram\u00e1tica situaci\u00f3n que viven los trabajadores de la papelera y de todo el distrito frente al modelo econ\u00f3mico que impone el gobierno nacional.\u00a0 Habl\u00f3 de incremento de la morosidad en la recaudaci\u00f3n municipal y asegura [&hellip;]\" \/>\n<meta property=\"og:url\" content=\"https:\/\/www.noticiasradioreflejos.com.ar\/2021\/no-votamos-al-mejor-votamos-al-que-mejor-esta-posicionado-para-ganarle-a-los-peronistas-y-eso-lleva-a-fracaso-tras-fracaso\/\" \/>\n<meta property=\"og:site_name\" content=\"Noticias Radio Reflejos\" \/>\n<meta property=\"article:published_time\" content=\"2025-09-04T17:59:40+00:00\" \/>\n<meta property=\"og:image\" content=\"https:\/\/www.noticiasradioreflejos.com.ar\/2021\/wp-content\/uploads\/2025\/09\/fuerza-patria.jpg\" \/>\n\t<meta property=\"og:image:width\" content=\"571\" \/>\n\t<meta property=\"og:image:height\" content=\"298\" \/>\n\t<meta property=\"og:image:type\" content=\"image\/jpeg\" \/>\n<meta name=\"author\" content=\"Arnaldo Botto\" \/>\n<meta name=\"twitter:card\" content=\"summary_large_image\" \/>\n<script type=\"application\/ld+json\" class=\"yoast-schema-graph\">{\"@context\":\"https:\/\/schema.org\",\"@graph\":[{\"@type\":\"WebPage\",\"@id\":\"https:\/\/www.noticiasradioreflejos.com.ar\/2021\/no-votamos-al-mejor-votamos-al-que-mejor-esta-posicionado-para-ganarle-a-los-peronistas-y-eso-lleva-a-fracaso-tras-fracaso\/\",\"url\":\"https:\/\/www.noticiasradioreflejos.com.ar\/2021\/no-votamos-al-mejor-votamos-al-que-mejor-esta-posicionado-para-ganarle-a-los-peronistas-y-eso-lleva-a-fracaso-tras-fracaso\/\",\"name\":\"\\\"No votamos al mejor, votamos al que mejor est\u00e1 posicionado para ganarle a los peronistas y eso lleva a fracaso tras fracaso\\\" - Noticias Radio Reflejos\",\"isPartOf\":{\"@id\":\"https:\/\/www.noticiasradioreflejos.com.ar\/2021\/#website\"},\"datePublished\":\"2025-09-04T17:59:40+00:00\",\"author\":{\"@id\":\"https:\/\/www.noticiasradioreflejos.com.ar\/2021\/#\/schema\/person\/ad82545263dcc5ec0996818884fd5fb1\"},\"breadcrumb\":{\"@id\":\"https:\/\/www.noticiasradioreflejos.com.ar\/2021\/no-votamos-al-mejor-votamos-al-que-mejor-esta-posicionado-para-ganarle-a-los-peronistas-y-eso-lleva-a-fracaso-tras-fracaso\/#breadcrumb\"},\"inLanguage\":\"es\",\"potentialAction\":[{\"@type\":\"ReadAction\",\"target\":[\"https:\/\/www.noticiasradioreflejos.com.ar\/2021\/no-votamos-al-mejor-votamos-al-que-mejor-esta-posicionado-para-ganarle-a-los-peronistas-y-eso-lleva-a-fracaso-tras-fracaso\/\"]}]},{\"@type\":\"BreadcrumbList\",\"@id\":\"https:\/\/www.noticiasradioreflejos.com.ar\/2021\/no-votamos-al-mejor-votamos-al-que-mejor-esta-posicionado-para-ganarle-a-los-peronistas-y-eso-lleva-a-fracaso-tras-fracaso\/#breadcrumb\",\"itemListElement\":[{\"@type\":\"ListItem\",\"position\":1,\"name\":\"Portada\",\"item\":\"https:\/\/www.noticiasradioreflejos.com.ar\/2021\/\"},{\"@type\":\"ListItem\",\"position\":2,\"name\":\"\u00abNo votamos al mejor, votamos al que mejor est\u00e1 posicionado para ganarle a los peronistas y eso lleva a fracaso tras fracaso\u00bb\"}]},{\"@type\":\"WebSite\",\"@id\":\"https:\/\/www.noticiasradioreflejos.com.ar\/2021\/#website\",\"url\":\"https:\/\/www.noticiasradioreflejos.com.ar\/2021\/\",\"name\":\"Noticias Radio Reflejos\",\"description\":\"Las noticias de mi comarca\",\"potentialAction\":[{\"@type\":\"SearchAction\",\"target\":{\"@type\":\"EntryPoint\",\"urlTemplate\":\"https:\/\/www.noticiasradioreflejos.com.ar\/2021\/?s={search_term_string}\"},\"query-input\":{\"@type\":\"PropertyValueSpecification\",\"valueRequired\":true,\"valueName\":\"search_term_string\"}}],\"inLanguage\":\"es\"},{\"@type\":\"Person\",\"@id\":\"https:\/\/www.noticiasradioreflejos.com.ar\/2021\/#\/schema\/person\/ad82545263dcc5ec0996818884fd5fb1\",\"name\":\"Arnaldo Botto\",\"image\":{\"@type\":\"ImageObject\",\"inLanguage\":\"es\",\"@id\":\"https:\/\/www.noticiasradioreflejos.com.ar\/2021\/#\/schema\/person\/image\/\",\"url\":\"https:\/\/secure.gravatar.com\/avatar\/55cb5e37c1efa326397366e6974cb338056df65cb50e7d64d1cf314e87504837?s=96&d=mm&r=g\",\"contentUrl\":\"https:\/\/secure.gravatar.com\/avatar\/55cb5e37c1efa326397366e6974cb338056df65cb50e7d64d1cf314e87504837?s=96&d=mm&r=g\",\"caption\":\"Arnaldo Botto\"},\"url\":\"https:\/\/www.noticiasradioreflejos.com.ar\/2021\/author\/arnaldo\/\"}]}<\/script>\n<!-- \/ Yoast SEO plugin. -->","yoast_head_json":{"title":"\"No votamos al mejor, votamos al que mejor est\u00e1 posicionado para ganarle a los peronistas y eso lleva a fracaso tras fracaso\" - Noticias Radio Reflejos","robots":{"index":"index","follow":"follow","max-snippet":"max-snippet:-1","max-image-preview":"max-image-preview:large","max-video-preview":"max-video-preview:-1"},"canonical":"https:\/\/www.noticiasradioreflejos.com.ar\/2021\/no-votamos-al-mejor-votamos-al-que-mejor-esta-posicionado-para-ganarle-a-los-peronistas-y-eso-lleva-a-fracaso-tras-fracaso\/","og_locale":"es_ES","og_type":"article","og_title":"\"No votamos al mejor, votamos al que mejor est\u00e1 posicionado para ganarle a los peronistas y eso lleva a fracaso tras fracaso\" - Noticias Radio Reflejos","og_description":"El Intendente Municipal, Sergio Bordoni particip\u00f3 de una entrevista en la ma\u00f1ana de FM Reflejos; dej\u00f3 datos relevantes sobre la dram\u00e1tica situaci\u00f3n que viven los trabajadores de la papelera y de todo el distrito frente al modelo econ\u00f3mico que impone el gobierno nacional.\u00a0 Habl\u00f3 de incremento de la morosidad en la recaudaci\u00f3n municipal y asegura [&hellip;]","og_url":"https:\/\/www.noticiasradioreflejos.com.ar\/2021\/no-votamos-al-mejor-votamos-al-que-mejor-esta-posicionado-para-ganarle-a-los-peronistas-y-eso-lleva-a-fracaso-tras-fracaso\/","og_site_name":"Noticias Radio Reflejos","article_published_time":"2025-09-04T17:59:40+00:00","og_image":[{"width":571,"height":298,"url":"https:\/\/www.noticiasradioreflejos.com.ar\/2021\/wp-content\/uploads\/2025\/09\/fuerza-patria.jpg","type":"image\/jpeg"}],"author":"Arnaldo Botto","twitter_card":"summary_large_image","schema":{"@context":"https:\/\/schema.org","@graph":[{"@type":"WebPage","@id":"https:\/\/www.noticiasradioreflejos.com.ar\/2021\/no-votamos-al-mejor-votamos-al-que-mejor-esta-posicionado-para-ganarle-a-los-peronistas-y-eso-lleva-a-fracaso-tras-fracaso\/","url":"https:\/\/www.noticiasradioreflejos.com.ar\/2021\/no-votamos-al-mejor-votamos-al-que-mejor-esta-posicionado-para-ganarle-a-los-peronistas-y-eso-lleva-a-fracaso-tras-fracaso\/","name":"\"No votamos al mejor, votamos al que mejor est\u00e1 posicionado para ganarle a los peronistas y eso lleva a fracaso tras fracaso\" - Noticias Radio Reflejos","isPartOf":{"@id":"https:\/\/www.noticiasradioreflejos.com.ar\/2021\/#website"},"datePublished":"2025-09-04T17:59:40+00:00","author":{"@id":"https:\/\/www.noticiasradioreflejos.com.ar\/2021\/#\/schema\/person\/ad82545263dcc5ec0996818884fd5fb1"},"breadcrumb":{"@id":"https:\/\/www.noticiasradioreflejos.com.ar\/2021\/no-votamos-al-mejor-votamos-al-que-mejor-esta-posicionado-para-ganarle-a-los-peronistas-y-eso-lleva-a-fracaso-tras-fracaso\/#breadcrumb"},"inLanguage":"es","potentialAction":[{"@type":"ReadAction","target":["https:\/\/www.noticiasradioreflejos.com.ar\/2021\/no-votamos-al-mejor-votamos-al-que-mejor-esta-posicionado-para-ganarle-a-los-peronistas-y-eso-lleva-a-fracaso-tras-fracaso\/"]}]},{"@type":"BreadcrumbList","@id":"https:\/\/www.noticiasradioreflejos.com.ar\/2021\/no-votamos-al-mejor-votamos-al-que-mejor-esta-posicionado-para-ganarle-a-los-peronistas-y-eso-lleva-a-fracaso-tras-fracaso\/#breadcrumb","itemListElement":[{"@type":"ListItem","position":1,"name":"Portada","item":"https:\/\/www.noticiasradioreflejos.com.ar\/2021\/"},{"@type":"ListItem","position":2,"name":"\u00abNo votamos al mejor, votamos al que mejor est\u00e1 posicionado para ganarle a los peronistas y eso lleva a fracaso tras fracaso\u00bb"}]},{"@type":"WebSite","@id":"https:\/\/www.noticiasradioreflejos.com.ar\/2021\/#website","url":"https:\/\/www.noticiasradioreflejos.com.ar\/2021\/","name":"Noticias Radio Reflejos","description":"Las noticias de mi comarca","potentialAction":[{"@type":"SearchAction","target":{"@type":"EntryPoint","urlTemplate":"https:\/\/www.noticiasradioreflejos.com.ar\/2021\/?s={search_term_string}"},"query-input":{"@type":"PropertyValueSpecification","valueRequired":true,"valueName":"search_term_string"}}],"inLanguage":"es"},{"@type":"Person","@id":"https:\/\/www.noticiasradioreflejos.com.ar\/2021\/#\/schema\/person\/ad82545263dcc5ec0996818884fd5fb1","name":"Arnaldo Botto","image":{"@type":"ImageObject","inLanguage":"es","@id":"https:\/\/www.noticiasradioreflejos.com.ar\/2021\/#\/schema\/person\/image\/","url":"https:\/\/secure.gravatar.com\/avatar\/55cb5e37c1efa326397366e6974cb338056df65cb50e7d64d1cf314e87504837?s=96&d=mm&r=g","contentUrl":"https:\/\/secure.gravatar.com\/avatar\/55cb5e37c1efa326397366e6974cb338056df65cb50e7d64d1cf314e87504837?s=96&d=mm&r=g","caption":"Arnaldo Botto"},"url":"https:\/\/www.noticiasradioreflejos.com.ar\/2021\/author\/arnaldo\/"}]}},"_links":{"self":[{"href":"https:\/\/www.noticiasradioreflejos.com.ar\/2021\/wp-json\/wp\/v2\/posts\/124533","targetHints":{"allow":["GET"]}}],"collection":[{"href":"https:\/\/www.noticiasradioreflejos.com.ar\/2021\/wp-json\/wp\/v2\/posts"}],"about":[{"href":"https:\/\/www.noticiasradioreflejos.com.ar\/2021\/wp-json\/wp\/v2\/types\/post"}],"author":[{"embeddable":true,"href":"https:\/\/www.noticiasradioreflejos.com.ar\/2021\/wp-json\/wp\/v2\/users\/3"}],"replies":[{"embeddable":true,"href":"https:\/\/www.noticiasradioreflejos.com.ar\/2021\/wp-json\/wp\/v2\/comments?post=124533"}],"version-history":[{"count":4,"href":"https:\/\/www.noticiasradioreflejos.com.ar\/2021\/wp-json\/wp\/v2\/posts\/124533\/revisions"}],"predecessor-version":[{"id":124549,"href":"https:\/\/www.noticiasradioreflejos.com.ar\/2021\/wp-json\/wp\/v2\/posts\/124533\/revisions\/124549"}],"wp:attachment":[{"href":"https:\/\/www.noticiasradioreflejos.com.ar\/2021\/wp-json\/wp\/v2\/media?parent=124533"}],"wp:term":[{"taxonomy":"category","embeddable":true,"href":"https:\/\/www.noticiasradioreflejos.com.ar\/2021\/wp-json\/wp\/v2\/categories?post=124533"},{"taxonomy":"post_tag","embeddable":true,"href":"https:\/\/www.noticiasradioreflejos.com.ar\/2021\/wp-json\/wp\/v2\/tags?post=124533"}],"curies":[{"name":"wp","href":"https:\/\/api.w.org\/{rel}","templated":true}]}}