{"id":124116,"date":"2025-08-26T07:35:22","date_gmt":"2025-08-26T10:35:22","guid":{"rendered":"https:\/\/www.noticiasradioreflejos.com.ar\/2021\/?p=124116"},"modified":"2025-08-26T07:35:22","modified_gmt":"2025-08-26T10:35:22","slug":"dia-nacional-de-la-solidaridad-por-que-se-celebra-el-26-de-agosto","status":"publish","type":"post","link":"https:\/\/www.noticiasradioreflejos.com.ar\/2021\/dia-nacional-de-la-solidaridad-por-que-se-celebra-el-26-de-agosto\/","title":{"rendered":"D\u00eda Nacional de la Solidaridad: \u00bfpor qu\u00e9 se celebra el 26 de agosto?"},"content":{"rendered":"<p>Esta fecha es en honor de la Madre Teresa de Calcuta, quien fue un ejemplo de empat\u00eda y bondad para todo el mundo. El objetivo de esta efem\u00e9ride es promover una ciudadan\u00eda m\u00e1s solidaria y participativa.<!--more--><\/p>\n<div class=\"content-container col-12 col-lg-8\">\nDesde 1998 se celebra en Argentina el\u00a0<strong>D\u00eda Nacional de la Solidaridad<\/strong>, en homenaje al nacimiento de la\u00a0<strong>Madre Teresa de Calcuta<\/strong>, un 26 de agosto de 1910 en el Imperio Otomano, hoy Macedonia del Norte. La fecha se estableci\u00f3 en el decreto presidencial n\u00ba 982 luego que falleciera la Madre Teresa, el 5 de septiembre de 1997.<\/p>\n<aside class=\"know-more know-more--with-image\">\n<p class=\"know-more__title\">D\u00eda Internacional de la Solidaridad Humana: \u00bfpor qu\u00e9 se celebra el 20 de diciembre?<\/p>\n<p><a href=\"https:\/\/www.eldiarioar.com\/sociedad\/dia-internacional-solidaridad-humana-celebra-20-diciembre_1_11916587.html\" data-mrf-recirculation=\"saber-mas\" data-dl-event=\"saber-mas\" data-mrf-link=\"https:\/\/www.eldiarioar.com\/sociedad\/dia-internacional-solidaridad-humana-celebra-20-diciembre_1_11916587.html\"><picture class=\"know-more__img\"><source srcset=\"https:\/\/static.eldiario.es\/clip\/fc0a1877-9286-41c7-9a87-5a80e6f8d336_16-9-aspect-ratio_50p_0.webp\" type=\"image\/webp\" media=\"(max-width: 767px)\" \/><source srcset=\"https:\/\/static.eldiario.es\/clip\/fc0a1877-9286-41c7-9a87-5a80e6f8d336_16-9-aspect-ratio_50p_0.jpg\" type=\"image\/jpg\" media=\"(max-width: 767px)\" \/><source srcset=\"https:\/\/static.eldiario.es\/clip\/fc0a1877-9286-41c7-9a87-5a80e6f8d336_16-9-aspect-ratio_50p_0.webp\" type=\"image\/webp\" media=\"(min-width: 768px)\" \/><source srcset=\"https:\/\/static.eldiario.es\/clip\/fc0a1877-9286-41c7-9a87-5a80e6f8d336_16-9-aspect-ratio_50p_0.jpg\" type=\"image\/jpg\" media=\"(min-width: 768px)\" \/><source srcset=\"https:\/\/static.eldiario.es\/clip\/fc0a1877-9286-41c7-9a87-5a80e6f8d336_16-9-aspect-ratio_default_0.webp\" type=\"image\/webp\" \/><img decoding=\"async\" class=\"lazy entered loaded\" src=\"https:\/\/static.eldiario.es\/clip\/fc0a1877-9286-41c7-9a87-5a80e6f8d336_16-9-aspect-ratio_default_0.jpg\" alt=\"D\u00eda Internacional de la Solidaridad Humana: \u00bfpor qu\u00e9 se celebra el 20 de diciembre?\" data-src=\"https:\/\/static.eldiario.es\/clip\/fc0a1877-9286-41c7-9a87-5a80e6f8d336_16-9-aspect-ratio_default_0.jpg\" data-ll-status=\"loaded\" \/><\/picture><\/a><\/p>\n<\/aside>\n<p class=\"article-text\">El objetivo de esta efem\u00e9ride es promover una ciudadan\u00eda m\u00e1s solidaria y participativa.<\/p>\n<p class=\"article-text\"><strong>Agnes Gonxha Bojaxhiu<\/strong>, conocida en todo el mundo como la Madre Teresa de Calcuta, dedic\u00f3 su vida a ayudar a todas las personas necesitadas y en condiciones vulnerables: pobres, leprosos, mendigos e indigentes. En 1928, se convirti\u00f3 en monja y se uni\u00f3 a las\u00a0<strong>Hermanas de Loreto<\/strong>. En 1931, tom\u00f3 su nombre en homenaje a\u00a0<strong>Santa Teresa de \u00c1vila\u00a0<\/strong>y, luego de pedirle permiso al Arzobispado, se dedic\u00f3 a ayudar y servir a indigentes y enfermos en\u00a0<strong>Calcuta<\/strong>, India.<\/p>\n<p class=\"article-text\">Aunque su trabajo se centr\u00f3 principalmente en la India, ya que arm\u00f3 la fundaci\u00f3n\u00a0<strong>Misioneras por la Caridad\u00a0<\/strong>en Calcuta, su figura se convirti\u00f3 en un\u00a0<strong>s\u00edmbolo mundial<\/strong>\u00a0por representar a todos los\u00a0<strong>valores humanitarios<\/strong>\u00a0relacionados a la solidaridad y la consideraci\u00f3n de los dem\u00e1s.<\/p>\n<p class=\"article-text\">Por la fundaci\u00f3n del\u00a0<strong>Hogar de Moribundos Kalighat<\/strong>, el gobierno indio le otorg\u00f3 el\u00a0<strong>Premio Padmashree<\/strong>\u00a0en 1962, en reconocimiento a su trabajo con las personas con lepra.<\/p>\n<figure><picture class=\"news-image\"><source srcset=\"https:\/\/static.eldiario.es\/clip\/dcdc79ef-13f9-47d4-9b40-d4f937da60b4_16-9-discover-aspect-ratio_50p_0.webp\" type=\"image\/webp\" media=\"(max-width: 576px)\" \/><source srcset=\"https:\/\/static.eldiario.es\/clip\/dcdc79ef-13f9-47d4-9b40-d4f937da60b4_16-9-discover-aspect-ratio_50p_0.jpg\" type=\"image\/jpg\" media=\"(max-width: 576px)\" \/><source srcset=\"https:\/\/static.eldiario.es\/clip\/dcdc79ef-13f9-47d4-9b40-d4f937da60b4_16-9-discover-aspect-ratio_75p_0.webp\" type=\"image\/webp\" media=\"(max-width: 767px)\" \/><source srcset=\"https:\/\/static.eldiario.es\/clip\/dcdc79ef-13f9-47d4-9b40-d4f937da60b4_16-9-discover-aspect-ratio_75p_0.jpg\" type=\"image\/jpg\" media=\"(max-width: 767px)\" \/><source srcset=\"https:\/\/static.eldiario.es\/clip\/dcdc79ef-13f9-47d4-9b40-d4f937da60b4_16-9-discover-aspect-ratio_default_0.webp\" type=\"image\/webp\" media=\"(min-width: 768px)\" \/><source srcset=\"https:\/\/static.eldiario.es\/clip\/dcdc79ef-13f9-47d4-9b40-d4f937da60b4_16-9-discover-aspect-ratio_default_0.jpg\" type=\"image\/jpg\" media=\"(min-width: 768px)\" \/><source srcset=\"https:\/\/static.eldiario.es\/clip\/dcdc79ef-13f9-47d4-9b40-d4f937da60b4_16-9-discover-aspect-ratio_default_0.webp\" type=\"image\/webp\" \/><img decoding=\"async\" class=\"lazy entered loaded\" src=\"https:\/\/static.eldiario.es\/clip\/dcdc79ef-13f9-47d4-9b40-d4f937da60b4_16-9-discover-aspect-ratio_default_0.jpg\" alt=\"\" data-src=\"https:\/\/static.eldiario.es\/clip\/dcdc79ef-13f9-47d4-9b40-d4f937da60b4_16-9-discover-aspect-ratio_default_0.jpg\" data-ll-status=\"loaded\" \/><\/picture><\/figure>\n<p class=\"article-text\">En 1979, habiendo promovido por a\u00f1os los valores del respeto, el amor, la fraternidad y la cooperaci\u00f3n, recibi\u00f3 el\u00a0<strong>Premio Nobel de la Paz<\/strong>. En 1980, fue condecorada con el m\u00e1s alto galard\u00f3n civil de la India: el\u00a0<strong>Bharat Ratna<\/strong>, en nombre de su labor humanitaria.<\/p>\n<p class=\"article-text\">En el 2003,\u00a0<strong>fue beatificada por el papa Juan Pablo II<\/strong>.\u00a0<strong>Su canonizaci\u00f3n fue aprobada por el Papa Francisco, por lo que se convirti\u00f3 en santa<\/strong>\u00a0el 4 de septiembre de 2016.<\/p>\n<p class=\"article-text\">En Argentina, desde el 2000 se entrega el\u00a0<strong>premio Madre Teresa<\/strong>,<strong>\u00a0<\/strong>el cual promueve \u201cvalores en la sociedad generando en la comunidad, en especial entre los j\u00f3venes y adolescentes, alicientes y modelos a seguir e imitar; para su crecimiento humano y espiritual\u201d.<\/p>\n<p class=\"article-text\">La Madre Teresa dijo alguna vez sobre el amor: \u201c<strong>Cuanto menos poseemos, m\u00e1s podemos dar. Parece imposible, pero no lo es. Esa es la l\u00f3gica del amor<\/strong>\u201d.<\/p>\n<div id=\"container-after-news-outlook\"><\/div>\n<figure class=\"embed-container embed-container--type-youtube ratio\"><script src=\"https:\/\/www.youtube.com\/iframe_api\"><\/script><script type=\"module\">window.marfeel.cmd.push(['multimedia', function(multimedia) { multimedia.initializeItem('yt-6NUijLe7Kis-8331', 'youtube', '6NUijLe7Kis', document.getElementById('yt-6NUijLe7Kis-8331')); }]);<\/script><iframe id=\"yt-6NUijLe7Kis-8331\" title=\"D\u00eda Nacional de la Solidaridad [Programa Educaci\u00f3n y Memoria]\" src=\"https:\/\/www.youtube.com\/embed\/6NUijLe7Kis?enablejsapi=1\" frameborder=\"0\" data-gtm-yt-inspected-34399851_303=\"true\" data-gtm-yt-inspected-34399851_396=\"true\" data-gtm-yt-inspected-40=\"true\" data-mce-fragment=\"1\"><\/iframe><\/figure>\n<p class=\"article-text\">Tambi\u00e9n existe el\u00a0<a class=\"link\" href=\"https:\/\/www.eldiarioar.com\/sociedad\/dia-internacional-solidaridad-humana-celebra-20-diciembre_1_9808344.html\" target=\"_blank\" rel=\"noopener\" data-mrf-recirculation=\"links-noticia\" data-mrf-link=\"https:\/\/www.eldiarioar.com\/sociedad\/dia-internacional-solidaridad-humana-celebra-20-diciembre_1_9808344.html\">D\u00eda Internacional de la Solidaridad Humana<\/a>, el cual es promovido por las Naciones Unidas y es todos los 20 de diciembre.<\/p>\n<h2 class=\"article-text\">Frases c\u00e9lebres para compartir en el D\u00eda de la Solidaridad en la Argentina<\/h2>\n<div class=\"list\">\n<ul>\n<li>\u201cEl amor no puede permanecer en s\u00ed mismo. No tiene sentido. El amor tiene que ponerse en acci\u00f3n. Esa actividad nos llevar\u00e1 al servicio\u201d. Teresa de Calcuta.<\/li>\n<li>\u201cMucha gente peque\u00f1a, en lugares peque\u00f1os, haciendo cosas peque\u00f1as, puede cambiar el mundo\u201d.<\/li>\n<li>\u201cDebemos usar el tiempo sabiamente y darnos cuenta de que siempre es el momento oportuno para hacer las cosas bien\u201d. Nelson Mandela.<\/li>\n<li>\u201cLleva a cabo un acto de bondad al azar, sin esperar recompensa, con la certeza de que alg\u00fan d\u00eda alguien podr\u00eda hacer lo mismo por ti\u201d. Lady Di.<\/li>\n<li>\u201cEl final de nuestras vidas comienza el d\u00eda en que nos volvemos silenciosos sobre las cosas que importan\u201d. Martin Luther King.<\/li>\n<li>\u201cVivimos como una familia de naciones. Es necesario que cada miembro de esa familia reciba oportunidades iguales de crecimiento econ\u00f3mico, social y educativo. Si uno de los miembros se rezaga, el resto no podr\u00e1 continuar hacia adelante\u201d. Malala Yousafzai.<\/li>\n<li>\u201cEl verdadero hero\u00edsmo es seguir manteniendo la fe cuando todo parece perdido\u201d. Rosa Parks.<\/li>\n<li>\u201cDe la conducta de cada uno depende el destino de todos\u201d. Alejandro Magno.<\/li>\n<li>\u201cEl hecho de que exista una minor\u00eda privilegiada no compensa ni excusa la situaci\u00f3n de discriminaci\u00f3n en la que vive el resto de sus compa\u00f1eros\u201d. Simone de Beauvoir.<\/li>\n<li>\u201cLa verdadera generosidad para con el futuro consiste en entregarlo todo al presente\u201d. Albert Camus.<\/li>\n<li>\u201cCreo que todo el mundo es el guardi\u00e1n de un sue\u00f1o, y al aceptar las esperanzas secretas del otro, podemos llegar a ser mejores amigos, mejores compa\u00f1eros, mejores padres y mejores amantes\u201d. Oprah Winfrey.<\/li>\n<li>\u201cAquellos que defienden la justicia siempre ocupan el lado correcto de la historia\u201d. Barack Obama.<\/li>\n<li>\u201c\u00a1Qu\u00e9 maravilloso es que nadie tenga que esperar un instante antes de comenzar a mejorar el mundo!\u201d. Ana Frank.<\/li>\n<li>\u201cAquellos que tienen el privilegio de saber tienen la obligaci\u00f3n de actuar\u201d. Albert Einstein.<\/li>\n<li>\u201cHe encontrado que, entre otros beneficios, dar libera el alma del que da\u201d. Maya Angelou.<\/li>\n<li>\u201cNos ganamos la vida con lo que conseguimos, pero hacemos una vida con lo que damos\u201d. Winston Churchill.<\/li>\n<li>\u201cLa caridad, que es una nimiedad para nosotros, puede ser valiosa para los dem\u00e1s\u201d. Homero.<\/li>\n<\/ul>\n<\/div>\n<p class=\"article-text\"><em>NB<\/em><\/p>\n<\/div>\n<\/div>\n<\/div>\n<\/div>\n","protected":false},"excerpt":{"rendered":"<p>Esta fecha es en honor de la Madre Teresa de Calcuta, quien fue un ejemplo de empat\u00eda y bondad para todo el mundo. El objetivo de esta efem\u00e9ride es promover una ciudadan\u00eda m\u00e1s solidaria y participativa.<\/p>\n","protected":false},"author":3,"featured_media":124117,"comment_status":"closed","ping_status":"closed","sticky":false,"template":"","format":"standard","meta":{"footnotes":""},"categories":[26],"tags":[],"class_list":["post-124116","post","type-post","status-publish","format-standard","has-post-thumbnail","hentry","category-sociedad"],"yoast_head":"<!-- This site is optimized with the Yoast SEO plugin v25.9 - https:\/\/yoast.com\/wordpress\/plugins\/seo\/ -->\n<title>D\u00eda Nacional de la Solidaridad: \u00bfpor qu\u00e9 se celebra el 26 de agosto? - Noticias Radio Reflejos<\/title>\n<meta name=\"robots\" content=\"index, follow, max-snippet:-1, max-image-preview:large, max-video-preview:-1\" \/>\n<link rel=\"canonical\" href=\"https:\/\/www.noticiasradioreflejos.com.ar\/2021\/dia-nacional-de-la-solidaridad-por-que-se-celebra-el-26-de-agosto\/\" \/>\n<meta property=\"og:locale\" content=\"es_ES\" \/>\n<meta property=\"og:type\" content=\"article\" \/>\n<meta property=\"og:title\" content=\"D\u00eda Nacional de la Solidaridad: \u00bfpor qu\u00e9 se celebra el 26 de agosto? - Noticias Radio Reflejos\" \/>\n<meta property=\"og:description\" content=\"Esta fecha es en honor de la Madre Teresa de Calcuta, quien fue un ejemplo de empat\u00eda y bondad para todo el mundo. El objetivo de esta efem\u00e9ride es promover una ciudadan\u00eda m\u00e1s solidaria y participativa.\" \/>\n<meta property=\"og:url\" content=\"https:\/\/www.noticiasradioreflejos.com.ar\/2021\/dia-nacional-de-la-solidaridad-por-que-se-celebra-el-26-de-agosto\/\" \/>\n<meta property=\"og:site_name\" content=\"Noticias Radio Reflejos\" \/>\n<meta property=\"article:published_time\" content=\"2025-08-26T10:35:22+00:00\" \/>\n<meta property=\"og:image\" content=\"https:\/\/www.noticiasradioreflejos.com.ar\/2021\/wp-content\/uploads\/2025\/08\/Madre-teresa.jpg\" \/>\n\t<meta property=\"og:image:width\" content=\"1200\" \/>\n\t<meta property=\"og:image:height\" content=\"675\" \/>\n\t<meta property=\"og:image:type\" content=\"image\/jpeg\" \/>\n<meta name=\"author\" content=\"Arnaldo Botto\" \/>\n<meta name=\"twitter:card\" content=\"summary_large_image\" \/>\n<script type=\"application\/ld+json\" class=\"yoast-schema-graph\">{\"@context\":\"https:\/\/schema.org\",\"@graph\":[{\"@type\":\"WebPage\",\"@id\":\"https:\/\/www.noticiasradioreflejos.com.ar\/2021\/dia-nacional-de-la-solidaridad-por-que-se-celebra-el-26-de-agosto\/\",\"url\":\"https:\/\/www.noticiasradioreflejos.com.ar\/2021\/dia-nacional-de-la-solidaridad-por-que-se-celebra-el-26-de-agosto\/\",\"name\":\"D\u00eda Nacional de la Solidaridad: \u00bfpor qu\u00e9 se celebra el 26 de agosto? - Noticias Radio Reflejos\",\"isPartOf\":{\"@id\":\"https:\/\/www.noticiasradioreflejos.com.ar\/2021\/#website\"},\"primaryImageOfPage\":{\"@id\":\"https:\/\/www.noticiasradioreflejos.com.ar\/2021\/dia-nacional-de-la-solidaridad-por-que-se-celebra-el-26-de-agosto\/#primaryimage\"},\"image\":{\"@id\":\"https:\/\/www.noticiasradioreflejos.com.ar\/2021\/dia-nacional-de-la-solidaridad-por-que-se-celebra-el-26-de-agosto\/#primaryimage\"},\"thumbnailUrl\":\"https:\/\/www.noticiasradioreflejos.com.ar\/2021\/wp-content\/uploads\/2025\/08\/Madre-teresa.jpg\",\"datePublished\":\"2025-08-26T10:35:22+00:00\",\"author\":{\"@id\":\"https:\/\/www.noticiasradioreflejos.com.ar\/2021\/#\/schema\/person\/ad82545263dcc5ec0996818884fd5fb1\"},\"breadcrumb\":{\"@id\":\"https:\/\/www.noticiasradioreflejos.com.ar\/2021\/dia-nacional-de-la-solidaridad-por-que-se-celebra-el-26-de-agosto\/#breadcrumb\"},\"inLanguage\":\"es\",\"potentialAction\":[{\"@type\":\"ReadAction\",\"target\":[\"https:\/\/www.noticiasradioreflejos.com.ar\/2021\/dia-nacional-de-la-solidaridad-por-que-se-celebra-el-26-de-agosto\/\"]}]},{\"@type\":\"ImageObject\",\"inLanguage\":\"es\",\"@id\":\"https:\/\/www.noticiasradioreflejos.com.ar\/2021\/dia-nacional-de-la-solidaridad-por-que-se-celebra-el-26-de-agosto\/#primaryimage\",\"url\":\"https:\/\/www.noticiasradioreflejos.com.ar\/2021\/wp-content\/uploads\/2025\/08\/Madre-teresa.jpg\",\"contentUrl\":\"https:\/\/www.noticiasradioreflejos.com.ar\/2021\/wp-content\/uploads\/2025\/08\/Madre-teresa.jpg\",\"width\":1200,\"height\":675},{\"@type\":\"BreadcrumbList\",\"@id\":\"https:\/\/www.noticiasradioreflejos.com.ar\/2021\/dia-nacional-de-la-solidaridad-por-que-se-celebra-el-26-de-agosto\/#breadcrumb\",\"itemListElement\":[{\"@type\":\"ListItem\",\"position\":1,\"name\":\"Portada\",\"item\":\"https:\/\/www.noticiasradioreflejos.com.ar\/2021\/\"},{\"@type\":\"ListItem\",\"position\":2,\"name\":\"D\u00eda Nacional de la Solidaridad: \u00bfpor qu\u00e9 se celebra el 26 de agosto?\"}]},{\"@type\":\"WebSite\",\"@id\":\"https:\/\/www.noticiasradioreflejos.com.ar\/2021\/#website\",\"url\":\"https:\/\/www.noticiasradioreflejos.com.ar\/2021\/\",\"name\":\"Noticias Radio Reflejos\",\"description\":\"Las noticias de mi comarca\",\"potentialAction\":[{\"@type\":\"SearchAction\",\"target\":{\"@type\":\"EntryPoint\",\"urlTemplate\":\"https:\/\/www.noticiasradioreflejos.com.ar\/2021\/?s={search_term_string}\"},\"query-input\":{\"@type\":\"PropertyValueSpecification\",\"valueRequired\":true,\"valueName\":\"search_term_string\"}}],\"inLanguage\":\"es\"},{\"@type\":\"Person\",\"@id\":\"https:\/\/www.noticiasradioreflejos.com.ar\/2021\/#\/schema\/person\/ad82545263dcc5ec0996818884fd5fb1\",\"name\":\"Arnaldo Botto\",\"image\":{\"@type\":\"ImageObject\",\"inLanguage\":\"es\",\"@id\":\"https:\/\/www.noticiasradioreflejos.com.ar\/2021\/#\/schema\/person\/image\/\",\"url\":\"https:\/\/secure.gravatar.com\/avatar\/55cb5e37c1efa326397366e6974cb338056df65cb50e7d64d1cf314e87504837?s=96&d=mm&r=g\",\"contentUrl\":\"https:\/\/secure.gravatar.com\/avatar\/55cb5e37c1efa326397366e6974cb338056df65cb50e7d64d1cf314e87504837?s=96&d=mm&r=g\",\"caption\":\"Arnaldo Botto\"},\"url\":\"https:\/\/www.noticiasradioreflejos.com.ar\/2021\/author\/arnaldo\/\"}]}<\/script>\n<!-- \/ Yoast SEO plugin. -->","yoast_head_json":{"title":"D\u00eda Nacional de la Solidaridad: \u00bfpor qu\u00e9 se celebra el 26 de agosto? - Noticias Radio Reflejos","robots":{"index":"index","follow":"follow","max-snippet":"max-snippet:-1","max-image-preview":"max-image-preview:large","max-video-preview":"max-video-preview:-1"},"canonical":"https:\/\/www.noticiasradioreflejos.com.ar\/2021\/dia-nacional-de-la-solidaridad-por-que-se-celebra-el-26-de-agosto\/","og_locale":"es_ES","og_type":"article","og_title":"D\u00eda Nacional de la Solidaridad: \u00bfpor qu\u00e9 se celebra el 26 de agosto? - Noticias Radio Reflejos","og_description":"Esta fecha es en honor de la Madre Teresa de Calcuta, quien fue un ejemplo de empat\u00eda y bondad para todo el mundo. El objetivo de esta efem\u00e9ride es promover una ciudadan\u00eda m\u00e1s solidaria y participativa.","og_url":"https:\/\/www.noticiasradioreflejos.com.ar\/2021\/dia-nacional-de-la-solidaridad-por-que-se-celebra-el-26-de-agosto\/","og_site_name":"Noticias Radio Reflejos","article_published_time":"2025-08-26T10:35:22+00:00","og_image":[{"width":1200,"height":675,"url":"https:\/\/www.noticiasradioreflejos.com.ar\/2021\/wp-content\/uploads\/2025\/08\/Madre-teresa.jpg","type":"image\/jpeg"}],"author":"Arnaldo Botto","twitter_card":"summary_large_image","schema":{"@context":"https:\/\/schema.org","@graph":[{"@type":"WebPage","@id":"https:\/\/www.noticiasradioreflejos.com.ar\/2021\/dia-nacional-de-la-solidaridad-por-que-se-celebra-el-26-de-agosto\/","url":"https:\/\/www.noticiasradioreflejos.com.ar\/2021\/dia-nacional-de-la-solidaridad-por-que-se-celebra-el-26-de-agosto\/","name":"D\u00eda Nacional de la Solidaridad: \u00bfpor qu\u00e9 se celebra el 26 de agosto? - Noticias Radio Reflejos","isPartOf":{"@id":"https:\/\/www.noticiasradioreflejos.com.ar\/2021\/#website"},"primaryImageOfPage":{"@id":"https:\/\/www.noticiasradioreflejos.com.ar\/2021\/dia-nacional-de-la-solidaridad-por-que-se-celebra-el-26-de-agosto\/#primaryimage"},"image":{"@id":"https:\/\/www.noticiasradioreflejos.com.ar\/2021\/dia-nacional-de-la-solidaridad-por-que-se-celebra-el-26-de-agosto\/#primaryimage"},"thumbnailUrl":"https:\/\/www.noticiasradioreflejos.com.ar\/2021\/wp-content\/uploads\/2025\/08\/Madre-teresa.jpg","datePublished":"2025-08-26T10:35:22+00:00","author":{"@id":"https:\/\/www.noticiasradioreflejos.com.ar\/2021\/#\/schema\/person\/ad82545263dcc5ec0996818884fd5fb1"},"breadcrumb":{"@id":"https:\/\/www.noticiasradioreflejos.com.ar\/2021\/dia-nacional-de-la-solidaridad-por-que-se-celebra-el-26-de-agosto\/#breadcrumb"},"inLanguage":"es","potentialAction":[{"@type":"ReadAction","target":["https:\/\/www.noticiasradioreflejos.com.ar\/2021\/dia-nacional-de-la-solidaridad-por-que-se-celebra-el-26-de-agosto\/"]}]},{"@type":"ImageObject","inLanguage":"es","@id":"https:\/\/www.noticiasradioreflejos.com.ar\/2021\/dia-nacional-de-la-solidaridad-por-que-se-celebra-el-26-de-agosto\/#primaryimage","url":"https:\/\/www.noticiasradioreflejos.com.ar\/2021\/wp-content\/uploads\/2025\/08\/Madre-teresa.jpg","contentUrl":"https:\/\/www.noticiasradioreflejos.com.ar\/2021\/wp-content\/uploads\/2025\/08\/Madre-teresa.jpg","width":1200,"height":675},{"@type":"BreadcrumbList","@id":"https:\/\/www.noticiasradioreflejos.com.ar\/2021\/dia-nacional-de-la-solidaridad-por-que-se-celebra-el-26-de-agosto\/#breadcrumb","itemListElement":[{"@type":"ListItem","position":1,"name":"Portada","item":"https:\/\/www.noticiasradioreflejos.com.ar\/2021\/"},{"@type":"ListItem","position":2,"name":"D\u00eda Nacional de la Solidaridad: \u00bfpor qu\u00e9 se celebra el 26 de agosto?"}]},{"@type":"WebSite","@id":"https:\/\/www.noticiasradioreflejos.com.ar\/2021\/#website","url":"https:\/\/www.noticiasradioreflejos.com.ar\/2021\/","name":"Noticias Radio Reflejos","description":"Las noticias de mi comarca","potentialAction":[{"@type":"SearchAction","target":{"@type":"EntryPoint","urlTemplate":"https:\/\/www.noticiasradioreflejos.com.ar\/2021\/?s={search_term_string}"},"query-input":{"@type":"PropertyValueSpecification","valueRequired":true,"valueName":"search_term_string"}}],"inLanguage":"es"},{"@type":"Person","@id":"https:\/\/www.noticiasradioreflejos.com.ar\/2021\/#\/schema\/person\/ad82545263dcc5ec0996818884fd5fb1","name":"Arnaldo Botto","image":{"@type":"ImageObject","inLanguage":"es","@id":"https:\/\/www.noticiasradioreflejos.com.ar\/2021\/#\/schema\/person\/image\/","url":"https:\/\/secure.gravatar.com\/avatar\/55cb5e37c1efa326397366e6974cb338056df65cb50e7d64d1cf314e87504837?s=96&d=mm&r=g","contentUrl":"https:\/\/secure.gravatar.com\/avatar\/55cb5e37c1efa326397366e6974cb338056df65cb50e7d64d1cf314e87504837?s=96&d=mm&r=g","caption":"Arnaldo Botto"},"url":"https:\/\/www.noticiasradioreflejos.com.ar\/2021\/author\/arnaldo\/"}]}},"_links":{"self":[{"href":"https:\/\/www.noticiasradioreflejos.com.ar\/2021\/wp-json\/wp\/v2\/posts\/124116","targetHints":{"allow":["GET"]}}],"collection":[{"href":"https:\/\/www.noticiasradioreflejos.com.ar\/2021\/wp-json\/wp\/v2\/posts"}],"about":[{"href":"https:\/\/www.noticiasradioreflejos.com.ar\/2021\/wp-json\/wp\/v2\/types\/post"}],"author":[{"embeddable":true,"href":"https:\/\/www.noticiasradioreflejos.com.ar\/2021\/wp-json\/wp\/v2\/users\/3"}],"replies":[{"embeddable":true,"href":"https:\/\/www.noticiasradioreflejos.com.ar\/2021\/wp-json\/wp\/v2\/comments?post=124116"}],"version-history":[{"count":1,"href":"https:\/\/www.noticiasradioreflejos.com.ar\/2021\/wp-json\/wp\/v2\/posts\/124116\/revisions"}],"predecessor-version":[{"id":124118,"href":"https:\/\/www.noticiasradioreflejos.com.ar\/2021\/wp-json\/wp\/v2\/posts\/124116\/revisions\/124118"}],"wp:featuredmedia":[{"embeddable":true,"href":"https:\/\/www.noticiasradioreflejos.com.ar\/2021\/wp-json\/wp\/v2\/media\/124117"}],"wp:attachment":[{"href":"https:\/\/www.noticiasradioreflejos.com.ar\/2021\/wp-json\/wp\/v2\/media?parent=124116"}],"wp:term":[{"taxonomy":"category","embeddable":true,"href":"https:\/\/www.noticiasradioreflejos.com.ar\/2021\/wp-json\/wp\/v2\/categories?post=124116"},{"taxonomy":"post_tag","embeddable":true,"href":"https:\/\/www.noticiasradioreflejos.com.ar\/2021\/wp-json\/wp\/v2\/tags?post=124116"}],"curies":[{"name":"wp","href":"https:\/\/api.w.org\/{rel}","templated":true}]}}