{"id":124113,"date":"2025-08-26T07:32:08","date_gmt":"2025-08-26T10:32:08","guid":{"rendered":"https:\/\/www.noticiasradioreflejos.com.ar\/2021\/?p=124113"},"modified":"2025-08-26T07:32:08","modified_gmt":"2025-08-26T10:32:08","slug":"estan-molestos-porque-les-estamos-afanando-los-choreos-la-frase-del-presidente-hoy-en-junin","status":"publish","type":"post","link":"https:\/\/www.noticiasradioreflejos.com.ar\/2021\/estan-molestos-porque-les-estamos-afanando-los-choreos-la-frase-del-presidente-hoy-en-junin\/","title":{"rendered":"Est\u00e1n molestos porque les estamos afanando los choreos\u201d, la frase del presidente hoy en Jun\u00edn"},"content":{"rendered":"<p>En un acto en aquella ciudad de la provincia, Milei reiter\u00f3 sus cr\u00edticas hacia el \u00abkirchnerismo\u00bb.<!--more--><br \/>\nEl presidente Javier Milei protagoniz\u00f3 un llamativo acto fallido durante un acto con candidatos en la ciudad de Jun\u00edn. Al criticar a la oposici\u00f3n, el mandatario afirm\u00f3 que \u201cest\u00e1n molestos porque le estamos afanando los choreos\u201d.<\/p>\n<p>La frase completa del mandatario, que se viraliz\u00f3 r\u00e1pidamente en redes sociales, fue:\u00a0<strong>\u201cPor eso, digamos, est\u00e1n molestos porque le estamos afanando los choreos. Bueno, que se sigan riendo entonces\u201d<\/strong>.<\/p>\n<div class=\"twitter-tweet twitter-tweet-rendered\"><iframe id=\"twitter-widget-0\" class=\"\" title=\"X Post\" src=\"https:\/\/platform.twitter.com\/embed\/Tweet.html?dnt=false&amp;embedId=twitter-widget-0&amp;features=eyJ0ZndfdGltZWxpbmVfbGlzdCI6eyJidWNrZXQiOltdLCJ2ZXJzaW9uIjpudWxsfSwidGZ3X2ZvbGxvd2VyX2NvdW50X3N1bnNldCI6eyJidWNrZXQiOnRydWUsInZlcnNpb24iOm51bGx9LCJ0ZndfdHdlZXRfZWRpdF9iYWNrZW5kIjp7ImJ1Y2tldCI6Im9uIiwidmVyc2lvbiI6bnVsbH0sInRmd19yZWZzcmNfc2Vzc2lvbiI6eyJidWNrZXQiOiJvbiIsInZlcnNpb24iOm51bGx9LCJ0ZndfZm9zbnJfc29mdF9pbnRlcnZlbnRpb25zX2VuYWJsZWQiOnsiYnVja2V0Ijoib24iLCJ2ZXJzaW9uIjpudWxsfSwidGZ3X21peGVkX21lZGlhXzE1ODk3Ijp7ImJ1Y2tldCI6InRyZWF0bWVudCIsInZlcnNpb24iOm51bGx9LCJ0ZndfZXhwZXJpbWVudHNfY29va2llX2V4cGlyYXRpb24iOnsiYnVja2V0IjoxMjA5NjAwLCJ2ZXJzaW9uIjpudWxsfSwidGZ3X3Nob3dfYmlyZHdhdGNoX3Bpdm90c19lbmFibGVkIjp7ImJ1Y2tldCI6Im9uIiwidmVyc2lvbiI6bnVsbH0sInRmd19kdXBsaWNhdGVfc2NyaWJlc190b19zZXR0aW5ncyI6eyJidWNrZXQiOiJvbiIsInZlcnNpb24iOm51bGx9LCJ0ZndfdXNlX3Byb2ZpbGVfaW1hZ2Vfc2hhcGVfZW5hYmxlZCI6eyJidWNrZXQiOiJvbiIsInZlcnNpb24iOm51bGx9LCJ0ZndfdmlkZW9faGxzX2R5bmFtaWNfbWFuaWZlc3RzXzE1MDgyIjp7ImJ1Y2tldCI6InRydWVfYml0cmF0ZSIsInZlcnNpb24iOm51bGx9LCJ0ZndfbGVnYWN5X3RpbWVsaW5lX3N1bnNldCI6eyJidWNrZXQiOnRydWUsInZlcnNpb24iOm51bGx9LCJ0ZndfdHdlZXRfZWRpdF9mcm9udGVuZCI6eyJidWNrZXQiOiJvbiIsInZlcnNpb24iOm51bGx9fQ%3D%3D&amp;frame=false&amp;hideCard=false&amp;hideThread=false&amp;id=1960119198262108289&amp;lang=es&amp;origin=https%3A%2F%2Ffrenteacano.com.ar%2Festan-molestos-porque-les-estamos-afanando-los-choreos-la-frase-del-presidente-hoy-en-junin%2F&amp;sessionId=203d1d16e2b6e01950d6ebecbadeb569baf2f7f4&amp;theme=light&amp;widgetsVersion=2615f7e52b7e0%3A1702314776716&amp;width=550px\" frameborder=\"0\" scrolling=\"no\" allowfullscreen=\"allowfullscreen\" data-tweet-id=\"1960119198262108289\" data-mce-fragment=\"1\"><\/iframe><\/div>\n<p>El evento, que sirvi\u00f3 para presentar candidatos de cara a las elecciones legislativas, se realiz\u00f3 en un clima enrarecido por las denuncias de corrupci\u00f3n que salpican a su gobierno. En su discurso, el Presidente redobl\u00f3 la confrontaci\u00f3n con la oposici\u00f3n, al asegurar que\u00a0<strong>\u201ccontra los kirchneristas no hay negociaci\u00f3n posible\u201d<\/strong>.<\/p>\n<p>Su hermana y secretaria General de la Presidencia,\u00a0<strong>Karina Milei<\/strong>, tambi\u00e9n tom\u00f3 la palabra y, en sinton\u00eda con el mandatario, afirm\u00f3:\u00a0<strong>\u201cKirchnerismo nunca m\u00e1s\u201d<\/strong>. Adem\u00e1s, se solidariz\u00f3 con la militancia juvenil y agradeci\u00f3 al Presidente por haber llevado adelante la \u201ctit\u00e1nica tarea\u201d de organizar el partido a nivel nacional. Durante el acto, el jefe de Estado tambi\u00e9n interrumpi\u00f3 su discurso para pedir un m\u00e9dico para una persona del p\u00fablico que solicitaba asistencia.<\/p>\n<p>El \u201cfallido\u201d del Presidente se convirti\u00f3 r\u00e1pidamente en el momento m\u00e1s comentado del evento, generando una ola de cr\u00edticas y burlas en las redes sociales en una semana marcada por las graves acusaciones de corrupci\u00f3n contra su entorno.<\/p>\n<p>Fuente: NA<\/p>\n","protected":false},"excerpt":{"rendered":"<p>En un acto en aquella ciudad de la provincia, Milei reiter\u00f3 sus cr\u00edticas hacia el \u00abkirchnerismo\u00bb.<\/p>\n","protected":false},"author":3,"featured_media":124114,"comment_status":"closed","ping_status":"closed","sticky":false,"template":"","format":"standard","meta":{"footnotes":""},"categories":[24],"tags":[],"class_list":["post-124113","post","type-post","status-publish","format-standard","has-post-thumbnail","hentry","category-politica"],"yoast_head":"<!-- This site is optimized with the Yoast SEO plugin v25.9 - https:\/\/yoast.com\/wordpress\/plugins\/seo\/ -->\n<title>Est\u00e1n molestos porque les estamos afanando los choreos\u201d, la frase del presidente hoy en Jun\u00edn - Noticias Radio Reflejos<\/title>\n<meta name=\"robots\" content=\"index, follow, max-snippet:-1, max-image-preview:large, max-video-preview:-1\" \/>\n<link rel=\"canonical\" href=\"https:\/\/www.noticiasradioreflejos.com.ar\/2021\/estan-molestos-porque-les-estamos-afanando-los-choreos-la-frase-del-presidente-hoy-en-junin\/\" \/>\n<meta property=\"og:locale\" content=\"es_ES\" \/>\n<meta property=\"og:type\" content=\"article\" \/>\n<meta property=\"og:title\" content=\"Est\u00e1n molestos porque les estamos afanando los choreos\u201d, la frase del presidente hoy en Jun\u00edn - Noticias Radio Reflejos\" \/>\n<meta property=\"og:description\" content=\"En un acto en aquella ciudad de la provincia, Milei reiter\u00f3 sus cr\u00edticas hacia el \u00abkirchnerismo\u00bb.\" \/>\n<meta property=\"og:url\" content=\"https:\/\/www.noticiasradioreflejos.com.ar\/2021\/estan-molestos-porque-les-estamos-afanando-los-choreos-la-frase-del-presidente-hoy-en-junin\/\" \/>\n<meta property=\"og:site_name\" content=\"Noticias Radio Reflejos\" \/>\n<meta property=\"article:published_time\" content=\"2025-08-26T10:32:08+00:00\" \/>\n<meta property=\"og:image\" content=\"https:\/\/www.noticiasradioreflejos.com.ar\/2021\/wp-content\/uploads\/2025\/08\/milei-afanando-los-choreos.jpg\" \/>\n\t<meta property=\"og:image:width\" content=\"1024\" \/>\n\t<meta property=\"og:image:height\" content=\"615\" \/>\n\t<meta property=\"og:image:type\" content=\"image\/jpeg\" \/>\n<meta name=\"author\" content=\"Arnaldo Botto\" \/>\n<meta name=\"twitter:card\" content=\"summary_large_image\" \/>\n<script type=\"application\/ld+json\" class=\"yoast-schema-graph\">{\"@context\":\"https:\/\/schema.org\",\"@graph\":[{\"@type\":\"WebPage\",\"@id\":\"https:\/\/www.noticiasradioreflejos.com.ar\/2021\/estan-molestos-porque-les-estamos-afanando-los-choreos-la-frase-del-presidente-hoy-en-junin\/\",\"url\":\"https:\/\/www.noticiasradioreflejos.com.ar\/2021\/estan-molestos-porque-les-estamos-afanando-los-choreos-la-frase-del-presidente-hoy-en-junin\/\",\"name\":\"Est\u00e1n molestos porque les estamos afanando los choreos\u201d, la frase del presidente hoy en Jun\u00edn - Noticias Radio Reflejos\",\"isPartOf\":{\"@id\":\"https:\/\/www.noticiasradioreflejos.com.ar\/2021\/#website\"},\"primaryImageOfPage\":{\"@id\":\"https:\/\/www.noticiasradioreflejos.com.ar\/2021\/estan-molestos-porque-les-estamos-afanando-los-choreos-la-frase-del-presidente-hoy-en-junin\/#primaryimage\"},\"image\":{\"@id\":\"https:\/\/www.noticiasradioreflejos.com.ar\/2021\/estan-molestos-porque-les-estamos-afanando-los-choreos-la-frase-del-presidente-hoy-en-junin\/#primaryimage\"},\"thumbnailUrl\":\"https:\/\/www.noticiasradioreflejos.com.ar\/2021\/wp-content\/uploads\/2025\/08\/milei-afanando-los-choreos.jpg\",\"datePublished\":\"2025-08-26T10:32:08+00:00\",\"author\":{\"@id\":\"https:\/\/www.noticiasradioreflejos.com.ar\/2021\/#\/schema\/person\/ad82545263dcc5ec0996818884fd5fb1\"},\"breadcrumb\":{\"@id\":\"https:\/\/www.noticiasradioreflejos.com.ar\/2021\/estan-molestos-porque-les-estamos-afanando-los-choreos-la-frase-del-presidente-hoy-en-junin\/#breadcrumb\"},\"inLanguage\":\"es\",\"potentialAction\":[{\"@type\":\"ReadAction\",\"target\":[\"https:\/\/www.noticiasradioreflejos.com.ar\/2021\/estan-molestos-porque-les-estamos-afanando-los-choreos-la-frase-del-presidente-hoy-en-junin\/\"]}]},{\"@type\":\"ImageObject\",\"inLanguage\":\"es\",\"@id\":\"https:\/\/www.noticiasradioreflejos.com.ar\/2021\/estan-molestos-porque-les-estamos-afanando-los-choreos-la-frase-del-presidente-hoy-en-junin\/#primaryimage\",\"url\":\"https:\/\/www.noticiasradioreflejos.com.ar\/2021\/wp-content\/uploads\/2025\/08\/milei-afanando-los-choreos.jpg\",\"contentUrl\":\"https:\/\/www.noticiasradioreflejos.com.ar\/2021\/wp-content\/uploads\/2025\/08\/milei-afanando-los-choreos.jpg\",\"width\":1024,\"height\":615},{\"@type\":\"BreadcrumbList\",\"@id\":\"https:\/\/www.noticiasradioreflejos.com.ar\/2021\/estan-molestos-porque-les-estamos-afanando-los-choreos-la-frase-del-presidente-hoy-en-junin\/#breadcrumb\",\"itemListElement\":[{\"@type\":\"ListItem\",\"position\":1,\"name\":\"Portada\",\"item\":\"https:\/\/www.noticiasradioreflejos.com.ar\/2021\/\"},{\"@type\":\"ListItem\",\"position\":2,\"name\":\"Est\u00e1n molestos porque les estamos afanando los choreos\u201d, la frase del presidente hoy en Jun\u00edn\"}]},{\"@type\":\"WebSite\",\"@id\":\"https:\/\/www.noticiasradioreflejos.com.ar\/2021\/#website\",\"url\":\"https:\/\/www.noticiasradioreflejos.com.ar\/2021\/\",\"name\":\"Noticias Radio Reflejos\",\"description\":\"Las noticias de mi comarca\",\"potentialAction\":[{\"@type\":\"SearchAction\",\"target\":{\"@type\":\"EntryPoint\",\"urlTemplate\":\"https:\/\/www.noticiasradioreflejos.com.ar\/2021\/?s={search_term_string}\"},\"query-input\":{\"@type\":\"PropertyValueSpecification\",\"valueRequired\":true,\"valueName\":\"search_term_string\"}}],\"inLanguage\":\"es\"},{\"@type\":\"Person\",\"@id\":\"https:\/\/www.noticiasradioreflejos.com.ar\/2021\/#\/schema\/person\/ad82545263dcc5ec0996818884fd5fb1\",\"name\":\"Arnaldo Botto\",\"image\":{\"@type\":\"ImageObject\",\"inLanguage\":\"es\",\"@id\":\"https:\/\/www.noticiasradioreflejos.com.ar\/2021\/#\/schema\/person\/image\/\",\"url\":\"https:\/\/secure.gravatar.com\/avatar\/55cb5e37c1efa326397366e6974cb338056df65cb50e7d64d1cf314e87504837?s=96&d=mm&r=g\",\"contentUrl\":\"https:\/\/secure.gravatar.com\/avatar\/55cb5e37c1efa326397366e6974cb338056df65cb50e7d64d1cf314e87504837?s=96&d=mm&r=g\",\"caption\":\"Arnaldo Botto\"},\"url\":\"https:\/\/www.noticiasradioreflejos.com.ar\/2021\/author\/arnaldo\/\"}]}<\/script>\n<!-- \/ Yoast SEO plugin. -->","yoast_head_json":{"title":"Est\u00e1n molestos porque les estamos afanando los choreos\u201d, la frase del presidente hoy en Jun\u00edn - Noticias Radio Reflejos","robots":{"index":"index","follow":"follow","max-snippet":"max-snippet:-1","max-image-preview":"max-image-preview:large","max-video-preview":"max-video-preview:-1"},"canonical":"https:\/\/www.noticiasradioreflejos.com.ar\/2021\/estan-molestos-porque-les-estamos-afanando-los-choreos-la-frase-del-presidente-hoy-en-junin\/","og_locale":"es_ES","og_type":"article","og_title":"Est\u00e1n molestos porque les estamos afanando los choreos\u201d, la frase del presidente hoy en Jun\u00edn - Noticias Radio Reflejos","og_description":"En un acto en aquella ciudad de la provincia, Milei reiter\u00f3 sus cr\u00edticas hacia el \u00abkirchnerismo\u00bb.","og_url":"https:\/\/www.noticiasradioreflejos.com.ar\/2021\/estan-molestos-porque-les-estamos-afanando-los-choreos-la-frase-del-presidente-hoy-en-junin\/","og_site_name":"Noticias Radio Reflejos","article_published_time":"2025-08-26T10:32:08+00:00","og_image":[{"width":1024,"height":615,"url":"https:\/\/www.noticiasradioreflejos.com.ar\/2021\/wp-content\/uploads\/2025\/08\/milei-afanando-los-choreos.jpg","type":"image\/jpeg"}],"author":"Arnaldo Botto","twitter_card":"summary_large_image","schema":{"@context":"https:\/\/schema.org","@graph":[{"@type":"WebPage","@id":"https:\/\/www.noticiasradioreflejos.com.ar\/2021\/estan-molestos-porque-les-estamos-afanando-los-choreos-la-frase-del-presidente-hoy-en-junin\/","url":"https:\/\/www.noticiasradioreflejos.com.ar\/2021\/estan-molestos-porque-les-estamos-afanando-los-choreos-la-frase-del-presidente-hoy-en-junin\/","name":"Est\u00e1n molestos porque les estamos afanando los choreos\u201d, la frase del presidente hoy en Jun\u00edn - Noticias Radio Reflejos","isPartOf":{"@id":"https:\/\/www.noticiasradioreflejos.com.ar\/2021\/#website"},"primaryImageOfPage":{"@id":"https:\/\/www.noticiasradioreflejos.com.ar\/2021\/estan-molestos-porque-les-estamos-afanando-los-choreos-la-frase-del-presidente-hoy-en-junin\/#primaryimage"},"image":{"@id":"https:\/\/www.noticiasradioreflejos.com.ar\/2021\/estan-molestos-porque-les-estamos-afanando-los-choreos-la-frase-del-presidente-hoy-en-junin\/#primaryimage"},"thumbnailUrl":"https:\/\/www.noticiasradioreflejos.com.ar\/2021\/wp-content\/uploads\/2025\/08\/milei-afanando-los-choreos.jpg","datePublished":"2025-08-26T10:32:08+00:00","author":{"@id":"https:\/\/www.noticiasradioreflejos.com.ar\/2021\/#\/schema\/person\/ad82545263dcc5ec0996818884fd5fb1"},"breadcrumb":{"@id":"https:\/\/www.noticiasradioreflejos.com.ar\/2021\/estan-molestos-porque-les-estamos-afanando-los-choreos-la-frase-del-presidente-hoy-en-junin\/#breadcrumb"},"inLanguage":"es","potentialAction":[{"@type":"ReadAction","target":["https:\/\/www.noticiasradioreflejos.com.ar\/2021\/estan-molestos-porque-les-estamos-afanando-los-choreos-la-frase-del-presidente-hoy-en-junin\/"]}]},{"@type":"ImageObject","inLanguage":"es","@id":"https:\/\/www.noticiasradioreflejos.com.ar\/2021\/estan-molestos-porque-les-estamos-afanando-los-choreos-la-frase-del-presidente-hoy-en-junin\/#primaryimage","url":"https:\/\/www.noticiasradioreflejos.com.ar\/2021\/wp-content\/uploads\/2025\/08\/milei-afanando-los-choreos.jpg","contentUrl":"https:\/\/www.noticiasradioreflejos.com.ar\/2021\/wp-content\/uploads\/2025\/08\/milei-afanando-los-choreos.jpg","width":1024,"height":615},{"@type":"BreadcrumbList","@id":"https:\/\/www.noticiasradioreflejos.com.ar\/2021\/estan-molestos-porque-les-estamos-afanando-los-choreos-la-frase-del-presidente-hoy-en-junin\/#breadcrumb","itemListElement":[{"@type":"ListItem","position":1,"name":"Portada","item":"https:\/\/www.noticiasradioreflejos.com.ar\/2021\/"},{"@type":"ListItem","position":2,"name":"Est\u00e1n molestos porque les estamos afanando los choreos\u201d, la frase del presidente hoy en Jun\u00edn"}]},{"@type":"WebSite","@id":"https:\/\/www.noticiasradioreflejos.com.ar\/2021\/#website","url":"https:\/\/www.noticiasradioreflejos.com.ar\/2021\/","name":"Noticias Radio Reflejos","description":"Las noticias de mi comarca","potentialAction":[{"@type":"SearchAction","target":{"@type":"EntryPoint","urlTemplate":"https:\/\/www.noticiasradioreflejos.com.ar\/2021\/?s={search_term_string}"},"query-input":{"@type":"PropertyValueSpecification","valueRequired":true,"valueName":"search_term_string"}}],"inLanguage":"es"},{"@type":"Person","@id":"https:\/\/www.noticiasradioreflejos.com.ar\/2021\/#\/schema\/person\/ad82545263dcc5ec0996818884fd5fb1","name":"Arnaldo Botto","image":{"@type":"ImageObject","inLanguage":"es","@id":"https:\/\/www.noticiasradioreflejos.com.ar\/2021\/#\/schema\/person\/image\/","url":"https:\/\/secure.gravatar.com\/avatar\/55cb5e37c1efa326397366e6974cb338056df65cb50e7d64d1cf314e87504837?s=96&d=mm&r=g","contentUrl":"https:\/\/secure.gravatar.com\/avatar\/55cb5e37c1efa326397366e6974cb338056df65cb50e7d64d1cf314e87504837?s=96&d=mm&r=g","caption":"Arnaldo Botto"},"url":"https:\/\/www.noticiasradioreflejos.com.ar\/2021\/author\/arnaldo\/"}]}},"_links":{"self":[{"href":"https:\/\/www.noticiasradioreflejos.com.ar\/2021\/wp-json\/wp\/v2\/posts\/124113","targetHints":{"allow":["GET"]}}],"collection":[{"href":"https:\/\/www.noticiasradioreflejos.com.ar\/2021\/wp-json\/wp\/v2\/posts"}],"about":[{"href":"https:\/\/www.noticiasradioreflejos.com.ar\/2021\/wp-json\/wp\/v2\/types\/post"}],"author":[{"embeddable":true,"href":"https:\/\/www.noticiasradioreflejos.com.ar\/2021\/wp-json\/wp\/v2\/users\/3"}],"replies":[{"embeddable":true,"href":"https:\/\/www.noticiasradioreflejos.com.ar\/2021\/wp-json\/wp\/v2\/comments?post=124113"}],"version-history":[{"count":1,"href":"https:\/\/www.noticiasradioreflejos.com.ar\/2021\/wp-json\/wp\/v2\/posts\/124113\/revisions"}],"predecessor-version":[{"id":124115,"href":"https:\/\/www.noticiasradioreflejos.com.ar\/2021\/wp-json\/wp\/v2\/posts\/124113\/revisions\/124115"}],"wp:featuredmedia":[{"embeddable":true,"href":"https:\/\/www.noticiasradioreflejos.com.ar\/2021\/wp-json\/wp\/v2\/media\/124114"}],"wp:attachment":[{"href":"https:\/\/www.noticiasradioreflejos.com.ar\/2021\/wp-json\/wp\/v2\/media?parent=124113"}],"wp:term":[{"taxonomy":"category","embeddable":true,"href":"https:\/\/www.noticiasradioreflejos.com.ar\/2021\/wp-json\/wp\/v2\/categories?post=124113"},{"taxonomy":"post_tag","embeddable":true,"href":"https:\/\/www.noticiasradioreflejos.com.ar\/2021\/wp-json\/wp\/v2\/tags?post=124113"}],"curies":[{"name":"wp","href":"https:\/\/api.w.org\/{rel}","templated":true}]}}