{"id":124063,"date":"2025-08-25T19:20:27","date_gmt":"2025-08-25T22:20:27","guid":{"rendered":"https:\/\/www.noticiasradioreflejos.com.ar\/2021\/?p=124063"},"modified":"2025-08-25T19:54:56","modified_gmt":"2025-08-25T22:54:56","slug":"identifican-al-que-prendia-el-basural-con-eso-se-hara-justicia-no-hay-otra","status":"publish","type":"post","link":"https:\/\/www.noticiasradioreflejos.com.ar\/2021\/identifican-al-que-prendia-el-basural-con-eso-se-hara-justicia-no-hay-otra\/","title":{"rendered":"Identifican al que prend\u00eda el basural: \u00abCon eso se har\u00e1 justicia, no hay otra\u00bb."},"content":{"rendered":"<p>El intendente de Tornquist destac\u00f3 el logro hist\u00f3rico despu\u00e9s de 40 a\u00f1os de reclamos y pidi\u00f3 a la comunidad que colabore con el nuevo sistema de reciclaje. Adem\u00e1s asegur\u00f3 que identificaron al piroman\u00edaco que prend\u00eda fuego en el basural.<!--more--><\/p>\n<p>\u00abEs un hito hist\u00f3rico despu\u00e9s de 40 a\u00f1os de reclamos. Se pudo llegar con lo que era la planta de reciclaje y estamos cumpliendo con cosas que dijimos que \u00edbamos a hacer. Lo \u00fanico que le pido a la gente es que entienda que no tenemos m\u00e1s basurero. Hay c\u00e1maras en el lugar y aquellos que hayan dejado la basura, seguramente los vayamos a visitar una sola vez\u00bb refiere el Intendente sobre el logro de inaugurar la Planta de Reciclaje y as\u00ed darle cierre al basurero a cielo abierto que se situaba entre Saldungaray y Sierra de la Ventana.<\/p>\n<p>&nbsp;<\/p>\n<p><a href=\"https:\/\/www.noticiasradioreflejos.com.ar\/2021\/cierre-del-basural-y-apertura-de-la-planta-de-transferencia-y-separacion-3r-un-hito-historico-para-el-distrito\/gzab-10\/\" rel=\"attachment wp-att-123978\"><img loading=\"lazy\" decoding=\"async\" class=\"size-full wp-image-123978\" src=\"https:\/\/www.noticiasradioreflejos.com.ar\/2021\/wp-content\/uploads\/2025\/08\/Inaug-Planta-Transf-3.jpg\" alt=\"\" width=\"2500\" height=\"1667\" srcset=\"https:\/\/www.noticiasradioreflejos.com.ar\/2021\/wp-content\/uploads\/2025\/08\/Inaug-Planta-Transf-3.jpg 2500w, https:\/\/www.noticiasradioreflejos.com.ar\/2021\/wp-content\/uploads\/2025\/08\/Inaug-Planta-Transf-3-300x200.jpg 300w, https:\/\/www.noticiasradioreflejos.com.ar\/2021\/wp-content\/uploads\/2025\/08\/Inaug-Planta-Transf-3-1024x683.jpg 1024w, https:\/\/www.noticiasradioreflejos.com.ar\/2021\/wp-content\/uploads\/2025\/08\/Inaug-Planta-Transf-3-768x512.jpg 768w, https:\/\/www.noticiasradioreflejos.com.ar\/2021\/wp-content\/uploads\/2025\/08\/Inaug-Planta-Transf-3-1536x1024.jpg 1536w, https:\/\/www.noticiasradioreflejos.com.ar\/2021\/wp-content\/uploads\/2025\/08\/Inaug-Planta-Transf-3-2048x1366.jpg 2048w, https:\/\/www.noticiasradioreflejos.com.ar\/2021\/wp-content\/uploads\/2025\/08\/Inaug-Planta-Transf-3-750x500.jpg 750w, https:\/\/www.noticiasradioreflejos.com.ar\/2021\/wp-content\/uploads\/2025\/08\/Inaug-Planta-Transf-3-1140x760.jpg 1140w\" sizes=\"auto, (max-width: 2500px) 100vw, 2500px\" \/><\/a><\/p>\n<p>\u00abAhora nos alcanza solamente con hacer el martes nada m\u00e1s. La baja de que estamos reciclando menos es la econom\u00eda. Menos consumo, menos basura. Lamentablemente, la gente que no pod\u00eda consumir la cantidad de cosas que consum\u00eda, ha dejado de reciclar\u00bb informa en relaci\u00f3n a c\u00f3mo puede medirse la actualidad econ\u00f3mica de la gente en base a sus residuos en Tornquist.<\/p>\n<p>\u00abLo \u00fanico que viene a Tornquist es lo h\u00famedo. Tenemos que mejorar eso. Los concejales lo est\u00e1n poniendo sobre la mesa, me parece b\u00e1rbaro, aunque no hayan hecho nada en estos a\u00f1os. Vamos a seguir tratando de ordenar el basurero\u00bb comenta sobre c\u00f3mo continuar\u00e1n trabajando.<\/p>\n<p>\u00abNo voy a dar el nombre porque no soy el indicado. Pero la persona est\u00e1 identificada. Esas c\u00e1maras que est\u00e1n puestas, funcionan por energ\u00eda solar y por temperatura. Mucha gente piensa que no andan y son las que tomaron la persona que prendi\u00f3 fuego el basurero. Con eso se har\u00e1 justicia, no hay otra\u00bb explica sobre el incendio intencional del basurero de Sierra de la Ventana.<\/p>\n<p><a href=\"https:\/\/www.noticiasradioreflejos.com.ar\/2021\/cierre-del-basural-y-apertura-de-la-planta-de-transferencia-y-separacion-3r-un-hito-historico-para-el-distrito\/gzab-12\/\" rel=\"attachment wp-att-123980\"><img loading=\"lazy\" decoding=\"async\" class=\"size-full wp-image-123980\" src=\"https:\/\/www.noticiasradioreflejos.com.ar\/2021\/wp-content\/uploads\/2025\/08\/Inaug-Planta-Transf-22.jpg\" alt=\"\" width=\"2500\" height=\"1667\" srcset=\"https:\/\/www.noticiasradioreflejos.com.ar\/2021\/wp-content\/uploads\/2025\/08\/Inaug-Planta-Transf-22.jpg 2500w, https:\/\/www.noticiasradioreflejos.com.ar\/2021\/wp-content\/uploads\/2025\/08\/Inaug-Planta-Transf-22-300x200.jpg 300w, https:\/\/www.noticiasradioreflejos.com.ar\/2021\/wp-content\/uploads\/2025\/08\/Inaug-Planta-Transf-22-1024x683.jpg 1024w, https:\/\/www.noticiasradioreflejos.com.ar\/2021\/wp-content\/uploads\/2025\/08\/Inaug-Planta-Transf-22-768x512.jpg 768w, https:\/\/www.noticiasradioreflejos.com.ar\/2021\/wp-content\/uploads\/2025\/08\/Inaug-Planta-Transf-22-1536x1024.jpg 1536w, https:\/\/www.noticiasradioreflejos.com.ar\/2021\/wp-content\/uploads\/2025\/08\/Inaug-Planta-Transf-22-2048x1366.jpg 2048w, https:\/\/www.noticiasradioreflejos.com.ar\/2021\/wp-content\/uploads\/2025\/08\/Inaug-Planta-Transf-22-750x500.jpg 750w, https:\/\/www.noticiasradioreflejos.com.ar\/2021\/wp-content\/uploads\/2025\/08\/Inaug-Planta-Transf-22-1140x760.jpg 1140w\" sizes=\"auto, (max-width: 2500px) 100vw, 2500px\" \/><\/a><\/p>\n<p>&nbsp;<\/p>\n<p>\u00abVamos a tener que desratizar los lugares que antes no ten\u00edan ratas. Ah\u00ed va a estar bromatolog\u00eda haciendo el trabajo que tiene que hacer\u00bb comenta una de las consecuencias de estas pol\u00edticas.<\/p>\n<p>\u00abEsta semana tenemos que presentar en Villa, Tres Picos y tambi\u00e9n en Chasic\u00f3 habr\u00e1 una mateada\u00bb comparte finalmente sobre c\u00f3mo continuar\u00e1n las presentaciones de lista durante la campa\u00f1a.<\/p>\n<audio class=\"wp-audio-shortcode\" id=\"audio-124063-1\" preload=\"none\" style=\"width: 100%;\" controls=\"controls\"><source type=\"audio\/mpeg\" src=\"https:\/\/www.noticiasradioreflejos.com.ar\/2021\/wp-content\/uploads\/2025\/08\/Sergio-bordoni-25-8.mp3?_=1\" \/><a href=\"https:\/\/www.noticiasradioreflejos.com.ar\/2021\/wp-content\/uploads\/2025\/08\/Sergio-bordoni-25-8.mp3\">https:\/\/www.noticiasradioreflejos.com.ar\/2021\/wp-content\/uploads\/2025\/08\/Sergio-bordoni-25-8.mp3<\/a><\/audio>\n","protected":false},"excerpt":{"rendered":"<p>El intendente de Tornquist destac\u00f3 el logro hist\u00f3rico despu\u00e9s de 40 a\u00f1os de reclamos y pidi\u00f3 a la comunidad que colabore con el nuevo sistema de reciclaje. Adem\u00e1s asegur\u00f3 que identificaron al piroman\u00edaco que prend\u00eda fuego en el basural.<\/p>\n","protected":false},"author":3,"featured_media":124098,"comment_status":"closed","ping_status":"closed","sticky":false,"template":"","format":"standard","meta":{"footnotes":""},"categories":[24],"tags":[48],"class_list":["post-124063","post","type-post","status-publish","format-standard","has-post-thumbnail","hentry","category-politica","tag-destacada"],"yoast_head":"<!-- This site is optimized with the Yoast SEO plugin v25.9 - https:\/\/yoast.com\/wordpress\/plugins\/seo\/ -->\n<title>Identifican al que prend\u00eda el basural: &quot;Con eso se har\u00e1 justicia, no hay otra&quot;. - Noticias Radio Reflejos<\/title>\n<meta name=\"robots\" content=\"index, follow, max-snippet:-1, max-image-preview:large, max-video-preview:-1\" \/>\n<link rel=\"canonical\" href=\"https:\/\/www.noticiasradioreflejos.com.ar\/2021\/identifican-al-que-prendia-el-basural-con-eso-se-hara-justicia-no-hay-otra\/\" \/>\n<meta property=\"og:locale\" content=\"es_ES\" \/>\n<meta property=\"og:type\" content=\"article\" \/>\n<meta property=\"og:title\" content=\"Identifican al que prend\u00eda el basural: &quot;Con eso se har\u00e1 justicia, no hay otra&quot;. - Noticias Radio Reflejos\" \/>\n<meta property=\"og:description\" content=\"El intendente de Tornquist destac\u00f3 el logro hist\u00f3rico despu\u00e9s de 40 a\u00f1os de reclamos y pidi\u00f3 a la comunidad que colabore con el nuevo sistema de reciclaje. Adem\u00e1s asegur\u00f3 que identificaron al piroman\u00edaco que prend\u00eda fuego en el basural.\" \/>\n<meta property=\"og:url\" content=\"https:\/\/www.noticiasradioreflejos.com.ar\/2021\/identifican-al-que-prendia-el-basural-con-eso-se-hara-justicia-no-hay-otra\/\" \/>\n<meta property=\"og:site_name\" content=\"Noticias Radio Reflejos\" \/>\n<meta property=\"article:published_time\" content=\"2025-08-25T22:20:27+00:00\" \/>\n<meta property=\"article:modified_time\" content=\"2025-08-25T22:54:56+00:00\" \/>\n<meta property=\"og:image\" content=\"https:\/\/www.noticiasradioreflejos.com.ar\/2021\/wp-content\/uploads\/2025\/08\/Sergio-Bordoni.jpg\" \/>\n\t<meta property=\"og:image:width\" content=\"2048\" \/>\n\t<meta property=\"og:image:height\" content=\"1366\" \/>\n\t<meta property=\"og:image:type\" content=\"image\/jpeg\" \/>\n<meta name=\"author\" content=\"Arnaldo Botto\" \/>\n<meta name=\"twitter:card\" content=\"summary_large_image\" \/>\n<script type=\"application\/ld+json\" class=\"yoast-schema-graph\">{\"@context\":\"https:\/\/schema.org\",\"@graph\":[{\"@type\":\"WebPage\",\"@id\":\"https:\/\/www.noticiasradioreflejos.com.ar\/2021\/identifican-al-que-prendia-el-basural-con-eso-se-hara-justicia-no-hay-otra\/\",\"url\":\"https:\/\/www.noticiasradioreflejos.com.ar\/2021\/identifican-al-que-prendia-el-basural-con-eso-se-hara-justicia-no-hay-otra\/\",\"name\":\"Identifican al que prend\u00eda el basural: \\\"Con eso se har\u00e1 justicia, no hay otra\\\". - Noticias Radio Reflejos\",\"isPartOf\":{\"@id\":\"https:\/\/www.noticiasradioreflejos.com.ar\/2021\/#website\"},\"primaryImageOfPage\":{\"@id\":\"https:\/\/www.noticiasradioreflejos.com.ar\/2021\/identifican-al-que-prendia-el-basural-con-eso-se-hara-justicia-no-hay-otra\/#primaryimage\"},\"image\":{\"@id\":\"https:\/\/www.noticiasradioreflejos.com.ar\/2021\/identifican-al-que-prendia-el-basural-con-eso-se-hara-justicia-no-hay-otra\/#primaryimage\"},\"thumbnailUrl\":\"https:\/\/www.noticiasradioreflejos.com.ar\/2021\/wp-content\/uploads\/2025\/08\/Sergio-Bordoni.jpg\",\"datePublished\":\"2025-08-25T22:20:27+00:00\",\"dateModified\":\"2025-08-25T22:54:56+00:00\",\"author\":{\"@id\":\"https:\/\/www.noticiasradioreflejos.com.ar\/2021\/#\/schema\/person\/ad82545263dcc5ec0996818884fd5fb1\"},\"breadcrumb\":{\"@id\":\"https:\/\/www.noticiasradioreflejos.com.ar\/2021\/identifican-al-que-prendia-el-basural-con-eso-se-hara-justicia-no-hay-otra\/#breadcrumb\"},\"inLanguage\":\"es\",\"potentialAction\":[{\"@type\":\"ReadAction\",\"target\":[\"https:\/\/www.noticiasradioreflejos.com.ar\/2021\/identifican-al-que-prendia-el-basural-con-eso-se-hara-justicia-no-hay-otra\/\"]}]},{\"@type\":\"ImageObject\",\"inLanguage\":\"es\",\"@id\":\"https:\/\/www.noticiasradioreflejos.com.ar\/2021\/identifican-al-que-prendia-el-basural-con-eso-se-hara-justicia-no-hay-otra\/#primaryimage\",\"url\":\"https:\/\/www.noticiasradioreflejos.com.ar\/2021\/wp-content\/uploads\/2025\/08\/Sergio-Bordoni.jpg\",\"contentUrl\":\"https:\/\/www.noticiasradioreflejos.com.ar\/2021\/wp-content\/uploads\/2025\/08\/Sergio-Bordoni.jpg\",\"width\":2048,\"height\":1366},{\"@type\":\"BreadcrumbList\",\"@id\":\"https:\/\/www.noticiasradioreflejos.com.ar\/2021\/identifican-al-que-prendia-el-basural-con-eso-se-hara-justicia-no-hay-otra\/#breadcrumb\",\"itemListElement\":[{\"@type\":\"ListItem\",\"position\":1,\"name\":\"Portada\",\"item\":\"https:\/\/www.noticiasradioreflejos.com.ar\/2021\/\"},{\"@type\":\"ListItem\",\"position\":2,\"name\":\"Identifican al que prend\u00eda el basural: \u00abCon eso se har\u00e1 justicia, no hay otra\u00bb.\"}]},{\"@type\":\"WebSite\",\"@id\":\"https:\/\/www.noticiasradioreflejos.com.ar\/2021\/#website\",\"url\":\"https:\/\/www.noticiasradioreflejos.com.ar\/2021\/\",\"name\":\"Noticias Radio Reflejos\",\"description\":\"Las noticias de mi comarca\",\"potentialAction\":[{\"@type\":\"SearchAction\",\"target\":{\"@type\":\"EntryPoint\",\"urlTemplate\":\"https:\/\/www.noticiasradioreflejos.com.ar\/2021\/?s={search_term_string}\"},\"query-input\":{\"@type\":\"PropertyValueSpecification\",\"valueRequired\":true,\"valueName\":\"search_term_string\"}}],\"inLanguage\":\"es\"},{\"@type\":\"Person\",\"@id\":\"https:\/\/www.noticiasradioreflejos.com.ar\/2021\/#\/schema\/person\/ad82545263dcc5ec0996818884fd5fb1\",\"name\":\"Arnaldo Botto\",\"image\":{\"@type\":\"ImageObject\",\"inLanguage\":\"es\",\"@id\":\"https:\/\/www.noticiasradioreflejos.com.ar\/2021\/#\/schema\/person\/image\/\",\"url\":\"https:\/\/secure.gravatar.com\/avatar\/55cb5e37c1efa326397366e6974cb338056df65cb50e7d64d1cf314e87504837?s=96&d=mm&r=g\",\"contentUrl\":\"https:\/\/secure.gravatar.com\/avatar\/55cb5e37c1efa326397366e6974cb338056df65cb50e7d64d1cf314e87504837?s=96&d=mm&r=g\",\"caption\":\"Arnaldo Botto\"},\"url\":\"https:\/\/www.noticiasradioreflejos.com.ar\/2021\/author\/arnaldo\/\"}]}<\/script>\n<!-- \/ Yoast SEO plugin. -->","yoast_head_json":{"title":"Identifican al que prend\u00eda el basural: \"Con eso se har\u00e1 justicia, no hay otra\". - Noticias Radio Reflejos","robots":{"index":"index","follow":"follow","max-snippet":"max-snippet:-1","max-image-preview":"max-image-preview:large","max-video-preview":"max-video-preview:-1"},"canonical":"https:\/\/www.noticiasradioreflejos.com.ar\/2021\/identifican-al-que-prendia-el-basural-con-eso-se-hara-justicia-no-hay-otra\/","og_locale":"es_ES","og_type":"article","og_title":"Identifican al que prend\u00eda el basural: \"Con eso se har\u00e1 justicia, no hay otra\". - Noticias Radio Reflejos","og_description":"El intendente de Tornquist destac\u00f3 el logro hist\u00f3rico despu\u00e9s de 40 a\u00f1os de reclamos y pidi\u00f3 a la comunidad que colabore con el nuevo sistema de reciclaje. Adem\u00e1s asegur\u00f3 que identificaron al piroman\u00edaco que prend\u00eda fuego en el basural.","og_url":"https:\/\/www.noticiasradioreflejos.com.ar\/2021\/identifican-al-que-prendia-el-basural-con-eso-se-hara-justicia-no-hay-otra\/","og_site_name":"Noticias Radio Reflejos","article_published_time":"2025-08-25T22:20:27+00:00","article_modified_time":"2025-08-25T22:54:56+00:00","og_image":[{"width":2048,"height":1366,"url":"https:\/\/www.noticiasradioreflejos.com.ar\/2021\/wp-content\/uploads\/2025\/08\/Sergio-Bordoni.jpg","type":"image\/jpeg"}],"author":"Arnaldo Botto","twitter_card":"summary_large_image","schema":{"@context":"https:\/\/schema.org","@graph":[{"@type":"WebPage","@id":"https:\/\/www.noticiasradioreflejos.com.ar\/2021\/identifican-al-que-prendia-el-basural-con-eso-se-hara-justicia-no-hay-otra\/","url":"https:\/\/www.noticiasradioreflejos.com.ar\/2021\/identifican-al-que-prendia-el-basural-con-eso-se-hara-justicia-no-hay-otra\/","name":"Identifican al que prend\u00eda el basural: \"Con eso se har\u00e1 justicia, no hay otra\". - Noticias Radio Reflejos","isPartOf":{"@id":"https:\/\/www.noticiasradioreflejos.com.ar\/2021\/#website"},"primaryImageOfPage":{"@id":"https:\/\/www.noticiasradioreflejos.com.ar\/2021\/identifican-al-que-prendia-el-basural-con-eso-se-hara-justicia-no-hay-otra\/#primaryimage"},"image":{"@id":"https:\/\/www.noticiasradioreflejos.com.ar\/2021\/identifican-al-que-prendia-el-basural-con-eso-se-hara-justicia-no-hay-otra\/#primaryimage"},"thumbnailUrl":"https:\/\/www.noticiasradioreflejos.com.ar\/2021\/wp-content\/uploads\/2025\/08\/Sergio-Bordoni.jpg","datePublished":"2025-08-25T22:20:27+00:00","dateModified":"2025-08-25T22:54:56+00:00","author":{"@id":"https:\/\/www.noticiasradioreflejos.com.ar\/2021\/#\/schema\/person\/ad82545263dcc5ec0996818884fd5fb1"},"breadcrumb":{"@id":"https:\/\/www.noticiasradioreflejos.com.ar\/2021\/identifican-al-que-prendia-el-basural-con-eso-se-hara-justicia-no-hay-otra\/#breadcrumb"},"inLanguage":"es","potentialAction":[{"@type":"ReadAction","target":["https:\/\/www.noticiasradioreflejos.com.ar\/2021\/identifican-al-que-prendia-el-basural-con-eso-se-hara-justicia-no-hay-otra\/"]}]},{"@type":"ImageObject","inLanguage":"es","@id":"https:\/\/www.noticiasradioreflejos.com.ar\/2021\/identifican-al-que-prendia-el-basural-con-eso-se-hara-justicia-no-hay-otra\/#primaryimage","url":"https:\/\/www.noticiasradioreflejos.com.ar\/2021\/wp-content\/uploads\/2025\/08\/Sergio-Bordoni.jpg","contentUrl":"https:\/\/www.noticiasradioreflejos.com.ar\/2021\/wp-content\/uploads\/2025\/08\/Sergio-Bordoni.jpg","width":2048,"height":1366},{"@type":"BreadcrumbList","@id":"https:\/\/www.noticiasradioreflejos.com.ar\/2021\/identifican-al-que-prendia-el-basural-con-eso-se-hara-justicia-no-hay-otra\/#breadcrumb","itemListElement":[{"@type":"ListItem","position":1,"name":"Portada","item":"https:\/\/www.noticiasradioreflejos.com.ar\/2021\/"},{"@type":"ListItem","position":2,"name":"Identifican al que prend\u00eda el basural: \u00abCon eso se har\u00e1 justicia, no hay otra\u00bb."}]},{"@type":"WebSite","@id":"https:\/\/www.noticiasradioreflejos.com.ar\/2021\/#website","url":"https:\/\/www.noticiasradioreflejos.com.ar\/2021\/","name":"Noticias Radio Reflejos","description":"Las noticias de mi comarca","potentialAction":[{"@type":"SearchAction","target":{"@type":"EntryPoint","urlTemplate":"https:\/\/www.noticiasradioreflejos.com.ar\/2021\/?s={search_term_string}"},"query-input":{"@type":"PropertyValueSpecification","valueRequired":true,"valueName":"search_term_string"}}],"inLanguage":"es"},{"@type":"Person","@id":"https:\/\/www.noticiasradioreflejos.com.ar\/2021\/#\/schema\/person\/ad82545263dcc5ec0996818884fd5fb1","name":"Arnaldo Botto","image":{"@type":"ImageObject","inLanguage":"es","@id":"https:\/\/www.noticiasradioreflejos.com.ar\/2021\/#\/schema\/person\/image\/","url":"https:\/\/secure.gravatar.com\/avatar\/55cb5e37c1efa326397366e6974cb338056df65cb50e7d64d1cf314e87504837?s=96&d=mm&r=g","contentUrl":"https:\/\/secure.gravatar.com\/avatar\/55cb5e37c1efa326397366e6974cb338056df65cb50e7d64d1cf314e87504837?s=96&d=mm&r=g","caption":"Arnaldo Botto"},"url":"https:\/\/www.noticiasradioreflejos.com.ar\/2021\/author\/arnaldo\/"}]}},"_links":{"self":[{"href":"https:\/\/www.noticiasradioreflejos.com.ar\/2021\/wp-json\/wp\/v2\/posts\/124063","targetHints":{"allow":["GET"]}}],"collection":[{"href":"https:\/\/www.noticiasradioreflejos.com.ar\/2021\/wp-json\/wp\/v2\/posts"}],"about":[{"href":"https:\/\/www.noticiasradioreflejos.com.ar\/2021\/wp-json\/wp\/v2\/types\/post"}],"author":[{"embeddable":true,"href":"https:\/\/www.noticiasradioreflejos.com.ar\/2021\/wp-json\/wp\/v2\/users\/3"}],"replies":[{"embeddable":true,"href":"https:\/\/www.noticiasradioreflejos.com.ar\/2021\/wp-json\/wp\/v2\/comments?post=124063"}],"version-history":[{"count":6,"href":"https:\/\/www.noticiasradioreflejos.com.ar\/2021\/wp-json\/wp\/v2\/posts\/124063\/revisions"}],"predecessor-version":[{"id":124102,"href":"https:\/\/www.noticiasradioreflejos.com.ar\/2021\/wp-json\/wp\/v2\/posts\/124063\/revisions\/124102"}],"wp:featuredmedia":[{"embeddable":true,"href":"https:\/\/www.noticiasradioreflejos.com.ar\/2021\/wp-json\/wp\/v2\/media\/124098"}],"wp:attachment":[{"href":"https:\/\/www.noticiasradioreflejos.com.ar\/2021\/wp-json\/wp\/v2\/media?parent=124063"}],"wp:term":[{"taxonomy":"category","embeddable":true,"href":"https:\/\/www.noticiasradioreflejos.com.ar\/2021\/wp-json\/wp\/v2\/categories?post=124063"},{"taxonomy":"post_tag","embeddable":true,"href":"https:\/\/www.noticiasradioreflejos.com.ar\/2021\/wp-json\/wp\/v2\/tags?post=124063"}],"curies":[{"name":"wp","href":"https:\/\/api.w.org\/{rel}","templated":true}]}}