{"id":124043,"date":"2025-08-25T23:37:45","date_gmt":"2025-08-26T02:37:45","guid":{"rendered":"https:\/\/www.noticiasradioreflejos.com.ar\/2021\/?p=124043"},"modified":"2025-08-26T08:25:26","modified_gmt":"2025-08-26T11:25:26","slug":"daniel-etcheber-el-pueblo-se-pone-al-servicio-para-hacer-grandes-cosas-en-saldungaray","status":"publish","type":"post","link":"https:\/\/www.noticiasradioreflejos.com.ar\/2021\/daniel-etcheber-el-pueblo-se-pone-al-servicio-para-hacer-grandes-cosas-en-saldungaray\/","title":{"rendered":"Daniel Etcheber: \u00abEl pueblo se pone al servicio para hacer grandes cosas en Saldungaray\u00bb"},"content":{"rendered":"<p>El <strong>Delegado de Saldungaray<\/strong> agradece el apoyo del intendente <strong>Sergio Bordoni<\/strong> y destaca la labor de la planta municipal y la comunidad en la organizaci\u00f3n de la fiesta aniversario<!--more--><\/p>\n<p>\u00abEsto lo hacemos entre todos. El pueblo se pone al servicio para estos eventos y es lo mejor que podemos hacer como pueblo\u00bb comenta Daniel al iniciar la nota, haciendo referencia a la fiesta aniversario de Saldungaray.<\/p>\n<p>\u00abTengo que agradecer a Sergio Bordoni y a toda la comitiva. Son muy amables todos, siempre me dan una respuesta y el apoyo, por su puesto. Pero tengo que resaltar la gente de ac\u00e1, los empleados municipales del cementerio, de la pileta y del corral\u00f3n. Se han realizado varias cosas gracias al trabajo de ellos y al apoyo de m\u00e1s arriba, vamos bien\u00bb destaca la labor de la planta municipal y del Poder Ejecutivo.<\/p>\n<p>\u00abHace a\u00f1os que venimos con el tema del basurero, como venimos con el tema de la ruta a Frapal. Es una cosa que ven\u00edamos remando desde afuera hace much\u00edsimo tiempo. Las promesas de Bordoni y sacarnos el basurero, m\u00e1s que nada para los de Saldungaray, tenemos que estar re contentos y agradecidos de que se llev\u00f3 a cabo esta gesti\u00f3n. Ahora se viene el pedido a la comunidad\u00bb hace referencia a la responsabilidad ciudadana de poder gestionar los residuos como corresponde cuando celebra el cierre del basurero a cielo abierto entre Sierra de la Ventana y Saldungaray. \u00abTenemos que apuntar a los chiquitos, son ellos los que nos ense\u00f1an c\u00f3mo cuidar el medio ambiente. Ellos con las escuelas, ah\u00ed tenemos que apuntar\u00bb comenta.<\/p>\n<figure id=\"attachment_73182\" aria-describedby=\"caption-attachment-73182\" style=\"width: 1200px\" class=\"wp-caption aligncenter\"><a href=\"https:\/\/www.noticiasradioreflejos.com.ar\/2021\/la-ruta-y-el-nuevo-puente-afectaron-muchisimo-la-estetica-del-cementerio-de-saldungaray\/dcim-101media-dji_0132-jpg-3\/\" rel=\"attachment wp-att-73182\"><img loading=\"lazy\" decoding=\"async\" class=\"size-full wp-image-73182\" src=\"https:\/\/www.noticiasradioreflejos.com.ar\/2021\/wp-content\/uploads\/2022\/06\/Cementerio-de-Saldungaray.jpg\" alt=\"\" width=\"1200\" height=\"900\" srcset=\"https:\/\/www.noticiasradioreflejos.com.ar\/2021\/wp-content\/uploads\/2022\/06\/Cementerio-de-Saldungaray.jpg 1200w, https:\/\/www.noticiasradioreflejos.com.ar\/2021\/wp-content\/uploads\/2022\/06\/Cementerio-de-Saldungaray-300x225.jpg 300w, https:\/\/www.noticiasradioreflejos.com.ar\/2021\/wp-content\/uploads\/2022\/06\/Cementerio-de-Saldungaray-1024x768.jpg 1024w, https:\/\/www.noticiasradioreflejos.com.ar\/2021\/wp-content\/uploads\/2022\/06\/Cementerio-de-Saldungaray-768x576.jpg 768w, https:\/\/www.noticiasradioreflejos.com.ar\/2021\/wp-content\/uploads\/2022\/06\/Cementerio-de-Saldungaray-750x563.jpg 750w, https:\/\/www.noticiasradioreflejos.com.ar\/2021\/wp-content\/uploads\/2022\/06\/Cementerio-de-Saldungaray-1140x855.jpg 1140w\" sizes=\"auto, (max-width: 1200px) 100vw, 1200px\" \/><\/a><figcaption id=\"caption-attachment-73182\" class=\"wp-caption-text\">DCIM\/101MEDIA\/DJI_0132.JPG<\/figcaption><\/figure>\n<p>&nbsp;<\/p>\n<p>\u00abQuiero felicitar a toda la gente que pas\u00f3 por ah\u00ed, ver c\u00f3mo la gente colaboraba, es impresionante c\u00f3mo el pueblo se puso a disposici\u00f3n para recibir a 4200 comensales. Eso lo hizo el pueblo solito. Si sentimos el orgullo, pongamos nuestro granito de arena cada uno\u00bb recuerda la gran labor de los festejos por los 100 a\u00f1os de la localidad. \u00abQue esa cosa no se pierda, por favor\u00bb apela a la comunidad. \u00abSiempre algo puede aportar uno, siempre tenemos que escuchar y darle participaci\u00f3n a las nuevas ideas\u00bb.<\/p>\n<p>\u00ab9:15 recesi\u00f3n, 9:30 la bandera, donde tambi\u00e9n se va a descubrir una placa. Despu\u00e9s cantaremos el feliz cumplea\u00f1os con torta y chocolate. Tambi\u00e9n se va a inaugurar una nueva calle que se va a llamar &#8216;Santiago Saldungaray&#8217;. El domingo es el acto protocolar con la banda Curamalal de Pig\u00fc\u00e9, con desfile tradicional, como siempre. El viernes 29 es la presentaci\u00f3n de la pe\u00f1a &#8216;Huinca Malal'\u00bb comparte el itinerario para las actividades del pr\u00f3ximo fin de semana, donde se celebrar\u00e1n los 125 a\u00f1os de la localidad de Saldungaray. Adem\u00e1s, Daniel explica que la plaza estar\u00e1 repleta de paseos de artesanos y actividades para los m\u00e1s chicos. Advierte que el estacionamiento se localizar\u00e1 en las afueras del evento.<\/p>\n<p>&nbsp;<\/p>\n<audio class=\"wp-audio-shortcode\" id=\"audio-124043-1\" preload=\"none\" style=\"width: 100%;\" controls=\"controls\"><source type=\"audio\/mpeg\" src=\"https:\/\/www.noticiasradioreflejos.com.ar\/2021\/wp-content\/uploads\/2025\/08\/Daniel-Etcheber-25-8.mp3?_=1\" \/><a href=\"https:\/\/www.noticiasradioreflejos.com.ar\/2021\/wp-content\/uploads\/2025\/08\/Daniel-Etcheber-25-8.mp3\">https:\/\/www.noticiasradioreflejos.com.ar\/2021\/wp-content\/uploads\/2025\/08\/Daniel-Etcheber-25-8.mp3<\/a><\/audio>\n","protected":false},"excerpt":{"rendered":"<p>El Delegado de Saldungaray agradece el apoyo del intendente Sergio Bordoni y destaca la labor de la planta municipal y la comunidad en la organizaci\u00f3n de la fiesta aniversario<\/p>\n","protected":false},"author":3,"featured_media":124104,"comment_status":"closed","ping_status":"closed","sticky":false,"template":"","format":"standard","meta":{"footnotes":""},"categories":[29],"tags":[48],"class_list":["post-124043","post","type-post","status-publish","format-standard","has-post-thumbnail","hentry","category-policiales","tag-destacada"],"yoast_head":"<!-- This site is optimized with the Yoast SEO plugin v25.9 - https:\/\/yoast.com\/wordpress\/plugins\/seo\/ -->\n<title>Daniel Etcheber: &quot;El pueblo se pone al servicio para hacer grandes cosas en Saldungaray&quot; - Noticias Radio Reflejos<\/title>\n<meta name=\"robots\" content=\"index, follow, max-snippet:-1, max-image-preview:large, max-video-preview:-1\" \/>\n<link rel=\"canonical\" href=\"https:\/\/www.noticiasradioreflejos.com.ar\/2021\/daniel-etcheber-el-pueblo-se-pone-al-servicio-para-hacer-grandes-cosas-en-saldungaray\/\" \/>\n<meta property=\"og:locale\" content=\"es_ES\" \/>\n<meta property=\"og:type\" content=\"article\" \/>\n<meta property=\"og:title\" content=\"Daniel Etcheber: &quot;El pueblo se pone al servicio para hacer grandes cosas en Saldungaray&quot; - Noticias Radio Reflejos\" \/>\n<meta property=\"og:description\" content=\"El Delegado de Saldungaray agradece el apoyo del intendente Sergio Bordoni y destaca la labor de la planta municipal y la comunidad en la organizaci\u00f3n de la fiesta aniversario\" \/>\n<meta property=\"og:url\" content=\"https:\/\/www.noticiasradioreflejos.com.ar\/2021\/daniel-etcheber-el-pueblo-se-pone-al-servicio-para-hacer-grandes-cosas-en-saldungaray\/\" \/>\n<meta property=\"og:site_name\" content=\"Noticias Radio Reflejos\" \/>\n<meta property=\"article:published_time\" content=\"2025-08-26T02:37:45+00:00\" \/>\n<meta property=\"article:modified_time\" content=\"2025-08-26T11:25:26+00:00\" \/>\n<meta property=\"og:image\" content=\"https:\/\/www.noticiasradioreflejos.com.ar\/2021\/wp-content\/uploads\/2025\/08\/Etcheber-Saldungaray.jpg\" \/>\n\t<meta property=\"og:image:width\" content=\"1600\" \/>\n\t<meta property=\"og:image:height\" content=\"958\" \/>\n\t<meta property=\"og:image:type\" content=\"image\/jpeg\" \/>\n<meta name=\"author\" content=\"Arnaldo Botto\" \/>\n<meta name=\"twitter:card\" content=\"summary_large_image\" \/>\n<script type=\"application\/ld+json\" class=\"yoast-schema-graph\">{\"@context\":\"https:\/\/schema.org\",\"@graph\":[{\"@type\":\"WebPage\",\"@id\":\"https:\/\/www.noticiasradioreflejos.com.ar\/2021\/daniel-etcheber-el-pueblo-se-pone-al-servicio-para-hacer-grandes-cosas-en-saldungaray\/\",\"url\":\"https:\/\/www.noticiasradioreflejos.com.ar\/2021\/daniel-etcheber-el-pueblo-se-pone-al-servicio-para-hacer-grandes-cosas-en-saldungaray\/\",\"name\":\"Daniel Etcheber: \\\"El pueblo se pone al servicio para hacer grandes cosas en Saldungaray\\\" - Noticias Radio Reflejos\",\"isPartOf\":{\"@id\":\"https:\/\/www.noticiasradioreflejos.com.ar\/2021\/#website\"},\"primaryImageOfPage\":{\"@id\":\"https:\/\/www.noticiasradioreflejos.com.ar\/2021\/daniel-etcheber-el-pueblo-se-pone-al-servicio-para-hacer-grandes-cosas-en-saldungaray\/#primaryimage\"},\"image\":{\"@id\":\"https:\/\/www.noticiasradioreflejos.com.ar\/2021\/daniel-etcheber-el-pueblo-se-pone-al-servicio-para-hacer-grandes-cosas-en-saldungaray\/#primaryimage\"},\"thumbnailUrl\":\"https:\/\/www.noticiasradioreflejos.com.ar\/2021\/wp-content\/uploads\/2025\/08\/Etcheber-Saldungaray.jpg\",\"datePublished\":\"2025-08-26T02:37:45+00:00\",\"dateModified\":\"2025-08-26T11:25:26+00:00\",\"author\":{\"@id\":\"https:\/\/www.noticiasradioreflejos.com.ar\/2021\/#\/schema\/person\/ad82545263dcc5ec0996818884fd5fb1\"},\"breadcrumb\":{\"@id\":\"https:\/\/www.noticiasradioreflejos.com.ar\/2021\/daniel-etcheber-el-pueblo-se-pone-al-servicio-para-hacer-grandes-cosas-en-saldungaray\/#breadcrumb\"},\"inLanguage\":\"es\",\"potentialAction\":[{\"@type\":\"ReadAction\",\"target\":[\"https:\/\/www.noticiasradioreflejos.com.ar\/2021\/daniel-etcheber-el-pueblo-se-pone-al-servicio-para-hacer-grandes-cosas-en-saldungaray\/\"]}]},{\"@type\":\"ImageObject\",\"inLanguage\":\"es\",\"@id\":\"https:\/\/www.noticiasradioreflejos.com.ar\/2021\/daniel-etcheber-el-pueblo-se-pone-al-servicio-para-hacer-grandes-cosas-en-saldungaray\/#primaryimage\",\"url\":\"https:\/\/www.noticiasradioreflejos.com.ar\/2021\/wp-content\/uploads\/2025\/08\/Etcheber-Saldungaray.jpg\",\"contentUrl\":\"https:\/\/www.noticiasradioreflejos.com.ar\/2021\/wp-content\/uploads\/2025\/08\/Etcheber-Saldungaray.jpg\",\"width\":1600,\"height\":958},{\"@type\":\"BreadcrumbList\",\"@id\":\"https:\/\/www.noticiasradioreflejos.com.ar\/2021\/daniel-etcheber-el-pueblo-se-pone-al-servicio-para-hacer-grandes-cosas-en-saldungaray\/#breadcrumb\",\"itemListElement\":[{\"@type\":\"ListItem\",\"position\":1,\"name\":\"Portada\",\"item\":\"https:\/\/www.noticiasradioreflejos.com.ar\/2021\/\"},{\"@type\":\"ListItem\",\"position\":2,\"name\":\"Daniel Etcheber: \u00abEl pueblo se pone al servicio para hacer grandes cosas en Saldungaray\u00bb\"}]},{\"@type\":\"WebSite\",\"@id\":\"https:\/\/www.noticiasradioreflejos.com.ar\/2021\/#website\",\"url\":\"https:\/\/www.noticiasradioreflejos.com.ar\/2021\/\",\"name\":\"Noticias Radio Reflejos\",\"description\":\"Las noticias de mi comarca\",\"potentialAction\":[{\"@type\":\"SearchAction\",\"target\":{\"@type\":\"EntryPoint\",\"urlTemplate\":\"https:\/\/www.noticiasradioreflejos.com.ar\/2021\/?s={search_term_string}\"},\"query-input\":{\"@type\":\"PropertyValueSpecification\",\"valueRequired\":true,\"valueName\":\"search_term_string\"}}],\"inLanguage\":\"es\"},{\"@type\":\"Person\",\"@id\":\"https:\/\/www.noticiasradioreflejos.com.ar\/2021\/#\/schema\/person\/ad82545263dcc5ec0996818884fd5fb1\",\"name\":\"Arnaldo Botto\",\"image\":{\"@type\":\"ImageObject\",\"inLanguage\":\"es\",\"@id\":\"https:\/\/www.noticiasradioreflejos.com.ar\/2021\/#\/schema\/person\/image\/\",\"url\":\"https:\/\/secure.gravatar.com\/avatar\/55cb5e37c1efa326397366e6974cb338056df65cb50e7d64d1cf314e87504837?s=96&d=mm&r=g\",\"contentUrl\":\"https:\/\/secure.gravatar.com\/avatar\/55cb5e37c1efa326397366e6974cb338056df65cb50e7d64d1cf314e87504837?s=96&d=mm&r=g\",\"caption\":\"Arnaldo Botto\"},\"url\":\"https:\/\/www.noticiasradioreflejos.com.ar\/2021\/author\/arnaldo\/\"}]}<\/script>\n<!-- \/ Yoast SEO plugin. -->","yoast_head_json":{"title":"Daniel Etcheber: \"El pueblo se pone al servicio para hacer grandes cosas en Saldungaray\" - Noticias Radio Reflejos","robots":{"index":"index","follow":"follow","max-snippet":"max-snippet:-1","max-image-preview":"max-image-preview:large","max-video-preview":"max-video-preview:-1"},"canonical":"https:\/\/www.noticiasradioreflejos.com.ar\/2021\/daniel-etcheber-el-pueblo-se-pone-al-servicio-para-hacer-grandes-cosas-en-saldungaray\/","og_locale":"es_ES","og_type":"article","og_title":"Daniel Etcheber: \"El pueblo se pone al servicio para hacer grandes cosas en Saldungaray\" - Noticias Radio Reflejos","og_description":"El Delegado de Saldungaray agradece el apoyo del intendente Sergio Bordoni y destaca la labor de la planta municipal y la comunidad en la organizaci\u00f3n de la fiesta aniversario","og_url":"https:\/\/www.noticiasradioreflejos.com.ar\/2021\/daniel-etcheber-el-pueblo-se-pone-al-servicio-para-hacer-grandes-cosas-en-saldungaray\/","og_site_name":"Noticias Radio Reflejos","article_published_time":"2025-08-26T02:37:45+00:00","article_modified_time":"2025-08-26T11:25:26+00:00","og_image":[{"width":1600,"height":958,"url":"https:\/\/www.noticiasradioreflejos.com.ar\/2021\/wp-content\/uploads\/2025\/08\/Etcheber-Saldungaray.jpg","type":"image\/jpeg"}],"author":"Arnaldo Botto","twitter_card":"summary_large_image","schema":{"@context":"https:\/\/schema.org","@graph":[{"@type":"WebPage","@id":"https:\/\/www.noticiasradioreflejos.com.ar\/2021\/daniel-etcheber-el-pueblo-se-pone-al-servicio-para-hacer-grandes-cosas-en-saldungaray\/","url":"https:\/\/www.noticiasradioreflejos.com.ar\/2021\/daniel-etcheber-el-pueblo-se-pone-al-servicio-para-hacer-grandes-cosas-en-saldungaray\/","name":"Daniel Etcheber: \"El pueblo se pone al servicio para hacer grandes cosas en Saldungaray\" - Noticias Radio Reflejos","isPartOf":{"@id":"https:\/\/www.noticiasradioreflejos.com.ar\/2021\/#website"},"primaryImageOfPage":{"@id":"https:\/\/www.noticiasradioreflejos.com.ar\/2021\/daniel-etcheber-el-pueblo-se-pone-al-servicio-para-hacer-grandes-cosas-en-saldungaray\/#primaryimage"},"image":{"@id":"https:\/\/www.noticiasradioreflejos.com.ar\/2021\/daniel-etcheber-el-pueblo-se-pone-al-servicio-para-hacer-grandes-cosas-en-saldungaray\/#primaryimage"},"thumbnailUrl":"https:\/\/www.noticiasradioreflejos.com.ar\/2021\/wp-content\/uploads\/2025\/08\/Etcheber-Saldungaray.jpg","datePublished":"2025-08-26T02:37:45+00:00","dateModified":"2025-08-26T11:25:26+00:00","author":{"@id":"https:\/\/www.noticiasradioreflejos.com.ar\/2021\/#\/schema\/person\/ad82545263dcc5ec0996818884fd5fb1"},"breadcrumb":{"@id":"https:\/\/www.noticiasradioreflejos.com.ar\/2021\/daniel-etcheber-el-pueblo-se-pone-al-servicio-para-hacer-grandes-cosas-en-saldungaray\/#breadcrumb"},"inLanguage":"es","potentialAction":[{"@type":"ReadAction","target":["https:\/\/www.noticiasradioreflejos.com.ar\/2021\/daniel-etcheber-el-pueblo-se-pone-al-servicio-para-hacer-grandes-cosas-en-saldungaray\/"]}]},{"@type":"ImageObject","inLanguage":"es","@id":"https:\/\/www.noticiasradioreflejos.com.ar\/2021\/daniel-etcheber-el-pueblo-se-pone-al-servicio-para-hacer-grandes-cosas-en-saldungaray\/#primaryimage","url":"https:\/\/www.noticiasradioreflejos.com.ar\/2021\/wp-content\/uploads\/2025\/08\/Etcheber-Saldungaray.jpg","contentUrl":"https:\/\/www.noticiasradioreflejos.com.ar\/2021\/wp-content\/uploads\/2025\/08\/Etcheber-Saldungaray.jpg","width":1600,"height":958},{"@type":"BreadcrumbList","@id":"https:\/\/www.noticiasradioreflejos.com.ar\/2021\/daniel-etcheber-el-pueblo-se-pone-al-servicio-para-hacer-grandes-cosas-en-saldungaray\/#breadcrumb","itemListElement":[{"@type":"ListItem","position":1,"name":"Portada","item":"https:\/\/www.noticiasradioreflejos.com.ar\/2021\/"},{"@type":"ListItem","position":2,"name":"Daniel Etcheber: \u00abEl pueblo se pone al servicio para hacer grandes cosas en Saldungaray\u00bb"}]},{"@type":"WebSite","@id":"https:\/\/www.noticiasradioreflejos.com.ar\/2021\/#website","url":"https:\/\/www.noticiasradioreflejos.com.ar\/2021\/","name":"Noticias Radio Reflejos","description":"Las noticias de mi comarca","potentialAction":[{"@type":"SearchAction","target":{"@type":"EntryPoint","urlTemplate":"https:\/\/www.noticiasradioreflejos.com.ar\/2021\/?s={search_term_string}"},"query-input":{"@type":"PropertyValueSpecification","valueRequired":true,"valueName":"search_term_string"}}],"inLanguage":"es"},{"@type":"Person","@id":"https:\/\/www.noticiasradioreflejos.com.ar\/2021\/#\/schema\/person\/ad82545263dcc5ec0996818884fd5fb1","name":"Arnaldo Botto","image":{"@type":"ImageObject","inLanguage":"es","@id":"https:\/\/www.noticiasradioreflejos.com.ar\/2021\/#\/schema\/person\/image\/","url":"https:\/\/secure.gravatar.com\/avatar\/55cb5e37c1efa326397366e6974cb338056df65cb50e7d64d1cf314e87504837?s=96&d=mm&r=g","contentUrl":"https:\/\/secure.gravatar.com\/avatar\/55cb5e37c1efa326397366e6974cb338056df65cb50e7d64d1cf314e87504837?s=96&d=mm&r=g","caption":"Arnaldo Botto"},"url":"https:\/\/www.noticiasradioreflejos.com.ar\/2021\/author\/arnaldo\/"}]}},"_links":{"self":[{"href":"https:\/\/www.noticiasradioreflejos.com.ar\/2021\/wp-json\/wp\/v2\/posts\/124043","targetHints":{"allow":["GET"]}}],"collection":[{"href":"https:\/\/www.noticiasradioreflejos.com.ar\/2021\/wp-json\/wp\/v2\/posts"}],"about":[{"href":"https:\/\/www.noticiasradioreflejos.com.ar\/2021\/wp-json\/wp\/v2\/types\/post"}],"author":[{"embeddable":true,"href":"https:\/\/www.noticiasradioreflejos.com.ar\/2021\/wp-json\/wp\/v2\/users\/3"}],"replies":[{"embeddable":true,"href":"https:\/\/www.noticiasradioreflejos.com.ar\/2021\/wp-json\/wp\/v2\/comments?post=124043"}],"version-history":[{"count":7,"href":"https:\/\/www.noticiasradioreflejos.com.ar\/2021\/wp-json\/wp\/v2\/posts\/124043\/revisions"}],"predecessor-version":[{"id":124122,"href":"https:\/\/www.noticiasradioreflejos.com.ar\/2021\/wp-json\/wp\/v2\/posts\/124043\/revisions\/124122"}],"wp:featuredmedia":[{"embeddable":true,"href":"https:\/\/www.noticiasradioreflejos.com.ar\/2021\/wp-json\/wp\/v2\/media\/124104"}],"wp:attachment":[{"href":"https:\/\/www.noticiasradioreflejos.com.ar\/2021\/wp-json\/wp\/v2\/media?parent=124043"}],"wp:term":[{"taxonomy":"category","embeddable":true,"href":"https:\/\/www.noticiasradioreflejos.com.ar\/2021\/wp-json\/wp\/v2\/categories?post=124043"},{"taxonomy":"post_tag","embeddable":true,"href":"https:\/\/www.noticiasradioreflejos.com.ar\/2021\/wp-json\/wp\/v2\/tags?post=124043"}],"curies":[{"name":"wp","href":"https:\/\/api.w.org\/{rel}","templated":true}]}}