{"id":12377,"date":"2017-07-17T19:40:24","date_gmt":"2017-07-17T22:40:24","guid":{"rendered":"http:\/\/www.noticiasradioreflejos.com.ar\/noticias\/?p=12377"},"modified":"2017-07-17T19:40:24","modified_gmt":"2017-07-17T22:40:24","slug":"hockey-valentina-abarzua-y-priscila-sandobal-la-rompieron-la-seleccion-de-bahia","status":"publish","type":"post","link":"https:\/\/www.noticiasradioreflejos.com.ar\/2021\/hockey-valentina-abarzua-y-priscila-sandobal-la-rompieron-la-seleccion-de-bahia\/","title":{"rendered":"Hockey: Valentina Abarz\u00faa y Priscila Sandobal la \u201crompieron\u201d en la selecci\u00f3n de Bah\u00eda"},"content":{"rendered":"<p>Las jugadoras de Uni\u00f3n Valentina Abarz\u00faa y Priscila Sandobal se consagraron subcampeonas del Campeonato Regional Bonaerense B con la Selecci\u00f3n Sub-14 \u201cB\u201d de la Asociaci\u00f3n Bahiense de Hockey.<br \/>\nPor de m\u00e1s destacada fue la participaci\u00f3n de las dos Lobas en el cert\u00e1men que se desarroll\u00f3 del jueves 13 al domingo 16 de este mes en Mar del Plata.<!--more--><br \/>\nValentina (categor\u00eda 2003), fue la capitana del seleccionado y una de las defensoras titulares en los cuatro partidos que disputaron.<br \/>\nPriscila (2004), por su parte, fue la goleadora del equipo con tres goles, anotados en los tres primeros cotejos y fundamentales para que el elenco dirigido por Oscar Ruiz llegue a la final del torneo.<br \/>\nConvirti\u00f3 en el 1 a 1 ante Uruguay \u201cB\u201d, en el 2 a 0 sobre Cuenca del Salado \u201cB\u201d (fase de grupos), y en el 2 a 1 ante Noroeste \u201cB\u201d en la semifinal del campeonato.<br \/>\nUn verdadero orgullo para la instituci\u00f3n, que contin\u00faa haciendo su aporte y dejando su huella en las distintas categor\u00edas de la Selecci\u00f3n de la Asociaci\u00f3n Bahiense, una de las m\u00e1s importantes del pa\u00eds.<br \/>\nMAS IM\u00c1GENES: CLICK AQU\u00cd<br \/>\nPrensa Club Uni\u00f3n<br \/>\nwww.uniondetornquist.com &#8211; clubuniondetornquist@gmail.com &#8211; \/ClubUnionDeTornquist &#8211; @UnionTornquist<\/p>\n","protected":false},"excerpt":{"rendered":"<p>Las jugadoras de Uni\u00f3n Valentina Abarz\u00faa y Priscila Sandobal se consagraron subcampeonas del Campeonato Regional Bonaerense B con la Selecci\u00f3n Sub-14 \u201cB\u201d de la Asociaci\u00f3n Bahiense de Hockey. Por de m\u00e1s destacada fue la participaci\u00f3n de las dos Lobas en el cert\u00e1men que se desarroll\u00f3 del jueves 13 al domingo 16 de este mes en [&hellip;]<\/p>\n","protected":false},"author":3,"featured_media":0,"comment_status":"closed","ping_status":"open","sticky":false,"template":"","format":"standard","meta":{"footnotes":""},"categories":[25],"tags":[],"class_list":["post-12377","post","type-post","status-publish","format-standard","hentry","category-uncategorized"],"yoast_head":"<!-- This site is optimized with the Yoast SEO plugin v25.9 - https:\/\/yoast.com\/wordpress\/plugins\/seo\/ -->\n<title>Hockey: Valentina Abarz\u00faa y Priscila Sandobal la \u201crompieron\u201d en la selecci\u00f3n de Bah\u00eda - Noticias Radio Reflejos<\/title>\n<meta name=\"robots\" content=\"index, follow, max-snippet:-1, max-image-preview:large, max-video-preview:-1\" \/>\n<link rel=\"canonical\" href=\"https:\/\/www.noticiasradioreflejos.com.ar\/2021\/hockey-valentina-abarzua-y-priscila-sandobal-la-rompieron-la-seleccion-de-bahia\/\" \/>\n<meta property=\"og:locale\" content=\"es_ES\" \/>\n<meta property=\"og:type\" content=\"article\" \/>\n<meta property=\"og:title\" content=\"Hockey: Valentina Abarz\u00faa y Priscila Sandobal la \u201crompieron\u201d en la selecci\u00f3n de Bah\u00eda - Noticias Radio Reflejos\" \/>\n<meta property=\"og:description\" content=\"Las jugadoras de Uni\u00f3n Valentina Abarz\u00faa y Priscila Sandobal se consagraron subcampeonas del Campeonato Regional Bonaerense B con la Selecci\u00f3n Sub-14 \u201cB\u201d de la Asociaci\u00f3n Bahiense de Hockey. Por de m\u00e1s destacada fue la participaci\u00f3n de las dos Lobas en el cert\u00e1men que se desarroll\u00f3 del jueves 13 al domingo 16 de este mes en [&hellip;]\" \/>\n<meta property=\"og:url\" content=\"https:\/\/www.noticiasradioreflejos.com.ar\/2021\/hockey-valentina-abarzua-y-priscila-sandobal-la-rompieron-la-seleccion-de-bahia\/\" \/>\n<meta property=\"og:site_name\" content=\"Noticias Radio Reflejos\" \/>\n<meta property=\"article:published_time\" content=\"2017-07-17T22:40:24+00:00\" \/>\n<meta property=\"og:image\" content=\"https:\/\/www.noticiasradioreflejos.com.ar\/2021\/wp-content\/uploads\/2021\/07\/logosol300x200.png\" \/>\n\t<meta property=\"og:image:width\" content=\"300\" \/>\n\t<meta property=\"og:image:height\" content=\"200\" \/>\n\t<meta property=\"og:image:type\" content=\"image\/png\" \/>\n<meta name=\"author\" content=\"Arnaldo Botto\" \/>\n<meta name=\"twitter:card\" content=\"summary_large_image\" \/>\n<script type=\"application\/ld+json\" class=\"yoast-schema-graph\">{\"@context\":\"https:\/\/schema.org\",\"@graph\":[{\"@type\":\"WebPage\",\"@id\":\"https:\/\/www.noticiasradioreflejos.com.ar\/2021\/hockey-valentina-abarzua-y-priscila-sandobal-la-rompieron-la-seleccion-de-bahia\/\",\"url\":\"https:\/\/www.noticiasradioreflejos.com.ar\/2021\/hockey-valentina-abarzua-y-priscila-sandobal-la-rompieron-la-seleccion-de-bahia\/\",\"name\":\"Hockey: Valentina Abarz\u00faa y Priscila Sandobal la \u201crompieron\u201d en la selecci\u00f3n de Bah\u00eda - Noticias Radio Reflejos\",\"isPartOf\":{\"@id\":\"https:\/\/www.noticiasradioreflejos.com.ar\/2021\/#website\"},\"datePublished\":\"2017-07-17T22:40:24+00:00\",\"author\":{\"@id\":\"https:\/\/www.noticiasradioreflejos.com.ar\/2021\/#\/schema\/person\/ad82545263dcc5ec0996818884fd5fb1\"},\"breadcrumb\":{\"@id\":\"https:\/\/www.noticiasradioreflejos.com.ar\/2021\/hockey-valentina-abarzua-y-priscila-sandobal-la-rompieron-la-seleccion-de-bahia\/#breadcrumb\"},\"inLanguage\":\"es\",\"potentialAction\":[{\"@type\":\"ReadAction\",\"target\":[\"https:\/\/www.noticiasradioreflejos.com.ar\/2021\/hockey-valentina-abarzua-y-priscila-sandobal-la-rompieron-la-seleccion-de-bahia\/\"]}]},{\"@type\":\"BreadcrumbList\",\"@id\":\"https:\/\/www.noticiasradioreflejos.com.ar\/2021\/hockey-valentina-abarzua-y-priscila-sandobal-la-rompieron-la-seleccion-de-bahia\/#breadcrumb\",\"itemListElement\":[{\"@type\":\"ListItem\",\"position\":1,\"name\":\"Portada\",\"item\":\"https:\/\/www.noticiasradioreflejos.com.ar\/2021\/\"},{\"@type\":\"ListItem\",\"position\":2,\"name\":\"Hockey: Valentina Abarz\u00faa y Priscila Sandobal la \u201crompieron\u201d en la selecci\u00f3n de Bah\u00eda\"}]},{\"@type\":\"WebSite\",\"@id\":\"https:\/\/www.noticiasradioreflejos.com.ar\/2021\/#website\",\"url\":\"https:\/\/www.noticiasradioreflejos.com.ar\/2021\/\",\"name\":\"Noticias Radio Reflejos\",\"description\":\"Las noticias de mi comarca\",\"potentialAction\":[{\"@type\":\"SearchAction\",\"target\":{\"@type\":\"EntryPoint\",\"urlTemplate\":\"https:\/\/www.noticiasradioreflejos.com.ar\/2021\/?s={search_term_string}\"},\"query-input\":{\"@type\":\"PropertyValueSpecification\",\"valueRequired\":true,\"valueName\":\"search_term_string\"}}],\"inLanguage\":\"es\"},{\"@type\":\"Person\",\"@id\":\"https:\/\/www.noticiasradioreflejos.com.ar\/2021\/#\/schema\/person\/ad82545263dcc5ec0996818884fd5fb1\",\"name\":\"Arnaldo Botto\",\"image\":{\"@type\":\"ImageObject\",\"inLanguage\":\"es\",\"@id\":\"https:\/\/www.noticiasradioreflejos.com.ar\/2021\/#\/schema\/person\/image\/\",\"url\":\"https:\/\/secure.gravatar.com\/avatar\/55cb5e37c1efa326397366e6974cb338056df65cb50e7d64d1cf314e87504837?s=96&d=mm&r=g\",\"contentUrl\":\"https:\/\/secure.gravatar.com\/avatar\/55cb5e37c1efa326397366e6974cb338056df65cb50e7d64d1cf314e87504837?s=96&d=mm&r=g\",\"caption\":\"Arnaldo Botto\"},\"url\":\"https:\/\/www.noticiasradioreflejos.com.ar\/2021\/author\/arnaldo\/\"}]}<\/script>\n<!-- \/ Yoast SEO plugin. -->","yoast_head_json":{"title":"Hockey: Valentina Abarz\u00faa y Priscila Sandobal la \u201crompieron\u201d en la selecci\u00f3n de Bah\u00eda - Noticias Radio Reflejos","robots":{"index":"index","follow":"follow","max-snippet":"max-snippet:-1","max-image-preview":"max-image-preview:large","max-video-preview":"max-video-preview:-1"},"canonical":"https:\/\/www.noticiasradioreflejos.com.ar\/2021\/hockey-valentina-abarzua-y-priscila-sandobal-la-rompieron-la-seleccion-de-bahia\/","og_locale":"es_ES","og_type":"article","og_title":"Hockey: Valentina Abarz\u00faa y Priscila Sandobal la \u201crompieron\u201d en la selecci\u00f3n de Bah\u00eda - Noticias Radio Reflejos","og_description":"Las jugadoras de Uni\u00f3n Valentina Abarz\u00faa y Priscila Sandobal se consagraron subcampeonas del Campeonato Regional Bonaerense B con la Selecci\u00f3n Sub-14 \u201cB\u201d de la Asociaci\u00f3n Bahiense de Hockey. Por de m\u00e1s destacada fue la participaci\u00f3n de las dos Lobas en el cert\u00e1men que se desarroll\u00f3 del jueves 13 al domingo 16 de este mes en [&hellip;]","og_url":"https:\/\/www.noticiasradioreflejos.com.ar\/2021\/hockey-valentina-abarzua-y-priscila-sandobal-la-rompieron-la-seleccion-de-bahia\/","og_site_name":"Noticias Radio Reflejos","article_published_time":"2017-07-17T22:40:24+00:00","og_image":[{"width":300,"height":200,"url":"https:\/\/www.noticiasradioreflejos.com.ar\/2021\/wp-content\/uploads\/2021\/07\/logosol300x200.png","type":"image\/png"}],"author":"Arnaldo Botto","twitter_card":"summary_large_image","schema":{"@context":"https:\/\/schema.org","@graph":[{"@type":"WebPage","@id":"https:\/\/www.noticiasradioreflejos.com.ar\/2021\/hockey-valentina-abarzua-y-priscila-sandobal-la-rompieron-la-seleccion-de-bahia\/","url":"https:\/\/www.noticiasradioreflejos.com.ar\/2021\/hockey-valentina-abarzua-y-priscila-sandobal-la-rompieron-la-seleccion-de-bahia\/","name":"Hockey: Valentina Abarz\u00faa y Priscila Sandobal la \u201crompieron\u201d en la selecci\u00f3n de Bah\u00eda - Noticias Radio Reflejos","isPartOf":{"@id":"https:\/\/www.noticiasradioreflejos.com.ar\/2021\/#website"},"datePublished":"2017-07-17T22:40:24+00:00","author":{"@id":"https:\/\/www.noticiasradioreflejos.com.ar\/2021\/#\/schema\/person\/ad82545263dcc5ec0996818884fd5fb1"},"breadcrumb":{"@id":"https:\/\/www.noticiasradioreflejos.com.ar\/2021\/hockey-valentina-abarzua-y-priscila-sandobal-la-rompieron-la-seleccion-de-bahia\/#breadcrumb"},"inLanguage":"es","potentialAction":[{"@type":"ReadAction","target":["https:\/\/www.noticiasradioreflejos.com.ar\/2021\/hockey-valentina-abarzua-y-priscila-sandobal-la-rompieron-la-seleccion-de-bahia\/"]}]},{"@type":"BreadcrumbList","@id":"https:\/\/www.noticiasradioreflejos.com.ar\/2021\/hockey-valentina-abarzua-y-priscila-sandobal-la-rompieron-la-seleccion-de-bahia\/#breadcrumb","itemListElement":[{"@type":"ListItem","position":1,"name":"Portada","item":"https:\/\/www.noticiasradioreflejos.com.ar\/2021\/"},{"@type":"ListItem","position":2,"name":"Hockey: Valentina Abarz\u00faa y Priscila Sandobal la \u201crompieron\u201d en la selecci\u00f3n de Bah\u00eda"}]},{"@type":"WebSite","@id":"https:\/\/www.noticiasradioreflejos.com.ar\/2021\/#website","url":"https:\/\/www.noticiasradioreflejos.com.ar\/2021\/","name":"Noticias Radio Reflejos","description":"Las noticias de mi comarca","potentialAction":[{"@type":"SearchAction","target":{"@type":"EntryPoint","urlTemplate":"https:\/\/www.noticiasradioreflejos.com.ar\/2021\/?s={search_term_string}"},"query-input":{"@type":"PropertyValueSpecification","valueRequired":true,"valueName":"search_term_string"}}],"inLanguage":"es"},{"@type":"Person","@id":"https:\/\/www.noticiasradioreflejos.com.ar\/2021\/#\/schema\/person\/ad82545263dcc5ec0996818884fd5fb1","name":"Arnaldo Botto","image":{"@type":"ImageObject","inLanguage":"es","@id":"https:\/\/www.noticiasradioreflejos.com.ar\/2021\/#\/schema\/person\/image\/","url":"https:\/\/secure.gravatar.com\/avatar\/55cb5e37c1efa326397366e6974cb338056df65cb50e7d64d1cf314e87504837?s=96&d=mm&r=g","contentUrl":"https:\/\/secure.gravatar.com\/avatar\/55cb5e37c1efa326397366e6974cb338056df65cb50e7d64d1cf314e87504837?s=96&d=mm&r=g","caption":"Arnaldo Botto"},"url":"https:\/\/www.noticiasradioreflejos.com.ar\/2021\/author\/arnaldo\/"}]}},"_links":{"self":[{"href":"https:\/\/www.noticiasradioreflejos.com.ar\/2021\/wp-json\/wp\/v2\/posts\/12377","targetHints":{"allow":["GET"]}}],"collection":[{"href":"https:\/\/www.noticiasradioreflejos.com.ar\/2021\/wp-json\/wp\/v2\/posts"}],"about":[{"href":"https:\/\/www.noticiasradioreflejos.com.ar\/2021\/wp-json\/wp\/v2\/types\/post"}],"author":[{"embeddable":true,"href":"https:\/\/www.noticiasradioreflejos.com.ar\/2021\/wp-json\/wp\/v2\/users\/3"}],"replies":[{"embeddable":true,"href":"https:\/\/www.noticiasradioreflejos.com.ar\/2021\/wp-json\/wp\/v2\/comments?post=12377"}],"version-history":[{"count":0,"href":"https:\/\/www.noticiasradioreflejos.com.ar\/2021\/wp-json\/wp\/v2\/posts\/12377\/revisions"}],"wp:attachment":[{"href":"https:\/\/www.noticiasradioreflejos.com.ar\/2021\/wp-json\/wp\/v2\/media?parent=12377"}],"wp:term":[{"taxonomy":"category","embeddable":true,"href":"https:\/\/www.noticiasradioreflejos.com.ar\/2021\/wp-json\/wp\/v2\/categories?post=12377"},{"taxonomy":"post_tag","embeddable":true,"href":"https:\/\/www.noticiasradioreflejos.com.ar\/2021\/wp-json\/wp\/v2\/tags?post=12377"}],"curies":[{"name":"wp","href":"https:\/\/api.w.org\/{rel}","templated":true}]}}