{"id":123763,"date":"2025-08-20T07:44:05","date_gmt":"2025-08-20T10:44:05","guid":{"rendered":"https:\/\/www.noticiasradioreflejos.com.ar\/2021\/?p=123763"},"modified":"2025-08-20T13:11:15","modified_gmt":"2025-08-20T16:11:15","slug":"calendario-de-eventos-turisticos-de-la-provincia-de-buenos-aires-del-21-al-28-de-agosto","status":"publish","type":"post","link":"https:\/\/www.noticiasradioreflejos.com.ar\/2021\/calendario-de-eventos-turisticos-de-la-provincia-de-buenos-aires-del-21-al-28-de-agosto\/","title":{"rendered":"Calendario de eventos tur\u00edsticos de la provincia de Buenos Aires del 21 al 28 de agosto"},"content":{"rendered":"<p>Finaliza el mes de agosto y la provincia de Buenos Aires contin\u00faa ofreciendo propuestas variadas para todo p\u00fablico.<!--more--><\/p>\n<p>Azul llevar\u00e1 a cabo el Festival de la Trufa de Chillar; Luj\u00e1n, el Festival Pinta; Marcos Paz, la 2\u00ba Marcos Paz Vinos; Berazategui, el 36\u00b0 Berazategui Jazz; Pila, realizar\u00e1 Pila Canta II; San Fernando, la 2\u00ba Feria del Libro Regional; Laprida, el 2\u00b0 Desaf\u00edo Aventura Salamone; y Saavedra, la visita guiada Descubr\u00ed La Trufa Negra en la localidad de Espartillar.<\/p>\n<p class=\"article-text\"><strong>CAT\u00c1LOGO ANUAL DE EVENTOS<\/strong><a class=\"link\" href=\"https:\/\/drive.google.com\/file\/d\/1EWZ0RD_tVSeCnAf3KECxLN3EUMb_V4wO\/view\" target=\"_blank\" rel=\"noopener\" data-mrf-recirculation=\"links-noticia\" data-mrf-link=\"https:\/\/drive.google.com\/file\/d\/1EWZ0RD_tVSeCnAf3KECxLN3EUMb_V4wO\/view\"><strong>\u00a0AC\u00c1<\/strong><\/a><\/p>\n<p class=\"article-text\">M\u00e1s info en\u00a0<a class=\"link\" href=\"http:\/\/www.buenosaires.tur.ar\/\" target=\"_blank\" rel=\"noopener\" data-mrf-recirculation=\"links-noticia\" data-mrf-link=\"http:\/\/www.buenosaires.tur.ar\/\">www.buenosaires.tur.ar<\/a>\u00a0@turismopba<\/p>\n<p class=\"article-text\"><strong>FIESTAS POPULARES<\/strong><\/p>\n<p class=\"article-text\"><strong>NECOCHEA (Quequ\u00e9n)<\/strong><\/p>\n<div class=\"list\">\n<ul>\n<li><strong>171\u00ba Aniversario de Quequ\u00e9n<\/strong><\/li>\n<li><strong>ENTRADA GRATUITA<\/strong><\/li>\n<li>Fecha, hora y lugar: Viernes 22 y s\u00e1bado 23, a las 15:00; y domingo 24, a las 15:30, en la plaza Hipolito Yrigoyen.<\/li>\n<li>Descripci\u00f3n: Acto protocolar, desfile tradicional, emprendedores y carros gastron\u00f3micos, espect\u00e1culo \u201cUn monstruo en la pantalla\u201d y, todos los d\u00edas a las 15:30, bandas locales y regionales, con la presentaci\u00f3n de 18 Kilates y Los Chaza. Entrada gratuita. Organiza la Municipalidad de Necochea y la Delegaci\u00f3n de Quequ\u00e9n. Evento previsto para el 1\u00ba de agosto que debiera ser reprogramado por cuestiones clim\u00e1ticas adversas.<\/li>\n<li>M\u00e1s informaci\u00f3n:\u00a0<a href=\"http:\/\/www.instagram.com\/necocheatur\/\" target=\"_blank\" rel=\"noopener\" data-mrf-recirculation=\"links-noticia\" data-mrf-link=\"http:\/\/www.instagram.com\/necocheatur\/\">www.instagram.com\/necocheatur\/<\/a>\u00a0&#8211;\u00a0<a href=\"http:\/\/www.facebook.com\/NecocheaTur\" target=\"_blank\" rel=\"noopener\" data-mrf-recirculation=\"links-noticia\" data-mrf-link=\"http:\/\/www.facebook.com\/NecocheaTur\">www.facebook.com\/NecocheaTur<\/a><\/li>\n<\/ul>\n<\/div>\n<p class=\"article-text\"><strong>CAPIT\u00c1N SARMIENTO (La Luisa)<\/strong><\/p>\n<div class=\"list\">\n<ul>\n<li><strong>10\u00b0 Fiesta Provincial de la Pastafrola<\/strong><\/li>\n<li><strong>ENTRADA GRATUITA<\/strong><\/li>\n<li>Fecha, hora y lugar: S\u00e1bado 23 y domingo 24, desde las 11:00, en la localidad de La Luisa.<\/li>\n<li>Descripci\u00f3n: Elecci\u00f3n de la mejor pastafrola elaborada por panaderos locales, espect\u00e1culos musicales en vivo, artesanos, microemprendedores y gastron\u00f3micos. Entrada gratuita. Organiza la Municipalidad de Capit\u00e1n Sarmiento.<\/li>\n<li>M\u00e1s informaci\u00f3n:<a href=\"http:\/\/www.instagram.com\/turismo_capitansarmiento\/\" target=\"_blank\" rel=\"noopener\" data-mrf-recirculation=\"links-noticia\" data-mrf-link=\"http:\/\/www.instagram.com\/turismo_capitansarmiento\/\">\u00a0www.instagram.com\/turismo_capitansarmiento\/<\/a>\u00a0&#8211;\u00a0<a href=\"http:\/\/www.facebook.com\/municipalidadcapitansarmiento\" target=\"_blank\" rel=\"noopener\" data-mrf-recirculation=\"links-noticia\" data-mrf-link=\"http:\/\/www.facebook.com\/municipalidadcapitansarmiento\">www.facebook.com\/municipalidadcapitansarmiento<\/a><\/li>\n<\/ul>\n<\/div>\n<p class=\"article-text\"><strong>JUN\u00cdN<\/strong><\/p>\n<div class=\"list\">\n<ul>\n<li><strong>Fiesta del Fort\u00edn<\/strong><\/li>\n<li><strong>ENTRADA GRATUITA<\/strong><\/li>\n<li>Fecha, hora y lugar: S\u00e1bado 23, a las 14:00; y domingo 24, 10:30, en Fort\u00edn Tiburcio.<\/li>\n<li>Descripci\u00f3n: Dos jornadas de m\u00fasica y tradici\u00f3n. El s\u00e1bado comenzar\u00e1 con juego de riendas, apertura del patio de comidas y paseo de artesanos. A las 20:00, fog\u00f3n criollo y baile en la Comisi\u00f3n de Fomento. Domingo, inicio del d\u00eda con el desfile criollo, 12:30 gran almuerzo; a las 14:00 carrera de sortijas y juegos tradicionales. Desde las 14:30, shows en vivo con la presentaci\u00f3n de artistas en el escenario mayor. Entrada gratuita. Organiza la Delegaci\u00f3n de Fort\u00edn Tiburcio con el apoyo de la Municipalidad de Jun\u00edn.<\/li>\n<li>M\u00e1s informaci\u00f3n:<a href=\"http:\/\/www.instagram.com\/juninturismo\/\" target=\"_blank\" rel=\"noopener\" data-mrf-recirculation=\"links-noticia\" data-mrf-link=\"http:\/\/www.instagram.com\/juninturismo\/\">\u00a0www.instagram.com\/juninturismo\/<\/a>\u00a0&#8211;\u00a0<a href=\"http:\/\/www.facebook.com\/turismojunin\" target=\"_blank\" rel=\"noopener\" data-mrf-recirculation=\"links-noticia\" data-mrf-link=\"http:\/\/www.facebook.com\/turismojunin\">www.facebook.com\/turismojunin<\/a><\/li>\n<\/ul>\n<\/div>\n<p class=\"article-text\"><strong>AZUL (Chillar)<\/strong><\/p>\n<div class=\"list\">\n<ul>\n<li><strong>Festival de la Trufa de Chillar<\/strong><\/li>\n<li>Fecha, hora y lugar: Domingo 24, desde las 11:00, en distintos espacios f\u00edsicos de la localidad.<\/li>\n<li>Descripci\u00f3n: Comienza con una visita guiada a la trufera \u201cLa Esperanza\u201d. Al mediod\u00eda, en el Sal\u00f3n Ateneo, Pe\u00f1a Trufera, cocina con trufas, charla sobre truficultura, cantina trufera, espect\u00e1culos y sorteos. Adem\u00e1s, a partir de las 13:00, en la plaza San mart\u00edn, patio gastron\u00f3mico, feria de emprendedores, stands institucionales; concurso \u201cCocinando con trufa\u201d, degustaci\u00f3n a cargo de un jurado popular y espect\u00e1culos art\u00edsticos; demostraci\u00f3n de perros truferos: caninos entrenados buscar\u00e1n trufas bajo tierra y espect\u00e1culos art\u00edsticos. Entrada al Sal\u00f3n Ateneo y visita guiada: aranceladas. Actividades en la Plaza: gratuita. Organiza la Municipalidad de Azul.<\/li>\n<li>M\u00e1s informaci\u00f3n:\u00a0<a href=\"http:\/\/www.facebook.com\/municipiodeazul\" target=\"_blank\" rel=\"noopener\" data-mrf-recirculation=\"links-noticia\" data-mrf-link=\"http:\/\/www.facebook.com\/municipiodeazul\">www.facebook.com\/municipiodeazul<\/a>\u00a0&#8211;\u00a0<a href=\"http:\/\/www.facebook.com\/azulesturismo\" target=\"_blank\" rel=\"noopener\" data-mrf-recirculation=\"links-noticia\" data-mrf-link=\"http:\/\/www.facebook.com\/azulesturismo\">www.facebook.com\/azulesturismo<\/a>\u00a0&#8211;\u00a0<a href=\"http:\/\/azuldigital.gob.ar\/\" target=\"_blank\" rel=\"noopener\" data-mrf-recirculation=\"links-noticia\" data-mrf-link=\"http:\/\/azuldigital.gob.ar\/\">http:\/\/azuldigital.gob.ar<\/a>\u00a0&#8211;\u00a0<a href=\"https:\/\/azuldigital.gob.ar\/chillar-celebrara-el-festival-de-la-trufa-2025\/\" target=\"_blank\" rel=\"noopener\" data-mrf-recirculation=\"links-noticia\" data-mrf-link=\"https:\/\/azuldigital.gob.ar\/chillar-celebrara-el-festival-de-la-trufa-2025\/\">https:\/\/azuldigital.gob.ar\/chillar-celebrara-el-festival-de-la-trufa-2025\/<\/a><\/li>\n<\/ul>\n<\/div>\n<p class=\"article-text\"><strong>EVENTOS GASTRON\u00d3MICOS<\/strong><\/p>\n<p class=\"article-text\"><strong>LUJ\u00c1N<\/strong><\/p>\n<div class=\"list\">\n<ul>\n<li><strong>Festival Pinta<\/strong><\/li>\n<li><strong>ENTRADA GRATUITA<\/strong><\/li>\n<li>Fecha, hora y lugar: S\u00e1bado 23, desde las 15:00, en el Parque San Mart\u00edn.<\/li>\n<li>Descripci\u00f3n: M\u00fasica, arte, ferias y buena comida al aire libre. Bandas en vivo: Koino Yokan, Ghost Perros, Type Beat y Templo; food trucks y feria de la econom\u00eda popular. Entrada gratuita. Organiza la Municipalidad de Luj\u00e1n.<\/li>\n<li>M\u00e1s informaci\u00f3n:<a href=\"http:\/\/www.instagram.com\/juventudes.lujan\/\" target=\"_blank\" rel=\"noopener\" data-mrf-recirculation=\"links-noticia\" data-mrf-link=\"http:\/\/www.instagram.com\/juventudes.lujan\/\">\u00a0www.instagram.com\/juventudes.lujan\/<\/a><\/li>\n<\/ul>\n<\/div>\n<p class=\"article-text\"><strong>MARCOS PAZ<\/strong><\/p>\n<div class=\"list\">\n<ul>\n<li><strong>2\u00ba Marcos Paz Vinos<\/strong><\/li>\n<li>Fecha, hora y lugar: S\u00e1bado 23, de 19:00 a 23:00, en el Club Eventos, Balcarce 1770.<\/li>\n<li>Descripci\u00f3n: Degustaci\u00f3n de vinos de bodegas nacionales e internacionales, degustaci\u00f3n de aperitivos, charlas informativas y asesoramiento a cargo de sommeliers. Entrada arancelada con cupos limitados. La entrada incluye la entrega de una copa de regalo y degustaci\u00f3n libre de vinos. Organiza la Municipalidad de Marcos Paz.<\/li>\n<li>M\u00e1s informaci\u00f3n:<a href=\"http:\/\/www.instagram.com\/p\/DMVlR1XhPIS\/\" target=\"_blank\" rel=\"noopener\" data-mrf-recirculation=\"links-noticia\" data-mrf-link=\"http:\/\/www.instagram.com\/p\/DMVlR1XhPIS\/\">\u00a0www.instagram.com\/p\/DMVlR1XhPIS\/<\/a>\u00a0&#8211;\u00a0<a href=\"http:\/\/www.facebook.com\/municipiomarcospaz\" target=\"_blank\" rel=\"noopener\" data-mrf-recirculation=\"links-noticia\" data-mrf-link=\"http:\/\/www.facebook.com\/municipiomarcospaz\">www.facebook.com\/municipiomarcospaz<\/a><\/li>\n<\/ul>\n<\/div>\n<p class=\"article-text\"><strong>EVENTOS CULTURALES<\/strong><\/p>\n<p class=\"article-text\"><strong>BERAZATEGUI<\/strong><\/p>\n<div class=\"list\">\n<ul>\n<li><strong>36\u00b0 Berazategui Jazz<\/strong><\/li>\n<li><strong>ENTRADA GRATUITA<\/strong><\/li>\n<li>Fecha, hora y lugar: Viernes 22 y s\u00e1bado 23, a las 20:30, en el Complejo Cultural Municipal Le\u00f3n F. Rigolleau, calle 15 N\u00ba 5675.<\/li>\n<li>Descripci\u00f3n: Festival de jazz con la presentaci\u00f3n, el d\u00eda viernes, de Segundo Principio; Pellican Gypsy &amp; Pop Quinteto. El s\u00e1bado sobre el escenario estar\u00e1n Neo Jazz Quintet y Mariana Iturri Quinteto. Entrada anticipada gratuita. Organiza la Municipalidad de Berazategui.<\/li>\n<li>M\u00e1s informaci\u00f3n:<a href=\"http:\/\/www.instagram.com\/culturabe\/\" target=\"_blank\" rel=\"noopener\" data-mrf-recirculation=\"links-noticia\" data-mrf-link=\"http:\/\/www.instagram.com\/culturabe\/\">\u00a0www.instagram.com\/culturabe\/<\/a>\u00a0&#8211;<a href=\"http:\/\/www.facebook.com\/CulturaBe\" target=\"_blank\" rel=\"noopener\" data-mrf-recirculation=\"links-noticia\" data-mrf-link=\"http:\/\/www.facebook.com\/CulturaBe\">\u00a0www.facebook.com\/CulturaBe<\/a>\u00a0&#8211;\u00a0<a href=\"https:\/\/berazategui.gob.ar\/cultura\/agenda\" target=\"_blank\" rel=\"noopener\" data-mrf-recirculation=\"links-noticia\" data-mrf-link=\"https:\/\/berazategui.gob.ar\/cultura\/agenda\">https:\/\/berazategui.gob.ar\/cultura\/agenda<\/a><\/li>\n<\/ul>\n<\/div>\n<p class=\"article-text\"><strong>LUJ\u00c1N<\/strong><\/p>\n<div class=\"list\">\n<ul>\n<li><strong>Concierto del \u00c1rbol Solo: Albor de Primavera<\/strong><\/li>\n<li><strong>ENTRADA GRATUITA<\/strong><\/li>\n<li>Fecha, hora y lugar: S\u00e1bado 23, a las 20:00, en el santuario de Luj\u00e1n.<\/li>\n<li>Descripci\u00f3n: Cuarta temporada del ciclo de \u201cConciertos del \u00c1rbol Solo\u201d, en esta ocasi\u00f3n se presentar\u00e1 la Agrupaci\u00f3n Sinf\u00f3nica de la Municipalidad de Mor\u00f3n, bajo la direcci\u00f3n de Pablo Bocchimuzzi. Pr\u00f3ximo concierto: s\u00e1bado 20 de septiembre. Organiza la Municipalidad de Luj\u00e1n.<\/li>\n<li>M\u00e1s informaci\u00f3n:\u00a0<a href=\"http:\/\/www.instagram.com\/coromunicipaldelujan\/\" target=\"_blank\" rel=\"noopener\" data-mrf-recirculation=\"links-noticia\" data-mrf-link=\"http:\/\/www.instagram.com\/coromunicipaldelujan\/\">www.instagram.com\/coromunicipaldelujan\/<\/a>\u00a0&#8211;<a href=\"http:\/\/www.facebook.com\/culturasyturismolujan\" target=\"_blank\" rel=\"noopener\" data-mrf-recirculation=\"links-noticia\" data-mrf-link=\"http:\/\/www.facebook.com\/culturasyturismolujan\">\u00a0www.facebook.com\/culturasyturismolujan<\/a><\/li>\n<\/ul>\n<\/div>\n<p class=\"article-text\"><strong>PILA<\/strong><\/p>\n<div class=\"list\">\n<ul>\n<li><strong>Pila Canta II<\/strong><\/li>\n<li><strong>ENTRADA GRATUITA<\/strong><\/li>\n<li>Fecha, hora y lugar: S\u00e1bado 23, a las 17:30, en el Cine Teatro Municipal.<\/li>\n<li>Descripci\u00f3n: Presentaci\u00f3n del Coro de J\u00f3venes y Adultos de la Municipalidad de Pila y la Schola Cantorum Argentina bajo la direcci\u00f3n de Mar\u00eda Paz De Cicco. Adem\u00e1s, actuar\u00e1 el Coro de las Infancias de la Escuela Anexa de la ciudad de La Plata, de la directora Camila Mar\u00eda Beltramone, acompa\u00f1ado por el pianista Mat\u00edas Daniel Pisarello. Entrada gratuita. Organiza la Municipalidad de Pila<\/li>\n<li>M\u00e1s informaci\u00f3n:<a href=\"http:\/\/www.instagram.com\/munipila\/\" target=\"_blank\" rel=\"noopener\" data-mrf-recirculation=\"links-noticia\" data-mrf-link=\"http:\/\/www.instagram.com\/munipila\/\">\u00a0www.instagram.com\/munipila\/<\/a>\u00a0&#8211;\u00a0<a href=\"http:\/\/www.facebook.com\/partidodepila\" target=\"_blank\" rel=\"noopener\" data-mrf-recirculation=\"links-noticia\" data-mrf-link=\"http:\/\/www.facebook.com\/partidodepila\">www.facebook.com\/partidodepila<\/a><\/li>\n<\/ul>\n<\/div>\n<p class=\"article-text\"><strong>CASTELLI<\/strong><\/p>\n<div class=\"list\">\n<ul>\n<li><strong>Concierto en La California<\/strong><\/li>\n<li><strong>ENTRADA GRATUITA<\/strong><\/li>\n<li>Fecha, hora y lugar: Domingo 24, a las 19:00, en La California,<\/li>\n<li>Descripci\u00f3n: En el marco del mes aniversario de Castelli, concierto abierto y al aire libre, a cargo del Conservatorio de M\u00fasica y reconocidos tenores. La California, una de las estancias m\u00e1s emblem\u00e1ticas del lugar, fue recuperada por el ejecutivo municipal revalorizando as\u00ed el patrimonio hist\u00f3rico de la regi\u00f3n. Entrada gratuita. Organiza la Municipalidad de Castelli.<\/li>\n<li>M\u00e1s informaci\u00f3n:\u00a0<a href=\"http:\/\/www.instagram.com\/castelliciudad\/\" target=\"_blank\" rel=\"noopener\" data-mrf-recirculation=\"links-noticia\" data-mrf-link=\"http:\/\/www.instagram.com\/castelliciudad\/\">www.instagram.com\/castelliciudad\/<\/a>\u00a0&#8211;\u00a0<a href=\"http:\/\/www.facebook.com\/castelli.crece?locale=es_LA\" target=\"_blank\" rel=\"noopener\" data-mrf-recirculation=\"links-noticia\" data-mrf-link=\"http:\/\/www.facebook.com\/castelli.crece?locale=es_LA\">www.facebook.com\/castelli.crece?locale=es_LA<\/a><\/li>\n<\/ul>\n<\/div>\n<p class=\"article-text\"><strong>EVENTOS DEPORTIVOS<\/strong><\/p>\n<p class=\"article-text\"><strong>LAPRIDA<\/strong><\/p>\n<div class=\"list\">\n<ul>\n<li><strong>2\u00b0 Desaf\u00edo Aventura Salamone<\/strong><\/li>\n<li>Fecha, hora y lugar: Domingo 24, a las 11:00, desde el Club Atl\u00e9tico Lilan, en Juan XXIII y Mitre.<\/li>\n<li>Descripci\u00f3n: Competencia que se disputa por caminos rurales del distrito en las categor\u00edas 3 kil\u00f3metros, 7 kil\u00f3metros, 15 kil\u00f3metros y 21 kil\u00f3metros. Premiaci\u00f3n por categor\u00eda y distancias del 1\u00b0 al 3\u00b0, y generales del 1\u00b0 al 5\u00b0. Inscripci\u00f3n arancelada. Organiza la Municipalidad de Laprida, a trav\u00e9s de la Direcci\u00f3n de Deportes, junto al Club Atl\u00e9tico Lilan.<\/li>\n<li>M\u00e1s informaci\u00f3n:\u00a0<a href=\"http:\/\/www.instagram.com\/lapridadesafioaventura\/-\" target=\"_blank\" rel=\"noopener\" data-mrf-recirculation=\"links-noticia\" data-mrf-link=\"http:\/\/www.instagram.com\/lapridadesafioaventura\/-\">www.instagram.com\/lapridadesafioaventura\/-<\/a>\u00a0<a href=\"http:\/\/www.facebook.com\/desafioaventuralaprida\" target=\"_blank\" rel=\"noopener\" data-mrf-recirculation=\"links-noticia\" data-mrf-link=\"http:\/\/www.facebook.com\/desafioaventuralaprida\">www.facebook.com\/desafioaventuralaprida<\/a><\/li>\n<\/ul>\n<\/div>\n<p><a href=\"https:\/\/www.noticiasradioreflejos.com.ar\/2021\/calendario-de-eventos-turisticos-de-la-provincia-de-buenos-aires-del-21-al-28-de-agosto\/desafio-salamone\/\" rel=\"attachment wp-att-123764\"><img loading=\"lazy\" decoding=\"async\" class=\"aligncenter size-full wp-image-123764\" src=\"https:\/\/www.noticiasradioreflejos.com.ar\/2021\/wp-content\/uploads\/2025\/08\/desafio-Salamone.jpg\" alt=\"\" width=\"411\" height=\"396\" \/><\/a><\/p>\n<p class=\"article-text\"><strong>LEZAMA<\/strong><\/p>\n<div class=\"list\">\n<ul>\n<li><strong>Duatl\u00f3n Ciudad de Lezama<\/strong><\/li>\n<li>Fecha, hora y lugar: Domingo 24, a las 10:00, desde el Polideportivo de Lezama.<\/li>\n<li>Descripci\u00f3n: Distancia sobre asfalto: 5, 30 y 2.5 kil\u00f3metros. Inscripciones v\u00eda WhatsApp al (2241) 462932. Actividad arancelada, cupos limitados (300 corredores). No se inscribe el d\u00eda de la carrera. Organiza la Municipalidad de Lezama.<\/li>\n<li>M\u00e1s informaci\u00f3n:<a href=\"http:\/\/www.instagram.com\/duatlonlezama\/\" target=\"_blank\" rel=\"noopener\" data-mrf-recirculation=\"links-noticia\" data-mrf-link=\"http:\/\/www.instagram.com\/duatlonlezama\/\">\u00a0www.instagram.com\/duatlonlezama\/<\/a>\u00a0&#8211;<a href=\"http:\/\/www.facebook.com\/profile.php?id=100092356725735&amp;locale=es_LA\" target=\"_blank\" rel=\"noopener\" data-mrf-recirculation=\"links-noticia\" data-mrf-link=\"http:\/\/www.facebook.com\/profile.php?id=100092356725735&amp;locale=es_LA\">\u00a0www.facebook.com\/profile.php?id=100092356725735&amp;locale=es_LA<\/a><\/li>\n<\/ul>\n<\/div>\n<p class=\"article-text\"><strong>CHACABUCO<\/strong><\/p>\n<div class=\"list\">\n<ul>\n<li><strong>4\u00b0 Fecha de Duatl\u00f3n Provincial<\/strong><\/li>\n<li>Fecha, hora y lugar: Domingo 24, de 08:00 a 15:00, en las instalaciones de la Agrupaci\u00f3n Atl\u00e9tica.<\/li>\n<li>Descripci\u00f3n: La ciudad ser\u00e1 sede de la cuarta fecha del Campeonato Provincial de Duatl\u00f3n Bonaerense, competencia que combina running y ciclismo. Distancias: 2,5 kil\u00f3metros running, 20 kil\u00f3metros MTB y 2,5 kil\u00f3metros running. Modalidad individual o en equipo. Actividad arancelada. Inscripci\u00f3n: (2364) 691355. Organiza la Municipalidad de Chacabuco.<\/li>\n<li>M\u00e1s informaci\u00f3n:<a href=\"http:\/\/www.instagram.com\/diredeporteschacabuco\/\" target=\"_blank\" rel=\"noopener\" data-mrf-recirculation=\"links-noticia\" data-mrf-link=\"http:\/\/www.instagram.com\/diredeporteschacabuco\/\">\u00a0www.instagram.com\/diredeporteschacabuco\/<\/a>\u00a0&#8211;\u00a0<a href=\"http:\/\/www.facebook.com\/profile.php?id=100044452574732\" target=\"_blank\" rel=\"noopener\" data-mrf-recirculation=\"links-noticia\" data-mrf-link=\"http:\/\/www.facebook.com\/profile.php?id=100044452574732\">www.facebook.com\/profile.php?id=100044452574732<\/a><\/li>\n<\/ul>\n<\/div>\n<p class=\"article-text\"><strong>DOLORES<\/strong><\/p>\n<div class=\"list\">\n<ul>\n<li><strong>Carrera Aniversario Pedro Gatti<\/strong><\/li>\n<li><strong>ACTIVIDAD GRATUITA<\/strong><\/li>\n<li>Fecha, hora y lugar: Domingo 24, a las 11:00, desde Plaza Castelli.<\/li>\n<li>Descripci\u00f3n: Esta carrera contar\u00e1 con un circuito callejero con distancias de 3 kil\u00f3metros participativa y 10 kil\u00f3metros competitiva. Inscripci\u00f3n gratuita. Organiza la Municipalidad de Dolores.<\/li>\n<li>M\u00e1s informaci\u00f3n:\u00a0<a href=\"http:\/\/www.instagram.com\/p\/DKc6PjTOHDB\/\" target=\"_blank\" rel=\"noopener\" data-mrf-recirculation=\"links-noticia\" data-mrf-link=\"http:\/\/www.instagram.com\/p\/DKc6PjTOHDB\/\">www.instagram.com\/p\/DKc6PjTOHDB\/<\/a>\u00a0&#8211;\u00a0<a href=\"http:\/\/www.instagram.com\/doloresmunicipalidad\/\" target=\"_blank\" rel=\"noopener\" data-mrf-recirculation=\"links-noticia\" data-mrf-link=\"http:\/\/www.instagram.com\/doloresmunicipalidad\/\">www.instagram.com\/doloresmunicipalidad\/<\/a>\u00a0&#8211;\u00a0<a href=\"http:\/\/www.facebook.com\/doloresmunicipalidad\" target=\"_blank\" rel=\"noopener\" data-mrf-recirculation=\"links-noticia\" data-mrf-link=\"http:\/\/www.facebook.com\/doloresmunicipalidad\">www.facebook.com\/doloresmunicipalidad<\/a><\/li>\n<\/ul>\n<\/div>\n<p class=\"article-text\"><strong>VISITAS GUIADAS<\/strong><\/p>\n<p class=\"article-text\"><strong>SAAVEDRA (Espartillar)<\/strong><\/p>\n<div class=\"list\">\n<ul>\n<li><strong>Descubr\u00ed La Trufa Negra<\/strong><\/li>\n<li>Fecha, hora y lugar: S\u00e1bado 23, a las 10:00, en el establecimiento Trufas Nuevo Mundo.<\/li>\n<li>Descripci\u00f3n: B\u00fasqueda y recolecci\u00f3n de trufas. Degustaci\u00f3n de tres platos distintos. Actividad al aire libre. Llevar ropa abrigada y zapatillas para caminar c\u00f3modamente por el campo. Cupo limitado: 16 personas. Reservas al (11) 5965-7666 o\u00a0<a href=\"mailto:info@trufasdelnuevomundo.com\" target=\"_blank\" rel=\"noopener\">info@trufasdelnuevomundo.com<\/a>. Organiza el establecimiento Trufas del Nuevo Mundo con el acompa\u00f1amiento del Municipio de Saavedra.<\/li>\n<li>M\u00e1s informaci\u00f3n:\u00a0<a href=\"https:\/\/turismo.saavedra.gob.ar\/evento\/descubri-la-trufa-negra\/\" target=\"_blank\" rel=\"noopener\" data-mrf-recirculation=\"links-noticia\" data-mrf-link=\"https:\/\/turismo.saavedra.gob.ar\/evento\/descubri-la-trufa-negra\/\">https:\/\/turismo.saavedra.gob.ar\/evento\/descubri-la-trufa-negra\/<\/a>\u00a0&#8211;<a href=\"https:\/\/trufasdelnuevomundo.com\/\" target=\"_blank\" rel=\"noopener\" data-mrf-recirculation=\"links-noticia\" data-mrf-link=\"https:\/\/trufasdelnuevomundo.com\/\">https:\/\/trufasdelnuevomundo.com\/<\/a><\/li>\n<\/ul>\n<\/div>\n<p class=\"article-text\"><strong>LOBOS<\/strong><\/p>\n<div class=\"list\">\n<ul>\n<li><strong>Circuito Tradici\u00f3n Viva<\/strong><\/li>\n<li><strong>ACTIVIDAD GRATUITA<\/strong><\/li>\n<li>Fecha, hora y lugar: S\u00e1bado 23, a las 16:00, en el Museo Pago de Los Lobos, avenida Alem 250.<\/li>\n<li>Descripci\u00f3n: Recorrido guiado por el centro de la ciudad para conocer los edificios ic\u00f3nicos, los espacios verdes y conectar con la esencia del lugar. Actividad gratuita. Organiza la Direcci\u00f3n de Turismo de la Municipalidad de Lobos.<\/li>\n<li>M\u00e1s informaci\u00f3n:\u00a0<a href=\"http:\/\/www.instagram.com\/turismolobos\" target=\"_blank\" rel=\"noopener\" data-mrf-recirculation=\"links-noticia\" data-mrf-link=\"http:\/\/www.instagram.com\/turismolobos\">www.instagram.com\/turismolobos<\/a>\u00a0&#8211;\u00a0<a href=\"http:\/\/www.facebook.com\/lobos.turismo\" target=\"_blank\" rel=\"noopener\" data-mrf-recirculation=\"links-noticia\" data-mrf-link=\"http:\/\/www.facebook.com\/lobos.turismo\">www.facebook.com\/lobos.turismo<\/a>\u00a0&#8211; (2227) 500405<\/li>\n<\/ul>\n<\/div>\n<p class=\"article-text\"><strong>CHASCOM\u00daS<\/strong><\/p>\n<div class=\"list\">\n<ul>\n<li><strong>Visita Guiada Dramatizada<\/strong><\/li>\n<li><strong>ACTIVIDAD GRATUITA<\/strong><\/li>\n<li>Fecha, hora y lugar: S\u00e1bado 23 y domingo 24, a las 18:00, en la Vieja Estaci\u00f3n Centro Cultural Municipal.<\/li>\n<li>Descripci\u00f3n: La Vieja Estaci\u00f3n de Chascom\u00fas se llenar\u00e1 de vida con actores, bailarines, cantantes y m\u00fasicos que recrear\u00e1n la fascinante historia del ferrocarril y su impacto en nuestra ciudad. Un viaje en el tiempo durante el cual se podr\u00e1 conocer a los personajes que pasaron por sus andenes y descubrir c\u00f3mo el tren transform\u00f3 la ciudad, impulsando el turismo y el movimiento social y cultural. Actividad gratuita con inscripci\u00f3n previa en:<a href=\"https:\/\/acortar.link\/DEZpnK\" target=\"_blank\" rel=\"noopener\" data-mrf-recirculation=\"links-noticia\" data-mrf-link=\"https:\/\/acortar.link\/DEZpnK\">\u00a0https:\/\/acortar.link\/DEZpnK<\/a>\u00a0Organiza la Municipalidad de Chascom\u00fas.<\/li>\n<li>M\u00e1s informaci\u00f3n:<a href=\"http:\/\/www.instagram.com\/culturaabiertachascomus\" target=\"_blank\" rel=\"noopener\" data-mrf-recirculation=\"links-noticia\" data-mrf-link=\"http:\/\/www.instagram.com\/culturaabiertachascomus\">\u00a0www.instagram.com\/culturaabiertachascomus<\/a>\u00a0&#8211;\u00a0<a href=\"http:\/\/www.facebook.com\/chascomusculturaabierta\" target=\"_blank\" rel=\"noopener\" data-mrf-recirculation=\"links-noticia\" data-mrf-link=\"http:\/\/www.facebook.com\/chascomusculturaabierta\">www.facebook.com\/chascomusculturaabierta<\/a><\/li>\n<\/ul>\n<\/div>\n<p class=\"article-text\"><strong>LOBOS<\/strong><\/p>\n<div class=\"list\">\n<ul>\n<li><strong>Circuito Patrimonio<\/strong><\/li>\n<li><strong>ACTIVIDAD GRATUITA<\/strong><\/li>\n<li>Fecha, hora y lugar: Domingo 24, a las 12:00, en el Museo Pago de Los Lobos, Avenida Alem 250.<\/li>\n<li>Descripci\u00f3n: Monumentos Hist\u00f3ricos Nacionales, sitios o construcciones que narran una parte significativa de la historia del pa\u00eds.Actividad gratuita. Organiza la Direcci\u00f3n de Turismo de la Municipalidad de Lobos.<\/li>\n<li>M\u00e1s informaci\u00f3n:\u00a0<a href=\"http:\/\/www.instagram.com\/turismolobos\" target=\"_blank\" rel=\"noopener\" data-mrf-recirculation=\"links-noticia\" data-mrf-link=\"http:\/\/www.instagram.com\/turismolobos\">www.instagram.com\/turismolobos<\/a>\u00a0&#8211;\u00a0<a href=\"http:\/\/www.facebook.com\/lobos.turismo\" target=\"_blank\" rel=\"noopener\" data-mrf-recirculation=\"links-noticia\" data-mrf-link=\"http:\/\/www.facebook.com\/lobos.turismo\">www.facebook.com\/lobos.turismo<\/a>\u00a0&#8211; (2227) 500405<\/li>\n<\/ul>\n<\/div>\n<p class=\"article-text\"><strong>FERIAS Y EXPOSICIONES<\/strong><\/p>\n<div class=\"list\">\n<ul>\n<li><strong>CHIVILCOY<\/strong><\/li>\n<li><strong>73\u00ba Expo Rural 2025<\/strong><\/li>\n<li>Fecha, hora y lugar: Del viernes 22 al domingo 24, a partir de las 10:00, en el predio ubicado sobre Ruta nacional 5 KM 158,5.<\/li>\n<li>Descripci\u00f3n: Exposici\u00f3n agr\u00edcola, ganadera, industrial y comercial de la ciudad. Charlas t\u00e9cnicas dirigidas a productores, rondas de negocios, espect\u00e1culos musicales y propuestas recreativas para todo p\u00fablico. Entrada arancelada. Organiza la Asociaci\u00f3n Rural de Chivilcoy con el acompa\u00f1amiento de la Municipalidad de Chivilcoy.<\/li>\n<li>M\u00e1s informaci\u00f3n:\u00a0<a href=\"http:\/\/www.instagram.com\/asocruralchivilcoy\/\" target=\"_blank\" rel=\"noopener\" data-mrf-recirculation=\"links-noticia\" data-mrf-link=\"http:\/\/www.instagram.com\/asocruralchivilcoy\/\">www.instagram.com\/asocruralchivilcoy\/<\/a>\u00a0&#8211;\u00a0<a href=\"http:\/\/www.facebook.com\/rural.chivilcoy\" target=\"_blank\" rel=\"noopener\" data-mrf-recirculation=\"links-noticia\" data-mrf-link=\"http:\/\/www.facebook.com\/rural.chivilcoy\">www.facebook.com\/rural.chivilcoy<\/a><\/li>\n<\/ul>\n<\/div>\n<p class=\"article-text\"><strong>SAN FERNANDO<\/strong><\/p>\n<div id=\"container-after-news-outlook\"><\/div>\n<div class=\"list\">\n<ul>\n<li><strong>2\u00ba Feria del Libro Regional<\/strong><\/li>\n<li><strong>ENTRADA GRATUITA<\/strong><\/li>\n<li>Fecha, hora y lugar: Del viernes 22 al domingo 24, desde las 14:00, en el Paseo Cultural Otamendi.<\/li>\n<li>Descripci\u00f3n: Exposici\u00f3n de stands, presentaci\u00f3n de producciones, charlas y conversatorios, y actividades literarias. Entrada gratuita. Organiza la Municipalidad de San Fernando. Programaci\u00f3n:\u00a0<a href=\"http:\/\/www.sanfernando.gob.ar\/FeriaDelLibro\" target=\"_blank\" rel=\"noopener\" data-mrf-recirculation=\"links-noticia\" data-mrf-link=\"http:\/\/www.sanfernando.gob.ar\/FeriaDelLibro\">www.sanfernando.gob.ar\/FeriaDelLibro<\/a><\/li>\n<li>M\u00e1s informaci\u00f3n:<a href=\"http:\/\/www.instagram.com\/sanfermunicipio\/\" target=\"_blank\" rel=\"noopener\" data-mrf-recirculation=\"links-noticia\" data-mrf-link=\"http:\/\/www.instagram.com\/sanfermunicipio\/\">\u00a0www.instagram.com\/sanfermunicipio\/<\/a>\u00a0&#8211;\u00a0<a href=\"http:\/\/www.facebook.com\/SanFerMunicipio\" target=\"_blank\" rel=\"noopener\" data-mrf-recirculation=\"links-noticia\" data-mrf-link=\"http:\/\/www.facebook.com\/SanFerMunicipio\">www.facebook.com\/SanFerMunicipio<\/a><\/li>\n<\/ul>\n<\/div>\n<p class=\"article-text\"><strong>ITUZAING\u00d3<\/strong><\/p>\n<div class=\"list\">\n<ul>\n<li><strong>1\u00ba Feria Regional de Industrias Culturales y Creativas (FRICC)<\/strong><\/li>\n<li><strong>ENTRADA GRATUITA<\/strong><\/li>\n<li>Fecha, hora y lugar: S\u00e1bado 23 y domingo 24, desde las 14:00, en la Plaza 20 de Febrero y el Centro Cultural Ituzaing\u00f3.<\/li>\n<li>Descripci\u00f3n: Encuentro para desarrollar y potenciar la industria cultural local y regional. Actividades gratuitas para el p\u00fablico general: Feria de artesanos\/as y emprendimientos culturales, feria gastron\u00f3mica, conciertos al aire libre, muestras de artes visuales y audiovisuales, teatro, danza, desfiles de moda sustentable, actividades para las infancias. Para productores locales: charlas, conversatorios y clases magistrales con especialistas, muestras de procesos creativos (showcase, work-in-progress), rondas de comercializaci\u00f3n con compradores estrat\u00e9gicos, espacios de networking y vinculaci\u00f3n. FRICC OFF: propuestas esc\u00e9nicas y musicales en formato relajado al final de cada jornada. Entrada gratuita. Organiza la Municipalidad de Ituzaing\u00f3 y el Consejo Federal de Inversiones.<\/li>\n<li>M\u00e1s informaci\u00f3n:\u00a0<a href=\"http:\/\/www.miituzaingo.gov.ar\/es\" target=\"_blank\" rel=\"noopener\" data-mrf-recirculation=\"links-noticia\" data-mrf-link=\"http:\/\/www.miituzaingo.gov.ar\/es\">www.miituzaingo.gov.ar\/es<\/a>\u00a0&#8211;<a href=\"http:\/\/www.instagram.com\/municipioituzaingo\" target=\"_blank\" rel=\"noopener\" data-mrf-recirculation=\"links-noticia\" data-mrf-link=\"http:\/\/www.instagram.com\/municipioituzaingo\">\u00a0www.instagram.com\/municipioituzaingo<\/a>\u00a0&#8211;\u00a0<a href=\"http:\/\/www.facebook.com\/municipalidadituzaingo?locale=es_LA\" target=\"_blank\" rel=\"noopener\" data-mrf-recirculation=\"links-noticia\" data-mrf-link=\"http:\/\/www.facebook.com\/municipalidadituzaingo?locale=es_LA\">www.facebook.com\/municipalidadituzaingo?locale=es_LA<\/a><\/li>\n<\/ul>\n<\/div>\n<p class=\"article-text\">M\u00e1s informaci\u00f3n en @turismopba y\u00a0<a class=\"link\" href=\"http:\/\/www.buenosaires.tur.ar\/\" target=\"_blank\" rel=\"noopener\" data-mrf-recirculation=\"links-noticia\" data-mrf-link=\"http:\/\/www.buenosaires.tur.ar\/\">www.buenosaires.tur.ar<\/a>, la\u00a0<strong>PROVINCIA BONITA ARGENTINA.<\/strong><\/p>\n","protected":false},"excerpt":{"rendered":"<p>Finaliza el mes de agosto y la provincia de Buenos Aires contin\u00faa ofreciendo propuestas variadas para todo p\u00fablico.<\/p>\n","protected":false},"author":3,"featured_media":0,"comment_status":"closed","ping_status":"closed","sticky":false,"template":"","format":"standard","meta":{"footnotes":""},"categories":[27,33],"tags":[],"class_list":["post-123763","post","type-post","status-publish","format-standard","hentry","category-deportes","category-turismo"],"yoast_head":"<!-- This site is optimized with the Yoast SEO plugin v25.9 - https:\/\/yoast.com\/wordpress\/plugins\/seo\/ -->\n<title>Calendario de eventos tur\u00edsticos de la provincia de Buenos Aires del 21 al 28 de agosto - Noticias Radio Reflejos<\/title>\n<meta name=\"robots\" content=\"index, follow, max-snippet:-1, max-image-preview:large, max-video-preview:-1\" \/>\n<link rel=\"canonical\" href=\"https:\/\/www.noticiasradioreflejos.com.ar\/2021\/calendario-de-eventos-turisticos-de-la-provincia-de-buenos-aires-del-21-al-28-de-agosto\/\" \/>\n<meta property=\"og:locale\" content=\"es_ES\" \/>\n<meta property=\"og:type\" content=\"article\" \/>\n<meta property=\"og:title\" content=\"Calendario de eventos tur\u00edsticos de la provincia de Buenos Aires del 21 al 28 de agosto - Noticias Radio Reflejos\" \/>\n<meta property=\"og:description\" content=\"Finaliza el mes de agosto y la provincia de Buenos Aires contin\u00faa ofreciendo propuestas variadas para todo p\u00fablico.\" \/>\n<meta property=\"og:url\" content=\"https:\/\/www.noticiasradioreflejos.com.ar\/2021\/calendario-de-eventos-turisticos-de-la-provincia-de-buenos-aires-del-21-al-28-de-agosto\/\" \/>\n<meta property=\"og:site_name\" content=\"Noticias Radio Reflejos\" \/>\n<meta property=\"article:published_time\" content=\"2025-08-20T10:44:05+00:00\" \/>\n<meta property=\"article:modified_time\" content=\"2025-08-20T16:11:15+00:00\" \/>\n<meta property=\"og:image\" content=\"https:\/\/www.noticiasradioreflejos.com.ar\/2021\/wp-content\/uploads\/2025\/08\/desafio-Salamone.jpg\" \/>\n\t<meta property=\"og:image:width\" content=\"411\" \/>\n\t<meta property=\"og:image:height\" content=\"396\" \/>\n\t<meta property=\"og:image:type\" content=\"image\/jpeg\" \/>\n<meta name=\"author\" content=\"Arnaldo Botto\" \/>\n<meta name=\"twitter:card\" content=\"summary_large_image\" \/>\n<script type=\"application\/ld+json\" class=\"yoast-schema-graph\">{\"@context\":\"https:\/\/schema.org\",\"@graph\":[{\"@type\":\"WebPage\",\"@id\":\"https:\/\/www.noticiasradioreflejos.com.ar\/2021\/calendario-de-eventos-turisticos-de-la-provincia-de-buenos-aires-del-21-al-28-de-agosto\/\",\"url\":\"https:\/\/www.noticiasradioreflejos.com.ar\/2021\/calendario-de-eventos-turisticos-de-la-provincia-de-buenos-aires-del-21-al-28-de-agosto\/\",\"name\":\"Calendario de eventos tur\u00edsticos de la provincia de Buenos Aires del 21 al 28 de agosto - Noticias Radio Reflejos\",\"isPartOf\":{\"@id\":\"https:\/\/www.noticiasradioreflejos.com.ar\/2021\/#website\"},\"primaryImageOfPage\":{\"@id\":\"https:\/\/www.noticiasradioreflejos.com.ar\/2021\/calendario-de-eventos-turisticos-de-la-provincia-de-buenos-aires-del-21-al-28-de-agosto\/#primaryimage\"},\"image\":{\"@id\":\"https:\/\/www.noticiasradioreflejos.com.ar\/2021\/calendario-de-eventos-turisticos-de-la-provincia-de-buenos-aires-del-21-al-28-de-agosto\/#primaryimage\"},\"thumbnailUrl\":\"https:\/\/www.noticiasradioreflejos.com.ar\/2021\/wp-content\/uploads\/2025\/08\/desafio-Salamone.jpg\",\"datePublished\":\"2025-08-20T10:44:05+00:00\",\"dateModified\":\"2025-08-20T16:11:15+00:00\",\"author\":{\"@id\":\"https:\/\/www.noticiasradioreflejos.com.ar\/2021\/#\/schema\/person\/ad82545263dcc5ec0996818884fd5fb1\"},\"breadcrumb\":{\"@id\":\"https:\/\/www.noticiasradioreflejos.com.ar\/2021\/calendario-de-eventos-turisticos-de-la-provincia-de-buenos-aires-del-21-al-28-de-agosto\/#breadcrumb\"},\"inLanguage\":\"es\",\"potentialAction\":[{\"@type\":\"ReadAction\",\"target\":[\"https:\/\/www.noticiasradioreflejos.com.ar\/2021\/calendario-de-eventos-turisticos-de-la-provincia-de-buenos-aires-del-21-al-28-de-agosto\/\"]}]},{\"@type\":\"ImageObject\",\"inLanguage\":\"es\",\"@id\":\"https:\/\/www.noticiasradioreflejos.com.ar\/2021\/calendario-de-eventos-turisticos-de-la-provincia-de-buenos-aires-del-21-al-28-de-agosto\/#primaryimage\",\"url\":\"\",\"contentUrl\":\"\"},{\"@type\":\"BreadcrumbList\",\"@id\":\"https:\/\/www.noticiasradioreflejos.com.ar\/2021\/calendario-de-eventos-turisticos-de-la-provincia-de-buenos-aires-del-21-al-28-de-agosto\/#breadcrumb\",\"itemListElement\":[{\"@type\":\"ListItem\",\"position\":1,\"name\":\"Portada\",\"item\":\"https:\/\/www.noticiasradioreflejos.com.ar\/2021\/\"},{\"@type\":\"ListItem\",\"position\":2,\"name\":\"Calendario de eventos tur\u00edsticos de la provincia de Buenos Aires del 21 al 28 de agosto\"}]},{\"@type\":\"WebSite\",\"@id\":\"https:\/\/www.noticiasradioreflejos.com.ar\/2021\/#website\",\"url\":\"https:\/\/www.noticiasradioreflejos.com.ar\/2021\/\",\"name\":\"Noticias Radio Reflejos\",\"description\":\"Las noticias de mi comarca\",\"potentialAction\":[{\"@type\":\"SearchAction\",\"target\":{\"@type\":\"EntryPoint\",\"urlTemplate\":\"https:\/\/www.noticiasradioreflejos.com.ar\/2021\/?s={search_term_string}\"},\"query-input\":{\"@type\":\"PropertyValueSpecification\",\"valueRequired\":true,\"valueName\":\"search_term_string\"}}],\"inLanguage\":\"es\"},{\"@type\":\"Person\",\"@id\":\"https:\/\/www.noticiasradioreflejos.com.ar\/2021\/#\/schema\/person\/ad82545263dcc5ec0996818884fd5fb1\",\"name\":\"Arnaldo Botto\",\"image\":{\"@type\":\"ImageObject\",\"inLanguage\":\"es\",\"@id\":\"https:\/\/www.noticiasradioreflejos.com.ar\/2021\/#\/schema\/person\/image\/\",\"url\":\"https:\/\/secure.gravatar.com\/avatar\/55cb5e37c1efa326397366e6974cb338056df65cb50e7d64d1cf314e87504837?s=96&d=mm&r=g\",\"contentUrl\":\"https:\/\/secure.gravatar.com\/avatar\/55cb5e37c1efa326397366e6974cb338056df65cb50e7d64d1cf314e87504837?s=96&d=mm&r=g\",\"caption\":\"Arnaldo Botto\"},\"url\":\"https:\/\/www.noticiasradioreflejos.com.ar\/2021\/author\/arnaldo\/\"}]}<\/script>\n<!-- \/ Yoast SEO plugin. -->","yoast_head_json":{"title":"Calendario de eventos tur\u00edsticos de la provincia de Buenos Aires del 21 al 28 de agosto - Noticias Radio Reflejos","robots":{"index":"index","follow":"follow","max-snippet":"max-snippet:-1","max-image-preview":"max-image-preview:large","max-video-preview":"max-video-preview:-1"},"canonical":"https:\/\/www.noticiasradioreflejos.com.ar\/2021\/calendario-de-eventos-turisticos-de-la-provincia-de-buenos-aires-del-21-al-28-de-agosto\/","og_locale":"es_ES","og_type":"article","og_title":"Calendario de eventos tur\u00edsticos de la provincia de Buenos Aires del 21 al 28 de agosto - Noticias Radio Reflejos","og_description":"Finaliza el mes de agosto y la provincia de Buenos Aires contin\u00faa ofreciendo propuestas variadas para todo p\u00fablico.","og_url":"https:\/\/www.noticiasradioreflejos.com.ar\/2021\/calendario-de-eventos-turisticos-de-la-provincia-de-buenos-aires-del-21-al-28-de-agosto\/","og_site_name":"Noticias Radio Reflejos","article_published_time":"2025-08-20T10:44:05+00:00","article_modified_time":"2025-08-20T16:11:15+00:00","og_image":[{"width":411,"height":396,"url":"https:\/\/www.noticiasradioreflejos.com.ar\/2021\/wp-content\/uploads\/2025\/08\/desafio-Salamone.jpg","type":"image\/jpeg"}],"author":"Arnaldo Botto","twitter_card":"summary_large_image","schema":{"@context":"https:\/\/schema.org","@graph":[{"@type":"WebPage","@id":"https:\/\/www.noticiasradioreflejos.com.ar\/2021\/calendario-de-eventos-turisticos-de-la-provincia-de-buenos-aires-del-21-al-28-de-agosto\/","url":"https:\/\/www.noticiasradioreflejos.com.ar\/2021\/calendario-de-eventos-turisticos-de-la-provincia-de-buenos-aires-del-21-al-28-de-agosto\/","name":"Calendario de eventos tur\u00edsticos de la provincia de Buenos Aires del 21 al 28 de agosto - Noticias Radio Reflejos","isPartOf":{"@id":"https:\/\/www.noticiasradioreflejos.com.ar\/2021\/#website"},"primaryImageOfPage":{"@id":"https:\/\/www.noticiasradioreflejos.com.ar\/2021\/calendario-de-eventos-turisticos-de-la-provincia-de-buenos-aires-del-21-al-28-de-agosto\/#primaryimage"},"image":{"@id":"https:\/\/www.noticiasradioreflejos.com.ar\/2021\/calendario-de-eventos-turisticos-de-la-provincia-de-buenos-aires-del-21-al-28-de-agosto\/#primaryimage"},"thumbnailUrl":"https:\/\/www.noticiasradioreflejos.com.ar\/2021\/wp-content\/uploads\/2025\/08\/desafio-Salamone.jpg","datePublished":"2025-08-20T10:44:05+00:00","dateModified":"2025-08-20T16:11:15+00:00","author":{"@id":"https:\/\/www.noticiasradioreflejos.com.ar\/2021\/#\/schema\/person\/ad82545263dcc5ec0996818884fd5fb1"},"breadcrumb":{"@id":"https:\/\/www.noticiasradioreflejos.com.ar\/2021\/calendario-de-eventos-turisticos-de-la-provincia-de-buenos-aires-del-21-al-28-de-agosto\/#breadcrumb"},"inLanguage":"es","potentialAction":[{"@type":"ReadAction","target":["https:\/\/www.noticiasradioreflejos.com.ar\/2021\/calendario-de-eventos-turisticos-de-la-provincia-de-buenos-aires-del-21-al-28-de-agosto\/"]}]},{"@type":"ImageObject","inLanguage":"es","@id":"https:\/\/www.noticiasradioreflejos.com.ar\/2021\/calendario-de-eventos-turisticos-de-la-provincia-de-buenos-aires-del-21-al-28-de-agosto\/#primaryimage","url":"","contentUrl":""},{"@type":"BreadcrumbList","@id":"https:\/\/www.noticiasradioreflejos.com.ar\/2021\/calendario-de-eventos-turisticos-de-la-provincia-de-buenos-aires-del-21-al-28-de-agosto\/#breadcrumb","itemListElement":[{"@type":"ListItem","position":1,"name":"Portada","item":"https:\/\/www.noticiasradioreflejos.com.ar\/2021\/"},{"@type":"ListItem","position":2,"name":"Calendario de eventos tur\u00edsticos de la provincia de Buenos Aires del 21 al 28 de agosto"}]},{"@type":"WebSite","@id":"https:\/\/www.noticiasradioreflejos.com.ar\/2021\/#website","url":"https:\/\/www.noticiasradioreflejos.com.ar\/2021\/","name":"Noticias Radio Reflejos","description":"Las noticias de mi comarca","potentialAction":[{"@type":"SearchAction","target":{"@type":"EntryPoint","urlTemplate":"https:\/\/www.noticiasradioreflejos.com.ar\/2021\/?s={search_term_string}"},"query-input":{"@type":"PropertyValueSpecification","valueRequired":true,"valueName":"search_term_string"}}],"inLanguage":"es"},{"@type":"Person","@id":"https:\/\/www.noticiasradioreflejos.com.ar\/2021\/#\/schema\/person\/ad82545263dcc5ec0996818884fd5fb1","name":"Arnaldo Botto","image":{"@type":"ImageObject","inLanguage":"es","@id":"https:\/\/www.noticiasradioreflejos.com.ar\/2021\/#\/schema\/person\/image\/","url":"https:\/\/secure.gravatar.com\/avatar\/55cb5e37c1efa326397366e6974cb338056df65cb50e7d64d1cf314e87504837?s=96&d=mm&r=g","contentUrl":"https:\/\/secure.gravatar.com\/avatar\/55cb5e37c1efa326397366e6974cb338056df65cb50e7d64d1cf314e87504837?s=96&d=mm&r=g","caption":"Arnaldo Botto"},"url":"https:\/\/www.noticiasradioreflejos.com.ar\/2021\/author\/arnaldo\/"}]}},"_links":{"self":[{"href":"https:\/\/www.noticiasradioreflejos.com.ar\/2021\/wp-json\/wp\/v2\/posts\/123763","targetHints":{"allow":["GET"]}}],"collection":[{"href":"https:\/\/www.noticiasradioreflejos.com.ar\/2021\/wp-json\/wp\/v2\/posts"}],"about":[{"href":"https:\/\/www.noticiasradioreflejos.com.ar\/2021\/wp-json\/wp\/v2\/types\/post"}],"author":[{"embeddable":true,"href":"https:\/\/www.noticiasradioreflejos.com.ar\/2021\/wp-json\/wp\/v2\/users\/3"}],"replies":[{"embeddable":true,"href":"https:\/\/www.noticiasradioreflejos.com.ar\/2021\/wp-json\/wp\/v2\/comments?post=123763"}],"version-history":[{"count":2,"href":"https:\/\/www.noticiasradioreflejos.com.ar\/2021\/wp-json\/wp\/v2\/posts\/123763\/revisions"}],"predecessor-version":[{"id":123766,"href":"https:\/\/www.noticiasradioreflejos.com.ar\/2021\/wp-json\/wp\/v2\/posts\/123763\/revisions\/123766"}],"wp:attachment":[{"href":"https:\/\/www.noticiasradioreflejos.com.ar\/2021\/wp-json\/wp\/v2\/media?parent=123763"}],"wp:term":[{"taxonomy":"category","embeddable":true,"href":"https:\/\/www.noticiasradioreflejos.com.ar\/2021\/wp-json\/wp\/v2\/categories?post=123763"},{"taxonomy":"post_tag","embeddable":true,"href":"https:\/\/www.noticiasradioreflejos.com.ar\/2021\/wp-json\/wp\/v2\/tags?post=123763"}],"curies":[{"name":"wp","href":"https:\/\/api.w.org\/{rel}","templated":true}]}}