{"id":123663,"date":"2025-08-19T06:59:10","date_gmt":"2025-08-19T09:59:10","guid":{"rendered":"https:\/\/www.noticiasradioreflejos.com.ar\/2021\/?p=123663"},"modified":"2025-08-19T06:59:10","modified_gmt":"2025-08-19T09:59:10","slug":"juicio-por-ypf-argentina-consiguio-otro-fallo-a-su-favor-por-parte-de-la-justicia-irlandesa","status":"publish","type":"post","link":"https:\/\/www.noticiasradioreflejos.com.ar\/2021\/juicio-por-ypf-argentina-consiguio-otro-fallo-a-su-favor-por-parte-de-la-justicia-irlandesa\/","title":{"rendered":"Juicio por YPF: Argentina consigui\u00f3 otro fallo a su favor por parte de la Justicia irlandesa"},"content":{"rendered":"<p>La decisi\u00f3n de la Justicia irlandesa hace referencia al fallo que hab\u00eda tomado la Corte del Distrito Sur de Nueva York, que conden\u00f3 a la Rep\u00fablica a pagar m\u00e1s de US$16.000 millones, m\u00e1s intereses, a los demandantes en el caso YPF, que buscaban el \u201creconocimiento y ejecuci\u00f3n\u201d de la sentencia dictada por la Corte neoyorquina.<!--more--><\/p>\n<p>La Justicia de Irlanda fall\u00f3 a favor de Argentina y rechaz\u00f3 el pago de los US$16.000 millones solicitado por los demandantes Petersen y Eton Park en el caso de la expropiaci\u00f3n de la petrolera YPF, seg\u00fan inform\u00f3 la Procuraci\u00f3n del Tesoro de la Naci\u00f3n (PTN).<\/p>\n<aside class=\"know-more know-more--with-image\">\u00a0<\/aside>\n<p class=\"article-text\">La decisi\u00f3n de la Justicia irlandesa hace referencia al fallo que hab\u00eda tomado la Corte del Distrito Sur de Nueva York, donde conden\u00f3 a la Rep\u00fablica a pagar m\u00e1s de US$16.000 millones, m\u00e1s intereses, a los demandantes en el caso YPF, que buscaban el \u201creconocimiento y ejecuci\u00f3n\u201d de la sentencia dictada por la Corte neoyorquina.<\/p>\n<p class=\"article-text\">\u201cTanto Petersen como Eton Park han promovido acciones similares en otras jurisdicciones extranjeras. Por eso, la decisi\u00f3n irlandesa constituye la primera resoluci\u00f3n en el marco de estos intentos de ejecuci\u00f3n internacional y representa un precedente favorable para la Rep\u00fablica Argentina\u201d, indic\u00f3 el comunicado de la PTN.<\/p>\n<p class=\"article-text\">\u201cEste Gobierno, bajo el liderazgo del presidente Javier Milei, continuar\u00e1 defendiendo con firmeza y decisi\u00f3n los intereses nacionales\u201d, asegur\u00f3 el organismo a cargo de Santiago Mar\u00eda Castro Videla.<\/p>\n<p class=\"article-text\">Sobre el final, agreg\u00f3 que la decisi\u00f3n irlandesa \u201cconfirma la solidez de la defensa t\u00e9cnica desplegada\u201d, como a su vez el \u201ccompromiso con la protecci\u00f3n de los activos estrat\u00e9gicos de la Naci\u00f3n\u201d.<\/p>\n<p class=\"article-text\">Esta es otra de las buenas noticias que se conoci\u00f3 en la que sale favorecida la Argentina.<\/p>\n<p class=\"article-text\">La primera se conoci\u00f3 el viernes pasado, cuando<a class=\"link\" href=\"https:\/\/www.eldiarioar.com\/economia\/corte-nueva-york-frena-traspaso-acciones-ypf-da-aire-argentina_1_12537771.html\" data-mrf-recirculation=\"links-noticia\" data-mrf-link=\"https:\/\/www.eldiarioar.com\/economia\/corte-nueva-york-frena-traspaso-acciones-ypf-da-aire-argentina_1_12537771.html\">\u00a0la Corte de Apelaciones de Nueva York hab\u00eda resuelto mantener en suspenso la orden de la jueza Loretta Preska<\/a>\u00a0de entregar las acciones de la empresa petrolera como pago, en el juicio por la estatizaci\u00f3n del 51% de YPF.<\/p>\n<p class=\"article-text\">Esta decisi\u00f3n se limita a la suspensi\u00f3n de la orden de entrega dictada el pasado 30 de junio, mientras se tramita la apelaci\u00f3n correspondiente.<\/p>\n<div id=\"container-after-news-outlook\"><\/div>\n<p class=\"article-text\">El pr\u00f3ximo 25 de septiembre la Rep\u00fablica tendr\u00e1 que presentar su primer escrito para defenderse de la orden de Preska, en referencia al tr\u00e1mite de la apelaci\u00f3n sobre la entrega de dichas acciones, mientras que el 27 de octubre se realizar\u00e1 la audiencia oral en la que el Gobierno Nacional tendr\u00e1 que argumentar en contra del fallo original de primera instancia.<\/p>\n<p class=\"article-text\"><em>Con informaci\u00f3n de la agencia NA<\/em><\/p>\n","protected":false},"excerpt":{"rendered":"<p>La decisi\u00f3n de la Justicia irlandesa hace referencia al fallo que hab\u00eda tomado la Corte del Distrito Sur de Nueva York, que conden\u00f3 a la Rep\u00fablica a pagar m\u00e1s de US$16.000 millones, m\u00e1s intereses, a los demandantes en el caso YPF, que buscaban el \u201creconocimiento y ejecuci\u00f3n\u201d de la sentencia dictada por la Corte neoyorquina.<\/p>\n","protected":false},"author":3,"featured_media":0,"comment_status":"closed","ping_status":"closed","sticky":false,"template":"","format":"standard","meta":{"footnotes":""},"categories":[36],"tags":[],"class_list":["post-123663","post","type-post","status-publish","format-standard","hentry","category-economia"],"yoast_head":"<!-- This site is optimized with the Yoast SEO plugin v25.9 - https:\/\/yoast.com\/wordpress\/plugins\/seo\/ -->\n<title>Juicio por YPF: Argentina consigui\u00f3 otro fallo a su favor por parte de la Justicia irlandesa - Noticias Radio Reflejos<\/title>\n<meta name=\"robots\" content=\"index, follow, max-snippet:-1, max-image-preview:large, max-video-preview:-1\" \/>\n<link rel=\"canonical\" href=\"https:\/\/www.noticiasradioreflejos.com.ar\/2021\/juicio-por-ypf-argentina-consiguio-otro-fallo-a-su-favor-por-parte-de-la-justicia-irlandesa\/\" \/>\n<meta property=\"og:locale\" content=\"es_ES\" \/>\n<meta property=\"og:type\" content=\"article\" \/>\n<meta property=\"og:title\" content=\"Juicio por YPF: Argentina consigui\u00f3 otro fallo a su favor por parte de la Justicia irlandesa - Noticias Radio Reflejos\" \/>\n<meta property=\"og:description\" content=\"La decisi\u00f3n de la Justicia irlandesa hace referencia al fallo que hab\u00eda tomado la Corte del Distrito Sur de Nueva York, que conden\u00f3 a la Rep\u00fablica a pagar m\u00e1s de US$16.000 millones, m\u00e1s intereses, a los demandantes en el caso YPF, que buscaban el \u201creconocimiento y ejecuci\u00f3n\u201d de la sentencia dictada por la Corte neoyorquina.\" \/>\n<meta property=\"og:url\" content=\"https:\/\/www.noticiasradioreflejos.com.ar\/2021\/juicio-por-ypf-argentina-consiguio-otro-fallo-a-su-favor-por-parte-de-la-justicia-irlandesa\/\" \/>\n<meta property=\"og:site_name\" content=\"Noticias Radio Reflejos\" \/>\n<meta property=\"article:published_time\" content=\"2025-08-19T09:59:10+00:00\" \/>\n<meta property=\"og:image\" content=\"https:\/\/www.noticiasradioreflejos.com.ar\/2021\/wp-content\/uploads\/2025\/07\/ypf.jpg\" \/>\n\t<meta property=\"og:image:width\" content=\"1200\" \/>\n\t<meta property=\"og:image:height\" content=\"675\" \/>\n\t<meta property=\"og:image:type\" content=\"image\/jpeg\" \/>\n<meta name=\"author\" content=\"Arnaldo Botto\" \/>\n<meta name=\"twitter:card\" content=\"summary_large_image\" \/>\n<script type=\"application\/ld+json\" class=\"yoast-schema-graph\">{\"@context\":\"https:\/\/schema.org\",\"@graph\":[{\"@type\":\"WebPage\",\"@id\":\"https:\/\/www.noticiasradioreflejos.com.ar\/2021\/juicio-por-ypf-argentina-consiguio-otro-fallo-a-su-favor-por-parte-de-la-justicia-irlandesa\/\",\"url\":\"https:\/\/www.noticiasradioreflejos.com.ar\/2021\/juicio-por-ypf-argentina-consiguio-otro-fallo-a-su-favor-por-parte-de-la-justicia-irlandesa\/\",\"name\":\"Juicio por YPF: Argentina consigui\u00f3 otro fallo a su favor por parte de la Justicia irlandesa - Noticias Radio Reflejos\",\"isPartOf\":{\"@id\":\"https:\/\/www.noticiasradioreflejos.com.ar\/2021\/#website\"},\"datePublished\":\"2025-08-19T09:59:10+00:00\",\"author\":{\"@id\":\"https:\/\/www.noticiasradioreflejos.com.ar\/2021\/#\/schema\/person\/ad82545263dcc5ec0996818884fd5fb1\"},\"breadcrumb\":{\"@id\":\"https:\/\/www.noticiasradioreflejos.com.ar\/2021\/juicio-por-ypf-argentina-consiguio-otro-fallo-a-su-favor-por-parte-de-la-justicia-irlandesa\/#breadcrumb\"},\"inLanguage\":\"es\",\"potentialAction\":[{\"@type\":\"ReadAction\",\"target\":[\"https:\/\/www.noticiasradioreflejos.com.ar\/2021\/juicio-por-ypf-argentina-consiguio-otro-fallo-a-su-favor-por-parte-de-la-justicia-irlandesa\/\"]}]},{\"@type\":\"BreadcrumbList\",\"@id\":\"https:\/\/www.noticiasradioreflejos.com.ar\/2021\/juicio-por-ypf-argentina-consiguio-otro-fallo-a-su-favor-por-parte-de-la-justicia-irlandesa\/#breadcrumb\",\"itemListElement\":[{\"@type\":\"ListItem\",\"position\":1,\"name\":\"Portada\",\"item\":\"https:\/\/www.noticiasradioreflejos.com.ar\/2021\/\"},{\"@type\":\"ListItem\",\"position\":2,\"name\":\"Juicio por YPF: Argentina consigui\u00f3 otro fallo a su favor por parte de la Justicia irlandesa\"}]},{\"@type\":\"WebSite\",\"@id\":\"https:\/\/www.noticiasradioreflejos.com.ar\/2021\/#website\",\"url\":\"https:\/\/www.noticiasradioreflejos.com.ar\/2021\/\",\"name\":\"Noticias Radio Reflejos\",\"description\":\"Las noticias de mi comarca\",\"potentialAction\":[{\"@type\":\"SearchAction\",\"target\":{\"@type\":\"EntryPoint\",\"urlTemplate\":\"https:\/\/www.noticiasradioreflejos.com.ar\/2021\/?s={search_term_string}\"},\"query-input\":{\"@type\":\"PropertyValueSpecification\",\"valueRequired\":true,\"valueName\":\"search_term_string\"}}],\"inLanguage\":\"es\"},{\"@type\":\"Person\",\"@id\":\"https:\/\/www.noticiasradioreflejos.com.ar\/2021\/#\/schema\/person\/ad82545263dcc5ec0996818884fd5fb1\",\"name\":\"Arnaldo Botto\",\"image\":{\"@type\":\"ImageObject\",\"inLanguage\":\"es\",\"@id\":\"https:\/\/www.noticiasradioreflejos.com.ar\/2021\/#\/schema\/person\/image\/\",\"url\":\"https:\/\/secure.gravatar.com\/avatar\/55cb5e37c1efa326397366e6974cb338056df65cb50e7d64d1cf314e87504837?s=96&d=mm&r=g\",\"contentUrl\":\"https:\/\/secure.gravatar.com\/avatar\/55cb5e37c1efa326397366e6974cb338056df65cb50e7d64d1cf314e87504837?s=96&d=mm&r=g\",\"caption\":\"Arnaldo Botto\"},\"url\":\"https:\/\/www.noticiasradioreflejos.com.ar\/2021\/author\/arnaldo\/\"}]}<\/script>\n<!-- \/ Yoast SEO plugin. -->","yoast_head_json":{"title":"Juicio por YPF: Argentina consigui\u00f3 otro fallo a su favor por parte de la Justicia irlandesa - Noticias Radio Reflejos","robots":{"index":"index","follow":"follow","max-snippet":"max-snippet:-1","max-image-preview":"max-image-preview:large","max-video-preview":"max-video-preview:-1"},"canonical":"https:\/\/www.noticiasradioreflejos.com.ar\/2021\/juicio-por-ypf-argentina-consiguio-otro-fallo-a-su-favor-por-parte-de-la-justicia-irlandesa\/","og_locale":"es_ES","og_type":"article","og_title":"Juicio por YPF: Argentina consigui\u00f3 otro fallo a su favor por parte de la Justicia irlandesa - Noticias Radio Reflejos","og_description":"La decisi\u00f3n de la Justicia irlandesa hace referencia al fallo que hab\u00eda tomado la Corte del Distrito Sur de Nueva York, que conden\u00f3 a la Rep\u00fablica a pagar m\u00e1s de US$16.000 millones, m\u00e1s intereses, a los demandantes en el caso YPF, que buscaban el \u201creconocimiento y ejecuci\u00f3n\u201d de la sentencia dictada por la Corte neoyorquina.","og_url":"https:\/\/www.noticiasradioreflejos.com.ar\/2021\/juicio-por-ypf-argentina-consiguio-otro-fallo-a-su-favor-por-parte-de-la-justicia-irlandesa\/","og_site_name":"Noticias Radio Reflejos","article_published_time":"2025-08-19T09:59:10+00:00","og_image":[{"width":1200,"height":675,"url":"https:\/\/www.noticiasradioreflejos.com.ar\/2021\/wp-content\/uploads\/2025\/07\/ypf.jpg","type":"image\/jpeg"}],"author":"Arnaldo Botto","twitter_card":"summary_large_image","schema":{"@context":"https:\/\/schema.org","@graph":[{"@type":"WebPage","@id":"https:\/\/www.noticiasradioreflejos.com.ar\/2021\/juicio-por-ypf-argentina-consiguio-otro-fallo-a-su-favor-por-parte-de-la-justicia-irlandesa\/","url":"https:\/\/www.noticiasradioreflejos.com.ar\/2021\/juicio-por-ypf-argentina-consiguio-otro-fallo-a-su-favor-por-parte-de-la-justicia-irlandesa\/","name":"Juicio por YPF: Argentina consigui\u00f3 otro fallo a su favor por parte de la Justicia irlandesa - Noticias Radio Reflejos","isPartOf":{"@id":"https:\/\/www.noticiasradioreflejos.com.ar\/2021\/#website"},"datePublished":"2025-08-19T09:59:10+00:00","author":{"@id":"https:\/\/www.noticiasradioreflejos.com.ar\/2021\/#\/schema\/person\/ad82545263dcc5ec0996818884fd5fb1"},"breadcrumb":{"@id":"https:\/\/www.noticiasradioreflejos.com.ar\/2021\/juicio-por-ypf-argentina-consiguio-otro-fallo-a-su-favor-por-parte-de-la-justicia-irlandesa\/#breadcrumb"},"inLanguage":"es","potentialAction":[{"@type":"ReadAction","target":["https:\/\/www.noticiasradioreflejos.com.ar\/2021\/juicio-por-ypf-argentina-consiguio-otro-fallo-a-su-favor-por-parte-de-la-justicia-irlandesa\/"]}]},{"@type":"BreadcrumbList","@id":"https:\/\/www.noticiasradioreflejos.com.ar\/2021\/juicio-por-ypf-argentina-consiguio-otro-fallo-a-su-favor-por-parte-de-la-justicia-irlandesa\/#breadcrumb","itemListElement":[{"@type":"ListItem","position":1,"name":"Portada","item":"https:\/\/www.noticiasradioreflejos.com.ar\/2021\/"},{"@type":"ListItem","position":2,"name":"Juicio por YPF: Argentina consigui\u00f3 otro fallo a su favor por parte de la Justicia irlandesa"}]},{"@type":"WebSite","@id":"https:\/\/www.noticiasradioreflejos.com.ar\/2021\/#website","url":"https:\/\/www.noticiasradioreflejos.com.ar\/2021\/","name":"Noticias Radio Reflejos","description":"Las noticias de mi comarca","potentialAction":[{"@type":"SearchAction","target":{"@type":"EntryPoint","urlTemplate":"https:\/\/www.noticiasradioreflejos.com.ar\/2021\/?s={search_term_string}"},"query-input":{"@type":"PropertyValueSpecification","valueRequired":true,"valueName":"search_term_string"}}],"inLanguage":"es"},{"@type":"Person","@id":"https:\/\/www.noticiasradioreflejos.com.ar\/2021\/#\/schema\/person\/ad82545263dcc5ec0996818884fd5fb1","name":"Arnaldo Botto","image":{"@type":"ImageObject","inLanguage":"es","@id":"https:\/\/www.noticiasradioreflejos.com.ar\/2021\/#\/schema\/person\/image\/","url":"https:\/\/secure.gravatar.com\/avatar\/55cb5e37c1efa326397366e6974cb338056df65cb50e7d64d1cf314e87504837?s=96&d=mm&r=g","contentUrl":"https:\/\/secure.gravatar.com\/avatar\/55cb5e37c1efa326397366e6974cb338056df65cb50e7d64d1cf314e87504837?s=96&d=mm&r=g","caption":"Arnaldo Botto"},"url":"https:\/\/www.noticiasradioreflejos.com.ar\/2021\/author\/arnaldo\/"}]}},"_links":{"self":[{"href":"https:\/\/www.noticiasradioreflejos.com.ar\/2021\/wp-json\/wp\/v2\/posts\/123663","targetHints":{"allow":["GET"]}}],"collection":[{"href":"https:\/\/www.noticiasradioreflejos.com.ar\/2021\/wp-json\/wp\/v2\/posts"}],"about":[{"href":"https:\/\/www.noticiasradioreflejos.com.ar\/2021\/wp-json\/wp\/v2\/types\/post"}],"author":[{"embeddable":true,"href":"https:\/\/www.noticiasradioreflejos.com.ar\/2021\/wp-json\/wp\/v2\/users\/3"}],"replies":[{"embeddable":true,"href":"https:\/\/www.noticiasradioreflejos.com.ar\/2021\/wp-json\/wp\/v2\/comments?post=123663"}],"version-history":[{"count":1,"href":"https:\/\/www.noticiasradioreflejos.com.ar\/2021\/wp-json\/wp\/v2\/posts\/123663\/revisions"}],"predecessor-version":[{"id":123664,"href":"https:\/\/www.noticiasradioreflejos.com.ar\/2021\/wp-json\/wp\/v2\/posts\/123663\/revisions\/123664"}],"wp:attachment":[{"href":"https:\/\/www.noticiasradioreflejos.com.ar\/2021\/wp-json\/wp\/v2\/media?parent=123663"}],"wp:term":[{"taxonomy":"category","embeddable":true,"href":"https:\/\/www.noticiasradioreflejos.com.ar\/2021\/wp-json\/wp\/v2\/categories?post=123663"},{"taxonomy":"post_tag","embeddable":true,"href":"https:\/\/www.noticiasradioreflejos.com.ar\/2021\/wp-json\/wp\/v2\/tags?post=123663"}],"curies":[{"name":"wp","href":"https:\/\/api.w.org\/{rel}","templated":true}]}}