{"id":12362,"date":"2017-07-17T13:15:21","date_gmt":"2017-07-17T16:15:21","guid":{"rendered":"http:\/\/www.noticiasradioreflejos.com.ar\/noticias\/?p=12362"},"modified":"2017-07-17T13:15:21","modified_gmt":"2017-07-17T16:15:21","slug":"este-fenomeno-de-la-nieve-hace-que-el-foco-este-en-sierra-de-la-ventana","status":"publish","type":"post","link":"https:\/\/www.noticiasradioreflejos.com.ar\/2021\/este-fenomeno-de-la-nieve-hace-que-el-foco-este-en-sierra-de-la-ventana\/","title":{"rendered":"&quot;Este fen\u00f3meno de la nieve hace que el foco est\u00e9 en Sierra de la Ventana."},"content":{"rendered":"<p><a title=\"11570037\" href=\"http:\/\/farm5.staticflickr.com\/4291\/35579276370_6757be272b.jpg\" rel=\"\"><img loading=\"lazy\" decoding=\"async\" class=\"alignleft\" style=\"float: left;\" title=\"11570037\" src=\"http:\/\/farm5.staticflickr.com\/4291\/35579276370_6757be272b.jpg\" alt=\"11570037\" width=\"577\" height=\"324\" \/><\/a><strong>Mart\u00edn Olhaberry<\/strong>, Director de turismo de Tornquist Municipio, \u00a0habl\u00f3 esta ma\u00f1ana con nuestro medio para describir y darnos su opini\u00f3n sobre el aluvi\u00f3n tur\u00edstico que recibi\u00f3 nuestra comarca este domingo a ra\u00edz de la nevada.<!--more--><br \/>\nEl funcionario nos describi\u00f3 que esta ma\u00f1ana desde temprano, estuvo de recorrida para constatar como se desarrollaba todo lo relativo a la circulaci\u00f3n por la ruta 76, y nos dijo: \u00abReci\u00e9n llego del abra y la cantidad de gente que hay me dej\u00f3 sorprendido\u00bb.<br \/>\nOlhaberry estima que ayer mas de 60 mil personas pisaron la nieve y que sumado el comienzo de la temporada, mas la nevada se lleg\u00f3 a mas del 85 \u00f3 90 % de ocupaci\u00f3n de alojamientos.<br \/>\nMart\u00edn detalla de que forma fueron tomando las decisiones para permitir el acceso de tanta gente que viaj\u00f3 hasta cientos de kil\u00f3metros para poder llegar a la nieve serrana.<br \/>\n\u00abEste fen\u00f3meno de la nieve hace que el foco de todos los medios nacionales este puesto en Sierra de la Ventana\u00bb, con lo que asegura que la temporada invernal ser\u00e1 un \u00e9xito.<br \/>\nTambi\u00e9n nos informa en cuanto a las posibilidades de visitar el Parque Tornquist ante el estado en que dej\u00f3 la nieve y el hielo los senderos.<br \/>\n<iframe loading=\"lazy\" src=\"https:\/\/w.soundcloud.com\/player\/?url=https%3A\/\/api.soundcloud.com\/tracks\/333578533&amp;color=ff5500&amp;auto_play=false&amp;hide_related=false&amp;show_comments=true&amp;show_user=true&amp;show_reposts=false\" width=\"100%\" height=\"166\" frameborder=\"no\" scrolling=\"no\"><\/iframe><\/p>\n","protected":false},"excerpt":{"rendered":"<p>Mart\u00edn Olhaberry, Director de turismo de Tornquist Municipio, \u00a0habl\u00f3 esta ma\u00f1ana con nuestro medio para describir y darnos su opini\u00f3n sobre el aluvi\u00f3n tur\u00edstico que recibi\u00f3 nuestra comarca este domingo a ra\u00edz de la nevada.<\/p>\n","protected":false},"author":3,"featured_media":0,"comment_status":"closed","ping_status":"open","sticky":false,"template":"","format":"standard","meta":{"footnotes":""},"categories":[33],"tags":[],"class_list":["post-12362","post","type-post","status-publish","format-standard","hentry","category-turismo"],"yoast_head":"<!-- This site is optimized with the Yoast SEO plugin v25.9 - https:\/\/yoast.com\/wordpress\/plugins\/seo\/ -->\n<title>&quot;Este fen\u00f3meno de la nieve hace que el foco est\u00e9 en Sierra de la Ventana. - Noticias Radio Reflejos<\/title>\n<meta name=\"robots\" content=\"index, follow, max-snippet:-1, max-image-preview:large, max-video-preview:-1\" \/>\n<link rel=\"canonical\" href=\"https:\/\/www.noticiasradioreflejos.com.ar\/2021\/este-fenomeno-de-la-nieve-hace-que-el-foco-este-en-sierra-de-la-ventana\/\" \/>\n<meta property=\"og:locale\" content=\"es_ES\" \/>\n<meta property=\"og:type\" content=\"article\" \/>\n<meta property=\"og:title\" content=\"&quot;Este fen\u00f3meno de la nieve hace que el foco est\u00e9 en Sierra de la Ventana. - Noticias Radio Reflejos\" \/>\n<meta property=\"og:description\" content=\"Mart\u00edn Olhaberry, Director de turismo de Tornquist Municipio, \u00a0habl\u00f3 esta ma\u00f1ana con nuestro medio para describir y darnos su opini\u00f3n sobre el aluvi\u00f3n tur\u00edstico que recibi\u00f3 nuestra comarca este domingo a ra\u00edz de la nevada.\" \/>\n<meta property=\"og:url\" content=\"https:\/\/www.noticiasradioreflejos.com.ar\/2021\/este-fenomeno-de-la-nieve-hace-que-el-foco-este-en-sierra-de-la-ventana\/\" \/>\n<meta property=\"og:site_name\" content=\"Noticias Radio Reflejos\" \/>\n<meta property=\"article:published_time\" content=\"2017-07-17T16:15:21+00:00\" \/>\n<meta property=\"og:image\" content=\"http:\/\/farm5.staticflickr.com\/4291\/35579276370_6757be272b.jpg\" \/>\n<meta name=\"author\" content=\"Arnaldo Botto\" \/>\n<meta name=\"twitter:card\" content=\"summary_large_image\" \/>\n<script type=\"application\/ld+json\" class=\"yoast-schema-graph\">{\"@context\":\"https:\/\/schema.org\",\"@graph\":[{\"@type\":\"WebPage\",\"@id\":\"https:\/\/www.noticiasradioreflejos.com.ar\/2021\/este-fenomeno-de-la-nieve-hace-que-el-foco-este-en-sierra-de-la-ventana\/\",\"url\":\"https:\/\/www.noticiasradioreflejos.com.ar\/2021\/este-fenomeno-de-la-nieve-hace-que-el-foco-este-en-sierra-de-la-ventana\/\",\"name\":\"&quot;Este fen\u00f3meno de la nieve hace que el foco est\u00e9 en Sierra de la Ventana. - Noticias Radio Reflejos\",\"isPartOf\":{\"@id\":\"https:\/\/www.noticiasradioreflejos.com.ar\/2021\/#website\"},\"primaryImageOfPage\":{\"@id\":\"https:\/\/www.noticiasradioreflejos.com.ar\/2021\/este-fenomeno-de-la-nieve-hace-que-el-foco-este-en-sierra-de-la-ventana\/#primaryimage\"},\"image\":{\"@id\":\"https:\/\/www.noticiasradioreflejos.com.ar\/2021\/este-fenomeno-de-la-nieve-hace-que-el-foco-este-en-sierra-de-la-ventana\/#primaryimage\"},\"thumbnailUrl\":\"http:\/\/farm5.staticflickr.com\/4291\/35579276370_6757be272b.jpg\",\"datePublished\":\"2017-07-17T16:15:21+00:00\",\"author\":{\"@id\":\"https:\/\/www.noticiasradioreflejos.com.ar\/2021\/#\/schema\/person\/ad82545263dcc5ec0996818884fd5fb1\"},\"breadcrumb\":{\"@id\":\"https:\/\/www.noticiasradioreflejos.com.ar\/2021\/este-fenomeno-de-la-nieve-hace-que-el-foco-este-en-sierra-de-la-ventana\/#breadcrumb\"},\"inLanguage\":\"es\",\"potentialAction\":[{\"@type\":\"ReadAction\",\"target\":[\"https:\/\/www.noticiasradioreflejos.com.ar\/2021\/este-fenomeno-de-la-nieve-hace-que-el-foco-este-en-sierra-de-la-ventana\/\"]}]},{\"@type\":\"ImageObject\",\"inLanguage\":\"es\",\"@id\":\"https:\/\/www.noticiasradioreflejos.com.ar\/2021\/este-fenomeno-de-la-nieve-hace-que-el-foco-este-en-sierra-de-la-ventana\/#primaryimage\",\"url\":\"http:\/\/farm5.staticflickr.com\/4291\/35579276370_6757be272b.jpg\",\"contentUrl\":\"http:\/\/farm5.staticflickr.com\/4291\/35579276370_6757be272b.jpg\"},{\"@type\":\"BreadcrumbList\",\"@id\":\"https:\/\/www.noticiasradioreflejos.com.ar\/2021\/este-fenomeno-de-la-nieve-hace-que-el-foco-este-en-sierra-de-la-ventana\/#breadcrumb\",\"itemListElement\":[{\"@type\":\"ListItem\",\"position\":1,\"name\":\"Portada\",\"item\":\"https:\/\/www.noticiasradioreflejos.com.ar\/2021\/\"},{\"@type\":\"ListItem\",\"position\":2,\"name\":\"&quot;Este fen\u00f3meno de la nieve hace que el foco est\u00e9 en Sierra de la Ventana.\"}]},{\"@type\":\"WebSite\",\"@id\":\"https:\/\/www.noticiasradioreflejos.com.ar\/2021\/#website\",\"url\":\"https:\/\/www.noticiasradioreflejos.com.ar\/2021\/\",\"name\":\"Noticias Radio Reflejos\",\"description\":\"Las noticias de mi comarca\",\"potentialAction\":[{\"@type\":\"SearchAction\",\"target\":{\"@type\":\"EntryPoint\",\"urlTemplate\":\"https:\/\/www.noticiasradioreflejos.com.ar\/2021\/?s={search_term_string}\"},\"query-input\":{\"@type\":\"PropertyValueSpecification\",\"valueRequired\":true,\"valueName\":\"search_term_string\"}}],\"inLanguage\":\"es\"},{\"@type\":\"Person\",\"@id\":\"https:\/\/www.noticiasradioreflejos.com.ar\/2021\/#\/schema\/person\/ad82545263dcc5ec0996818884fd5fb1\",\"name\":\"Arnaldo Botto\",\"image\":{\"@type\":\"ImageObject\",\"inLanguage\":\"es\",\"@id\":\"https:\/\/www.noticiasradioreflejos.com.ar\/2021\/#\/schema\/person\/image\/\",\"url\":\"https:\/\/secure.gravatar.com\/avatar\/55cb5e37c1efa326397366e6974cb338056df65cb50e7d64d1cf314e87504837?s=96&d=mm&r=g\",\"contentUrl\":\"https:\/\/secure.gravatar.com\/avatar\/55cb5e37c1efa326397366e6974cb338056df65cb50e7d64d1cf314e87504837?s=96&d=mm&r=g\",\"caption\":\"Arnaldo Botto\"},\"url\":\"https:\/\/www.noticiasradioreflejos.com.ar\/2021\/author\/arnaldo\/\"}]}<\/script>\n<!-- \/ Yoast SEO plugin. -->","yoast_head_json":{"title":"&quot;Este fen\u00f3meno de la nieve hace que el foco est\u00e9 en Sierra de la Ventana. - Noticias Radio Reflejos","robots":{"index":"index","follow":"follow","max-snippet":"max-snippet:-1","max-image-preview":"max-image-preview:large","max-video-preview":"max-video-preview:-1"},"canonical":"https:\/\/www.noticiasradioreflejos.com.ar\/2021\/este-fenomeno-de-la-nieve-hace-que-el-foco-este-en-sierra-de-la-ventana\/","og_locale":"es_ES","og_type":"article","og_title":"&quot;Este fen\u00f3meno de la nieve hace que el foco est\u00e9 en Sierra de la Ventana. - Noticias Radio Reflejos","og_description":"Mart\u00edn Olhaberry, Director de turismo de Tornquist Municipio, \u00a0habl\u00f3 esta ma\u00f1ana con nuestro medio para describir y darnos su opini\u00f3n sobre el aluvi\u00f3n tur\u00edstico que recibi\u00f3 nuestra comarca este domingo a ra\u00edz de la nevada.","og_url":"https:\/\/www.noticiasradioreflejos.com.ar\/2021\/este-fenomeno-de-la-nieve-hace-que-el-foco-este-en-sierra-de-la-ventana\/","og_site_name":"Noticias Radio Reflejos","article_published_time":"2017-07-17T16:15:21+00:00","og_image":[{"url":"http:\/\/farm5.staticflickr.com\/4291\/35579276370_6757be272b.jpg","type":"","width":"","height":""}],"author":"Arnaldo Botto","twitter_card":"summary_large_image","schema":{"@context":"https:\/\/schema.org","@graph":[{"@type":"WebPage","@id":"https:\/\/www.noticiasradioreflejos.com.ar\/2021\/este-fenomeno-de-la-nieve-hace-que-el-foco-este-en-sierra-de-la-ventana\/","url":"https:\/\/www.noticiasradioreflejos.com.ar\/2021\/este-fenomeno-de-la-nieve-hace-que-el-foco-este-en-sierra-de-la-ventana\/","name":"&quot;Este fen\u00f3meno de la nieve hace que el foco est\u00e9 en Sierra de la Ventana. - Noticias Radio Reflejos","isPartOf":{"@id":"https:\/\/www.noticiasradioreflejos.com.ar\/2021\/#website"},"primaryImageOfPage":{"@id":"https:\/\/www.noticiasradioreflejos.com.ar\/2021\/este-fenomeno-de-la-nieve-hace-que-el-foco-este-en-sierra-de-la-ventana\/#primaryimage"},"image":{"@id":"https:\/\/www.noticiasradioreflejos.com.ar\/2021\/este-fenomeno-de-la-nieve-hace-que-el-foco-este-en-sierra-de-la-ventana\/#primaryimage"},"thumbnailUrl":"http:\/\/farm5.staticflickr.com\/4291\/35579276370_6757be272b.jpg","datePublished":"2017-07-17T16:15:21+00:00","author":{"@id":"https:\/\/www.noticiasradioreflejos.com.ar\/2021\/#\/schema\/person\/ad82545263dcc5ec0996818884fd5fb1"},"breadcrumb":{"@id":"https:\/\/www.noticiasradioreflejos.com.ar\/2021\/este-fenomeno-de-la-nieve-hace-que-el-foco-este-en-sierra-de-la-ventana\/#breadcrumb"},"inLanguage":"es","potentialAction":[{"@type":"ReadAction","target":["https:\/\/www.noticiasradioreflejos.com.ar\/2021\/este-fenomeno-de-la-nieve-hace-que-el-foco-este-en-sierra-de-la-ventana\/"]}]},{"@type":"ImageObject","inLanguage":"es","@id":"https:\/\/www.noticiasradioreflejos.com.ar\/2021\/este-fenomeno-de-la-nieve-hace-que-el-foco-este-en-sierra-de-la-ventana\/#primaryimage","url":"http:\/\/farm5.staticflickr.com\/4291\/35579276370_6757be272b.jpg","contentUrl":"http:\/\/farm5.staticflickr.com\/4291\/35579276370_6757be272b.jpg"},{"@type":"BreadcrumbList","@id":"https:\/\/www.noticiasradioreflejos.com.ar\/2021\/este-fenomeno-de-la-nieve-hace-que-el-foco-este-en-sierra-de-la-ventana\/#breadcrumb","itemListElement":[{"@type":"ListItem","position":1,"name":"Portada","item":"https:\/\/www.noticiasradioreflejos.com.ar\/2021\/"},{"@type":"ListItem","position":2,"name":"&quot;Este fen\u00f3meno de la nieve hace que el foco est\u00e9 en Sierra de la Ventana."}]},{"@type":"WebSite","@id":"https:\/\/www.noticiasradioreflejos.com.ar\/2021\/#website","url":"https:\/\/www.noticiasradioreflejos.com.ar\/2021\/","name":"Noticias Radio Reflejos","description":"Las noticias de mi comarca","potentialAction":[{"@type":"SearchAction","target":{"@type":"EntryPoint","urlTemplate":"https:\/\/www.noticiasradioreflejos.com.ar\/2021\/?s={search_term_string}"},"query-input":{"@type":"PropertyValueSpecification","valueRequired":true,"valueName":"search_term_string"}}],"inLanguage":"es"},{"@type":"Person","@id":"https:\/\/www.noticiasradioreflejos.com.ar\/2021\/#\/schema\/person\/ad82545263dcc5ec0996818884fd5fb1","name":"Arnaldo Botto","image":{"@type":"ImageObject","inLanguage":"es","@id":"https:\/\/www.noticiasradioreflejos.com.ar\/2021\/#\/schema\/person\/image\/","url":"https:\/\/secure.gravatar.com\/avatar\/55cb5e37c1efa326397366e6974cb338056df65cb50e7d64d1cf314e87504837?s=96&d=mm&r=g","contentUrl":"https:\/\/secure.gravatar.com\/avatar\/55cb5e37c1efa326397366e6974cb338056df65cb50e7d64d1cf314e87504837?s=96&d=mm&r=g","caption":"Arnaldo Botto"},"url":"https:\/\/www.noticiasradioreflejos.com.ar\/2021\/author\/arnaldo\/"}]}},"_links":{"self":[{"href":"https:\/\/www.noticiasradioreflejos.com.ar\/2021\/wp-json\/wp\/v2\/posts\/12362","targetHints":{"allow":["GET"]}}],"collection":[{"href":"https:\/\/www.noticiasradioreflejos.com.ar\/2021\/wp-json\/wp\/v2\/posts"}],"about":[{"href":"https:\/\/www.noticiasradioreflejos.com.ar\/2021\/wp-json\/wp\/v2\/types\/post"}],"author":[{"embeddable":true,"href":"https:\/\/www.noticiasradioreflejos.com.ar\/2021\/wp-json\/wp\/v2\/users\/3"}],"replies":[{"embeddable":true,"href":"https:\/\/www.noticiasradioreflejos.com.ar\/2021\/wp-json\/wp\/v2\/comments?post=12362"}],"version-history":[{"count":0,"href":"https:\/\/www.noticiasradioreflejos.com.ar\/2021\/wp-json\/wp\/v2\/posts\/12362\/revisions"}],"wp:attachment":[{"href":"https:\/\/www.noticiasradioreflejos.com.ar\/2021\/wp-json\/wp\/v2\/media?parent=12362"}],"wp:term":[{"taxonomy":"category","embeddable":true,"href":"https:\/\/www.noticiasradioreflejos.com.ar\/2021\/wp-json\/wp\/v2\/categories?post=12362"},{"taxonomy":"post_tag","embeddable":true,"href":"https:\/\/www.noticiasradioreflejos.com.ar\/2021\/wp-json\/wp\/v2\/tags?post=12362"}],"curies":[{"name":"wp","href":"https:\/\/api.w.org\/{rel}","templated":true}]}}