{"id":12359,"date":"2017-07-17T12:40:38","date_gmt":"2017-07-17T15:40:38","guid":{"rendered":"http:\/\/www.noticiasradioreflejos.com.ar\/noticias\/?p=12359"},"modified":"2017-07-17T12:40:38","modified_gmt":"2017-07-17T15:40:38","slug":"informe-sesion-ordinaria-14-07-17","status":"publish","type":"post","link":"https:\/\/www.noticiasradioreflejos.com.ar\/2021\/informe-sesion-ordinaria-14-07-17\/","title":{"rendered":"Informe Sesi\u00f3n Ordinaria 14-07-17"},"content":{"rendered":"<p>Tras la sesi\u00f3n ordinaria del pasado viernes 14 de julio, presentamos el informe oficial del Honorable Concejo Deliberante de Tornquist.<!--more--><br \/>\n<strong><u>Comunicaciones Oficiales y dict\u00e1menes de las Comisiones<\/u><\/strong><u>:<\/u><br \/>\n<strong><u>Expte. <\/u><\/strong><strong><u>N\u00ba 014\/17:<\/u><\/strong> \u201cD.E. &#8211; Incremento Salarial \u2013 Ejercicio 2017\u201d.<br \/>\nSe solicita tratamiento sobre Tablas.\u00a0Se aprueba por unanimidad la Ordenanza con el N\u00ba 2973\/17 por la que se otorga una Bonificaci\u00f3n Especial de car\u00e1cter remunerativa equivalente al 10 % (diez por ciento) del b\u00e1sico, \u00fanicamente por el mes de julio de 2017, para todo el Personal Municipal.<br \/>\n<strong><u>Expte. <\/u><\/strong><strong><u>N\u00ba 198\/17:<\/u><\/strong> \u201cD.E. &#8211; Eximici\u00f3n del pago por Licencias de Conducir a j\u00f3venes beneficiarios del distrito\u201d.<br \/>\nSe solicita tratamiento sobre Tablas.<br \/>\nSe aprueba por unanimidad la Ordenanza con el N\u00ba 2974\/17 por la que se exime de la obligaci\u00f3n del pago del 100% de la Tasa por Servicios Administrativos correspondiente a los tr\u00e1mites relativos a la emisi\u00f3n de Licencias de Conducir, exigido por la Municipalidad de Tornquist, a los siguientes beneficiarios:<\/p>\n<table width=\"390\">\n<tbody>\n<tr>\n<td width=\"284\"><strong>Apellido<\/strong><\/td>\n<td width=\"107\"><strong>DNI<\/strong><\/td>\n<\/tr>\n<tr>\n<td width=\"284\">ALRIC, Luc\u00eda<\/td>\n<td width=\"107\">42.841.831<\/td>\n<\/tr>\n<tr>\n<td width=\"284\">ARDANAZ, Raquel<\/td>\n<td width=\"107\">42.539.770<\/td>\n<\/tr>\n<tr>\n<td width=\"284\">AZCONA, Selena<\/td>\n<td width=\"107\">42.345.496<\/td>\n<\/tr>\n<tr>\n<td width=\"284\">BACCI LAMBERTO, Gino<\/td>\n<td width=\"107\">42.841.862<\/td>\n<\/tr>\n<tr>\n<td width=\"284\">BARTOLINI, Candela<\/td>\n<td width=\"107\">42.841.900<\/td>\n<\/tr>\n<tr>\n<td width=\"284\">BAY\u00d3N VENANZI, Joaqu\u00edn<\/td>\n<td width=\"107\">42.841.823<\/td>\n<\/tr>\n<tr>\n<td width=\"284\">BOTTO, Mat\u00edas Nahuel<\/td>\n<td width=\"107\">49.262.245<\/td>\n<\/tr>\n<tr>\n<td width=\"284\">BUCCHI, Ger\u00f3nimo<\/td>\n<td width=\"107\">42.841.825<\/td>\n<\/tr>\n<tr>\n<td width=\"284\">BUSCHI, Ana Paula<\/td>\n<td width=\"107\">42.841.890<\/td>\n<\/tr>\n<tr>\n<td width=\"284\">CRISOL, Iv\u00e1n Marcelo<\/td>\n<td width=\"107\">42.039.934<\/td>\n<\/tr>\n<tr>\n<td width=\"284\">ECHEGUIA, Bautista Miguel<\/td>\n<td width=\"107\">42.345.482<\/td>\n<\/tr>\n<tr>\n<td width=\"284\">FAGIOLI ERRECART, Facundo Juli\u00e1n<\/td>\n<td width=\"107\">42.431.122<\/td>\n<\/tr>\n<tr>\n<td width=\"284\">FERN\u00c1NDEZ, Ariana<\/td>\n<td width=\"107\">42.345.480<\/td>\n<\/tr>\n<tr>\n<td width=\"284\">GIMENEZ, Laura Gabriela<\/td>\n<td width=\"107\">42.039.980<\/td>\n<\/tr>\n<tr>\n<td width=\"284\">GLESIAS, Luciano Agust\u00edn<\/td>\n<td width=\"107\">42.831.340<\/td>\n<\/tr>\n<tr>\n<td width=\"284\">KLOSTER, Dylan<\/td>\n<td width=\"107\">41.097.932<\/td>\n<\/tr>\n<tr>\n<td width=\"284\">LENCINA, Thiago<\/td>\n<td width=\"107\">41.724.856<\/td>\n<\/tr>\n<tr>\n<td width=\"284\">LEUCKE SAENZ ROZAS, Agust\u00edn Jos\u00e9<\/td>\n<td width=\"107\">42.345.481<\/td>\n<\/tr>\n<tr>\n<td width=\"284\">LITOUX, Blanca<\/td>\n<td width=\"107\">42.345.493<\/td>\n<\/tr>\n<tr>\n<td width=\"284\">L\u00d3PEZ, Valentina<\/td>\n<td width=\"107\">42.841.808<\/td>\n<\/tr>\n<tr>\n<td width=\"284\">MAIPACH, Agust\u00edn Ezequiel<\/td>\n<td width=\"107\">41.724.857<\/td>\n<\/tr>\n<tr>\n<td width=\"284\">MARCOLINI, Juan Cruz<\/td>\n<td width=\"107\">42.841.815<\/td>\n<\/tr>\n<tr>\n<td width=\"284\">MINUJIN, Jenaro<\/td>\n<td width=\"107\">41.724.840<\/td>\n<\/tr>\n<tr>\n<td width=\"284\">MINUJIN, Mateo<\/td>\n<td width=\"107\">41.724.839<\/td>\n<\/tr>\n<tr>\n<td width=\"284\">MU\u00d1OZ, Daiana Celeste<\/td>\n<td width=\"107\">41.097.964<\/td>\n<\/tr>\n<tr>\n<td width=\"284\">PALAZZANI, Jonathan Gustavo<\/td>\n<td width=\"107\">41.068.347<\/td>\n<\/tr>\n<tr>\n<td width=\"284\">RUEDA, Javier Emanuel<\/td>\n<td width=\"107\">41.427.020<\/td>\n<\/tr>\n<tr>\n<td width=\"284\">RUSCONI, Camila<\/td>\n<td width=\"107\">42.841.859<\/td>\n<\/tr>\n<tr>\n<td width=\"284\">SANTANA, Alfredo<\/td>\n<td width=\"107\">42.841.821<\/td>\n<\/tr>\n<tr>\n<td width=\"284\">VILLALBA, Joaqu\u00edn<\/td>\n<td width=\"107\">42.841.873<\/td>\n<\/tr>\n<tr>\n<td width=\"284\">VON WERNICH, Francisco<\/td>\n<td width=\"107\">42.841.892<\/td>\n<\/tr>\n<\/tbody>\n<\/table>\n<p>&nbsp;<br \/>\n<strong>\u00a0<\/strong><br \/>\n<strong><u>Expte. <\/u><\/strong><strong><u>N\u00ba 217\/17:<\/u><\/strong> \u201cD.E. \u2013 Convalida la firma del Contrato de Comodato cebrado entre la Direcci\u00f3n Provincial de Pol\u00edtica y Seguridad Vial y el Municipio de Tornquist.\u201d<br \/>\nSe solicita tratamiento sobre Tablas.<br \/>\nSe aprueba por unanimidad la Ordenanza con el N\u00ba 2975\/17 por la que se Convalida la firma del Contrato de Comodato celebrado entre la Direcci\u00f3n Provincial de Pol\u00edtica y Seguridad Vial representada por su Director Provincial, Abogado Pablo Oscar Fappiano y\u00a0 el Sr. Sergio F. Bordoni en su car\u00e1cter de Intendente Municipal del Partido de Tornquist.<br \/>\nEl mencionado Contrato consiste en que el comodante entrega en forma gratuita\u00a0 un alcohol\u00edmetro para el desarrollo de acciones de seguridad vial y adem\u00e1s relacionadas con la protecci\u00f3n ciudadana.<br \/>\n<strong><u>Expte. <\/u><\/strong><strong><u>N\u00ba 014\/04:<\/u><\/strong> \u201cO.P. \u2013 B\u00ba Parque Golf \u2013 Sierra de la Ventana: S\/afectaci\u00f3n manzana 7 por curso de agua R\u00edo Sauce Grande y Calle Perimetral\u201d .\u00a0Se aprueba por unanimidad el dictamen de las Comisiones de OBRAS P\u00daBLICAS E INTERPRETACI\u00d3N Y REGLAMENTO, donde solicitan realizar una reuni\u00f3n con el Asesor Legal y la Secretaria de Obras y Servicios P\u00fablicos del municipio.<br \/>\n<strong><u>Expte. <\/u><\/strong><strong><u>N\u00ba 6874\/16:<\/u><\/strong> \u201cBloque P.J. \u2013 Proyecto de Ordenanza: Regular el estacionamiento p\u00fablico para garantizar el acceso a personas con movilidad reducida\u201d.<br \/>\nSe aprueba por unanimidad la Ordenanza con el N\u00ba 2976\/17 por la que se estipula:<br \/>\n&#8211; Que se destine como m\u00ednimo un espacio de estacionamiento para persona con movilidad reducida en los sitios de mayor concurrencia de p\u00fablico: escuelas, bancos, supermercados, organismos nacionales, provinciales y municipales, centros de salud, hogares geri\u00e1tricos, talleres protegidos, centros de d\u00eda y de noche, sitios comerciales y de esparcimiento, terminales de pasajeros; los mismos se ubicar\u00e1n lo m\u00e1s inmediato posible a la entrada principal, de preferencia al mismo nivel que \u00e9sta, o lo m\u00e1s cercano\u00a0 a la rampa de acceso.<br \/>\n&#8211; Se efect\u00fae un plan de trabajo paulatino a trav\u00e9s de la Secretar\u00eda de Obras P\u00fablicas, a efectos de acondicionar los frentes y veredas de edificios p\u00fablicos, que no cumplan con la normativa vigente respecto de las condiciones de accesibilidad. Los sitios mencionados anteriormente no ser\u00e1n excluyentes, pudiendo agregarse otros lugares donde se compruebe la necesidad.<br \/>\n&#8211; Se autorice dentro del Distrito de Tornquist el libre estacionamiento de todos los veh\u00edculos que sean conducidos o transporten personas con movilidad reducida y que se encuentren debidamente identificados con el s\u00edmbolo correspondiente (otorgado por la autoridad municipal competente), siempre que en dichos rodados se encuentre el titular del distintivo. El Departamento Ejecutivo, a trav\u00e9s del \u00e1rea correspondiente extender\u00e1 el distintivo de identificaci\u00f3n mencionado en al art\u00edculo precedente.<br \/>\n&#8211; Se se\u00f1alice sobre el asfalto, los espacios reservados mediante carteles indicadores en los que se ver\u00e1 claramente el S\u00edmbolo Internacional de Acceso y la frase \u201cESTACIONAMIENTO EXCLUSIVO PARA DISCAPACITADOS\u201d.<br \/>\n&#8211; Invita a las firmas comerciales a adherir a la presente.<br \/>\n<strong><u>Expte. <\/u><\/strong><strong><u>N\u00ba 6929\/17:<\/u><\/strong> \u201cN.P. \u2013 Roc\u00edo Bel\u00e9n Fr\u00edas \u2013 Solicita ser tenida en cuenta para obtener un terreno\u201d.<br \/>\nSe aprueba por unanimidad el dictamen de las Comisiones de OBRAS P\u00daBLICAS Y ASUNTOS MUNICIPALES aconsejan adjuntar al mismo la nota de respuesta de la Secretar\u00eda de Obras P\u00fablicas en referencia al tema, y posteriormente enviar el Expediente al Archivo<br \/>\n<strong><u>Expte. <\/u><\/strong><strong><u>N\u00ba 6944\/17:<\/u><\/strong> \u201cBloques F.P.C. y S. y Cambiemos Bs. As. \u2013 Proyecto de Ordenanza: Implementar campa\u00f1a de prevenci\u00f3n contra el S.U.H. (S\u00edndrome Ur\u00e9mico Hemol\u00edtico) en el Distrito de Tornquist\u201d.<br \/>\nSe aprueba por unanimidad el dictamen de las Comisiones de SALUD P\u00daBLICA,\u00a0 PRESUPUESTO Y HACIENDA Y ASUNTOS MUNICIPALES que aconsejan enviar el mismo a la Secretar\u00eda de Salud y a la Direcci\u00f3n de Bromatolog\u00eda, para que analicen y se expidan respecto al Proyecto de Ordenanza.<br \/>\n<strong><u>Expte. <\/u><\/strong><strong><u>N\u00ba 6945\/17:<\/u><\/strong> \u201cN.P. \u2013 Valeria Berjecio: Denuncia y pone en conocimiento situaci\u00f3n vivida ante emergencia hospitalaria\u201d.<br \/>\nSe aprueba por unanimidad el dictamen de las Comisiones de SALUD P\u00daBLICA Y ASUNTOS MUNICIPALES, aconsejan enviar el mismo al Archivo, dado que se mantuvo una reuni\u00f3n con el Secretario de Salud y con la Srta. Valeria Berjecio.<br \/>\n<strong><u>Asuntos Particulares<\/u><\/strong><br \/>\n<strong><u>N.P. Paula Bertr\u00e1n:<\/u><\/strong><br \/>\nSolicita detalles de Contrato de Convenio con empresas del Distrito anteriores a Geotur.<br \/>\nDesde Presidencia se responder\u00e1 la nota.<br \/>\n<strong><u>Secretar\u00eda de Obras y Servicios P\u00fablicos:<\/u><\/strong><br \/>\nEnv\u00eda respuesta referida al Expte. N\u00ba 6929\/17, caratulado: \u201cN.P. \u2013 Roc\u00edo Bel\u00e9n Fr\u00edas \u2013 Solicita ser tenida en cuenta para obtener un terreno\u201d.<br \/>\nSe aprueba por unanimidad adjuntar la misma al mencionado Expte.<br \/>\nAlocuciones de los Concejales:<br \/>\n&nbsp;<br \/>\nConcejal Skolak Mar\u00eda Ofelia:<br \/>\n\u201cLe quer\u00eda pedir se\u00f1or Presidente con respecto al Expte. N\u00ba 6929\/17, que se dictamin\u00f3 que fuera al Archivo, si por favor pueden responder a trav\u00e9s de una nota a Roc\u00eda Bel\u00e9n, para que sepa la decisi\u00f3n que se tom\u00f3 y que sea en base a la respuesta que tuvimos del Departamento Ejecutivo. Puede ser.\u201d<br \/>\nSe aprueba por unanimidad la moci\u00f3n de la Concejal.<br \/>\n&nbsp;<br \/>\nHONORABLE CONCEJO DELIBERANTE<br \/>\n&nbsp;<br \/>\n&nbsp;<\/p>\n","protected":false},"excerpt":{"rendered":"<p>Tras la sesi\u00f3n ordinaria del pasado viernes 14 de julio, presentamos el informe oficial del Honorable Concejo Deliberante de Tornquist.<\/p>\n","protected":false},"author":3,"featured_media":0,"comment_status":"closed","ping_status":"open","sticky":false,"template":"","format":"standard","meta":{"footnotes":""},"categories":[28],"tags":[],"class_list":["post-12359","post","type-post","status-publish","format-standard","hentry","category-municipales"],"yoast_head":"<!-- This site is optimized with the Yoast SEO plugin v25.9 - https:\/\/yoast.com\/wordpress\/plugins\/seo\/ -->\n<title>Informe Sesi\u00f3n Ordinaria 14-07-17 - Noticias Radio Reflejos<\/title>\n<meta name=\"robots\" content=\"index, follow, max-snippet:-1, max-image-preview:large, max-video-preview:-1\" \/>\n<link rel=\"canonical\" href=\"https:\/\/www.noticiasradioreflejos.com.ar\/2021\/informe-sesion-ordinaria-14-07-17\/\" \/>\n<meta property=\"og:locale\" content=\"es_ES\" \/>\n<meta property=\"og:type\" content=\"article\" \/>\n<meta property=\"og:title\" content=\"Informe Sesi\u00f3n Ordinaria 14-07-17 - Noticias Radio Reflejos\" \/>\n<meta property=\"og:description\" content=\"Tras la sesi\u00f3n ordinaria del pasado viernes 14 de julio, presentamos el informe oficial del Honorable Concejo Deliberante de Tornquist.\" \/>\n<meta property=\"og:url\" content=\"https:\/\/www.noticiasradioreflejos.com.ar\/2021\/informe-sesion-ordinaria-14-07-17\/\" \/>\n<meta property=\"og:site_name\" content=\"Noticias Radio Reflejos\" \/>\n<meta property=\"article:published_time\" content=\"2017-07-17T15:40:38+00:00\" \/>\n<meta property=\"og:image\" content=\"https:\/\/www.noticiasradioreflejos.com.ar\/2021\/wp-content\/uploads\/2021\/07\/logosol300x200.png\" \/>\n\t<meta property=\"og:image:width\" content=\"300\" \/>\n\t<meta property=\"og:image:height\" content=\"200\" \/>\n\t<meta property=\"og:image:type\" content=\"image\/png\" \/>\n<meta name=\"author\" content=\"Arnaldo Botto\" \/>\n<meta name=\"twitter:card\" content=\"summary_large_image\" \/>\n<script type=\"application\/ld+json\" class=\"yoast-schema-graph\">{\"@context\":\"https:\/\/schema.org\",\"@graph\":[{\"@type\":\"WebPage\",\"@id\":\"https:\/\/www.noticiasradioreflejos.com.ar\/2021\/informe-sesion-ordinaria-14-07-17\/\",\"url\":\"https:\/\/www.noticiasradioreflejos.com.ar\/2021\/informe-sesion-ordinaria-14-07-17\/\",\"name\":\"Informe Sesi\u00f3n Ordinaria 14-07-17 - Noticias Radio Reflejos\",\"isPartOf\":{\"@id\":\"https:\/\/www.noticiasradioreflejos.com.ar\/2021\/#website\"},\"datePublished\":\"2017-07-17T15:40:38+00:00\",\"author\":{\"@id\":\"https:\/\/www.noticiasradioreflejos.com.ar\/2021\/#\/schema\/person\/ad82545263dcc5ec0996818884fd5fb1\"},\"breadcrumb\":{\"@id\":\"https:\/\/www.noticiasradioreflejos.com.ar\/2021\/informe-sesion-ordinaria-14-07-17\/#breadcrumb\"},\"inLanguage\":\"es\",\"potentialAction\":[{\"@type\":\"ReadAction\",\"target\":[\"https:\/\/www.noticiasradioreflejos.com.ar\/2021\/informe-sesion-ordinaria-14-07-17\/\"]}]},{\"@type\":\"BreadcrumbList\",\"@id\":\"https:\/\/www.noticiasradioreflejos.com.ar\/2021\/informe-sesion-ordinaria-14-07-17\/#breadcrumb\",\"itemListElement\":[{\"@type\":\"ListItem\",\"position\":1,\"name\":\"Portada\",\"item\":\"https:\/\/www.noticiasradioreflejos.com.ar\/2021\/\"},{\"@type\":\"ListItem\",\"position\":2,\"name\":\"Informe Sesi\u00f3n Ordinaria 14-07-17\"}]},{\"@type\":\"WebSite\",\"@id\":\"https:\/\/www.noticiasradioreflejos.com.ar\/2021\/#website\",\"url\":\"https:\/\/www.noticiasradioreflejos.com.ar\/2021\/\",\"name\":\"Noticias Radio Reflejos\",\"description\":\"Las noticias de mi comarca\",\"potentialAction\":[{\"@type\":\"SearchAction\",\"target\":{\"@type\":\"EntryPoint\",\"urlTemplate\":\"https:\/\/www.noticiasradioreflejos.com.ar\/2021\/?s={search_term_string}\"},\"query-input\":{\"@type\":\"PropertyValueSpecification\",\"valueRequired\":true,\"valueName\":\"search_term_string\"}}],\"inLanguage\":\"es\"},{\"@type\":\"Person\",\"@id\":\"https:\/\/www.noticiasradioreflejos.com.ar\/2021\/#\/schema\/person\/ad82545263dcc5ec0996818884fd5fb1\",\"name\":\"Arnaldo Botto\",\"image\":{\"@type\":\"ImageObject\",\"inLanguage\":\"es\",\"@id\":\"https:\/\/www.noticiasradioreflejos.com.ar\/2021\/#\/schema\/person\/image\/\",\"url\":\"https:\/\/secure.gravatar.com\/avatar\/55cb5e37c1efa326397366e6974cb338056df65cb50e7d64d1cf314e87504837?s=96&d=mm&r=g\",\"contentUrl\":\"https:\/\/secure.gravatar.com\/avatar\/55cb5e37c1efa326397366e6974cb338056df65cb50e7d64d1cf314e87504837?s=96&d=mm&r=g\",\"caption\":\"Arnaldo Botto\"},\"url\":\"https:\/\/www.noticiasradioreflejos.com.ar\/2021\/author\/arnaldo\/\"}]}<\/script>\n<!-- \/ Yoast SEO plugin. -->","yoast_head_json":{"title":"Informe Sesi\u00f3n Ordinaria 14-07-17 - Noticias Radio Reflejos","robots":{"index":"index","follow":"follow","max-snippet":"max-snippet:-1","max-image-preview":"max-image-preview:large","max-video-preview":"max-video-preview:-1"},"canonical":"https:\/\/www.noticiasradioreflejos.com.ar\/2021\/informe-sesion-ordinaria-14-07-17\/","og_locale":"es_ES","og_type":"article","og_title":"Informe Sesi\u00f3n Ordinaria 14-07-17 - Noticias Radio Reflejos","og_description":"Tras la sesi\u00f3n ordinaria del pasado viernes 14 de julio, presentamos el informe oficial del Honorable Concejo Deliberante de Tornquist.","og_url":"https:\/\/www.noticiasradioreflejos.com.ar\/2021\/informe-sesion-ordinaria-14-07-17\/","og_site_name":"Noticias Radio Reflejos","article_published_time":"2017-07-17T15:40:38+00:00","og_image":[{"width":300,"height":200,"url":"https:\/\/www.noticiasradioreflejos.com.ar\/2021\/wp-content\/uploads\/2021\/07\/logosol300x200.png","type":"image\/png"}],"author":"Arnaldo Botto","twitter_card":"summary_large_image","schema":{"@context":"https:\/\/schema.org","@graph":[{"@type":"WebPage","@id":"https:\/\/www.noticiasradioreflejos.com.ar\/2021\/informe-sesion-ordinaria-14-07-17\/","url":"https:\/\/www.noticiasradioreflejos.com.ar\/2021\/informe-sesion-ordinaria-14-07-17\/","name":"Informe Sesi\u00f3n Ordinaria 14-07-17 - Noticias Radio Reflejos","isPartOf":{"@id":"https:\/\/www.noticiasradioreflejos.com.ar\/2021\/#website"},"datePublished":"2017-07-17T15:40:38+00:00","author":{"@id":"https:\/\/www.noticiasradioreflejos.com.ar\/2021\/#\/schema\/person\/ad82545263dcc5ec0996818884fd5fb1"},"breadcrumb":{"@id":"https:\/\/www.noticiasradioreflejos.com.ar\/2021\/informe-sesion-ordinaria-14-07-17\/#breadcrumb"},"inLanguage":"es","potentialAction":[{"@type":"ReadAction","target":["https:\/\/www.noticiasradioreflejos.com.ar\/2021\/informe-sesion-ordinaria-14-07-17\/"]}]},{"@type":"BreadcrumbList","@id":"https:\/\/www.noticiasradioreflejos.com.ar\/2021\/informe-sesion-ordinaria-14-07-17\/#breadcrumb","itemListElement":[{"@type":"ListItem","position":1,"name":"Portada","item":"https:\/\/www.noticiasradioreflejos.com.ar\/2021\/"},{"@type":"ListItem","position":2,"name":"Informe Sesi\u00f3n Ordinaria 14-07-17"}]},{"@type":"WebSite","@id":"https:\/\/www.noticiasradioreflejos.com.ar\/2021\/#website","url":"https:\/\/www.noticiasradioreflejos.com.ar\/2021\/","name":"Noticias Radio Reflejos","description":"Las noticias de mi comarca","potentialAction":[{"@type":"SearchAction","target":{"@type":"EntryPoint","urlTemplate":"https:\/\/www.noticiasradioreflejos.com.ar\/2021\/?s={search_term_string}"},"query-input":{"@type":"PropertyValueSpecification","valueRequired":true,"valueName":"search_term_string"}}],"inLanguage":"es"},{"@type":"Person","@id":"https:\/\/www.noticiasradioreflejos.com.ar\/2021\/#\/schema\/person\/ad82545263dcc5ec0996818884fd5fb1","name":"Arnaldo Botto","image":{"@type":"ImageObject","inLanguage":"es","@id":"https:\/\/www.noticiasradioreflejos.com.ar\/2021\/#\/schema\/person\/image\/","url":"https:\/\/secure.gravatar.com\/avatar\/55cb5e37c1efa326397366e6974cb338056df65cb50e7d64d1cf314e87504837?s=96&d=mm&r=g","contentUrl":"https:\/\/secure.gravatar.com\/avatar\/55cb5e37c1efa326397366e6974cb338056df65cb50e7d64d1cf314e87504837?s=96&d=mm&r=g","caption":"Arnaldo Botto"},"url":"https:\/\/www.noticiasradioreflejos.com.ar\/2021\/author\/arnaldo\/"}]}},"_links":{"self":[{"href":"https:\/\/www.noticiasradioreflejos.com.ar\/2021\/wp-json\/wp\/v2\/posts\/12359","targetHints":{"allow":["GET"]}}],"collection":[{"href":"https:\/\/www.noticiasradioreflejos.com.ar\/2021\/wp-json\/wp\/v2\/posts"}],"about":[{"href":"https:\/\/www.noticiasradioreflejos.com.ar\/2021\/wp-json\/wp\/v2\/types\/post"}],"author":[{"embeddable":true,"href":"https:\/\/www.noticiasradioreflejos.com.ar\/2021\/wp-json\/wp\/v2\/users\/3"}],"replies":[{"embeddable":true,"href":"https:\/\/www.noticiasradioreflejos.com.ar\/2021\/wp-json\/wp\/v2\/comments?post=12359"}],"version-history":[{"count":0,"href":"https:\/\/www.noticiasradioreflejos.com.ar\/2021\/wp-json\/wp\/v2\/posts\/12359\/revisions"}],"wp:attachment":[{"href":"https:\/\/www.noticiasradioreflejos.com.ar\/2021\/wp-json\/wp\/v2\/media?parent=12359"}],"wp:term":[{"taxonomy":"category","embeddable":true,"href":"https:\/\/www.noticiasradioreflejos.com.ar\/2021\/wp-json\/wp\/v2\/categories?post=12359"},{"taxonomy":"post_tag","embeddable":true,"href":"https:\/\/www.noticiasradioreflejos.com.ar\/2021\/wp-json\/wp\/v2\/tags?post=12359"}],"curies":[{"name":"wp","href":"https:\/\/api.w.org\/{rel}","templated":true}]}}