{"id":123501,"date":"2025-08-14T18:27:06","date_gmt":"2025-08-14T21:27:06","guid":{"rendered":"https:\/\/www.noticiasradioreflejos.com.ar\/2021\/?p=123501"},"modified":"2025-08-14T18:28:09","modified_gmt":"2025-08-14T21:28:09","slug":"123501-2","status":"publish","type":"post","link":"https:\/\/www.noticiasradioreflejos.com.ar\/2021\/123501-2\/","title":{"rendered":"El municipio de Tornquist ya tiene su Centro Universitario gracias al programa Puentes"},"content":{"rendered":"<p>El ministro Carlos Bianco y el intendente Sergio Bordoni encabezaron el acto de inauguraci\u00f3n en el que se entregaron adem\u00e1s computadoras del programa Conectar Igualdad Bonaerense.<!--more--><\/p>\n<p>La Plata, 14 de agosto de 2025.- De la mano del ministro de Gobierno de la Provincia de Buenos Aires, Carlos Bianco, el intendente municipal Sergio Bordoni y la rectora de la Universidad Provincial del Sudoeste, Andrea Savoretti, hoy se llev\u00f3 a cabo la inauguraci\u00f3n del Centro Universitario de Tornquist. Este es el cuadrag\u00e9simo segundo centro inaugurado en el marco del programa Puentes, cuyo objetivo es que cada vez m\u00e1s bonaerenses tengan la posibilidad de cursar una carrera universitaria sin tener que abandonar su lugar de origen y puedan, as\u00ed, aportar al desarrollo de su comunidad local.<\/p>\n<p><a href=\"https:\/\/www.noticiasradioreflejos.com.ar\/2021\/123501-2\/foto-n-2\/\" rel=\"attachment wp-att-123502\"><img loading=\"lazy\" decoding=\"async\" class=\"aligncenter size-full wp-image-123502\" src=\"https:\/\/www.noticiasradioreflejos.com.ar\/2021\/wp-content\/uploads\/2025\/08\/Foto-N\u00b0-2-scaled.jpg\" alt=\"\" width=\"2560\" height=\"1703\" srcset=\"https:\/\/www.noticiasradioreflejos.com.ar\/2021\/wp-content\/uploads\/2025\/08\/Foto-N\u00b0-2-scaled.jpg 2560w, https:\/\/www.noticiasradioreflejos.com.ar\/2021\/wp-content\/uploads\/2025\/08\/Foto-N\u00b0-2-300x200.jpg 300w, https:\/\/www.noticiasradioreflejos.com.ar\/2021\/wp-content\/uploads\/2025\/08\/Foto-N\u00b0-2-1024x681.jpg 1024w, https:\/\/www.noticiasradioreflejos.com.ar\/2021\/wp-content\/uploads\/2025\/08\/Foto-N\u00b0-2-768x511.jpg 768w, https:\/\/www.noticiasradioreflejos.com.ar\/2021\/wp-content\/uploads\/2025\/08\/Foto-N\u00b0-2-1536x1022.jpg 1536w, https:\/\/www.noticiasradioreflejos.com.ar\/2021\/wp-content\/uploads\/2025\/08\/Foto-N\u00b0-2-2048x1362.jpg 2048w, https:\/\/www.noticiasradioreflejos.com.ar\/2021\/wp-content\/uploads\/2025\/08\/Foto-N\u00b0-2-750x499.jpg 750w, https:\/\/www.noticiasradioreflejos.com.ar\/2021\/wp-content\/uploads\/2025\/08\/Foto-N\u00b0-2-1140x758.jpg 1140w\" sizes=\"auto, (max-width: 2560px) 100vw, 2560px\" \/><\/a><\/p>\n<p>A trav\u00e9s del financiamiento de Puentes se construy\u00f3 un edificio de 164 metros cuadrados de superficie, con un aula para 35 alumnos, sala de profesores, \u00e1rea administrativa, sector de servicios con tres n\u00facleos sanitarios, hall de acceso y espacio destinado para maestranza, todo en una sola planta. All\u00ed se dictar\u00e1 la Tecnicatura Universitaria en Producci\u00f3n Agropecuaria Sostenible, que estar\u00e1 a cargo de la Universidad Provincial del Sudoeste.<\/p>\n<p>Durante el acto, el ministro Bianco expres\u00f3: \u201cEl programa Puentes tiene como objetivo principal que quienes no tienen los recursos para mandar a sus hijos a estudiar a las ciudades donde est\u00e1n las universidades puedan tener la posibilidad de que lo hagan ac\u00e1, en el lugar en el que viven\u201d.<\/p>\n<p>A su vez, el intendente Bordoni declar\u00f3: \u201cEstamos creando el primer centro universitario de Tornquist y tenemos que agradecer este esfuerzo al gobernador Axel Kicillof. Sin educaci\u00f3n no hay un pa\u00eds libre. Por eso dedicamos fondos y esfuerzos de la Provincia y del municipio para hacerlo realidad\u201d.<\/p>\n<p>En el mismo sentido, la rectora Savoretti aport\u00f3: \u201cPuentes es un sue\u00f1o cumplido, que va creciendo distrito a distrito. Para las y los estudiantes es muy positivo tener este lugar propio y que puedan elegir quedarse a estudiar en su localidad\u201d.<\/p>\n<p><a href=\"https:\/\/www.noticiasradioreflejos.com.ar\/2021\/123501-2\/foto-n-7-2\/\" rel=\"attachment wp-att-123506\"><img loading=\"lazy\" decoding=\"async\" class=\"aligncenter size-full wp-image-123506\" src=\"https:\/\/www.noticiasradioreflejos.com.ar\/2021\/wp-content\/uploads\/2025\/08\/Foto-N\u00b0-7-1-scaled.jpg\" alt=\"\" width=\"2560\" height=\"1703\" srcset=\"https:\/\/www.noticiasradioreflejos.com.ar\/2021\/wp-content\/uploads\/2025\/08\/Foto-N\u00b0-7-1-scaled.jpg 2560w, https:\/\/www.noticiasradioreflejos.com.ar\/2021\/wp-content\/uploads\/2025\/08\/Foto-N\u00b0-7-1-300x200.jpg 300w, https:\/\/www.noticiasradioreflejos.com.ar\/2021\/wp-content\/uploads\/2025\/08\/Foto-N\u00b0-7-1-1024x681.jpg 1024w, https:\/\/www.noticiasradioreflejos.com.ar\/2021\/wp-content\/uploads\/2025\/08\/Foto-N\u00b0-7-1-768x511.jpg 768w, https:\/\/www.noticiasradioreflejos.com.ar\/2021\/wp-content\/uploads\/2025\/08\/Foto-N\u00b0-7-1-1536x1022.jpg 1536w, https:\/\/www.noticiasradioreflejos.com.ar\/2021\/wp-content\/uploads\/2025\/08\/Foto-N\u00b0-7-1-2048x1363.jpg 2048w, https:\/\/www.noticiasradioreflejos.com.ar\/2021\/wp-content\/uploads\/2025\/08\/Foto-N\u00b0-7-1-750x499.jpg 750w, https:\/\/www.noticiasradioreflejos.com.ar\/2021\/wp-content\/uploads\/2025\/08\/Foto-N\u00b0-7-1-1140x759.jpg 1140w\" sizes=\"auto, (max-width: 2560px) 100vw, 2560px\" \/><\/a><\/p>\n<p><strong><em>Entrega de netbooks de Conectar Igualdad Bonaerense<\/em><\/strong><\/p>\n<p>En el marco del programa Conectar Igualdad Bonaerense, en esta ocasi\u00f3n tambi\u00e9n se entregaron computadoras a estudiantes del \u00faltimo a\u00f1o del nivel secundario del Centro de Educaci\u00f3n para la Producci\u00f3n Total N\u00b0 12, la Escuela de Educaci\u00f3n Secundaria N\u00b0 4, la Escuela de Educaci\u00f3n Secundaria N\u00b0 5, la Escuela de Educaci\u00f3n Secundaria T\u00e9cnica N\u00b0 1, la Escuela de Educaci\u00f3n Secundaria N\u00b0 6 \u201cV\u00edctor Mercante\u201d, el Instituto \u201cFort\u00edn Pav\u00f3n\u201d, la Escuela de Educaci\u00f3n Especial N\u00b0 501 \u201cMart\u00edn Miguel de G\u00fcemes\u201d y la Escuela de Educaci\u00f3n Especial N\u00b0 502. Con esta pol\u00edtica, el Gobierno bonaerense busca promover la igualdad de oportunidades achicando la brecha digital y fomentando, as\u00ed, una educaci\u00f3n inclusiva y de calidad para las y los j\u00f3venes de la provincia.<\/p>\n<p>Al finalizar su alocuci\u00f3n, Bianco afirm\u00f3: \u201cNuestra responsabilidad como funcionarios es darles a las y los j\u00f3venes las herramientas para que puedan construir una vida m\u00e1s libre, m\u00e1s pr\u00f3spera y con m\u00e1s oportunidades. Tanto Puentes como Conectar Igualdad Bonaerense son parte de las pol\u00edticas que impuls\u00f3 el Gobernador para crear una sociedad m\u00e1s justa e inclusiva\u201d.<\/p>\n<p>Se sum\u00f3 a las actividades la participaci\u00f3n del director provincial de Vinculaci\u00f3n con el Sistema Universitario y Cient\u00edfico y coordinador del programa Puentes, Juan Brardinelli, estudiantes y otras autoridades locales. Luego del corte de cinta, la jornada concluy\u00f3 con un recorrido por las nuevas instalaciones del centro universitario.<\/p>\n<p>&nbsp;<\/p>\n","protected":false},"excerpt":{"rendered":"<p>El ministro Carlos Bianco y el intendente Sergio Bordoni encabezaron el acto de inauguraci\u00f3n en el que se entregaron adem\u00e1s computadoras del programa Conectar Igualdad Bonaerense.<\/p>\n","protected":false},"author":3,"featured_media":123503,"comment_status":"closed","ping_status":"closed","sticky":false,"template":"","format":"standard","meta":{"footnotes":""},"categories":[29],"tags":[],"class_list":["post-123501","post","type-post","status-publish","format-standard","has-post-thumbnail","hentry","category-policiales"],"yoast_head":"<!-- This site is optimized with the Yoast SEO plugin v25.9 - https:\/\/yoast.com\/wordpress\/plugins\/seo\/ -->\n<title>El municipio de Tornquist ya tiene su Centro Universitario gracias al programa Puentes - Noticias Radio Reflejos<\/title>\n<meta name=\"robots\" content=\"index, follow, max-snippet:-1, max-image-preview:large, max-video-preview:-1\" \/>\n<link rel=\"canonical\" href=\"https:\/\/www.noticiasradioreflejos.com.ar\/2021\/123501-2\/\" \/>\n<meta property=\"og:locale\" content=\"es_ES\" \/>\n<meta property=\"og:type\" content=\"article\" \/>\n<meta property=\"og:title\" content=\"El municipio de Tornquist ya tiene su Centro Universitario gracias al programa Puentes - Noticias Radio Reflejos\" \/>\n<meta property=\"og:description\" content=\"El ministro Carlos Bianco y el intendente Sergio Bordoni encabezaron el acto de inauguraci\u00f3n en el que se entregaron adem\u00e1s computadoras del programa Conectar Igualdad Bonaerense.\" \/>\n<meta property=\"og:url\" content=\"https:\/\/www.noticiasradioreflejos.com.ar\/2021\/123501-2\/\" \/>\n<meta property=\"og:site_name\" content=\"Noticias Radio Reflejos\" \/>\n<meta property=\"article:published_time\" content=\"2025-08-14T21:27:06+00:00\" \/>\n<meta property=\"article:modified_time\" content=\"2025-08-14T21:28:09+00:00\" \/>\n<meta property=\"og:image\" content=\"https:\/\/www.noticiasradioreflejos.com.ar\/2021\/wp-content\/uploads\/2025\/08\/Foto-N\u00b0-4-scaled.jpg\" \/>\n\t<meta property=\"og:image:width\" content=\"2560\" \/>\n\t<meta property=\"og:image:height\" content=\"1703\" \/>\n\t<meta property=\"og:image:type\" content=\"image\/jpeg\" \/>\n<meta name=\"author\" content=\"Arnaldo Botto\" \/>\n<meta name=\"twitter:card\" content=\"summary_large_image\" \/>\n<script type=\"application\/ld+json\" class=\"yoast-schema-graph\">{\"@context\":\"https:\/\/schema.org\",\"@graph\":[{\"@type\":\"WebPage\",\"@id\":\"https:\/\/www.noticiasradioreflejos.com.ar\/2021\/123501-2\/\",\"url\":\"https:\/\/www.noticiasradioreflejos.com.ar\/2021\/123501-2\/\",\"name\":\"El municipio de Tornquist ya tiene su Centro Universitario gracias al programa Puentes - Noticias Radio Reflejos\",\"isPartOf\":{\"@id\":\"https:\/\/www.noticiasradioreflejos.com.ar\/2021\/#website\"},\"primaryImageOfPage\":{\"@id\":\"https:\/\/www.noticiasradioreflejos.com.ar\/2021\/123501-2\/#primaryimage\"},\"image\":{\"@id\":\"https:\/\/www.noticiasradioreflejos.com.ar\/2021\/123501-2\/#primaryimage\"},\"thumbnailUrl\":\"https:\/\/www.noticiasradioreflejos.com.ar\/2021\/wp-content\/uploads\/2025\/08\/Foto-N\u00b0-4-scaled.jpg\",\"datePublished\":\"2025-08-14T21:27:06+00:00\",\"dateModified\":\"2025-08-14T21:28:09+00:00\",\"author\":{\"@id\":\"https:\/\/www.noticiasradioreflejos.com.ar\/2021\/#\/schema\/person\/ad82545263dcc5ec0996818884fd5fb1\"},\"breadcrumb\":{\"@id\":\"https:\/\/www.noticiasradioreflejos.com.ar\/2021\/123501-2\/#breadcrumb\"},\"inLanguage\":\"es\",\"potentialAction\":[{\"@type\":\"ReadAction\",\"target\":[\"https:\/\/www.noticiasradioreflejos.com.ar\/2021\/123501-2\/\"]}]},{\"@type\":\"ImageObject\",\"inLanguage\":\"es\",\"@id\":\"https:\/\/www.noticiasradioreflejos.com.ar\/2021\/123501-2\/#primaryimage\",\"url\":\"https:\/\/www.noticiasradioreflejos.com.ar\/2021\/wp-content\/uploads\/2025\/08\/Foto-N\u00b0-4-scaled.jpg\",\"contentUrl\":\"https:\/\/www.noticiasradioreflejos.com.ar\/2021\/wp-content\/uploads\/2025\/08\/Foto-N\u00b0-4-scaled.jpg\",\"width\":2560,\"height\":1703},{\"@type\":\"BreadcrumbList\",\"@id\":\"https:\/\/www.noticiasradioreflejos.com.ar\/2021\/123501-2\/#breadcrumb\",\"itemListElement\":[{\"@type\":\"ListItem\",\"position\":1,\"name\":\"Portada\",\"item\":\"https:\/\/www.noticiasradioreflejos.com.ar\/2021\/\"},{\"@type\":\"ListItem\",\"position\":2,\"name\":\"El municipio de Tornquist ya tiene su Centro Universitario gracias al programa Puentes\"}]},{\"@type\":\"WebSite\",\"@id\":\"https:\/\/www.noticiasradioreflejos.com.ar\/2021\/#website\",\"url\":\"https:\/\/www.noticiasradioreflejos.com.ar\/2021\/\",\"name\":\"Noticias Radio Reflejos\",\"description\":\"Las noticias de mi comarca\",\"potentialAction\":[{\"@type\":\"SearchAction\",\"target\":{\"@type\":\"EntryPoint\",\"urlTemplate\":\"https:\/\/www.noticiasradioreflejos.com.ar\/2021\/?s={search_term_string}\"},\"query-input\":{\"@type\":\"PropertyValueSpecification\",\"valueRequired\":true,\"valueName\":\"search_term_string\"}}],\"inLanguage\":\"es\"},{\"@type\":\"Person\",\"@id\":\"https:\/\/www.noticiasradioreflejos.com.ar\/2021\/#\/schema\/person\/ad82545263dcc5ec0996818884fd5fb1\",\"name\":\"Arnaldo Botto\",\"image\":{\"@type\":\"ImageObject\",\"inLanguage\":\"es\",\"@id\":\"https:\/\/www.noticiasradioreflejos.com.ar\/2021\/#\/schema\/person\/image\/\",\"url\":\"https:\/\/secure.gravatar.com\/avatar\/55cb5e37c1efa326397366e6974cb338056df65cb50e7d64d1cf314e87504837?s=96&d=mm&r=g\",\"contentUrl\":\"https:\/\/secure.gravatar.com\/avatar\/55cb5e37c1efa326397366e6974cb338056df65cb50e7d64d1cf314e87504837?s=96&d=mm&r=g\",\"caption\":\"Arnaldo Botto\"},\"url\":\"https:\/\/www.noticiasradioreflejos.com.ar\/2021\/author\/arnaldo\/\"}]}<\/script>\n<!-- \/ Yoast SEO plugin. -->","yoast_head_json":{"title":"El municipio de Tornquist ya tiene su Centro Universitario gracias al programa Puentes - Noticias Radio Reflejos","robots":{"index":"index","follow":"follow","max-snippet":"max-snippet:-1","max-image-preview":"max-image-preview:large","max-video-preview":"max-video-preview:-1"},"canonical":"https:\/\/www.noticiasradioreflejos.com.ar\/2021\/123501-2\/","og_locale":"es_ES","og_type":"article","og_title":"El municipio de Tornquist ya tiene su Centro Universitario gracias al programa Puentes - Noticias Radio Reflejos","og_description":"El ministro Carlos Bianco y el intendente Sergio Bordoni encabezaron el acto de inauguraci\u00f3n en el que se entregaron adem\u00e1s computadoras del programa Conectar Igualdad Bonaerense.","og_url":"https:\/\/www.noticiasradioreflejos.com.ar\/2021\/123501-2\/","og_site_name":"Noticias Radio Reflejos","article_published_time":"2025-08-14T21:27:06+00:00","article_modified_time":"2025-08-14T21:28:09+00:00","og_image":[{"width":2560,"height":1703,"url":"https:\/\/www.noticiasradioreflejos.com.ar\/2021\/wp-content\/uploads\/2025\/08\/Foto-N\u00b0-4-scaled.jpg","type":"image\/jpeg"}],"author":"Arnaldo Botto","twitter_card":"summary_large_image","schema":{"@context":"https:\/\/schema.org","@graph":[{"@type":"WebPage","@id":"https:\/\/www.noticiasradioreflejos.com.ar\/2021\/123501-2\/","url":"https:\/\/www.noticiasradioreflejos.com.ar\/2021\/123501-2\/","name":"El municipio de Tornquist ya tiene su Centro Universitario gracias al programa Puentes - Noticias Radio Reflejos","isPartOf":{"@id":"https:\/\/www.noticiasradioreflejos.com.ar\/2021\/#website"},"primaryImageOfPage":{"@id":"https:\/\/www.noticiasradioreflejos.com.ar\/2021\/123501-2\/#primaryimage"},"image":{"@id":"https:\/\/www.noticiasradioreflejos.com.ar\/2021\/123501-2\/#primaryimage"},"thumbnailUrl":"https:\/\/www.noticiasradioreflejos.com.ar\/2021\/wp-content\/uploads\/2025\/08\/Foto-N\u00b0-4-scaled.jpg","datePublished":"2025-08-14T21:27:06+00:00","dateModified":"2025-08-14T21:28:09+00:00","author":{"@id":"https:\/\/www.noticiasradioreflejos.com.ar\/2021\/#\/schema\/person\/ad82545263dcc5ec0996818884fd5fb1"},"breadcrumb":{"@id":"https:\/\/www.noticiasradioreflejos.com.ar\/2021\/123501-2\/#breadcrumb"},"inLanguage":"es","potentialAction":[{"@type":"ReadAction","target":["https:\/\/www.noticiasradioreflejos.com.ar\/2021\/123501-2\/"]}]},{"@type":"ImageObject","inLanguage":"es","@id":"https:\/\/www.noticiasradioreflejos.com.ar\/2021\/123501-2\/#primaryimage","url":"https:\/\/www.noticiasradioreflejos.com.ar\/2021\/wp-content\/uploads\/2025\/08\/Foto-N\u00b0-4-scaled.jpg","contentUrl":"https:\/\/www.noticiasradioreflejos.com.ar\/2021\/wp-content\/uploads\/2025\/08\/Foto-N\u00b0-4-scaled.jpg","width":2560,"height":1703},{"@type":"BreadcrumbList","@id":"https:\/\/www.noticiasradioreflejos.com.ar\/2021\/123501-2\/#breadcrumb","itemListElement":[{"@type":"ListItem","position":1,"name":"Portada","item":"https:\/\/www.noticiasradioreflejos.com.ar\/2021\/"},{"@type":"ListItem","position":2,"name":"El municipio de Tornquist ya tiene su Centro Universitario gracias al programa Puentes"}]},{"@type":"WebSite","@id":"https:\/\/www.noticiasradioreflejos.com.ar\/2021\/#website","url":"https:\/\/www.noticiasradioreflejos.com.ar\/2021\/","name":"Noticias Radio Reflejos","description":"Las noticias de mi comarca","potentialAction":[{"@type":"SearchAction","target":{"@type":"EntryPoint","urlTemplate":"https:\/\/www.noticiasradioreflejos.com.ar\/2021\/?s={search_term_string}"},"query-input":{"@type":"PropertyValueSpecification","valueRequired":true,"valueName":"search_term_string"}}],"inLanguage":"es"},{"@type":"Person","@id":"https:\/\/www.noticiasradioreflejos.com.ar\/2021\/#\/schema\/person\/ad82545263dcc5ec0996818884fd5fb1","name":"Arnaldo Botto","image":{"@type":"ImageObject","inLanguage":"es","@id":"https:\/\/www.noticiasradioreflejos.com.ar\/2021\/#\/schema\/person\/image\/","url":"https:\/\/secure.gravatar.com\/avatar\/55cb5e37c1efa326397366e6974cb338056df65cb50e7d64d1cf314e87504837?s=96&d=mm&r=g","contentUrl":"https:\/\/secure.gravatar.com\/avatar\/55cb5e37c1efa326397366e6974cb338056df65cb50e7d64d1cf314e87504837?s=96&d=mm&r=g","caption":"Arnaldo Botto"},"url":"https:\/\/www.noticiasradioreflejos.com.ar\/2021\/author\/arnaldo\/"}]}},"_links":{"self":[{"href":"https:\/\/www.noticiasradioreflejos.com.ar\/2021\/wp-json\/wp\/v2\/posts\/123501","targetHints":{"allow":["GET"]}}],"collection":[{"href":"https:\/\/www.noticiasradioreflejos.com.ar\/2021\/wp-json\/wp\/v2\/posts"}],"about":[{"href":"https:\/\/www.noticiasradioreflejos.com.ar\/2021\/wp-json\/wp\/v2\/types\/post"}],"author":[{"embeddable":true,"href":"https:\/\/www.noticiasradioreflejos.com.ar\/2021\/wp-json\/wp\/v2\/users\/3"}],"replies":[{"embeddable":true,"href":"https:\/\/www.noticiasradioreflejos.com.ar\/2021\/wp-json\/wp\/v2\/comments?post=123501"}],"version-history":[{"count":3,"href":"https:\/\/www.noticiasradioreflejos.com.ar\/2021\/wp-json\/wp\/v2\/posts\/123501\/revisions"}],"predecessor-version":[{"id":123509,"href":"https:\/\/www.noticiasradioreflejos.com.ar\/2021\/wp-json\/wp\/v2\/posts\/123501\/revisions\/123509"}],"wp:featuredmedia":[{"embeddable":true,"href":"https:\/\/www.noticiasradioreflejos.com.ar\/2021\/wp-json\/wp\/v2\/media\/123503"}],"wp:attachment":[{"href":"https:\/\/www.noticiasradioreflejos.com.ar\/2021\/wp-json\/wp\/v2\/media?parent=123501"}],"wp:term":[{"taxonomy":"category","embeddable":true,"href":"https:\/\/www.noticiasradioreflejos.com.ar\/2021\/wp-json\/wp\/v2\/categories?post=123501"},{"taxonomy":"post_tag","embeddable":true,"href":"https:\/\/www.noticiasradioreflejos.com.ar\/2021\/wp-json\/wp\/v2\/tags?post=123501"}],"curies":[{"name":"wp","href":"https:\/\/api.w.org\/{rel}","templated":true}]}}