{"id":123496,"date":"2025-08-14T18:14:00","date_gmt":"2025-08-14T21:14:00","guid":{"rendered":"https:\/\/www.noticiasradioreflejos.com.ar\/2021\/?p=123496"},"modified":"2025-08-14T18:14:00","modified_gmt":"2025-08-14T21:14:00","slug":"muerte-en-las-calles-y-rutas-argentinas-ignorancia-o-locura","status":"publish","type":"post","link":"https:\/\/www.noticiasradioreflejos.com.ar\/2021\/muerte-en-las-calles-y-rutas-argentinas-ignorancia-o-locura\/","title":{"rendered":"Muerte en las calles y rutas argentinas \u00bfIgnorancia o locura?"},"content":{"rendered":"<p>Una tragedia enlut\u00f3 a la comunidad cordobesa de Arroyito al saberse que en la madrugada del domingo pasado un auto VW Bora conducido por Franco Sosa (19 a\u00f1os) dio alcance y choc\u00f3 de atr\u00e1s a gran velocidad a un Fiat 147 que termin\u00f3 estrellado contra el guardarrail, lo que provoc\u00f3 la muerte del conductor, Ricardo Oliva (33) y sus tres hijos menores de entre 8 y 12 a\u00f1os y heridas a las otras 3 ocupantes*. \u00bfC\u00f3mo se explica este hecho y las miles de tragedias que ocurren cada a\u00f1o en nuestro pa\u00eds?<\/p>\n<p>\u00bfNo conocen las normas de tr\u00e1nsito y las m\u00e1ximas de velocidad? \u00bfO se quieren matar? Nada de eso.<\/p>\n<table id=\"m_2105009875323429404ml-block-199306061\" class=\"m_2105009875323429404mlContentTable\" border=\"0\"><\/table>\n<p><img decoding=\"async\" class=\"m_2105009875323429404mlContentImage CToWUd a6T\" tabindex=\"0\" src=\"https:\/\/ci3.googleusercontent.com\/meips\/ADKq_NbqCDZsxTlXIA5V1tTL6OpTBxejsVBRq86drrjqL-zoczOIGgEb7r15p_eWQzsTVnSv4Zpk4XQ8S_tN6gGovD_5FljfsoER7eFqLgTB2JxEEeukbVftEB8sIFUlsiMGdoB3GIL6tl1g3B15kVmmrzxoc1X6CW7sCKo3hQE_zjz00AAtCaHdH8r31NpjjQWazcYCaCc-kbWqkU4QHgsp_A=s0-d-e1-ft#https:\/\/bucket.mlcdn.com\/a\/487\/487743\/images\/6f1621a5f14289170df51ce6b3617c807e9f7437.jpeg\/4ea2d2400d137340c837df02e4ea1177907822f7.jpeg\" width=\"540\" border=\"0\" data-bit=\"iit\" \/><\/p>\n<p>&nbsp;<\/p>\n<p><strong>El problema: Baja percepci\u00f3n del riesgo = riesgo elegido\u00a0 \u00a0 \u00a0<\/strong><\/p>\n<p>Las personas se mueven en el tr\u00e1nsito, como en la vida, en\u00a0funci\u00f3n de lo que creen que los beneficia,\u00a0y aprenden de su propia experiencia y la del entorno pr\u00f3ximo.\u00a0 \u00a0 \u00a0Saben que se est\u00e1n arriesgando,\u00a0pero creen que el riesgo es \u00ednfimo y que tomarlo los beneficia. As\u00ed, deciden, por ej. ir a m\u00e1s velocidad que la permitida, conducen habiendo bebido alcohol, no respetan los sem\u00e1foros, utilizan el celular mientras conducen, no usan el casco, conducen usando el celular, no usan el cintur\u00f3n de seguridad, etc.\u00a0Y en la medida en que lo hacen y nada \u201cmalo\u201d les sucede, su percepci\u00f3n de riesgo disminuye, creen que el riesgo es \u00ednfimo. Y su comportamiento de riesgo se afirma.<\/p>\n<p>&nbsp;<\/p>\n<p>&nbsp;<\/p>\n<p><strong>Qu\u00e9 hacer: Educar, controlar y sancionar\u00a0 \u00a0 <\/strong><\/p>\n<p>Las campa\u00f1as de concientizaci\u00f3n masiva y la educaci\u00f3n resultan importantes para contribuir a cambiar esta baja percepci\u00f3n del riesgo, a partir de una comprensi\u00f3n del sentido de las normas y la interdependencia que tenemos unos de otros en el sistema del tr\u00e1nsito. Pero no son suficientes.\u00a0 \u00a0 \u00a0El Estado, responsable por la seguridad de las personas, debe fiscalizar el cumplimiento de las normas de tr\u00e1nsito y castigar con celeridad y eficacia a los que se arriesgan poniendo en peligro su vida y la de los dem\u00e1s. Controlar y sancionar es desalentar esos comportamientos, cambiar la ecuaci\u00f3n riesgo-beneficio. Si creen que tienen todo bajo control, podr\u00e1n pensar en los perjuicios de ser sancionados por su conducta de riesgo. Los controles eficaces y las sanciones efectivas modifican la percepci\u00f3n del beneficio de infringirlas.<\/p>\n<table class=\"m_2105009875323429404mlContentTable\" border=\"0\" width=\"640\" cellspacing=\"0\" cellpadding=\"0\" align=\"center\" bgcolor=\"#FFFFFF\">\n<tbody>\n<tr>\n<td class=\"m_2105009875323429404mlContentContainer m_2105009875323429404mlContentImage m_2105009875323429404mlContentHeight\" align=\"center\"><img decoding=\"async\" class=\"m_2105009875323429404mlContentImage CToWUd a6T\" tabindex=\"0\" src=\"https:\/\/ci3.googleusercontent.com\/meips\/ADKq_NaRcUy4ZNNoIbEbhqbkZ8SkE9bJXMNEToG62IJbhywgBc14F_D_mFCUmyY14KmsPdBCA3JqBmGhA_ko_4hXybkmpoumhVoDKGYKw1KEJjTZ0o8FNla7G0XuUq-3rv-89gvt9WPBX73NJDEhGZ3TK2zO8D-10c71JMu-MSH9-Ga1NHmw0Y1sR4xuGyaZw-y9KyfgR5F25cBKqU1RzHb9Gw=s0-d-e1-ft#https:\/\/bucket.mlcdn.com\/a\/487\/487743\/images\/71d418d702e31ea5a7d3408bc74ce5b11d4f6b58.jpeg\/c98297667e9c4e8a4c54c458cab6c12c11c5dee7.jpeg\" width=\"540\" border=\"0\" data-bit=\"iit\" \/><\/td>\n<\/tr>\n<\/tbody>\n<\/table>\n<p>&nbsp;<\/p>\n<p>En Argentina, los controles son pocos, e ineficaces y las sanciones son m\u00ednimas y tard\u00edas.Es una de las principales causas de mortalidad en el tr\u00e1nsito.<\/p>\n<p>&nbsp;<\/p>\n<p><strong>Lic. Mar\u00eda Cristina Isoba &#8211; Luchemos por la Vida<\/strong><\/p>\n","protected":false},"excerpt":{"rendered":"<p>Una tragedia enlut\u00f3 a la comunidad cordobesa de Arroyito al saberse que en la madrugada del domingo pasado un auto VW Bora conducido por Franco Sosa (19 a\u00f1os) dio alcance y choc\u00f3 de atr\u00e1s a gran velocidad a un Fiat 147 que termin\u00f3 estrellado contra el guardarrail, lo que provoc\u00f3 la muerte del conductor, Ricardo [&hellip;]<\/p>\n","protected":false},"author":3,"featured_media":123497,"comment_status":"closed","ping_status":"closed","sticky":false,"template":"","format":"standard","meta":{"footnotes":""},"categories":[34,26],"tags":[],"class_list":["post-123496","post","type-post","status-publish","format-standard","has-post-thumbnail","hentry","category-educacion","category-sociedad"],"yoast_head":"<!-- This site is optimized with the Yoast SEO plugin v25.9 - https:\/\/yoast.com\/wordpress\/plugins\/seo\/ -->\n<title>Muerte en las calles y rutas argentinas \u00bfIgnorancia o locura? - Noticias Radio Reflejos<\/title>\n<meta name=\"robots\" content=\"index, follow, max-snippet:-1, max-image-preview:large, max-video-preview:-1\" \/>\n<link rel=\"canonical\" href=\"https:\/\/www.noticiasradioreflejos.com.ar\/2021\/muerte-en-las-calles-y-rutas-argentinas-ignorancia-o-locura\/\" \/>\n<meta property=\"og:locale\" content=\"es_ES\" \/>\n<meta property=\"og:type\" content=\"article\" \/>\n<meta property=\"og:title\" content=\"Muerte en las calles y rutas argentinas \u00bfIgnorancia o locura? - Noticias Radio Reflejos\" \/>\n<meta property=\"og:description\" content=\"Una tragedia enlut\u00f3 a la comunidad cordobesa de Arroyito al saberse que en la madrugada del domingo pasado un auto VW Bora conducido por Franco Sosa (19 a\u00f1os) dio alcance y choc\u00f3 de atr\u00e1s a gran velocidad a un Fiat 147 que termin\u00f3 estrellado contra el guardarrail, lo que provoc\u00f3 la muerte del conductor, Ricardo [&hellip;]\" \/>\n<meta property=\"og:url\" content=\"https:\/\/www.noticiasradioreflejos.com.ar\/2021\/muerte-en-las-calles-y-rutas-argentinas-ignorancia-o-locura\/\" \/>\n<meta property=\"og:site_name\" content=\"Noticias Radio Reflejos\" \/>\n<meta property=\"article:published_time\" content=\"2025-08-14T21:14:00+00:00\" \/>\n<meta property=\"og:image\" content=\"https:\/\/www.noticiasradioreflejos.com.ar\/2021\/wp-content\/uploads\/2025\/08\/choque-y-muerte.jpg\" \/>\n\t<meta property=\"og:image:width\" content=\"866\" \/>\n\t<meta property=\"og:image:height\" content=\"483\" \/>\n\t<meta property=\"og:image:type\" content=\"image\/jpeg\" \/>\n<meta name=\"author\" content=\"Arnaldo Botto\" \/>\n<meta name=\"twitter:card\" content=\"summary_large_image\" \/>\n<script type=\"application\/ld+json\" class=\"yoast-schema-graph\">{\"@context\":\"https:\/\/schema.org\",\"@graph\":[{\"@type\":\"WebPage\",\"@id\":\"https:\/\/www.noticiasradioreflejos.com.ar\/2021\/muerte-en-las-calles-y-rutas-argentinas-ignorancia-o-locura\/\",\"url\":\"https:\/\/www.noticiasradioreflejos.com.ar\/2021\/muerte-en-las-calles-y-rutas-argentinas-ignorancia-o-locura\/\",\"name\":\"Muerte en las calles y rutas argentinas \u00bfIgnorancia o locura? - Noticias Radio Reflejos\",\"isPartOf\":{\"@id\":\"https:\/\/www.noticiasradioreflejos.com.ar\/2021\/#website\"},\"primaryImageOfPage\":{\"@id\":\"https:\/\/www.noticiasradioreflejos.com.ar\/2021\/muerte-en-las-calles-y-rutas-argentinas-ignorancia-o-locura\/#primaryimage\"},\"image\":{\"@id\":\"https:\/\/www.noticiasradioreflejos.com.ar\/2021\/muerte-en-las-calles-y-rutas-argentinas-ignorancia-o-locura\/#primaryimage\"},\"thumbnailUrl\":\"https:\/\/www.noticiasradioreflejos.com.ar\/2021\/wp-content\/uploads\/2025\/08\/choque-y-muerte.jpg\",\"datePublished\":\"2025-08-14T21:14:00+00:00\",\"author\":{\"@id\":\"https:\/\/www.noticiasradioreflejos.com.ar\/2021\/#\/schema\/person\/ad82545263dcc5ec0996818884fd5fb1\"},\"breadcrumb\":{\"@id\":\"https:\/\/www.noticiasradioreflejos.com.ar\/2021\/muerte-en-las-calles-y-rutas-argentinas-ignorancia-o-locura\/#breadcrumb\"},\"inLanguage\":\"es\",\"potentialAction\":[{\"@type\":\"ReadAction\",\"target\":[\"https:\/\/www.noticiasradioreflejos.com.ar\/2021\/muerte-en-las-calles-y-rutas-argentinas-ignorancia-o-locura\/\"]}]},{\"@type\":\"ImageObject\",\"inLanguage\":\"es\",\"@id\":\"https:\/\/www.noticiasradioreflejos.com.ar\/2021\/muerte-en-las-calles-y-rutas-argentinas-ignorancia-o-locura\/#primaryimage\",\"url\":\"https:\/\/www.noticiasradioreflejos.com.ar\/2021\/wp-content\/uploads\/2025\/08\/choque-y-muerte.jpg\",\"contentUrl\":\"https:\/\/www.noticiasradioreflejos.com.ar\/2021\/wp-content\/uploads\/2025\/08\/choque-y-muerte.jpg\",\"width\":866,\"height\":483},{\"@type\":\"BreadcrumbList\",\"@id\":\"https:\/\/www.noticiasradioreflejos.com.ar\/2021\/muerte-en-las-calles-y-rutas-argentinas-ignorancia-o-locura\/#breadcrumb\",\"itemListElement\":[{\"@type\":\"ListItem\",\"position\":1,\"name\":\"Portada\",\"item\":\"https:\/\/www.noticiasradioreflejos.com.ar\/2021\/\"},{\"@type\":\"ListItem\",\"position\":2,\"name\":\"Muerte en las calles y rutas argentinas \u00bfIgnorancia o locura?\"}]},{\"@type\":\"WebSite\",\"@id\":\"https:\/\/www.noticiasradioreflejos.com.ar\/2021\/#website\",\"url\":\"https:\/\/www.noticiasradioreflejos.com.ar\/2021\/\",\"name\":\"Noticias Radio Reflejos\",\"description\":\"Las noticias de mi comarca\",\"potentialAction\":[{\"@type\":\"SearchAction\",\"target\":{\"@type\":\"EntryPoint\",\"urlTemplate\":\"https:\/\/www.noticiasradioreflejos.com.ar\/2021\/?s={search_term_string}\"},\"query-input\":{\"@type\":\"PropertyValueSpecification\",\"valueRequired\":true,\"valueName\":\"search_term_string\"}}],\"inLanguage\":\"es\"},{\"@type\":\"Person\",\"@id\":\"https:\/\/www.noticiasradioreflejos.com.ar\/2021\/#\/schema\/person\/ad82545263dcc5ec0996818884fd5fb1\",\"name\":\"Arnaldo Botto\",\"image\":{\"@type\":\"ImageObject\",\"inLanguage\":\"es\",\"@id\":\"https:\/\/www.noticiasradioreflejos.com.ar\/2021\/#\/schema\/person\/image\/\",\"url\":\"https:\/\/secure.gravatar.com\/avatar\/55cb5e37c1efa326397366e6974cb338056df65cb50e7d64d1cf314e87504837?s=96&d=mm&r=g\",\"contentUrl\":\"https:\/\/secure.gravatar.com\/avatar\/55cb5e37c1efa326397366e6974cb338056df65cb50e7d64d1cf314e87504837?s=96&d=mm&r=g\",\"caption\":\"Arnaldo Botto\"},\"url\":\"https:\/\/www.noticiasradioreflejos.com.ar\/2021\/author\/arnaldo\/\"}]}<\/script>\n<!-- \/ Yoast SEO plugin. -->","yoast_head_json":{"title":"Muerte en las calles y rutas argentinas \u00bfIgnorancia o locura? - Noticias Radio Reflejos","robots":{"index":"index","follow":"follow","max-snippet":"max-snippet:-1","max-image-preview":"max-image-preview:large","max-video-preview":"max-video-preview:-1"},"canonical":"https:\/\/www.noticiasradioreflejos.com.ar\/2021\/muerte-en-las-calles-y-rutas-argentinas-ignorancia-o-locura\/","og_locale":"es_ES","og_type":"article","og_title":"Muerte en las calles y rutas argentinas \u00bfIgnorancia o locura? - Noticias Radio Reflejos","og_description":"Una tragedia enlut\u00f3 a la comunidad cordobesa de Arroyito al saberse que en la madrugada del domingo pasado un auto VW Bora conducido por Franco Sosa (19 a\u00f1os) dio alcance y choc\u00f3 de atr\u00e1s a gran velocidad a un Fiat 147 que termin\u00f3 estrellado contra el guardarrail, lo que provoc\u00f3 la muerte del conductor, Ricardo [&hellip;]","og_url":"https:\/\/www.noticiasradioreflejos.com.ar\/2021\/muerte-en-las-calles-y-rutas-argentinas-ignorancia-o-locura\/","og_site_name":"Noticias Radio Reflejos","article_published_time":"2025-08-14T21:14:00+00:00","og_image":[{"width":866,"height":483,"url":"https:\/\/www.noticiasradioreflejos.com.ar\/2021\/wp-content\/uploads\/2025\/08\/choque-y-muerte.jpg","type":"image\/jpeg"}],"author":"Arnaldo Botto","twitter_card":"summary_large_image","schema":{"@context":"https:\/\/schema.org","@graph":[{"@type":"WebPage","@id":"https:\/\/www.noticiasradioreflejos.com.ar\/2021\/muerte-en-las-calles-y-rutas-argentinas-ignorancia-o-locura\/","url":"https:\/\/www.noticiasradioreflejos.com.ar\/2021\/muerte-en-las-calles-y-rutas-argentinas-ignorancia-o-locura\/","name":"Muerte en las calles y rutas argentinas \u00bfIgnorancia o locura? - Noticias Radio Reflejos","isPartOf":{"@id":"https:\/\/www.noticiasradioreflejos.com.ar\/2021\/#website"},"primaryImageOfPage":{"@id":"https:\/\/www.noticiasradioreflejos.com.ar\/2021\/muerte-en-las-calles-y-rutas-argentinas-ignorancia-o-locura\/#primaryimage"},"image":{"@id":"https:\/\/www.noticiasradioreflejos.com.ar\/2021\/muerte-en-las-calles-y-rutas-argentinas-ignorancia-o-locura\/#primaryimage"},"thumbnailUrl":"https:\/\/www.noticiasradioreflejos.com.ar\/2021\/wp-content\/uploads\/2025\/08\/choque-y-muerte.jpg","datePublished":"2025-08-14T21:14:00+00:00","author":{"@id":"https:\/\/www.noticiasradioreflejos.com.ar\/2021\/#\/schema\/person\/ad82545263dcc5ec0996818884fd5fb1"},"breadcrumb":{"@id":"https:\/\/www.noticiasradioreflejos.com.ar\/2021\/muerte-en-las-calles-y-rutas-argentinas-ignorancia-o-locura\/#breadcrumb"},"inLanguage":"es","potentialAction":[{"@type":"ReadAction","target":["https:\/\/www.noticiasradioreflejos.com.ar\/2021\/muerte-en-las-calles-y-rutas-argentinas-ignorancia-o-locura\/"]}]},{"@type":"ImageObject","inLanguage":"es","@id":"https:\/\/www.noticiasradioreflejos.com.ar\/2021\/muerte-en-las-calles-y-rutas-argentinas-ignorancia-o-locura\/#primaryimage","url":"https:\/\/www.noticiasradioreflejos.com.ar\/2021\/wp-content\/uploads\/2025\/08\/choque-y-muerte.jpg","contentUrl":"https:\/\/www.noticiasradioreflejos.com.ar\/2021\/wp-content\/uploads\/2025\/08\/choque-y-muerte.jpg","width":866,"height":483},{"@type":"BreadcrumbList","@id":"https:\/\/www.noticiasradioreflejos.com.ar\/2021\/muerte-en-las-calles-y-rutas-argentinas-ignorancia-o-locura\/#breadcrumb","itemListElement":[{"@type":"ListItem","position":1,"name":"Portada","item":"https:\/\/www.noticiasradioreflejos.com.ar\/2021\/"},{"@type":"ListItem","position":2,"name":"Muerte en las calles y rutas argentinas \u00bfIgnorancia o locura?"}]},{"@type":"WebSite","@id":"https:\/\/www.noticiasradioreflejos.com.ar\/2021\/#website","url":"https:\/\/www.noticiasradioreflejos.com.ar\/2021\/","name":"Noticias Radio Reflejos","description":"Las noticias de mi comarca","potentialAction":[{"@type":"SearchAction","target":{"@type":"EntryPoint","urlTemplate":"https:\/\/www.noticiasradioreflejos.com.ar\/2021\/?s={search_term_string}"},"query-input":{"@type":"PropertyValueSpecification","valueRequired":true,"valueName":"search_term_string"}}],"inLanguage":"es"},{"@type":"Person","@id":"https:\/\/www.noticiasradioreflejos.com.ar\/2021\/#\/schema\/person\/ad82545263dcc5ec0996818884fd5fb1","name":"Arnaldo Botto","image":{"@type":"ImageObject","inLanguage":"es","@id":"https:\/\/www.noticiasradioreflejos.com.ar\/2021\/#\/schema\/person\/image\/","url":"https:\/\/secure.gravatar.com\/avatar\/55cb5e37c1efa326397366e6974cb338056df65cb50e7d64d1cf314e87504837?s=96&d=mm&r=g","contentUrl":"https:\/\/secure.gravatar.com\/avatar\/55cb5e37c1efa326397366e6974cb338056df65cb50e7d64d1cf314e87504837?s=96&d=mm&r=g","caption":"Arnaldo Botto"},"url":"https:\/\/www.noticiasradioreflejos.com.ar\/2021\/author\/arnaldo\/"}]}},"_links":{"self":[{"href":"https:\/\/www.noticiasradioreflejos.com.ar\/2021\/wp-json\/wp\/v2\/posts\/123496","targetHints":{"allow":["GET"]}}],"collection":[{"href":"https:\/\/www.noticiasradioreflejos.com.ar\/2021\/wp-json\/wp\/v2\/posts"}],"about":[{"href":"https:\/\/www.noticiasradioreflejos.com.ar\/2021\/wp-json\/wp\/v2\/types\/post"}],"author":[{"embeddable":true,"href":"https:\/\/www.noticiasradioreflejos.com.ar\/2021\/wp-json\/wp\/v2\/users\/3"}],"replies":[{"embeddable":true,"href":"https:\/\/www.noticiasradioreflejos.com.ar\/2021\/wp-json\/wp\/v2\/comments?post=123496"}],"version-history":[{"count":1,"href":"https:\/\/www.noticiasradioreflejos.com.ar\/2021\/wp-json\/wp\/v2\/posts\/123496\/revisions"}],"predecessor-version":[{"id":123498,"href":"https:\/\/www.noticiasradioreflejos.com.ar\/2021\/wp-json\/wp\/v2\/posts\/123496\/revisions\/123498"}],"wp:featuredmedia":[{"embeddable":true,"href":"https:\/\/www.noticiasradioreflejos.com.ar\/2021\/wp-json\/wp\/v2\/media\/123497"}],"wp:attachment":[{"href":"https:\/\/www.noticiasradioreflejos.com.ar\/2021\/wp-json\/wp\/v2\/media?parent=123496"}],"wp:term":[{"taxonomy":"category","embeddable":true,"href":"https:\/\/www.noticiasradioreflejos.com.ar\/2021\/wp-json\/wp\/v2\/categories?post=123496"},{"taxonomy":"post_tag","embeddable":true,"href":"https:\/\/www.noticiasradioreflejos.com.ar\/2021\/wp-json\/wp\/v2\/tags?post=123496"}],"curies":[{"name":"wp","href":"https:\/\/api.w.org\/{rel}","templated":true}]}}