{"id":123471,"date":"2025-08-14T17:08:15","date_gmt":"2025-08-14T20:08:15","guid":{"rendered":"https:\/\/www.noticiasradioreflejos.com.ar\/2021\/?p=123471"},"modified":"2025-08-14T17:12:57","modified_gmt":"2025-08-14T20:12:57","slug":"123471-2","status":"publish","type":"post","link":"https:\/\/www.noticiasradioreflejos.com.ar\/2021\/123471-2\/","title":{"rendered":"Sergio Bordoni: \u201cSeguimos haciendo historia en nuestro distrito\u201d."},"content":{"rendered":"<p>Palabras del intendente luego de la inauguraci\u00f3n del primer Centro Universitario de Tornquist.<!--more--><\/p>\n<p>En un acto cargado de emoci\u00f3n, el intendente Sergio Bordoni encabez\u00f3 la inauguraci\u00f3n del primer Centro Universitario de Tornquist, una obra que consider\u00f3 de \u201cvital importancia\u201d para el futuro del distrito. El acto tambi\u00e9n cont\u00f3 con la presencia del ministro de gobierno Carlos Bianco y la Rectora de la Universidad Provincial del Sudoeste (UPSO), Andrea Savoretti.<\/p>\n<p>\u201cSeguimos haciendo historia en nuestro distrito. Siempre digo que cada vez que un funcionario nos visita se lleva una inquietud, y esa inquietud se transforma en obras. Hoy estamos dando un paso fundamental con la apertura de este espacio\u201d, sostuvo el jefe comunal.<\/p>\n<p>Bordoni remarc\u00f3 que la educaci\u00f3n es un pilar esencial de su gesti\u00f3n, al igual que lo es para el gobernador Axel Kicillof, junto con la salud. En ese sentido, valor\u00f3 el Programa Puentes, impulsado por la Provincia para crear centros universitarios en distintos municipios: \u201cSe trata de darles la oportunidad a los j\u00f3venes de estudiar sin tener que irse del distrito, porque no todos tienen la posibilidad de que sus padres los puedan mantener afuera. Esto es Estado presente; sin Estado presente, estas oportunidades no existir\u00edan\u201d.<\/p>\n<p>El intendente agradeci\u00f3 especialmente a Carlos Bianco, a quien defini\u00f3 como \u201cel gestor de todo esto\u201d. Explic\u00f3 que la obra se encuentra en su primera etapa y que, seg\u00fan el compromiso asumido por Bianco, se sumar\u00e1n dos aulas m\u00e1s. \u201cTenemos un fondo educativo que destinamos \u00edntegramente a educaci\u00f3n, no lo desviamos para otras cosas. Porque sin educaci\u00f3n no hay un pa\u00eds libre; cuanta m\u00e1s educaci\u00f3n haya, mejor vamos a votar\u201d, afirm\u00f3.<\/p>\n<p>En el cierre, Bordoni anticip\u00f3 un momento especial: el descubrimiento de dos placas, una de ellas en homenaje a Elsa Kaltenbach. \u201cEs muy emotivo para m\u00ed porque conoc\u00ed a Elsa hace muchos a\u00f1os. Cuando empec\u00e9 la primaria, ingres\u00e9 con 5 a\u00f1os, no porque fuera muy inteligente, sino porque en ese momento no hab\u00eda tantos alumnos. Me hicieron un test, lo aprob\u00e9 y entr\u00e9. Luego, en 2006, nos unimos para crear el Centro de D\u00eda de Tornquist junto con el se\u00f1or Arecio Minujin. Elsa siempre defendi\u00f3 la educaci\u00f3n terciaria y luch\u00f3 para que todos tuvi\u00e9ramos oportunidades. Lamentablemente, ya no est\u00e1 entre nosotros, pero su nombre quedar\u00e1 grabado en este edificio\u201d, expres\u00f3.<\/p>\n<p>Finalmente, Bordoni destac\u00f3 el esfuerzo de quienes hicieron posible la inauguraci\u00f3n: \u201cNo me quiero olvidar de los empleados municipales; hubiera sido imposible sin ellos. Muchas gracias a todo el gabinete, que trabaj\u00f3 hasta altas horas de la noche para que este lugar luzca de la mejor manera\u201d.<\/p>\n<p><a href=\"https:\/\/www.facebook.com\/media\/set\/?set=a.1329323935866769&amp;type=3\">ALBUM DE FOTOS<\/a><i class=\"fa fa-volume-up\" aria-hidden=\"true\"><\/i><\/p>\n<div>\n<p><img decoding=\"async\" src=\"https:\/\/www.noticiastornquist.com.ar\/imagen.php?imagen=2025-08\/152242_80_532233865132931813586734981951.jpg\" \/><\/p>\n<\/div>\n<p>&nbsp;<\/p>\n<p>&nbsp;<\/p>\n<p><em><strong>Gentileza Noticias Tornquist<\/strong><\/em><\/p>\n<div>\n<div><\/div>\n<\/div>\n<div class=\"table-cell aside\">\n<div class=\"anuncio anuncio-float adfixed\"><\/div>\n<\/div>\n<p>&nbsp;<\/p>\n<footer>\n<div class=\"wfix\">\n<div class=\"table\">\n<div class=\"table-cell\">\n<div class=\"masnoticias\"><\/div>\n<\/div>\n<\/div>\n<\/div>\n<div class=\"pie\"><\/div>\n<\/footer>\n","protected":false},"excerpt":{"rendered":"<p>Palabras del intendente luego de la inauguraci\u00f3n del primer Centro Universitario de Tornquist.<\/p>\n","protected":false},"author":3,"featured_media":0,"comment_status":"closed","ping_status":"closed","sticky":false,"template":"","format":"standard","meta":{"footnotes":""},"categories":[28],"tags":[],"class_list":["post-123471","post","type-post","status-publish","format-standard","hentry","category-municipales"],"yoast_head":"<!-- This site is optimized with the Yoast SEO plugin v25.9 - https:\/\/yoast.com\/wordpress\/plugins\/seo\/ -->\n<title>Sergio Bordoni: \u201cSeguimos haciendo historia en nuestro distrito\u201d. - Noticias Radio Reflejos<\/title>\n<meta name=\"robots\" content=\"index, follow, max-snippet:-1, max-image-preview:large, max-video-preview:-1\" \/>\n<link rel=\"canonical\" href=\"https:\/\/www.noticiasradioreflejos.com.ar\/2021\/123471-2\/\" \/>\n<meta property=\"og:locale\" content=\"es_ES\" \/>\n<meta property=\"og:type\" content=\"article\" \/>\n<meta property=\"og:title\" content=\"Sergio Bordoni: \u201cSeguimos haciendo historia en nuestro distrito\u201d. - Noticias Radio Reflejos\" \/>\n<meta property=\"og:description\" content=\"Palabras del intendente luego de la inauguraci\u00f3n del primer Centro Universitario de Tornquist.\" \/>\n<meta property=\"og:url\" content=\"https:\/\/www.noticiasradioreflejos.com.ar\/2021\/123471-2\/\" \/>\n<meta property=\"og:site_name\" content=\"Noticias Radio Reflejos\" \/>\n<meta property=\"article:published_time\" content=\"2025-08-14T20:08:15+00:00\" \/>\n<meta property=\"article:modified_time\" content=\"2025-08-14T20:12:57+00:00\" \/>\n<meta property=\"og:image\" content=\"https:\/\/www.noticiasradioreflejos.com.ar\/2021\/wp-content\/uploads\/2025\/08\/Bordoni-Bianco.jpg\" \/>\n\t<meta property=\"og:image:width\" content=\"1600\" \/>\n\t<meta property=\"og:image:height\" content=\"1067\" \/>\n\t<meta property=\"og:image:type\" content=\"image\/jpeg\" \/>\n<meta name=\"author\" content=\"Arnaldo Botto\" \/>\n<meta name=\"twitter:card\" content=\"summary_large_image\" \/>\n<script type=\"application\/ld+json\" class=\"yoast-schema-graph\">{\"@context\":\"https:\/\/schema.org\",\"@graph\":[{\"@type\":\"WebPage\",\"@id\":\"https:\/\/www.noticiasradioreflejos.com.ar\/2021\/123471-2\/\",\"url\":\"https:\/\/www.noticiasradioreflejos.com.ar\/2021\/123471-2\/\",\"name\":\"Sergio Bordoni: \u201cSeguimos haciendo historia en nuestro distrito\u201d. - Noticias Radio Reflejos\",\"isPartOf\":{\"@id\":\"https:\/\/www.noticiasradioreflejos.com.ar\/2021\/#website\"},\"primaryImageOfPage\":{\"@id\":\"https:\/\/www.noticiasradioreflejos.com.ar\/2021\/123471-2\/#primaryimage\"},\"image\":{\"@id\":\"https:\/\/www.noticiasradioreflejos.com.ar\/2021\/123471-2\/#primaryimage\"},\"thumbnailUrl\":\"https:\/\/www.noticiastornquist.com.ar\/imagen.php?imagen=2025-08\/152242_80_532233865132931813586734981951.jpg\",\"datePublished\":\"2025-08-14T20:08:15+00:00\",\"dateModified\":\"2025-08-14T20:12:57+00:00\",\"author\":{\"@id\":\"https:\/\/www.noticiasradioreflejos.com.ar\/2021\/#\/schema\/person\/ad82545263dcc5ec0996818884fd5fb1\"},\"breadcrumb\":{\"@id\":\"https:\/\/www.noticiasradioreflejos.com.ar\/2021\/123471-2\/#breadcrumb\"},\"inLanguage\":\"es\",\"potentialAction\":[{\"@type\":\"ReadAction\",\"target\":[\"https:\/\/www.noticiasradioreflejos.com.ar\/2021\/123471-2\/\"]}]},{\"@type\":\"ImageObject\",\"inLanguage\":\"es\",\"@id\":\"https:\/\/www.noticiasradioreflejos.com.ar\/2021\/123471-2\/#primaryimage\",\"url\":\"https:\/\/www.noticiastornquist.com.ar\/imagen.php?imagen=2025-08\/152242_80_532233865132931813586734981951.jpg\",\"contentUrl\":\"https:\/\/www.noticiastornquist.com.ar\/imagen.php?imagen=2025-08\/152242_80_532233865132931813586734981951.jpg\"},{\"@type\":\"BreadcrumbList\",\"@id\":\"https:\/\/www.noticiasradioreflejos.com.ar\/2021\/123471-2\/#breadcrumb\",\"itemListElement\":[{\"@type\":\"ListItem\",\"position\":1,\"name\":\"Portada\",\"item\":\"https:\/\/www.noticiasradioreflejos.com.ar\/2021\/\"},{\"@type\":\"ListItem\",\"position\":2,\"name\":\"Sergio Bordoni: \u201cSeguimos haciendo historia en nuestro distrito\u201d.\"}]},{\"@type\":\"WebSite\",\"@id\":\"https:\/\/www.noticiasradioreflejos.com.ar\/2021\/#website\",\"url\":\"https:\/\/www.noticiasradioreflejos.com.ar\/2021\/\",\"name\":\"Noticias Radio Reflejos\",\"description\":\"Las noticias de mi comarca\",\"potentialAction\":[{\"@type\":\"SearchAction\",\"target\":{\"@type\":\"EntryPoint\",\"urlTemplate\":\"https:\/\/www.noticiasradioreflejos.com.ar\/2021\/?s={search_term_string}\"},\"query-input\":{\"@type\":\"PropertyValueSpecification\",\"valueRequired\":true,\"valueName\":\"search_term_string\"}}],\"inLanguage\":\"es\"},{\"@type\":\"Person\",\"@id\":\"https:\/\/www.noticiasradioreflejos.com.ar\/2021\/#\/schema\/person\/ad82545263dcc5ec0996818884fd5fb1\",\"name\":\"Arnaldo Botto\",\"image\":{\"@type\":\"ImageObject\",\"inLanguage\":\"es\",\"@id\":\"https:\/\/www.noticiasradioreflejos.com.ar\/2021\/#\/schema\/person\/image\/\",\"url\":\"https:\/\/secure.gravatar.com\/avatar\/55cb5e37c1efa326397366e6974cb338056df65cb50e7d64d1cf314e87504837?s=96&d=mm&r=g\",\"contentUrl\":\"https:\/\/secure.gravatar.com\/avatar\/55cb5e37c1efa326397366e6974cb338056df65cb50e7d64d1cf314e87504837?s=96&d=mm&r=g\",\"caption\":\"Arnaldo Botto\"},\"url\":\"https:\/\/www.noticiasradioreflejos.com.ar\/2021\/author\/arnaldo\/\"}]}<\/script>\n<!-- \/ Yoast SEO plugin. -->","yoast_head_json":{"title":"Sergio Bordoni: \u201cSeguimos haciendo historia en nuestro distrito\u201d. - Noticias Radio Reflejos","robots":{"index":"index","follow":"follow","max-snippet":"max-snippet:-1","max-image-preview":"max-image-preview:large","max-video-preview":"max-video-preview:-1"},"canonical":"https:\/\/www.noticiasradioreflejos.com.ar\/2021\/123471-2\/","og_locale":"es_ES","og_type":"article","og_title":"Sergio Bordoni: \u201cSeguimos haciendo historia en nuestro distrito\u201d. - Noticias Radio Reflejos","og_description":"Palabras del intendente luego de la inauguraci\u00f3n del primer Centro Universitario de Tornquist.","og_url":"https:\/\/www.noticiasradioreflejos.com.ar\/2021\/123471-2\/","og_site_name":"Noticias Radio Reflejos","article_published_time":"2025-08-14T20:08:15+00:00","article_modified_time":"2025-08-14T20:12:57+00:00","og_image":[{"width":1600,"height":1067,"url":"https:\/\/www.noticiasradioreflejos.com.ar\/2021\/wp-content\/uploads\/2025\/08\/Bordoni-Bianco.jpg","type":"image\/jpeg"}],"author":"Arnaldo Botto","twitter_card":"summary_large_image","schema":{"@context":"https:\/\/schema.org","@graph":[{"@type":"WebPage","@id":"https:\/\/www.noticiasradioreflejos.com.ar\/2021\/123471-2\/","url":"https:\/\/www.noticiasradioreflejos.com.ar\/2021\/123471-2\/","name":"Sergio Bordoni: \u201cSeguimos haciendo historia en nuestro distrito\u201d. - Noticias Radio Reflejos","isPartOf":{"@id":"https:\/\/www.noticiasradioreflejos.com.ar\/2021\/#website"},"primaryImageOfPage":{"@id":"https:\/\/www.noticiasradioreflejos.com.ar\/2021\/123471-2\/#primaryimage"},"image":{"@id":"https:\/\/www.noticiasradioreflejos.com.ar\/2021\/123471-2\/#primaryimage"},"thumbnailUrl":"https:\/\/www.noticiastornquist.com.ar\/imagen.php?imagen=2025-08\/152242_80_532233865132931813586734981951.jpg","datePublished":"2025-08-14T20:08:15+00:00","dateModified":"2025-08-14T20:12:57+00:00","author":{"@id":"https:\/\/www.noticiasradioreflejos.com.ar\/2021\/#\/schema\/person\/ad82545263dcc5ec0996818884fd5fb1"},"breadcrumb":{"@id":"https:\/\/www.noticiasradioreflejos.com.ar\/2021\/123471-2\/#breadcrumb"},"inLanguage":"es","potentialAction":[{"@type":"ReadAction","target":["https:\/\/www.noticiasradioreflejos.com.ar\/2021\/123471-2\/"]}]},{"@type":"ImageObject","inLanguage":"es","@id":"https:\/\/www.noticiasradioreflejos.com.ar\/2021\/123471-2\/#primaryimage","url":"https:\/\/www.noticiastornquist.com.ar\/imagen.php?imagen=2025-08\/152242_80_532233865132931813586734981951.jpg","contentUrl":"https:\/\/www.noticiastornquist.com.ar\/imagen.php?imagen=2025-08\/152242_80_532233865132931813586734981951.jpg"},{"@type":"BreadcrumbList","@id":"https:\/\/www.noticiasradioreflejos.com.ar\/2021\/123471-2\/#breadcrumb","itemListElement":[{"@type":"ListItem","position":1,"name":"Portada","item":"https:\/\/www.noticiasradioreflejos.com.ar\/2021\/"},{"@type":"ListItem","position":2,"name":"Sergio Bordoni: \u201cSeguimos haciendo historia en nuestro distrito\u201d."}]},{"@type":"WebSite","@id":"https:\/\/www.noticiasradioreflejos.com.ar\/2021\/#website","url":"https:\/\/www.noticiasradioreflejos.com.ar\/2021\/","name":"Noticias Radio Reflejos","description":"Las noticias de mi comarca","potentialAction":[{"@type":"SearchAction","target":{"@type":"EntryPoint","urlTemplate":"https:\/\/www.noticiasradioreflejos.com.ar\/2021\/?s={search_term_string}"},"query-input":{"@type":"PropertyValueSpecification","valueRequired":true,"valueName":"search_term_string"}}],"inLanguage":"es"},{"@type":"Person","@id":"https:\/\/www.noticiasradioreflejos.com.ar\/2021\/#\/schema\/person\/ad82545263dcc5ec0996818884fd5fb1","name":"Arnaldo Botto","image":{"@type":"ImageObject","inLanguage":"es","@id":"https:\/\/www.noticiasradioreflejos.com.ar\/2021\/#\/schema\/person\/image\/","url":"https:\/\/secure.gravatar.com\/avatar\/55cb5e37c1efa326397366e6974cb338056df65cb50e7d64d1cf314e87504837?s=96&d=mm&r=g","contentUrl":"https:\/\/secure.gravatar.com\/avatar\/55cb5e37c1efa326397366e6974cb338056df65cb50e7d64d1cf314e87504837?s=96&d=mm&r=g","caption":"Arnaldo Botto"},"url":"https:\/\/www.noticiasradioreflejos.com.ar\/2021\/author\/arnaldo\/"}]}},"_links":{"self":[{"href":"https:\/\/www.noticiasradioreflejos.com.ar\/2021\/wp-json\/wp\/v2\/posts\/123471","targetHints":{"allow":["GET"]}}],"collection":[{"href":"https:\/\/www.noticiasradioreflejos.com.ar\/2021\/wp-json\/wp\/v2\/posts"}],"about":[{"href":"https:\/\/www.noticiasradioreflejos.com.ar\/2021\/wp-json\/wp\/v2\/types\/post"}],"author":[{"embeddable":true,"href":"https:\/\/www.noticiasradioreflejos.com.ar\/2021\/wp-json\/wp\/v2\/users\/3"}],"replies":[{"embeddable":true,"href":"https:\/\/www.noticiasradioreflejos.com.ar\/2021\/wp-json\/wp\/v2\/comments?post=123471"}],"version-history":[{"count":3,"href":"https:\/\/www.noticiasradioreflejos.com.ar\/2021\/wp-json\/wp\/v2\/posts\/123471\/revisions"}],"predecessor-version":[{"id":123475,"href":"https:\/\/www.noticiasradioreflejos.com.ar\/2021\/wp-json\/wp\/v2\/posts\/123471\/revisions\/123475"}],"wp:attachment":[{"href":"https:\/\/www.noticiasradioreflejos.com.ar\/2021\/wp-json\/wp\/v2\/media?parent=123471"}],"wp:term":[{"taxonomy":"category","embeddable":true,"href":"https:\/\/www.noticiasradioreflejos.com.ar\/2021\/wp-json\/wp\/v2\/categories?post=123471"},{"taxonomy":"post_tag","embeddable":true,"href":"https:\/\/www.noticiasradioreflejos.com.ar\/2021\/wp-json\/wp\/v2\/tags?post=123471"}],"curies":[{"name":"wp","href":"https:\/\/api.w.org\/{rel}","templated":true}]}}