{"id":123466,"date":"2025-08-14T17:03:31","date_gmt":"2025-08-14T20:03:31","guid":{"rendered":"https:\/\/www.noticiasradioreflejos.com.ar\/2021\/?p=123466"},"modified":"2025-08-14T17:04:54","modified_gmt":"2025-08-14T20:04:54","slug":"se-inauguro-el-centro-universitario-puentes-elsa-kaltenbach-en-tornquist","status":"publish","type":"post","link":"https:\/\/www.noticiasradioreflejos.com.ar\/2021\/se-inauguro-el-centro-universitario-puentes-elsa-kaltenbach-en-tornquist\/","title":{"rendered":"Se inaugur\u00f3 el centro universitario puentes \u00abElsa Kaltenbach\u00bb en Tornquist."},"content":{"rendered":"<p>Con la presencia del Ministro de Gobierno Provincial Carlos Bianco y el Intendente Sergio Bordoni, el nuevo centro forma parte del programa Puentes, que busca garantizar el acceso igualitario a la educaci\u00f3n universitaria en la provincia de Buenos Aires<!--more--><\/p>\n<p>El Ministro de Gobierno de la Provincia de Buenos Aires Carlos Bianco, la rectora de la Universidad Provincial del Sudoeste Dra. Andrea Savoretti y el Intendente municipal Sergio Bordoni, dejaron inaugurado el nuevo Centro Universitario en Tornquist, una sede educativa que permitir\u00e1 ampliar el acceso a la educaci\u00f3n superior en el territorio.<\/p>\n<p>El Centro Universitario forma parte del programa Puentes, una pol\u00edtica p\u00fablica impulsada por el gobernador Axel Kicillof, que busca garantizar el acceso igualitario a la educaci\u00f3n universitaria mediante acuerdos entre universidades y municipios.<\/p>\n<p>Adem\u00e1s, promueve la creaci\u00f3n y fortalecimiento de centros universitarios locales a trav\u00e9s del financiamiento para obras de infraestructura, refacci\u00f3n y equipamiento tecnol\u00f3gico.<\/p>\n<p>Con esta inauguraci\u00f3n, la Provincia de Buenos Aires contin\u00faa consolidando una pol\u00edtica transformadora y federal en materia de educaci\u00f3n superior, acercando oportunidades de formaci\u00f3n acad\u00e9mica a cada rinc\u00f3n del territorio.<\/p>\n<p>El Centro lleva el nombre de \u00abElsa Nelli Kaltenbach\u00bb, docente con una gran trayectoria , marcada por el trabajo incansable, y la convicci\u00f3n de que s\u00f3lo \u201cla educaci\u00f3n mejora la vida y posibilita transcurrirla con dignidad e independencia\u201d.<\/p>\n<p>Fue un fuerte referente y luchadora de la educaci\u00f3n superior, se puede decir que gozaba de una gran pasi\u00f3n por la educaci\u00f3n, no solo de nuestra comunidad sino tambi\u00e9n de la regi\u00f3n.<\/p>\n<p>Sus hijos Gonzalo, Federico y Erna junto a sus nietos descubrieron la placa en su honor, junto a las autoridades.<\/p>\n<p>Por otro lado varios chicos y chicas de establecimientos erducativos recibieron las computadores atrav\u00e8s del programa Conectar Igualdad.<\/p>\n<p>El edificio tiene una financiaci\u00f2n de 90 millones de pesos y esta es su primera etapa.<\/p>\n<p>ALBUM FOTOS<strong><a href=\"https:\/\/www.facebook.com\/media\/set\/?vanity=noticastornquist&amp;set=a.1329323935866769\">\u00a0AQUI<\/a><\/strong><\/p>\n<p><strong><iframe loading=\"lazy\" src=\"https:\/\/www.youtube.com\/embed\/UXqxpjmDrtA\" width=\"560\" height=\"314\" allowfullscreen=\"allowfullscreen\" data-mce-fragment=\"1\"><\/iframe><\/strong><\/p>\n<div>\n<p>&nbsp;<\/p>\n<div><\/div>\n<hr \/>\n<p><img decoding=\"async\" src=\"https:\/\/www.noticiastornquist.com.ar\/imagen.php?imagen=2025-08\/151057_94_20250814134022.jpg\" \/><\/p>\n<div><\/div>\n<hr \/>\n<p><img decoding=\"async\" src=\"https:\/\/www.noticiastornquist.com.ar\/imagen.php?imagen=2025-08\/151135_85_dsc0005-1600x1200.jpg\" \/><\/p>\n<div><\/div>\n<hr \/>\n<p><img decoding=\"async\" src=\"https:\/\/www.noticiastornquist.com.ar\/imagen.php?imagen=2025-08\/151134_93_dsc0007-1600x1200.jpg\" \/><\/p>\n<div><\/div>\n<hr \/>\n<p><img decoding=\"async\" src=\"https:\/\/www.noticiastornquist.com.ar\/imagen.php?imagen=2025-08\/151135_94_dsc0009-1600x1200.jpg\" \/><\/p>\n<div><\/div>\n<hr \/>\n<p><img decoding=\"async\" src=\"https:\/\/www.noticiastornquist.com.ar\/imagen.php?imagen=2025-08\/151135_87_dsc0014-1600x1200.jpg\" \/><\/p>\n<div><\/div>\n<hr \/>\n<p><img decoding=\"async\" src=\"https:\/\/www.noticiastornquist.com.ar\/imagen.php?imagen=2025-08\/151135_55_dsc0018-1600x1200.jpg\" \/><\/p>\n<div><\/div>\n<hr \/>\n<p><img decoding=\"async\" src=\"https:\/\/www.noticiastornquist.com.ar\/imagen.php?imagen=2025-08\/151135_56_dsc0019-1600x1200.jpg\" \/><\/p>\n<div><\/div>\n<hr \/>\n<p><img decoding=\"async\" src=\"https:\/\/www.noticiastornquist.com.ar\/imagen.php?imagen=2025-08\/151135_66_dsc0020-1600x1200.jpg\" \/><\/p>\n<div><\/div>\n<hr \/>\n<p><img decoding=\"async\" src=\"https:\/\/www.noticiastornquist.com.ar\/imagen.php?imagen=2025-08\/151136_67_dsc0030-1600x1200.jpg\" \/><\/p>\n<div><\/div>\n<hr \/>\n<p><img decoding=\"async\" src=\"https:\/\/www.noticiastornquist.com.ar\/imagen.php?imagen=2025-08\/151136_99_dsc0056-1600x1200.jpg\" \/><\/p>\n<div><\/div>\n<hr \/>\n<p><img decoding=\"async\" src=\"https:\/\/www.noticiastornquist.com.ar\/imagen.php?imagen=2025-08\/151136_66_dsc0077-1600x1200.jpg\" \/><\/p>\n<div><\/div>\n<hr \/>\n<p><img decoding=\"async\" src=\"https:\/\/www.noticiastornquist.com.ar\/imagen.php?imagen=2025-08\/151209_59_dsc0030-1600x1200.jpg\" \/><\/p>\n<div><\/div>\n<hr \/>\n<p><img decoding=\"async\" src=\"https:\/\/www.noticiastornquist.com.ar\/imagen.php?imagen=2025-08\/151208_78_dsc0042-1600x1200.jpg\" \/><\/p>\n<div><\/div>\n<hr \/>\n<\/div>\n<p>&nbsp;<\/p>\n<p><strong>Fuente Noticias Tornquist<\/strong><\/p>\n","protected":false},"excerpt":{"rendered":"<p>Con la presencia del Ministro de Gobierno Provincial Carlos Bianco y el Intendente Sergio Bordoni, el nuevo centro forma parte del programa Puentes, que busca garantizar el acceso igualitario a la educaci\u00f3n universitaria en la provincia de Buenos Aires<\/p>\n","protected":false},"author":3,"featured_media":123467,"comment_status":"closed","ping_status":"closed","sticky":false,"template":"","format":"standard","meta":{"footnotes":""},"categories":[28],"tags":[48],"class_list":["post-123466","post","type-post","status-publish","format-standard","has-post-thumbnail","hentry","category-municipales","tag-destacada"],"yoast_head":"<!-- This site is optimized with the Yoast SEO plugin v25.9 - https:\/\/yoast.com\/wordpress\/plugins\/seo\/ -->\n<title>Se inaugur\u00f3 el centro universitario puentes &quot;Elsa Kaltenbach&quot; en Tornquist. - Noticias Radio Reflejos<\/title>\n<meta name=\"robots\" content=\"index, follow, max-snippet:-1, max-image-preview:large, max-video-preview:-1\" \/>\n<link rel=\"canonical\" href=\"https:\/\/www.noticiasradioreflejos.com.ar\/2021\/se-inauguro-el-centro-universitario-puentes-elsa-kaltenbach-en-tornquist\/\" \/>\n<meta property=\"og:locale\" content=\"es_ES\" \/>\n<meta property=\"og:type\" content=\"article\" \/>\n<meta property=\"og:title\" content=\"Se inaugur\u00f3 el centro universitario puentes &quot;Elsa Kaltenbach&quot; en Tornquist. - Noticias Radio Reflejos\" \/>\n<meta property=\"og:description\" content=\"Con la presencia del Ministro de Gobierno Provincial Carlos Bianco y el Intendente Sergio Bordoni, el nuevo centro forma parte del programa Puentes, que busca garantizar el acceso igualitario a la educaci\u00f3n universitaria en la provincia de Buenos Aires\" \/>\n<meta property=\"og:url\" content=\"https:\/\/www.noticiasradioreflejos.com.ar\/2021\/se-inauguro-el-centro-universitario-puentes-elsa-kaltenbach-en-tornquist\/\" \/>\n<meta property=\"og:site_name\" content=\"Noticias Radio Reflejos\" \/>\n<meta property=\"article:published_time\" content=\"2025-08-14T20:03:31+00:00\" \/>\n<meta property=\"article:modified_time\" content=\"2025-08-14T20:04:54+00:00\" \/>\n<meta property=\"og:image\" content=\"https:\/\/www.noticiasradioreflejos.com.ar\/2021\/wp-content\/uploads\/2025\/08\/Centro-universitario.jpg\" \/>\n\t<meta property=\"og:image:width\" content=\"1920\" \/>\n\t<meta property=\"og:image:height\" content=\"1080\" \/>\n\t<meta property=\"og:image:type\" content=\"image\/jpeg\" \/>\n<meta name=\"author\" content=\"Arnaldo Botto\" \/>\n<meta name=\"twitter:card\" content=\"summary_large_image\" \/>\n<script type=\"application\/ld+json\" class=\"yoast-schema-graph\">{\"@context\":\"https:\/\/schema.org\",\"@graph\":[{\"@type\":\"WebPage\",\"@id\":\"https:\/\/www.noticiasradioreflejos.com.ar\/2021\/se-inauguro-el-centro-universitario-puentes-elsa-kaltenbach-en-tornquist\/\",\"url\":\"https:\/\/www.noticiasradioreflejos.com.ar\/2021\/se-inauguro-el-centro-universitario-puentes-elsa-kaltenbach-en-tornquist\/\",\"name\":\"Se inaugur\u00f3 el centro universitario puentes \\\"Elsa Kaltenbach\\\" en Tornquist. - Noticias Radio Reflejos\",\"isPartOf\":{\"@id\":\"https:\/\/www.noticiasradioreflejos.com.ar\/2021\/#website\"},\"primaryImageOfPage\":{\"@id\":\"https:\/\/www.noticiasradioreflejos.com.ar\/2021\/se-inauguro-el-centro-universitario-puentes-elsa-kaltenbach-en-tornquist\/#primaryimage\"},\"image\":{\"@id\":\"https:\/\/www.noticiasradioreflejos.com.ar\/2021\/se-inauguro-el-centro-universitario-puentes-elsa-kaltenbach-en-tornquist\/#primaryimage\"},\"thumbnailUrl\":\"https:\/\/www.noticiasradioreflejos.com.ar\/2021\/wp-content\/uploads\/2025\/08\/Centro-universitario.jpg\",\"datePublished\":\"2025-08-14T20:03:31+00:00\",\"dateModified\":\"2025-08-14T20:04:54+00:00\",\"author\":{\"@id\":\"https:\/\/www.noticiasradioreflejos.com.ar\/2021\/#\/schema\/person\/ad82545263dcc5ec0996818884fd5fb1\"},\"breadcrumb\":{\"@id\":\"https:\/\/www.noticiasradioreflejos.com.ar\/2021\/se-inauguro-el-centro-universitario-puentes-elsa-kaltenbach-en-tornquist\/#breadcrumb\"},\"inLanguage\":\"es\",\"potentialAction\":[{\"@type\":\"ReadAction\",\"target\":[\"https:\/\/www.noticiasradioreflejos.com.ar\/2021\/se-inauguro-el-centro-universitario-puentes-elsa-kaltenbach-en-tornquist\/\"]}]},{\"@type\":\"ImageObject\",\"inLanguage\":\"es\",\"@id\":\"https:\/\/www.noticiasradioreflejos.com.ar\/2021\/se-inauguro-el-centro-universitario-puentes-elsa-kaltenbach-en-tornquist\/#primaryimage\",\"url\":\"https:\/\/www.noticiasradioreflejos.com.ar\/2021\/wp-content\/uploads\/2025\/08\/Centro-universitario.jpg\",\"contentUrl\":\"https:\/\/www.noticiasradioreflejos.com.ar\/2021\/wp-content\/uploads\/2025\/08\/Centro-universitario.jpg\",\"width\":1920,\"height\":1080},{\"@type\":\"BreadcrumbList\",\"@id\":\"https:\/\/www.noticiasradioreflejos.com.ar\/2021\/se-inauguro-el-centro-universitario-puentes-elsa-kaltenbach-en-tornquist\/#breadcrumb\",\"itemListElement\":[{\"@type\":\"ListItem\",\"position\":1,\"name\":\"Portada\",\"item\":\"https:\/\/www.noticiasradioreflejos.com.ar\/2021\/\"},{\"@type\":\"ListItem\",\"position\":2,\"name\":\"Se inaugur\u00f3 el centro universitario puentes \u00abElsa Kaltenbach\u00bb en Tornquist.\"}]},{\"@type\":\"WebSite\",\"@id\":\"https:\/\/www.noticiasradioreflejos.com.ar\/2021\/#website\",\"url\":\"https:\/\/www.noticiasradioreflejos.com.ar\/2021\/\",\"name\":\"Noticias Radio Reflejos\",\"description\":\"Las noticias de mi comarca\",\"potentialAction\":[{\"@type\":\"SearchAction\",\"target\":{\"@type\":\"EntryPoint\",\"urlTemplate\":\"https:\/\/www.noticiasradioreflejos.com.ar\/2021\/?s={search_term_string}\"},\"query-input\":{\"@type\":\"PropertyValueSpecification\",\"valueRequired\":true,\"valueName\":\"search_term_string\"}}],\"inLanguage\":\"es\"},{\"@type\":\"Person\",\"@id\":\"https:\/\/www.noticiasradioreflejos.com.ar\/2021\/#\/schema\/person\/ad82545263dcc5ec0996818884fd5fb1\",\"name\":\"Arnaldo Botto\",\"image\":{\"@type\":\"ImageObject\",\"inLanguage\":\"es\",\"@id\":\"https:\/\/www.noticiasradioreflejos.com.ar\/2021\/#\/schema\/person\/image\/\",\"url\":\"https:\/\/secure.gravatar.com\/avatar\/55cb5e37c1efa326397366e6974cb338056df65cb50e7d64d1cf314e87504837?s=96&d=mm&r=g\",\"contentUrl\":\"https:\/\/secure.gravatar.com\/avatar\/55cb5e37c1efa326397366e6974cb338056df65cb50e7d64d1cf314e87504837?s=96&d=mm&r=g\",\"caption\":\"Arnaldo Botto\"},\"url\":\"https:\/\/www.noticiasradioreflejos.com.ar\/2021\/author\/arnaldo\/\"}]}<\/script>\n<!-- \/ Yoast SEO plugin. -->","yoast_head_json":{"title":"Se inaugur\u00f3 el centro universitario puentes \"Elsa Kaltenbach\" en Tornquist. - Noticias Radio Reflejos","robots":{"index":"index","follow":"follow","max-snippet":"max-snippet:-1","max-image-preview":"max-image-preview:large","max-video-preview":"max-video-preview:-1"},"canonical":"https:\/\/www.noticiasradioreflejos.com.ar\/2021\/se-inauguro-el-centro-universitario-puentes-elsa-kaltenbach-en-tornquist\/","og_locale":"es_ES","og_type":"article","og_title":"Se inaugur\u00f3 el centro universitario puentes \"Elsa Kaltenbach\" en Tornquist. - Noticias Radio Reflejos","og_description":"Con la presencia del Ministro de Gobierno Provincial Carlos Bianco y el Intendente Sergio Bordoni, el nuevo centro forma parte del programa Puentes, que busca garantizar el acceso igualitario a la educaci\u00f3n universitaria en la provincia de Buenos Aires","og_url":"https:\/\/www.noticiasradioreflejos.com.ar\/2021\/se-inauguro-el-centro-universitario-puentes-elsa-kaltenbach-en-tornquist\/","og_site_name":"Noticias Radio Reflejos","article_published_time":"2025-08-14T20:03:31+00:00","article_modified_time":"2025-08-14T20:04:54+00:00","og_image":[{"width":1920,"height":1080,"url":"https:\/\/www.noticiasradioreflejos.com.ar\/2021\/wp-content\/uploads\/2025\/08\/Centro-universitario.jpg","type":"image\/jpeg"}],"author":"Arnaldo Botto","twitter_card":"summary_large_image","schema":{"@context":"https:\/\/schema.org","@graph":[{"@type":"WebPage","@id":"https:\/\/www.noticiasradioreflejos.com.ar\/2021\/se-inauguro-el-centro-universitario-puentes-elsa-kaltenbach-en-tornquist\/","url":"https:\/\/www.noticiasradioreflejos.com.ar\/2021\/se-inauguro-el-centro-universitario-puentes-elsa-kaltenbach-en-tornquist\/","name":"Se inaugur\u00f3 el centro universitario puentes \"Elsa Kaltenbach\" en Tornquist. - Noticias Radio Reflejos","isPartOf":{"@id":"https:\/\/www.noticiasradioreflejos.com.ar\/2021\/#website"},"primaryImageOfPage":{"@id":"https:\/\/www.noticiasradioreflejos.com.ar\/2021\/se-inauguro-el-centro-universitario-puentes-elsa-kaltenbach-en-tornquist\/#primaryimage"},"image":{"@id":"https:\/\/www.noticiasradioreflejos.com.ar\/2021\/se-inauguro-el-centro-universitario-puentes-elsa-kaltenbach-en-tornquist\/#primaryimage"},"thumbnailUrl":"https:\/\/www.noticiasradioreflejos.com.ar\/2021\/wp-content\/uploads\/2025\/08\/Centro-universitario.jpg","datePublished":"2025-08-14T20:03:31+00:00","dateModified":"2025-08-14T20:04:54+00:00","author":{"@id":"https:\/\/www.noticiasradioreflejos.com.ar\/2021\/#\/schema\/person\/ad82545263dcc5ec0996818884fd5fb1"},"breadcrumb":{"@id":"https:\/\/www.noticiasradioreflejos.com.ar\/2021\/se-inauguro-el-centro-universitario-puentes-elsa-kaltenbach-en-tornquist\/#breadcrumb"},"inLanguage":"es","potentialAction":[{"@type":"ReadAction","target":["https:\/\/www.noticiasradioreflejos.com.ar\/2021\/se-inauguro-el-centro-universitario-puentes-elsa-kaltenbach-en-tornquist\/"]}]},{"@type":"ImageObject","inLanguage":"es","@id":"https:\/\/www.noticiasradioreflejos.com.ar\/2021\/se-inauguro-el-centro-universitario-puentes-elsa-kaltenbach-en-tornquist\/#primaryimage","url":"https:\/\/www.noticiasradioreflejos.com.ar\/2021\/wp-content\/uploads\/2025\/08\/Centro-universitario.jpg","contentUrl":"https:\/\/www.noticiasradioreflejos.com.ar\/2021\/wp-content\/uploads\/2025\/08\/Centro-universitario.jpg","width":1920,"height":1080},{"@type":"BreadcrumbList","@id":"https:\/\/www.noticiasradioreflejos.com.ar\/2021\/se-inauguro-el-centro-universitario-puentes-elsa-kaltenbach-en-tornquist\/#breadcrumb","itemListElement":[{"@type":"ListItem","position":1,"name":"Portada","item":"https:\/\/www.noticiasradioreflejos.com.ar\/2021\/"},{"@type":"ListItem","position":2,"name":"Se inaugur\u00f3 el centro universitario puentes \u00abElsa Kaltenbach\u00bb en Tornquist."}]},{"@type":"WebSite","@id":"https:\/\/www.noticiasradioreflejos.com.ar\/2021\/#website","url":"https:\/\/www.noticiasradioreflejos.com.ar\/2021\/","name":"Noticias Radio Reflejos","description":"Las noticias de mi comarca","potentialAction":[{"@type":"SearchAction","target":{"@type":"EntryPoint","urlTemplate":"https:\/\/www.noticiasradioreflejos.com.ar\/2021\/?s={search_term_string}"},"query-input":{"@type":"PropertyValueSpecification","valueRequired":true,"valueName":"search_term_string"}}],"inLanguage":"es"},{"@type":"Person","@id":"https:\/\/www.noticiasradioreflejos.com.ar\/2021\/#\/schema\/person\/ad82545263dcc5ec0996818884fd5fb1","name":"Arnaldo Botto","image":{"@type":"ImageObject","inLanguage":"es","@id":"https:\/\/www.noticiasradioreflejos.com.ar\/2021\/#\/schema\/person\/image\/","url":"https:\/\/secure.gravatar.com\/avatar\/55cb5e37c1efa326397366e6974cb338056df65cb50e7d64d1cf314e87504837?s=96&d=mm&r=g","contentUrl":"https:\/\/secure.gravatar.com\/avatar\/55cb5e37c1efa326397366e6974cb338056df65cb50e7d64d1cf314e87504837?s=96&d=mm&r=g","caption":"Arnaldo Botto"},"url":"https:\/\/www.noticiasradioreflejos.com.ar\/2021\/author\/arnaldo\/"}]}},"_links":{"self":[{"href":"https:\/\/www.noticiasradioreflejos.com.ar\/2021\/wp-json\/wp\/v2\/posts\/123466","targetHints":{"allow":["GET"]}}],"collection":[{"href":"https:\/\/www.noticiasradioreflejos.com.ar\/2021\/wp-json\/wp\/v2\/posts"}],"about":[{"href":"https:\/\/www.noticiasradioreflejos.com.ar\/2021\/wp-json\/wp\/v2\/types\/post"}],"author":[{"embeddable":true,"href":"https:\/\/www.noticiasradioreflejos.com.ar\/2021\/wp-json\/wp\/v2\/users\/3"}],"replies":[{"embeddable":true,"href":"https:\/\/www.noticiasradioreflejos.com.ar\/2021\/wp-json\/wp\/v2\/comments?post=123466"}],"version-history":[{"count":3,"href":"https:\/\/www.noticiasradioreflejos.com.ar\/2021\/wp-json\/wp\/v2\/posts\/123466\/revisions"}],"predecessor-version":[{"id":123470,"href":"https:\/\/www.noticiasradioreflejos.com.ar\/2021\/wp-json\/wp\/v2\/posts\/123466\/revisions\/123470"}],"wp:featuredmedia":[{"embeddable":true,"href":"https:\/\/www.noticiasradioreflejos.com.ar\/2021\/wp-json\/wp\/v2\/media\/123467"}],"wp:attachment":[{"href":"https:\/\/www.noticiasradioreflejos.com.ar\/2021\/wp-json\/wp\/v2\/media?parent=123466"}],"wp:term":[{"taxonomy":"category","embeddable":true,"href":"https:\/\/www.noticiasradioreflejos.com.ar\/2021\/wp-json\/wp\/v2\/categories?post=123466"},{"taxonomy":"post_tag","embeddable":true,"href":"https:\/\/www.noticiasradioreflejos.com.ar\/2021\/wp-json\/wp\/v2\/tags?post=123466"}],"curies":[{"name":"wp","href":"https:\/\/api.w.org\/{rel}","templated":true}]}}