{"id":123458,"date":"2025-08-14T13:01:45","date_gmt":"2025-08-14T16:01:45","guid":{"rendered":"https:\/\/www.noticiasradioreflejos.com.ar\/2021\/?p=123458"},"modified":"2025-08-14T13:01:45","modified_gmt":"2025-08-14T16:01:45","slug":"solicitud-de-cobertura-coordinador-de-area-de-cept-no-12-villa-ventana","status":"publish","type":"post","link":"https:\/\/www.noticiasradioreflejos.com.ar\/2021\/solicitud-de-cobertura-coordinador-de-area-de-cept-no-12-villa-ventana\/","title":{"rendered":"Solicitud de Cobertura Coordinador de \u00c1rea de CEPT N\u00ba 12 Villa Ventana."},"content":{"rendered":"<p style=\"font-weight: 400;\">Secretar\u00eda de Asuntos Docentes de Tornquist, a solicitud de la IE Contable de Educaci\u00f3n Agraria, prof. Mariela Maccioti, ante la necesidad de la cobertura del cargo jer\u00e1rquico transitorio de COORDINADOR DEL \u00c1REA DE LA PROMOCI\u00d3N DE LA COMUNIDAD RURAL Y SU CULTURA del CEPT N\u00ba 12, pertenecientes a la Direcci\u00f3n de Educaci\u00f3n\u00a0 Agraria,<\/p>\n<p>&nbsp;<\/p>\n<p style=\"font-weight: 400;\"><!--more-->de acuerdo a lo pautado en la Resoluci\u00f3n 1518\/97 y 2453\/07,\u00a0realiza la difusi\u00f3n y convocatoria para aspirantes a conformar LISTADOS\u00a0del servicio CEPT N\u00b012\u00a0 para la cobertura de los siguientes cargos:<\/p>\n<table style=\"font-weight: 400;\">\n<tbody>\n<tr>\n<td width=\"117\"><strong>DIRECCI\u00d3N DOCENTE<\/strong><\/td>\n<td width=\"131\"><strong>ESTABLECIMIENTO<\/strong><\/td>\n<td width=\"122\"><strong>CARGOS<\/strong><\/td>\n<td width=\"120\"><strong>SITUACI\u00d3N DE REVISTA<\/strong><\/td>\n<td width=\"114\"><strong>MOTIVO<\/strong><\/td>\n<\/tr>\n<tr>\n<td width=\"117\">DGC y E<\/p>\n<p>DEA<\/td>\n<td width=\"131\">CEPT N\u00b012<\/td>\n<td width=\"122\">1 coordinador de \u00c1rea de la<\/p>\n<p>Promoci\u00f3n de la<\/p>\n<p>Comunidad Rural y su<\/p>\n<p>Cultura<\/td>\n<td width=\"120\">Provisional<\/td>\n<td width=\"114\">\u00a0Vacante (Jubilaci\u00f3n)<\/td>\n<\/tr>\n<\/tbody>\n<\/table>\n<p style=\"font-weight: 400;\">\n<p style=\"font-weight: 400;\"><strong>Conformaci\u00f3n de la Comisi\u00f3n Evaluadora:<\/strong><\/p>\n<p>Comisi\u00f3n Evaluadora<\/p>\n<p>Sede: CEPT N\u00b0 12<\/p>\n<p style=\"font-weight: 400;\"><strong>\u00a0<\/strong><\/p>\n<p style=\"font-weight: 400;\">Inspectores:<\/p>\n<p style=\"font-weight: 400;\">Titulares: Insp. Mariela S. Maciotti<\/p>\n<p style=\"font-weight: 400;\">Suplente: Insp. Natalia Graff<\/p>\n<p style=\"font-weight: 400;\">Directores:<\/p>\n<p style=\"font-weight: 400;\">Titular: Luciano Barzola CEPT N\u00b03<\/p>\n<p style=\"font-weight: 400;\">Docente Coordinador del \u00e1rea de promoci\u00f3n de la comunidad rural y su cultura: titular: Noelia<\/p>\n<p style=\"font-weight: 400;\">Montenegro Cept N\u00b03<\/p>\n<p style=\"font-weight: 400;\">Consejeros:<\/p>\n<p style=\"font-weight: 400;\">Titular: FACEPT No 3<\/p>\n<p style=\"font-weight: 400;\">Representantes del Consejo de Administraci\u00f3n (ACEPT No 3)<\/p>\n<p style=\"font-weight: 400;\">Titular: A confirmar por la ACEPT<\/p>\n<p style=\"font-weight: 400;\">Suplente: a CONFIRMAR<\/p>\n<h1>CRONOGRAMA DE ACCIONES<\/h1>\n<table width=\"554\">\n<tbody>\n<tr>\n<td width=\"161\"><strong>FECHA<\/strong><\/td>\n<td width=\"394\"><strong>ACCIONES<\/strong><\/td>\n<\/tr>\n<tr>\n<td width=\"161\"><strong>14\/08\/2025 al 21\/08\/2025<\/strong><\/p>\n<p>&nbsp;<\/p>\n<p>5 d\u00edas h\u00e1biles<\/td>\n<td width=\"394\">&#8211; Difusi\u00f3n y notificaci\u00f3n a trav\u00e9s de la Secretar\u00eda de Asuntos Docentes.<\/td>\n<\/tr>\n<tr>\n<td width=\"161\"><strong>22\/08\/2025 al 26\/08\/2025<\/strong><\/p>\n<p>3 d\u00edas h\u00e1biles<\/p>\n<p>&nbsp;<\/td>\n<td width=\"394\">&#8211; Inscripci\u00f3n de aspirantes en la Secretar\u00eda de Asuntos Docentes donde se les notificar\u00e1: la Resoluci\u00f3n N\u00b0 2453\/07, la Comunicaci\u00f3n Conjunta N\u00b0 3 del Tribunal de<\/p>\n<p>Clasificaci\u00f3n y la Direcci\u00f3n de Educaci\u00f3n Agraria, la fecha de las instancias de asistencia t\u00e9cnica a cargo de la FACET. Los aspirantes deber\u00e1n presentar:<\/p>\n<p>Declaraci\u00f3n Jurada -Legajo de T\u00edtulos y Antecedentes (todo en formato digital)<\/p>\n<p>&nbsp;<\/td>\n<\/tr>\n<tr>\n<td width=\"161\"><strong>27\/08\/2025 al 5\/09\/2025<\/strong><\/p>\n<p>8 d\u00edas h\u00e1biles<\/p>\n<p>&nbsp;<\/td>\n<td width=\"394\">&#8211;\u00a0Confecci\u00f3n y remisi\u00f3n de n\u00f3minas de inscriptos al Tribunal de Clasificaci\u00f3n. Asistencias T\u00e9cnicas. Elevaci\u00f3n por parte Tribunal de listados a SAD.<\/p>\n<p>&nbsp;<\/td>\n<\/tr>\n<tr>\n<td width=\"161\"><strong>8\/09\/2025\u00a0 \u00a0 \u00a0 \u00a0al 10\/09\/2025<\/strong><\/p>\n<p>3 d\u00edas h\u00e1biles<\/td>\n<td width=\"394\">&#8211;\u00a0Presentaci\u00f3n de Proyectos y constancias de Asistencia T\u00e9cnica a SAD.<\/p>\n<p>Recepci\u00f3n y Control de los Listados De Inscriptos y proyectos por parte de la Comisi\u00f3n Evaluadora.<\/p>\n<p>&nbsp;<\/td>\n<\/tr>\n<tr>\n<td width=\"161\"><strong>\u00a0<\/strong><\/p>\n<p><strong>12\/09\/2025 al 15\/09\/2025<\/strong><\/p>\n<p>2 d\u00edas h\u00e1biles<\/p>\n<p>&nbsp;<\/td>\n<td width=\"394\"><strong>&#8211;<\/strong>Presentaci\u00f3n de reclamos de puntaje.<\/td>\n<\/tr>\n<tr>\n<td width=\"161\"><strong>\u00a0<\/strong><\/p>\n<p><strong>16\/09\/2025 al 17\/09\/2025<\/strong><\/p>\n<p>2 d\u00edas h\u00e1biles<\/p>\n<p>&nbsp;<\/td>\n<td width=\"394\">Eleve de Recursos por parte de SAD a Tribunal.<\/td>\n<\/tr>\n<tr>\n<td width=\"161\"><strong>\u00a0<\/strong><\/p>\n<p><strong>18\/09\/2025 al 22\/09\/2025<\/strong><\/p>\n<p>&nbsp;<\/p>\n<p>3 d\u00edas h\u00e1biles<\/p>\n<p>&nbsp;<\/td>\n<td width=\"394\">&#8211;\u00a0Respuesta de Tribunal a los recursos presentados.<\/p>\n<p>&nbsp;<\/td>\n<\/tr>\n<tr>\n<td width=\"161\">&nbsp;<\/p>\n<p>23 al 24 de septiembre de 2025 (2 d\u00edas h\u00e1biles)<\/p>\n<p>&nbsp;<\/p>\n<p>&nbsp;<\/p>\n<p>&nbsp;<\/p>\n<p>A partir del 25 de septiembre de 2025<\/td>\n<td width=\"394\">&#8211;\u00a0Notificaci\u00f3n de SAD a aspirantes sobre recursos presentados y puntajes.<\/p>\n<p>&nbsp;<\/p>\n<p>&nbsp;<\/p>\n<p>&nbsp;<\/p>\n<p>&nbsp;<\/p>\n<p>Inicio de evaluaci\u00f3n de proyectos y entrevistas.<\/p>\n<p>&nbsp;<\/p>\n<p>&nbsp;<\/td>\n<\/tr>\n<\/tbody>\n<\/table>\n<h1>OBSERVACIONES:<\/h1>\n<p>Los aspirantes deber\u00e1n remitir a\u00a0<a href=\"mailto:sad105inscripciones@gmail.com\">sad105inscripciones@gmail.com<\/a>\u00a0:<\/p>\n<p>Declaraci\u00f3n Jurada:\u00a0<a href=\"https:\/\/docs.google.com\/document\/d\/1g3DyHkyMODC1Ku2gIzaWWMCs797jXG9J\/edit?usp=sharing&amp;ouid=114958439715823144014&amp;rtpof=true&amp;sd=true\" data-saferedirecturl=\"https:\/\/www.google.com\/url?q=https:\/\/docs.google.com\/document\/d\/1g3DyHkyMODC1Ku2gIzaWWMCs797jXG9J\/edit?usp%3Dsharing%26ouid%3D114958439715823144014%26rtpof%3Dtrue%26sd%3Dtrue&amp;source=gmail&amp;ust=1755273255385000&amp;usg=AOvVaw3aApWGuoN9mbOIK-WUtBh8\">https:\/\/docs.google.com\/document\/d\/1g3DyHkyMODC1Ku2gIzaWWMCs797jXG9J\/edit?usp=sharing&amp;ouid=114958439715823144014&amp;rtpof=true&amp;sd=true<\/a><\/p>\n<p>-Legajo de T\u00edtulos y Antecedentes (todo en formato digital)<\/p>\n<p>Consignando en el ASUNTO :COORDINADOR CEPT N\u00b012<\/p>\n<p>&nbsp;<\/p>\n<p>\u00fc\u00a0\u00a0\u00a0La conversi\u00f3n de puntaje se realizar\u00e1 de acuerdo a la escala determinada en la resoluci\u00f3n 1518\/97.<\/p>\n<p>&nbsp;<\/p>\n<p><u>El proyecto a presentar por los aspirantes debe reunir las siguientes aspectos<\/u><\/p>\n<p>&nbsp;<\/p>\n<p>\u00fc\u00a0\u00a0Estar enmarcados\u00a0 en el Proyecto de Desarrollo Local.<\/p>\n<p>\u00fc\u00a0\u00a0Cumplir los pasos de Proyectos dados EN LAS ASISTENCIAS T\u00c9CNICAS.<\/p>\n<p>\u00fc\u00a0\u00a0Definir el rol y la acci\u00f3n del aspirante.<\/p>\n<p>\u00fc\u00a0\u00a0Que est\u00e9 presente el rol del promotor comunitario.<\/p>\n<p>\u00fc\u00a0\u00a0Que enmarque el trabajo en equipo con el Consejo de Administraci\u00f3n, la comunidad y el equipo Docente.<\/p>\n<p>&nbsp;<\/p>\n<p><u>Criterios de evaluaci\u00f3n<\/u><\/p>\n<p>\u00fc\u00a0\u00a0Conocimiento de la realidad rural.<\/p>\n<p>\u00fc\u00a0\u00a0Compromiso con la propuesta de desarrollo de la comunidad local.<\/p>\n<p>\u00fc\u00a0\u00a0Conocimiento y compromiso con los fundamentos de la Pedagog\u00eda de la Alternancia.<\/p>\n<p>\u00fc\u00a0\u00a0Conocimiento y valoraci\u00f3n\u00a0 de los principios rectores del Programa CEPT y la pertenencia al sistema cogestivo entre FACEPT\u00a0 y la DGCyE.<\/p>\n<p>\u00fc\u00a0\u00a0Claridad y organizaci\u00f3n en la presentaci\u00f3n de ideas.<\/p>\n<p>\u00fc\u00a0\u00a0Adecuaci\u00f3n al interlocutor y las situaciones planteadas.<\/p>\n<p>\u00fc\u00a0\u00a0Firmeza y convicci\u00f3n transmitidas.<\/p>\n<p>\u00fc\u00a0\u00a0Expectativas frente al rol.<\/p>\n<p>&nbsp;<\/p>\n<p><u>Bibliograf\u00eda a disposici\u00f3n<\/u><\/p>\n<p>\u00fc\u00a0\u00a0Resoluci\u00f3n 2453\/07<\/p>\n<p>\u00fc\u00a0\u00a0Resoluci\u00f3n 1864\/18<\/p>\n<p>\u00fc\u00a0\u00a0Resoluci\u00f3n 875\/10<\/p>\n<p>\u00fc\u00a0\u00a0Plan de Desarrollo CEPT N\u00b016<\/p>\n<p> <iframe loading=\"lazy\" class=\"scribd_iframe_embed\" title=\"Nota Pedido Cargo Coordinador Area Comunidad Rural y Su Cultura 5_08\" src=\"https:\/\/www.scribd.com\/embeds\/901661017\/content?start_page=1&#038;view_mode=scroll&#038;access_key=key-fsP2fcEzswEuSIWHlsy5\" tabindex=\"0\" data-auto-height=\"true\" data-aspect-ratio=\"0.7080062794348508\" scrolling=\"no\" width=\"100%\" height=\"600\" frameborder=\"0\" ><\/iframe> <\/p>\n<p style=\"margin: 12px auto 6px auto; font-family: Helvetica,Arial,Sans-serif; font-size: 14px; line-height: normal; display: block;\"> <a title=\"View Nota Pedido Cargo Coordinador Area Comunidad Rural y Su Cultura 5_08 on Scribd\" href=\"https:\/\/www.scribd.com\/document\/901661017\/Nota-Pedido-Cargo-Coordinador-Area-Comunidad-Rural-y-Su-Cultura-5-08#from_embed\" style=\"color: #098642; text-decoration: underline;\"> Nota Pedido Cargo Coordinador Area Comunidad Rural y Su Cultura 5_08 <\/a> by <a title=\"View FM Reflejos Sierra de la Ventana's profile on Scribd\" href=\"https:\/\/www.scribd.com\/user\/128459674\/FM-Reflejos-Sierra-de-la-Ventana#from_embed\" style=\"color: #098642; text-decoration: underline;\" > FM Reflejos Sierra de la Ventana <\/a> <\/p>\n<p> <iframe loading=\"lazy\" class=\"scribd_iframe_embed\" title=\"Planilla Inscripci_n CEPT\" src=\"https:\/\/www.scribd.com\/embeds\/901661389\/content?start_page=1&#038;view_mode=scroll&#038;access_key=key-CWLV0kJn2uAq3lNaHUIF\" tabindex=\"0\" data-auto-height=\"true\" data-aspect-ratio=\"0.7080062794348508\" scrolling=\"no\" width=\"100%\" height=\"600\" frameborder=\"0\" ><\/iframe> <\/p>\n<p style=\"margin: 12px auto 6px auto; font-family: Helvetica,Arial,Sans-serif; font-size: 14px; line-height: normal; display: block;\"> <a title=\"View Planilla Inscripci_n CEPT on Scribd\" href=\"https:\/\/www.scribd.com\/document\/901661389\/Planilla-Inscripci-n-CEPT#from_embed\" style=\"color: #098642; text-decoration: underline;\"> Planilla Inscripci_n CEPT <\/a> by <a title=\"View FM Reflejos Sierra de la Ventana's profile on Scribd\" href=\"https:\/\/www.scribd.com\/user\/128459674\/FM-Reflejos-Sierra-de-la-Ventana#from_embed\" style=\"color: #098642; text-decoration: underline;\" > FM Reflejos Sierra de la Ventana <\/a> <\/p>\n","protected":false},"excerpt":{"rendered":"<p>Secretar\u00eda de Asuntos Docentes de Tornquist, a solicitud de la IE Contable de Educaci\u00f3n Agraria, prof. Mariela Maccioti, ante la necesidad de la cobertura del cargo jer\u00e1rquico transitorio de COORDINADOR DEL \u00c1REA DE LA PROMOCI\u00d3N DE LA COMUNIDAD RURAL Y SU CULTURA del CEPT N\u00ba 12, pertenecientes a la Direcci\u00f3n de Educaci\u00f3n\u00a0 Agraria, &nbsp;<\/p>\n","protected":false},"author":3,"featured_media":50776,"comment_status":"closed","ping_status":"closed","sticky":false,"template":"","format":"standard","meta":{"footnotes":""},"categories":[34],"tags":[],"class_list":["post-123458","post","type-post","status-publish","format-standard","has-post-thumbnail","hentry","category-educacion"],"yoast_head":"<!-- This site is optimized with the Yoast SEO plugin v25.9 - https:\/\/yoast.com\/wordpress\/plugins\/seo\/ -->\n<title>Solicitud de Cobertura Coordinador de \u00c1rea de CEPT N\u00ba 12 Villa Ventana. - Noticias Radio Reflejos<\/title>\n<meta name=\"robots\" content=\"index, follow, max-snippet:-1, max-image-preview:large, max-video-preview:-1\" \/>\n<link rel=\"canonical\" href=\"https:\/\/www.noticiasradioreflejos.com.ar\/2021\/solicitud-de-cobertura-coordinador-de-area-de-cept-no-12-villa-ventana\/\" \/>\n<meta property=\"og:locale\" content=\"es_ES\" \/>\n<meta property=\"og:type\" content=\"article\" \/>\n<meta property=\"og:title\" content=\"Solicitud de Cobertura Coordinador de \u00c1rea de CEPT N\u00ba 12 Villa Ventana. - Noticias Radio Reflejos\" \/>\n<meta property=\"og:description\" content=\"Secretar\u00eda de Asuntos Docentes de Tornquist, a solicitud de la IE Contable de Educaci\u00f3n Agraria, prof. Mariela Maccioti, ante la necesidad de la cobertura del cargo jer\u00e1rquico transitorio de COORDINADOR DEL \u00c1REA DE LA PROMOCI\u00d3N DE LA COMUNIDAD RURAL Y SU CULTURA del CEPT N\u00ba 12, pertenecientes a la Direcci\u00f3n de Educaci\u00f3n\u00a0 Agraria, &nbsp;\" \/>\n<meta property=\"og:url\" content=\"https:\/\/www.noticiasradioreflejos.com.ar\/2021\/solicitud-de-cobertura-coordinador-de-area-de-cept-no-12-villa-ventana\/\" \/>\n<meta property=\"og:site_name\" content=\"Noticias Radio Reflejos\" \/>\n<meta property=\"article:published_time\" content=\"2025-08-14T16:01:45+00:00\" \/>\n<meta property=\"og:image\" content=\"https:\/\/www.noticiasradioreflejos.com.ar\/2021\/wp-content\/uploads\/2020\/12\/SAD.jpg\" \/>\n\t<meta property=\"og:image:width\" content=\"506\" \/>\n\t<meta property=\"og:image:height\" content=\"330\" \/>\n\t<meta property=\"og:image:type\" content=\"image\/jpeg\" \/>\n<meta name=\"author\" content=\"Arnaldo Botto\" \/>\n<meta name=\"twitter:card\" content=\"summary_large_image\" \/>\n<script type=\"application\/ld+json\" class=\"yoast-schema-graph\">{\"@context\":\"https:\/\/schema.org\",\"@graph\":[{\"@type\":\"WebPage\",\"@id\":\"https:\/\/www.noticiasradioreflejos.com.ar\/2021\/solicitud-de-cobertura-coordinador-de-area-de-cept-no-12-villa-ventana\/\",\"url\":\"https:\/\/www.noticiasradioreflejos.com.ar\/2021\/solicitud-de-cobertura-coordinador-de-area-de-cept-no-12-villa-ventana\/\",\"name\":\"Solicitud de Cobertura Coordinador de \u00c1rea de CEPT N\u00ba 12 Villa Ventana. - Noticias Radio Reflejos\",\"isPartOf\":{\"@id\":\"https:\/\/www.noticiasradioreflejos.com.ar\/2021\/#website\"},\"primaryImageOfPage\":{\"@id\":\"https:\/\/www.noticiasradioreflejos.com.ar\/2021\/solicitud-de-cobertura-coordinador-de-area-de-cept-no-12-villa-ventana\/#primaryimage\"},\"image\":{\"@id\":\"https:\/\/www.noticiasradioreflejos.com.ar\/2021\/solicitud-de-cobertura-coordinador-de-area-de-cept-no-12-villa-ventana\/#primaryimage\"},\"thumbnailUrl\":\"https:\/\/www.noticiasradioreflejos.com.ar\/2021\/wp-content\/uploads\/2020\/12\/SAD.jpg\",\"datePublished\":\"2025-08-14T16:01:45+00:00\",\"author\":{\"@id\":\"https:\/\/www.noticiasradioreflejos.com.ar\/2021\/#\/schema\/person\/ad82545263dcc5ec0996818884fd5fb1\"},\"breadcrumb\":{\"@id\":\"https:\/\/www.noticiasradioreflejos.com.ar\/2021\/solicitud-de-cobertura-coordinador-de-area-de-cept-no-12-villa-ventana\/#breadcrumb\"},\"inLanguage\":\"es\",\"potentialAction\":[{\"@type\":\"ReadAction\",\"target\":[\"https:\/\/www.noticiasradioreflejos.com.ar\/2021\/solicitud-de-cobertura-coordinador-de-area-de-cept-no-12-villa-ventana\/\"]}]},{\"@type\":\"ImageObject\",\"inLanguage\":\"es\",\"@id\":\"https:\/\/www.noticiasradioreflejos.com.ar\/2021\/solicitud-de-cobertura-coordinador-de-area-de-cept-no-12-villa-ventana\/#primaryimage\",\"url\":\"https:\/\/www.noticiasradioreflejos.com.ar\/2021\/wp-content\/uploads\/2020\/12\/SAD.jpg\",\"contentUrl\":\"https:\/\/www.noticiasradioreflejos.com.ar\/2021\/wp-content\/uploads\/2020\/12\/SAD.jpg\",\"width\":506,\"height\":330},{\"@type\":\"BreadcrumbList\",\"@id\":\"https:\/\/www.noticiasradioreflejos.com.ar\/2021\/solicitud-de-cobertura-coordinador-de-area-de-cept-no-12-villa-ventana\/#breadcrumb\",\"itemListElement\":[{\"@type\":\"ListItem\",\"position\":1,\"name\":\"Portada\",\"item\":\"https:\/\/www.noticiasradioreflejos.com.ar\/2021\/\"},{\"@type\":\"ListItem\",\"position\":2,\"name\":\"Solicitud de Cobertura Coordinador de \u00c1rea de CEPT N\u00ba 12 Villa Ventana.\"}]},{\"@type\":\"WebSite\",\"@id\":\"https:\/\/www.noticiasradioreflejos.com.ar\/2021\/#website\",\"url\":\"https:\/\/www.noticiasradioreflejos.com.ar\/2021\/\",\"name\":\"Noticias Radio Reflejos\",\"description\":\"Las noticias de mi comarca\",\"potentialAction\":[{\"@type\":\"SearchAction\",\"target\":{\"@type\":\"EntryPoint\",\"urlTemplate\":\"https:\/\/www.noticiasradioreflejos.com.ar\/2021\/?s={search_term_string}\"},\"query-input\":{\"@type\":\"PropertyValueSpecification\",\"valueRequired\":true,\"valueName\":\"search_term_string\"}}],\"inLanguage\":\"es\"},{\"@type\":\"Person\",\"@id\":\"https:\/\/www.noticiasradioreflejos.com.ar\/2021\/#\/schema\/person\/ad82545263dcc5ec0996818884fd5fb1\",\"name\":\"Arnaldo Botto\",\"image\":{\"@type\":\"ImageObject\",\"inLanguage\":\"es\",\"@id\":\"https:\/\/www.noticiasradioreflejos.com.ar\/2021\/#\/schema\/person\/image\/\",\"url\":\"https:\/\/secure.gravatar.com\/avatar\/55cb5e37c1efa326397366e6974cb338056df65cb50e7d64d1cf314e87504837?s=96&d=mm&r=g\",\"contentUrl\":\"https:\/\/secure.gravatar.com\/avatar\/55cb5e37c1efa326397366e6974cb338056df65cb50e7d64d1cf314e87504837?s=96&d=mm&r=g\",\"caption\":\"Arnaldo Botto\"},\"url\":\"https:\/\/www.noticiasradioreflejos.com.ar\/2021\/author\/arnaldo\/\"}]}<\/script>\n<!-- \/ Yoast SEO plugin. -->","yoast_head_json":{"title":"Solicitud de Cobertura Coordinador de \u00c1rea de CEPT N\u00ba 12 Villa Ventana. - Noticias Radio Reflejos","robots":{"index":"index","follow":"follow","max-snippet":"max-snippet:-1","max-image-preview":"max-image-preview:large","max-video-preview":"max-video-preview:-1"},"canonical":"https:\/\/www.noticiasradioreflejos.com.ar\/2021\/solicitud-de-cobertura-coordinador-de-area-de-cept-no-12-villa-ventana\/","og_locale":"es_ES","og_type":"article","og_title":"Solicitud de Cobertura Coordinador de \u00c1rea de CEPT N\u00ba 12 Villa Ventana. - Noticias Radio Reflejos","og_description":"Secretar\u00eda de Asuntos Docentes de Tornquist, a solicitud de la IE Contable de Educaci\u00f3n Agraria, prof. Mariela Maccioti, ante la necesidad de la cobertura del cargo jer\u00e1rquico transitorio de COORDINADOR DEL \u00c1REA DE LA PROMOCI\u00d3N DE LA COMUNIDAD RURAL Y SU CULTURA del CEPT N\u00ba 12, pertenecientes a la Direcci\u00f3n de Educaci\u00f3n\u00a0 Agraria, &nbsp;","og_url":"https:\/\/www.noticiasradioreflejos.com.ar\/2021\/solicitud-de-cobertura-coordinador-de-area-de-cept-no-12-villa-ventana\/","og_site_name":"Noticias Radio Reflejos","article_published_time":"2025-08-14T16:01:45+00:00","og_image":[{"width":506,"height":330,"url":"https:\/\/www.noticiasradioreflejos.com.ar\/2021\/wp-content\/uploads\/2020\/12\/SAD.jpg","type":"image\/jpeg"}],"author":"Arnaldo Botto","twitter_card":"summary_large_image","schema":{"@context":"https:\/\/schema.org","@graph":[{"@type":"WebPage","@id":"https:\/\/www.noticiasradioreflejos.com.ar\/2021\/solicitud-de-cobertura-coordinador-de-area-de-cept-no-12-villa-ventana\/","url":"https:\/\/www.noticiasradioreflejos.com.ar\/2021\/solicitud-de-cobertura-coordinador-de-area-de-cept-no-12-villa-ventana\/","name":"Solicitud de Cobertura Coordinador de \u00c1rea de CEPT N\u00ba 12 Villa Ventana. - Noticias Radio Reflejos","isPartOf":{"@id":"https:\/\/www.noticiasradioreflejos.com.ar\/2021\/#website"},"primaryImageOfPage":{"@id":"https:\/\/www.noticiasradioreflejos.com.ar\/2021\/solicitud-de-cobertura-coordinador-de-area-de-cept-no-12-villa-ventana\/#primaryimage"},"image":{"@id":"https:\/\/www.noticiasradioreflejos.com.ar\/2021\/solicitud-de-cobertura-coordinador-de-area-de-cept-no-12-villa-ventana\/#primaryimage"},"thumbnailUrl":"https:\/\/www.noticiasradioreflejos.com.ar\/2021\/wp-content\/uploads\/2020\/12\/SAD.jpg","datePublished":"2025-08-14T16:01:45+00:00","author":{"@id":"https:\/\/www.noticiasradioreflejos.com.ar\/2021\/#\/schema\/person\/ad82545263dcc5ec0996818884fd5fb1"},"breadcrumb":{"@id":"https:\/\/www.noticiasradioreflejos.com.ar\/2021\/solicitud-de-cobertura-coordinador-de-area-de-cept-no-12-villa-ventana\/#breadcrumb"},"inLanguage":"es","potentialAction":[{"@type":"ReadAction","target":["https:\/\/www.noticiasradioreflejos.com.ar\/2021\/solicitud-de-cobertura-coordinador-de-area-de-cept-no-12-villa-ventana\/"]}]},{"@type":"ImageObject","inLanguage":"es","@id":"https:\/\/www.noticiasradioreflejos.com.ar\/2021\/solicitud-de-cobertura-coordinador-de-area-de-cept-no-12-villa-ventana\/#primaryimage","url":"https:\/\/www.noticiasradioreflejos.com.ar\/2021\/wp-content\/uploads\/2020\/12\/SAD.jpg","contentUrl":"https:\/\/www.noticiasradioreflejos.com.ar\/2021\/wp-content\/uploads\/2020\/12\/SAD.jpg","width":506,"height":330},{"@type":"BreadcrumbList","@id":"https:\/\/www.noticiasradioreflejos.com.ar\/2021\/solicitud-de-cobertura-coordinador-de-area-de-cept-no-12-villa-ventana\/#breadcrumb","itemListElement":[{"@type":"ListItem","position":1,"name":"Portada","item":"https:\/\/www.noticiasradioreflejos.com.ar\/2021\/"},{"@type":"ListItem","position":2,"name":"Solicitud de Cobertura Coordinador de \u00c1rea de CEPT N\u00ba 12 Villa Ventana."}]},{"@type":"WebSite","@id":"https:\/\/www.noticiasradioreflejos.com.ar\/2021\/#website","url":"https:\/\/www.noticiasradioreflejos.com.ar\/2021\/","name":"Noticias Radio Reflejos","description":"Las noticias de mi comarca","potentialAction":[{"@type":"SearchAction","target":{"@type":"EntryPoint","urlTemplate":"https:\/\/www.noticiasradioreflejos.com.ar\/2021\/?s={search_term_string}"},"query-input":{"@type":"PropertyValueSpecification","valueRequired":true,"valueName":"search_term_string"}}],"inLanguage":"es"},{"@type":"Person","@id":"https:\/\/www.noticiasradioreflejos.com.ar\/2021\/#\/schema\/person\/ad82545263dcc5ec0996818884fd5fb1","name":"Arnaldo Botto","image":{"@type":"ImageObject","inLanguage":"es","@id":"https:\/\/www.noticiasradioreflejos.com.ar\/2021\/#\/schema\/person\/image\/","url":"https:\/\/secure.gravatar.com\/avatar\/55cb5e37c1efa326397366e6974cb338056df65cb50e7d64d1cf314e87504837?s=96&d=mm&r=g","contentUrl":"https:\/\/secure.gravatar.com\/avatar\/55cb5e37c1efa326397366e6974cb338056df65cb50e7d64d1cf314e87504837?s=96&d=mm&r=g","caption":"Arnaldo Botto"},"url":"https:\/\/www.noticiasradioreflejos.com.ar\/2021\/author\/arnaldo\/"}]}},"_links":{"self":[{"href":"https:\/\/www.noticiasradioreflejos.com.ar\/2021\/wp-json\/wp\/v2\/posts\/123458","targetHints":{"allow":["GET"]}}],"collection":[{"href":"https:\/\/www.noticiasradioreflejos.com.ar\/2021\/wp-json\/wp\/v2\/posts"}],"about":[{"href":"https:\/\/www.noticiasradioreflejos.com.ar\/2021\/wp-json\/wp\/v2\/types\/post"}],"author":[{"embeddable":true,"href":"https:\/\/www.noticiasradioreflejos.com.ar\/2021\/wp-json\/wp\/v2\/users\/3"}],"replies":[{"embeddable":true,"href":"https:\/\/www.noticiasradioreflejos.com.ar\/2021\/wp-json\/wp\/v2\/comments?post=123458"}],"version-history":[{"count":1,"href":"https:\/\/www.noticiasradioreflejos.com.ar\/2021\/wp-json\/wp\/v2\/posts\/123458\/revisions"}],"predecessor-version":[{"id":123459,"href":"https:\/\/www.noticiasradioreflejos.com.ar\/2021\/wp-json\/wp\/v2\/posts\/123458\/revisions\/123459"}],"wp:featuredmedia":[{"embeddable":true,"href":"https:\/\/www.noticiasradioreflejos.com.ar\/2021\/wp-json\/wp\/v2\/media\/50776"}],"wp:attachment":[{"href":"https:\/\/www.noticiasradioreflejos.com.ar\/2021\/wp-json\/wp\/v2\/media?parent=123458"}],"wp:term":[{"taxonomy":"category","embeddable":true,"href":"https:\/\/www.noticiasradioreflejos.com.ar\/2021\/wp-json\/wp\/v2\/categories?post=123458"},{"taxonomy":"post_tag","embeddable":true,"href":"https:\/\/www.noticiasradioreflejos.com.ar\/2021\/wp-json\/wp\/v2\/tags?post=123458"}],"curies":[{"name":"wp","href":"https:\/\/api.w.org\/{rel}","templated":true}]}}